{"id":349281,"date":"2021-06-10T23:05:22","date_gmt":"2021-06-10T23:05:22","guid":{"rendered":"https:\/\/grotta.is\/?p=349281"},"modified":"2021-06-10T23:06:49","modified_gmt":"2021-06-10T23:06:49","slug":"emelia-og-lilja-liv-valdar-i-hop-u16-ara-landslidsins","status":"publish","type":"post","link":"https:\/\/grotta.is\/en\/almennt\/emelia-og-lilja-liv-valdar-i-hop-u16-ara-landslidsins\/","title":{"rendered":"Emel\u00eda og Lilja L\u00edv valdar \u00ed h\u00f3p U16 \u00e1ra landsli\u00f0sins"},"content":{"rendered":"<p>Gr\u00f3ttukonurnar\u00a0Emel\u00eda\u00a0\u00d3skarsd\u00f3ttir og Lilja L\u00edv Margr\u00e9tard\u00f3ttir hafa veri\u00f0 valdar \u00ed h\u00f3p U16 \u00e1ra landsli\u00f0sins sem \u00e6fir saman \u00e1 Selfossi \u00ed j\u00fan\u00ed. \u00c6fingarnar fara fram dagana 21.-24. j\u00fan\u00ed og eru li\u00f0ur \u00ed undirb\u00faningi li\u00f0sins fyrir Nor\u00f0urlandam\u00f3ti\u00f0 sem fer fram \u00ed Danm\u00f6rku 4.-13. j\u00fal\u00ed \u00ed sumar. Gangi ykkur vel stelpur ??<\/p><figure class=\"wp-block-image size-large\"><img fetchpriority=\"high\" decoding=\"async\" width=\"683\" height=\"1024\" src=\"https:\/\/grotta.is\/wp-content\/uploads\/2021\/06\/lilja-li\u0301v-683x1024.jpeg\" alt=\"\" class=\"wp-image-349282\" srcset=\"https:\/\/grotta.is\/wp-content\/uploads\/2021\/06\/lilja-li\u0301v-683x1024.jpeg 683w, https:\/\/grotta.is\/wp-content\/uploads\/2021\/06\/lilja-li\u0301v-200x300.jpeg 200w, https:\/\/grotta.is\/wp-content\/uploads\/2021\/06\/lilja-li\u0301v-768x1151.jpeg 768w, https:\/\/grotta.is\/wp-content\/uploads\/2021\/06\/lilja-li\u0301v-8x12.jpeg 8w, https:\/\/grotta.is\/wp-content\/uploads\/2021\/06\/lilja-li\u0301v-600x899.jpeg 600w, https:\/\/grotta.is\/wp-content\/uploads\/2021\/06\/lilja-li\u0301v.jpeg 922w\" sizes=\"(max-width: 683px) 100vw, 683px\" \/><\/figure>","protected":false},"excerpt":{"rendered":"<p>Gr\u00f3ttukonurnar\u00a0Emel\u00eda\u00a0\u00d3skarsd\u00f3ttir og Lilja L\u00edv Margr\u00e9tard\u00f3ttir hafa veri\u00f0 valdar \u00ed h\u00f3p U16 \u00e1ra landsli\u00f0sins sem \u00e6fir saman \u00e1 Selfossi \u00ed j\u00fan\u00ed. \u00c6fingarnar fara fram dagana 21.-24. j\u00fan\u00ed og eru li\u00f0ur \u00ed [&hellip;]<\/p>","protected":false},"author":4,"featured_media":349282,"comment_status":"closed","ping_status":"closed","sticky":false,"template":"","format":"standard","meta":{"footnotes":""},"categories":[4,7],"tags":[],"class_list":["post-349281","post","type-post","status-publish","format-standard","has-post-thumbnail","hentry","category-almennt","category-knattspyrnudeild"],"yoast_head":"<!-- This site is optimized with the Yoast SEO plugin v24.3 - https:\/\/yoast.com\/wordpress\/plugins\/seo\/ -->\n<title>Emel\u00eda og Lilja L\u00edv valdar \u00ed h\u00f3p U16 \u00e1ra landsli\u00f0sins - \u00cd\u00fer\u00f3ttaf\u00e9lagi\u00f0 Gr\u00f3tta<\/title>\n<meta name=\"robots\" content=\"index, follow, max-snippet:-1, max-image-preview:large, max-video-preview:-1\" \/>\n<link rel=\"canonical\" href=\"https:\/\/grotta.is\/en\/almennt\/emelia-og-lilja-liv-valdar-i-hop-u16-ara-landslidsins\/\" \/>\n<meta property=\"og:locale\" content=\"en_US\" \/>\n<meta property=\"og:type\" content=\"article\" \/>\n<meta property=\"og:title\" content=\"Emel\u00eda og Lilja L\u00edv valdar \u00ed h\u00f3p U16 \u00e1ra landsli\u00f0sins - \u00cd\u00fer\u00f3ttaf\u00e9lagi\u00f0 Gr\u00f3tta\" \/>\n<meta property=\"og:description\" content=\"Gr\u00f3ttukonurnar\u00a0Emel\u00eda\u00a0\u00d3skarsd\u00f3ttir og Lilja L\u00edv Margr\u00e9tard\u00f3ttir hafa veri\u00f0 valdar \u00ed h\u00f3p U16 \u00e1ra landsli\u00f0sins sem \u00e6fir saman \u00e1 Selfossi \u00ed j\u00fan\u00ed. \u00c6fingarnar fara fram dagana 21.-24. j\u00fan\u00ed og eru li\u00f0ur \u00ed [&hellip;]\" \/>\n<meta property=\"og:url\" content=\"https:\/\/grotta.is\/en\/almennt\/emelia-og-lilja-liv-valdar-i-hop-u16-ara-landslidsins\/\" \/>\n<meta property=\"og:site_name\" content=\"\u00cd\u00fer\u00f3ttaf\u00e9lagi\u00f0 Gr\u00f3tta\" \/>\n<meta property=\"article:publisher\" content=\"https:\/\/www.facebook.com\/grottasport\" \/>\n<meta property=\"article:published_time\" content=\"2021-06-10T23:05:22+00:00\" \/>\n<meta property=\"article:modified_time\" content=\"2021-06-10T23:06:49+00:00\" \/>\n<meta property=\"og:image\" content=\"https:\/\/grotta.is\/wp-content\/uploads\/2021\/06\/lilja-li\u0301v.jpeg\" \/>\n\t<meta property=\"og:image:width\" content=\"922\" \/>\n\t<meta property=\"og:image:height\" content=\"1382\" \/>\n\t<meta property=\"og:image:type\" content=\"image\/jpeg\" \/>\n<meta name=\"author\" content=\"J\u00f3runn M. \u00deorsteinsd\u00f3ttir\" \/>\n<meta name=\"twitter:card\" content=\"summary_large_image\" \/>\n<meta name=\"twitter:label1\" content=\"Written by\" \/>\n\t<meta name=\"twitter:data1\" content=\"J\u00f3runn M. \u00deorsteinsd\u00f3ttir\" \/>\n\t<meta name=\"twitter:label2\" content=\"Est. reading time\" \/>\n\t<meta name=\"twitter:data2\" content=\"1 minute\" \/>\n<script type=\"application\/ld+json\" class=\"yoast-schema-graph\">{\"@context\":\"https:\/\/schema.org\",\"@graph\":[{\"@type\":\"Article\",\"@id\":\"https:\/\/grotta.is\/almennt\/emelia-og-lilja-liv-valdar-i-hop-u16-ara-landslidsins\/#article\",\"isPartOf\":{\"@id\":\"https:\/\/grotta.is\/almennt\/emelia-og-lilja-liv-valdar-i-hop-u16-ara-landslidsins\/\"},\"author\":{\"name\":\"J\u00f3runn M. \u00deorsteinsd\u00f3ttir\",\"@id\":\"https:\/\/grotta.is\/#\/schema\/person\/f1fea6a85a554e8069771c3486efbd84\"},\"headline\":\"Emel\u00eda og Lilja L\u00edv valdar \u00ed h\u00f3p U16 \u00e1ra landsli\u00f0sins\",\"datePublished\":\"2021-06-10T23:05:22+00:00\",\"dateModified\":\"2021-06-10T23:06:49+00:00\",\"mainEntityOfPage\":{\"@id\":\"https:\/\/grotta.is\/almennt\/emelia-og-lilja-liv-valdar-i-hop-u16-ara-landslidsins\/\"},\"wordCount\":73,\"publisher\":{\"@id\":\"https:\/\/grotta.is\/#organization\"},\"image\":{\"@id\":\"https:\/\/grotta.is\/almennt\/emelia-og-lilja-liv-valdar-i-hop-u16-ara-landslidsins\/#primaryimage\"},\"thumbnailUrl\":\"https:\/\/grotta.is\/wp-content\/uploads\/2021\/06\/lilja-li\u0301v.jpeg\",\"articleSection\":[\"Almennt\",\"Knattspyrnudeild\"],\"inLanguage\":\"en-US\"},{\"@type\":\"WebPage\",\"@id\":\"https:\/\/grotta.is\/almennt\/emelia-og-lilja-liv-valdar-i-hop-u16-ara-landslidsins\/\",\"url\":\"https:\/\/grotta.is\/almennt\/emelia-og-lilja-liv-valdar-i-hop-u16-ara-landslidsins\/\",\"name\":\"Emel\u00eda og Lilja L\u00edv valdar \u00ed h\u00f3p U16 \u00e1ra landsli\u00f0sins - \u00cd\u00fer\u00f3ttaf\u00e9lagi\u00f0 Gr\u00f3tta\",\"isPartOf\":{\"@id\":\"https:\/\/grotta.is\/#website\"},\"primaryImageOfPage\":{\"@id\":\"https:\/\/grotta.is\/almennt\/emelia-og-lilja-liv-valdar-i-hop-u16-ara-landslidsins\/#primaryimage\"},\"image\":{\"@id\":\"https:\/\/grotta.is\/almennt\/emelia-og-lilja-liv-valdar-i-hop-u16-ara-landslidsins\/#primaryimage\"},\"thumbnailUrl\":\"https:\/\/grotta.is\/wp-content\/uploads\/2021\/06\/lilja-li\u0301v.jpeg\",\"datePublished\":\"2021-06-10T23:05:22+00:00\",\"dateModified\":\"2021-06-10T23:06:49+00:00\",\"breadcrumb\":{\"@id\":\"https:\/\/grotta.is\/almennt\/emelia-og-lilja-liv-valdar-i-hop-u16-ara-landslidsins\/#breadcrumb\"},\"inLanguage\":\"en-US\",\"potentialAction\":[{\"@type\":\"ReadAction\",\"target\":[\"https:\/\/grotta.is\/almennt\/emelia-og-lilja-liv-valdar-i-hop-u16-ara-landslidsins\/\"]}]},{\"@type\":\"ImageObject\",\"inLanguage\":\"en-US\",\"@id\":\"https:\/\/grotta.is\/almennt\/emelia-og-lilja-liv-valdar-i-hop-u16-ara-landslidsins\/#primaryimage\",\"url\":\"https:\/\/grotta.is\/wp-content\/uploads\/2021\/06\/lilja-li\u0301v.jpeg\",\"contentUrl\":\"https:\/\/grotta.is\/wp-content\/uploads\/2021\/06\/lilja-li\u0301v.jpeg\",\"width\":922,\"height\":1382},{\"@type\":\"BreadcrumbList\",\"@id\":\"https:\/\/grotta.is\/almennt\/emelia-og-lilja-liv-valdar-i-hop-u16-ara-landslidsins\/#breadcrumb\",\"itemListElement\":[{\"@type\":\"ListItem\",\"position\":1,\"name\":\"Home\",\"item\":\"https:\/\/grotta.is\/\"},{\"@type\":\"ListItem\",\"position\":2,\"name\":\"Emel\u00eda og Lilja L\u00edv valdar \u00ed h\u00f3p U16 \u00e1ra landsli\u00f0sins\"}]},{\"@type\":\"WebSite\",\"@id\":\"https:\/\/grotta.is\/#website\",\"url\":\"https:\/\/grotta.is\/\",\"name\":\"\u00cd\u00fer\u00f3ttaf\u00e9lagi\u00f0 Gr\u00f3tta\",\"description\":\"\u00e1 Seltjarnarnesi\",\"publisher\":{\"@id\":\"https:\/\/grotta.is\/#organization\"},\"potentialAction\":[{\"@type\":\"SearchAction\",\"target\":{\"@type\":\"EntryPoint\",\"urlTemplate\":\"https:\/\/grotta.is\/?s={search_term_string}\"},\"query-input\":{\"@type\":\"PropertyValueSpecification\",\"valueRequired\":true,\"valueName\":\"search_term_string\"}}],\"inLanguage\":\"en-US\"},{\"@type\":\"Organization\",\"@id\":\"https:\/\/grotta.is\/#organization\",\"name\":\"\u00cd\u00fer\u00f3ttaf\u00e9lagi\u00f0 Gr\u00f3tta\",\"url\":\"https:\/\/grotta.is\/\",\"logo\":{\"@type\":\"ImageObject\",\"inLanguage\":\"en-US\",\"@id\":\"https:\/\/grotta.is\/#\/schema\/logo\/image\/\",\"url\":\"https:\/\/grotta.is\/wp-content\/uploads\/2020\/02\/ithrottafelagidgrotta_logo_512x512_transparent.png\",\"contentUrl\":\"https:\/\/grotta.is\/wp-content\/uploads\/2020\/02\/ithrottafelagidgrotta_logo_512x512_transparent.png\",\"width\":512,\"height\":512,\"caption\":\"\u00cd\u00fer\u00f3ttaf\u00e9lagi\u00f0 Gr\u00f3tta\"},\"image\":{\"@id\":\"https:\/\/grotta.is\/#\/schema\/logo\/image\/\"},\"sameAs\":[\"https:\/\/www.facebook.com\/grottasport\"]},{\"@type\":\"Person\",\"@id\":\"https:\/\/grotta.is\/#\/schema\/person\/f1fea6a85a554e8069771c3486efbd84\",\"name\":\"J\u00f3runn M. \u00deorsteinsd\u00f3ttir\",\"url\":\"https:\/\/grotta.is\/en\/author\/jorunn\/\"}]}<\/script>\n<!-- \/ Yoast SEO plugin. -->","yoast_head_json":{"title":"Emel\u00eda og Lilja L\u00edv valdar \u00ed h\u00f3p U16 \u00e1ra landsli\u00f0sins - \u00cd\u00fer\u00f3ttaf\u00e9lagi\u00f0 Gr\u00f3tta","robots":{"index":"index","follow":"follow","max-snippet":"max-snippet:-1","max-image-preview":"max-image-preview:large","max-video-preview":"max-video-preview:-1"},"canonical":"https:\/\/grotta.is\/en\/almennt\/emelia-og-lilja-liv-valdar-i-hop-u16-ara-landslidsins\/","og_locale":"en_US","og_type":"article","og_title":"Emel\u00eda og Lilja L\u00edv valdar \u00ed h\u00f3p U16 \u00e1ra landsli\u00f0sins - \u00cd\u00fer\u00f3ttaf\u00e9lagi\u00f0 Gr\u00f3tta","og_description":"Gr\u00f3ttukonurnar\u00a0Emel\u00eda\u00a0\u00d3skarsd\u00f3ttir og Lilja L\u00edv Margr\u00e9tard\u00f3ttir hafa veri\u00f0 valdar \u00ed h\u00f3p U16 \u00e1ra landsli\u00f0sins sem \u00e6fir saman \u00e1 Selfossi \u00ed j\u00fan\u00ed. \u00c6fingarnar fara fram dagana 21.-24. j\u00fan\u00ed og eru li\u00f0ur \u00ed [&hellip;]","og_url":"https:\/\/grotta.is\/en\/almennt\/emelia-og-lilja-liv-valdar-i-hop-u16-ara-landslidsins\/","og_site_name":"\u00cd\u00fer\u00f3ttaf\u00e9lagi\u00f0 Gr\u00f3tta","article_publisher":"https:\/\/www.facebook.com\/grottasport","article_published_time":"2021-06-10T23:05:22+00:00","article_modified_time":"2021-06-10T23:06:49+00:00","og_image":[{"width":922,"height":1382,"url":"https:\/\/grotta.is\/wp-content\/uploads\/2021\/06\/lilja-li\u0301v.jpeg","type":"image\/jpeg"}],"author":"J\u00f3runn M. \u00deorsteinsd\u00f3ttir","twitter_card":"summary_large_image","twitter_misc":{"Written by":"J\u00f3runn M. \u00deorsteinsd\u00f3ttir","Est. reading time":"1 minute"},"schema":{"@context":"https:\/\/schema.org","@graph":[{"@type":"Article","@id":"https:\/\/grotta.is\/almennt\/emelia-og-lilja-liv-valdar-i-hop-u16-ara-landslidsins\/#article","isPartOf":{"@id":"https:\/\/grotta.is\/almennt\/emelia-og-lilja-liv-valdar-i-hop-u16-ara-landslidsins\/"},"author":{"name":"J\u00f3runn M. \u00deorsteinsd\u00f3ttir","@id":"https:\/\/grotta.is\/#\/schema\/person\/f1fea6a85a554e8069771c3486efbd84"},"headline":"Emel\u00eda og Lilja L\u00edv valdar \u00ed h\u00f3p U16 \u00e1ra landsli\u00f0sins","datePublished":"2021-06-10T23:05:22+00:00","dateModified":"2021-06-10T23:06:49+00:00","mainEntityOfPage":{"@id":"https:\/\/grotta.is\/almennt\/emelia-og-lilja-liv-valdar-i-hop-u16-ara-landslidsins\/"},"wordCount":73,"publisher":{"@id":"https:\/\/grotta.is\/#organization"},"image":{"@id":"https:\/\/grotta.is\/almennt\/emelia-og-lilja-liv-valdar-i-hop-u16-ara-landslidsins\/#primaryimage"},"thumbnailUrl":"https:\/\/grotta.is\/wp-content\/uploads\/2021\/06\/lilja-li\u0301v.jpeg","articleSection":["Almennt","Knattspyrnudeild"],"inLanguage":"en-US"},{"@type":"WebPage","@id":"https:\/\/grotta.is\/almennt\/emelia-og-lilja-liv-valdar-i-hop-u16-ara-landslidsins\/","url":"https:\/\/grotta.is\/almennt\/emelia-og-lilja-liv-valdar-i-hop-u16-ara-landslidsins\/","name":"Emel\u00eda og Lilja L\u00edv valdar \u00ed h\u00f3p U16 \u00e1ra landsli\u00f0sins - \u00cd\u00fer\u00f3ttaf\u00e9lagi\u00f0 Gr\u00f3tta","isPartOf":{"@id":"https:\/\/grotta.is\/#website"},"primaryImageOfPage":{"@id":"https:\/\/grotta.is\/almennt\/emelia-og-lilja-liv-valdar-i-hop-u16-ara-landslidsins\/#primaryimage"},"image":{"@id":"https:\/\/grotta.is\/almennt\/emelia-og-lilja-liv-valdar-i-hop-u16-ara-landslidsins\/#primaryimage"},"thumbnailUrl":"https:\/\/grotta.is\/wp-content\/uploads\/2021\/06\/lilja-li\u0301v.jpeg","datePublished":"2021-06-10T23:05:22+00:00","dateModified":"2021-06-10T23:06:49+00:00","breadcrumb":{"@id":"https:\/\/grotta.is\/almennt\/emelia-og-lilja-liv-valdar-i-hop-u16-ara-landslidsins\/#breadcrumb"},"inLanguage":"en-US","potentialAction":[{"@type":"ReadAction","target":["https:\/\/grotta.is\/almennt\/emelia-og-lilja-liv-valdar-i-hop-u16-ara-landslidsins\/"]}]},{"@type":"ImageObject","inLanguage":"en-US","@id":"https:\/\/grotta.is\/almennt\/emelia-og-lilja-liv-valdar-i-hop-u16-ara-landslidsins\/#primaryimage","url":"https:\/\/grotta.is\/wp-content\/uploads\/2021\/06\/lilja-li\u0301v.jpeg","contentUrl":"https:\/\/grotta.is\/wp-content\/uploads\/2021\/06\/lilja-li\u0301v.jpeg","width":922,"height":1382},{"@type":"BreadcrumbList","@id":"https:\/\/grotta.is\/almennt\/emelia-og-lilja-liv-valdar-i-hop-u16-ara-landslidsins\/#breadcrumb","itemListElement":[{"@type":"ListItem","position":1,"name":"Home","item":"https:\/\/grotta.is\/"},{"@type":"ListItem","position":2,"name":"Emel\u00eda og Lilja L\u00edv valdar \u00ed h\u00f3p U16 \u00e1ra landsli\u00f0sins"}]},{"@type":"WebSite","@id":"https:\/\/grotta.is\/#website","url":"https:\/\/grotta.is\/","name":"\u00cd\u00fer\u00f3ttaf\u00e9lagi\u00f0 Gr\u00f3tta","description":"\u00e1 Seltjarnarnesi","publisher":{"@id":"https:\/\/grotta.is\/#organization"},"potentialAction":[{"@type":"SearchAction","target":{"@type":"EntryPoint","urlTemplate":"https:\/\/grotta.is\/?s={search_term_string}"},"query-input":{"@type":"PropertyValueSpecification","valueRequired":true,"valueName":"search_term_string"}}],"inLanguage":"en-US"},{"@type":"Organization","@id":"https:\/\/grotta.is\/#organization","name":"\u00cd\u00fer\u00f3ttaf\u00e9lagi\u00f0 Gr\u00f3tta","url":"https:\/\/grotta.is\/","logo":{"@type":"ImageObject","inLanguage":"en-US","@id":"https:\/\/grotta.is\/#\/schema\/logo\/image\/","url":"https:\/\/grotta.is\/wp-content\/uploads\/2020\/02\/ithrottafelagidgrotta_logo_512x512_transparent.png","contentUrl":"https:\/\/grotta.is\/wp-content\/uploads\/2020\/02\/ithrottafelagidgrotta_logo_512x512_transparent.png","width":512,"height":512,"caption":"\u00cd\u00fer\u00f3ttaf\u00e9lagi\u00f0 Gr\u00f3tta"},"image":{"@id":"https:\/\/grotta.is\/#\/schema\/logo\/image\/"},"sameAs":["https:\/\/www.facebook.com\/grottasport"]},{"@type":"Person","@id":"https:\/\/grotta.is\/#\/schema\/person\/f1fea6a85a554e8069771c3486efbd84","name":"J\u00f3runn M. \u00deorsteinsd\u00f3ttir","url":"https:\/\/grotta.is\/en\/author\/jorunn\/"}]}},"_links":{"self":[{"href":"https:\/\/grotta.is\/en\/wp-json\/wp\/v2\/posts\/349281","targetHints":{"allow":["GET"]}}],"collection":[{"href":"https:\/\/grotta.is\/en\/wp-json\/wp\/v2\/posts"}],"about":[{"href":"https:\/\/grotta.is\/en\/wp-json\/wp\/v2\/types\/post"}],"author":[{"embeddable":true,"href":"https:\/\/grotta.is\/en\/wp-json\/wp\/v2\/users\/4"}],"replies":[{"embeddable":true,"href":"https:\/\/grotta.is\/en\/wp-json\/wp\/v2\/comments?post=349281"}],"version-history":[{"count":2,"href":"https:\/\/grotta.is\/en\/wp-json\/wp\/v2\/posts\/349281\/revisions"}],"predecessor-version":[{"id":349285,"href":"https:\/\/grotta.is\/en\/wp-json\/wp\/v2\/posts\/349281\/revisions\/349285"}],"wp:featuredmedia":[{"embeddable":true,"href":"https:\/\/grotta.is\/en\/wp-json\/wp\/v2\/media\/349282"}],"wp:attachment":[{"href":"https:\/\/grotta.is\/en\/wp-json\/wp\/v2\/media?parent=349281"}],"wp:term":[{"taxonomy":"category","embeddable":true,"href":"https:\/\/grotta.is\/en\/wp-json\/wp\/v2\/categories?post=349281"},{"taxonomy":"post_tag","embeddable":true,"href":"https:\/\/grotta.is\/en\/wp-json\/wp\/v2\/tags?post=349281"}],"curies":[{"name":"wp","href":"https:\/\/api.w.org\/{rel}","templated":true}]}}