{"id":349207,"date":"2021-06-07T23:11:51","date_gmt":"2021-06-07T23:11:51","guid":{"rendered":"https:\/\/grotta.is\/?p=349207"},"modified":"2021-06-07T23:11:54","modified_gmt":"2021-06-07T23:11:54","slug":"aefdu-eins-og-atvinnumadur","status":"publish","type":"post","link":"https:\/\/grotta.is\/en\/knattspyrnudeild\/aefdu-eins-og-atvinnumadur\/","title":{"rendered":"\u00c6f\u00f0u eins og atvinnuma\u00f0ur"},"content":{"rendered":"<p>Knattspyrnudeild Gr\u00f3ttu b\u00fd\u00f0ur \u00ed sumar upp \u00e1 afreks\u00e6fingar fyrir leikmenn \u00e1 aldrinum 2007-2010 (4. og 5. flokkur karla og kvenna). <\/p><p>\u00c1 \u00e6fingunum ver\u00f0ur einbl\u00ednt \u00e1 f\u00e6rni en \u00fe\u00e6r ver\u00f0a leiddar af \u00fej\u00e1lfurum knattspyrnudeildarinnar \u00e1samt \u00feeim Paul Western og Dom Ankers sem eru gesta\u00fej\u00e1lfarar hj\u00e1 Gr\u00f3ttu \u00ed sumar. Paul, sem er 41 \u00e1rs Englendingur, hefur komi\u00f0 v\u00ed\u00f0a vi\u00f0 en hann var a\u00f0sto\u00f0arsk\u00f3lastj\u00f3ri Craig Bellamy Academy \u00ed Sierra Leone, yfir\u00fej\u00e1lfari Chelsea-akadem\u00edu \u00ed K\u00edna og n\u00fa s\u00ed\u00f0ast st\u00fdr\u00f0i hann akadem\u00edu \u00ed Les\u00f3t\u00f3 \u00ed Afr\u00edku. Paul er a\u00f0 kl\u00e1ra UEFA-A og UEFA-Youth \u00fej\u00e1lfaragr\u00e1\u00f0ur og hefur g\u00f3\u00f0a reynslu af \u00fev\u00ed a\u00f0 \u00fej\u00e1lfa b\u00f6rn og fullor\u00f0na \u00e1 \u00f6llum aldri og fr\u00e1 mismunandi bakgrunnum. Dom, sem er 26 \u00e1ra Englendingur, stunda\u00f0i n\u00e1m vi\u00f0 Loughborough \u00ed\u00fer\u00f3ttah\u00e1sk\u00f3lann sem er einn s\u00e1 virtasti \u00ed heimi og lauk \u00fear pr\u00f3fi \u00fear \u00ed \u00ed\u00fer\u00f3tta- og hreyfingafr\u00e6\u00f0i. Dom starfa\u00f0i sem \u00fej\u00e1lfari \u00ed Loughborough en hefur s\u00ed\u00f0astu \u00e1r \u00fej\u00e1lfa\u00f0 hj\u00e1 Norwich City. Hann hefur unni\u00f0 me\u00f0 knattspyrnui\u00f0kendur \u00e1 \u00f6llum aldri, fr\u00e1 ungum b\u00f6rnum til fullor\u00f0inna. \u00c6fingarnar fara fram \u00e1 m\u00e1nud\u00f6gum, mi\u00f0vikud\u00f6gum og f\u00f6stud\u00f6gum \u00ed klukkut\u00edma \u00ed senn og \u00e1kve\u00f0i\u00f0 \u00feema mun einkenna hverja \u00e6fingu. \u00c6fingarnar ver\u00f0a fyrir h\u00e1degi en n\u00e1nari t\u00edmasetningar ver\u00f0a kynntar \u00feegar n\u00e6r dregur. Fyrsta n\u00e1mskei\u00f0i\u00f0 hefst m\u00e1nudaginn 14. j\u00fan\u00ed og er vikulangt. <\/p><p>Skr\u00e1ning er hafin \u00e1 sportabler.com\/shop \u270d\ufe0f<\/p><figure class=\"wp-block-image size-large\"><img decoding=\"async\" data-src=\"https:\/\/grotta.is\/wp-content\/uploads\/2021\/06\/194730744_1129948047474937_7845852515265013119_n-1-1024x696.png\" alt=\"\" class=\"wp-image-349209 lazyload\" src=\"data:image\/gif;base64,R0lGODlhAQABAAAAACH5BAEKAAEALAAAAAABAAEAAAICTAEAOw==\" style=\"--smush-placeholder-width: 1024px; --smush-placeholder-aspect-ratio: 1024\/696;\" \/><\/figure>","protected":false},"excerpt":{"rendered":"<p>Knattspyrnudeild Gr\u00f3ttu b\u00fd\u00f0ur \u00ed sumar upp \u00e1 afreks\u00e6fingar fyrir leikmenn \u00e1 aldrinum 2007-2010 (4. og 5. flokkur karla og kvenna). \u00c1 \u00e6fingunum ver\u00f0ur einbl\u00ednt \u00e1 f\u00e6rni en \u00fe\u00e6r ver\u00f0a leiddar [&hellip;]<\/p>","protected":false},"author":4,"featured_media":0,"comment_status":"closed","ping_status":"closed","sticky":false,"template":"","format":"standard","meta":{"footnotes":""},"categories":[7],"tags":[],"class_list":["post-349207","post","type-post","status-publish","format-standard","hentry","category-knattspyrnudeild"],"yoast_head":"<!-- This site is optimized with the Yoast SEO plugin v24.3 - https:\/\/yoast.com\/wordpress\/plugins\/seo\/ -->\n<title>\u00c6f\u00f0u eins og atvinnuma\u00f0ur - \u00cd\u00fer\u00f3ttaf\u00e9lagi\u00f0 Gr\u00f3tta<\/title>\n<meta name=\"robots\" content=\"index, follow, max-snippet:-1, max-image-preview:large, max-video-preview:-1\" \/>\n<link rel=\"canonical\" href=\"https:\/\/grotta.is\/en\/knattspyrnudeild\/aefdu-eins-og-atvinnumadur\/\" \/>\n<meta property=\"og:locale\" content=\"en_US\" \/>\n<meta property=\"og:type\" content=\"article\" \/>\n<meta property=\"og:title\" content=\"\u00c6f\u00f0u eins og atvinnuma\u00f0ur - \u00cd\u00fer\u00f3ttaf\u00e9lagi\u00f0 Gr\u00f3tta\" \/>\n<meta property=\"og:description\" content=\"Knattspyrnudeild Gr\u00f3ttu b\u00fd\u00f0ur \u00ed sumar upp \u00e1 afreks\u00e6fingar fyrir leikmenn \u00e1 aldrinum 2007-2010 (4. og 5. flokkur karla og kvenna). \u00c1 \u00e6fingunum ver\u00f0ur einbl\u00ednt \u00e1 f\u00e6rni en \u00fe\u00e6r ver\u00f0a leiddar [&hellip;]\" \/>\n<meta property=\"og:url\" content=\"https:\/\/grotta.is\/en\/knattspyrnudeild\/aefdu-eins-og-atvinnumadur\/\" \/>\n<meta property=\"og:site_name\" content=\"\u00cd\u00fer\u00f3ttaf\u00e9lagi\u00f0 Gr\u00f3tta\" \/>\n<meta property=\"article:publisher\" content=\"https:\/\/www.facebook.com\/grottasport\" \/>\n<meta property=\"article:published_time\" content=\"2021-06-07T23:11:51+00:00\" \/>\n<meta property=\"article:modified_time\" content=\"2021-06-07T23:11:54+00:00\" \/>\n<meta property=\"og:image\" content=\"https:\/\/grotta.is\/wp-content\/uploads\/2021\/06\/194730744_1129948047474937_7845852515265013119_n-1-1024x696.png\" \/>\n<meta name=\"author\" content=\"J\u00f3runn M. \u00deorsteinsd\u00f3ttir\" \/>\n<meta name=\"twitter:card\" content=\"summary_large_image\" \/>\n<meta name=\"twitter:label1\" content=\"Written by\" \/>\n\t<meta name=\"twitter:data1\" content=\"J\u00f3runn M. \u00deorsteinsd\u00f3ttir\" \/>\n\t<meta name=\"twitter:label2\" content=\"Est. reading time\" \/>\n\t<meta name=\"twitter:data2\" content=\"2 minutes\" \/>\n<script type=\"application\/ld+json\" class=\"yoast-schema-graph\">{\"@context\":\"https:\/\/schema.org\",\"@graph\":[{\"@type\":\"Article\",\"@id\":\"https:\/\/grotta.is\/knattspyrnudeild\/aefdu-eins-og-atvinnumadur\/#article\",\"isPartOf\":{\"@id\":\"https:\/\/grotta.is\/knattspyrnudeild\/aefdu-eins-og-atvinnumadur\/\"},\"author\":{\"name\":\"J\u00f3runn M. \u00deorsteinsd\u00f3ttir\",\"@id\":\"https:\/\/grotta.is\/#\/schema\/person\/f1fea6a85a554e8069771c3486efbd84\"},\"headline\":\"\u00c6f\u00f0u eins og atvinnuma\u00f0ur\",\"datePublished\":\"2021-06-07T23:11:51+00:00\",\"dateModified\":\"2021-06-07T23:11:54+00:00\",\"mainEntityOfPage\":{\"@id\":\"https:\/\/grotta.is\/knattspyrnudeild\/aefdu-eins-og-atvinnumadur\/\"},\"wordCount\":257,\"publisher\":{\"@id\":\"https:\/\/grotta.is\/#organization\"},\"image\":{\"@id\":\"https:\/\/grotta.is\/knattspyrnudeild\/aefdu-eins-og-atvinnumadur\/#primaryimage\"},\"thumbnailUrl\":\"https:\/\/grotta.is\/wp-content\/uploads\/2021\/06\/194730744_1129948047474937_7845852515265013119_n-1-1024x696.png\",\"articleSection\":[\"Knattspyrnudeild\"],\"inLanguage\":\"en-US\"},{\"@type\":\"WebPage\",\"@id\":\"https:\/\/grotta.is\/knattspyrnudeild\/aefdu-eins-og-atvinnumadur\/\",\"url\":\"https:\/\/grotta.is\/knattspyrnudeild\/aefdu-eins-og-atvinnumadur\/\",\"name\":\"\u00c6f\u00f0u eins og atvinnuma\u00f0ur - \u00cd\u00fer\u00f3ttaf\u00e9lagi\u00f0 Gr\u00f3tta\",\"isPartOf\":{\"@id\":\"https:\/\/grotta.is\/#website\"},\"primaryImageOfPage\":{\"@id\":\"https:\/\/grotta.is\/knattspyrnudeild\/aefdu-eins-og-atvinnumadur\/#primaryimage\"},\"image\":{\"@id\":\"https:\/\/grotta.is\/knattspyrnudeild\/aefdu-eins-og-atvinnumadur\/#primaryimage\"},\"thumbnailUrl\":\"https:\/\/grotta.is\/wp-content\/uploads\/2021\/06\/194730744_1129948047474937_7845852515265013119_n-1-1024x696.png\",\"datePublished\":\"2021-06-07T23:11:51+00:00\",\"dateModified\":\"2021-06-07T23:11:54+00:00\",\"breadcrumb\":{\"@id\":\"https:\/\/grotta.is\/knattspyrnudeild\/aefdu-eins-og-atvinnumadur\/#breadcrumb\"},\"inLanguage\":\"en-US\",\"potentialAction\":[{\"@type\":\"ReadAction\",\"target\":[\"https:\/\/grotta.is\/knattspyrnudeild\/aefdu-eins-og-atvinnumadur\/\"]}]},{\"@type\":\"ImageObject\",\"inLanguage\":\"en-US\",\"@id\":\"https:\/\/grotta.is\/knattspyrnudeild\/aefdu-eins-og-atvinnumadur\/#primaryimage\",\"url\":\"https:\/\/grotta.is\/wp-content\/uploads\/2021\/06\/194730744_1129948047474937_7845852515265013119_n-1-1024x696.png\",\"contentUrl\":\"https:\/\/grotta.is\/wp-content\/uploads\/2021\/06\/194730744_1129948047474937_7845852515265013119_n-1-1024x696.png\"},{\"@type\":\"BreadcrumbList\",\"@id\":\"https:\/\/grotta.is\/knattspyrnudeild\/aefdu-eins-og-atvinnumadur\/#breadcrumb\",\"itemListElement\":[{\"@type\":\"ListItem\",\"position\":1,\"name\":\"Home\",\"item\":\"https:\/\/grotta.is\/\"},{\"@type\":\"ListItem\",\"position\":2,\"name\":\"\u00c6f\u00f0u eins og atvinnuma\u00f0ur\"}]},{\"@type\":\"WebSite\",\"@id\":\"https:\/\/grotta.is\/#website\",\"url\":\"https:\/\/grotta.is\/\",\"name\":\"\u00cd\u00fer\u00f3ttaf\u00e9lagi\u00f0 Gr\u00f3tta\",\"description\":\"\u00e1 Seltjarnarnesi\",\"publisher\":{\"@id\":\"https:\/\/grotta.is\/#organization\"},\"potentialAction\":[{\"@type\":\"SearchAction\",\"target\":{\"@type\":\"EntryPoint\",\"urlTemplate\":\"https:\/\/grotta.is\/?s={search_term_string}\"},\"query-input\":{\"@type\":\"PropertyValueSpecification\",\"valueRequired\":true,\"valueName\":\"search_term_string\"}}],\"inLanguage\":\"en-US\"},{\"@type\":\"Organization\",\"@id\":\"https:\/\/grotta.is\/#organization\",\"name\":\"\u00cd\u00fer\u00f3ttaf\u00e9lagi\u00f0 Gr\u00f3tta\",\"url\":\"https:\/\/grotta.is\/\",\"logo\":{\"@type\":\"ImageObject\",\"inLanguage\":\"en-US\",\"@id\":\"https:\/\/grotta.is\/#\/schema\/logo\/image\/\",\"url\":\"https:\/\/grotta.is\/wp-content\/uploads\/2020\/02\/ithrottafelagidgrotta_logo_512x512_transparent.png\",\"contentUrl\":\"https:\/\/grotta.is\/wp-content\/uploads\/2020\/02\/ithrottafelagidgrotta_logo_512x512_transparent.png\",\"width\":512,\"height\":512,\"caption\":\"\u00cd\u00fer\u00f3ttaf\u00e9lagi\u00f0 Gr\u00f3tta\"},\"image\":{\"@id\":\"https:\/\/grotta.is\/#\/schema\/logo\/image\/\"},\"sameAs\":[\"https:\/\/www.facebook.com\/grottasport\"]},{\"@type\":\"Person\",\"@id\":\"https:\/\/grotta.is\/#\/schema\/person\/f1fea6a85a554e8069771c3486efbd84\",\"name\":\"J\u00f3runn M. \u00deorsteinsd\u00f3ttir\",\"url\":\"https:\/\/grotta.is\/en\/author\/jorunn\/\"}]}<\/script>\n<!-- \/ Yoast SEO plugin. -->","yoast_head_json":{"title":"\u00c6f\u00f0u eins og atvinnuma\u00f0ur - \u00cd\u00fer\u00f3ttaf\u00e9lagi\u00f0 Gr\u00f3tta","robots":{"index":"index","follow":"follow","max-snippet":"max-snippet:-1","max-image-preview":"max-image-preview:large","max-video-preview":"max-video-preview:-1"},"canonical":"https:\/\/grotta.is\/en\/knattspyrnudeild\/aefdu-eins-og-atvinnumadur\/","og_locale":"en_US","og_type":"article","og_title":"\u00c6f\u00f0u eins og atvinnuma\u00f0ur - \u00cd\u00fer\u00f3ttaf\u00e9lagi\u00f0 Gr\u00f3tta","og_description":"Knattspyrnudeild Gr\u00f3ttu b\u00fd\u00f0ur \u00ed sumar upp \u00e1 afreks\u00e6fingar fyrir leikmenn \u00e1 aldrinum 2007-2010 (4. og 5. flokkur karla og kvenna). \u00c1 \u00e6fingunum ver\u00f0ur einbl\u00ednt \u00e1 f\u00e6rni en \u00fe\u00e6r ver\u00f0a leiddar [&hellip;]","og_url":"https:\/\/grotta.is\/en\/knattspyrnudeild\/aefdu-eins-og-atvinnumadur\/","og_site_name":"\u00cd\u00fer\u00f3ttaf\u00e9lagi\u00f0 Gr\u00f3tta","article_publisher":"https:\/\/www.facebook.com\/grottasport","article_published_time":"2021-06-07T23:11:51+00:00","article_modified_time":"2021-06-07T23:11:54+00:00","og_image":[{"url":"https:\/\/grotta.is\/wp-content\/uploads\/2021\/06\/194730744_1129948047474937_7845852515265013119_n-1-1024x696.png","type":"","width":"","height":""}],"author":"J\u00f3runn M. \u00deorsteinsd\u00f3ttir","twitter_card":"summary_large_image","twitter_misc":{"Written by":"J\u00f3runn M. \u00deorsteinsd\u00f3ttir","Est. reading time":"2 minutes"},"schema":{"@context":"https:\/\/schema.org","@graph":[{"@type":"Article","@id":"https:\/\/grotta.is\/knattspyrnudeild\/aefdu-eins-og-atvinnumadur\/#article","isPartOf":{"@id":"https:\/\/grotta.is\/knattspyrnudeild\/aefdu-eins-og-atvinnumadur\/"},"author":{"name":"J\u00f3runn M. \u00deorsteinsd\u00f3ttir","@id":"https:\/\/grotta.is\/#\/schema\/person\/f1fea6a85a554e8069771c3486efbd84"},"headline":"\u00c6f\u00f0u eins og atvinnuma\u00f0ur","datePublished":"2021-06-07T23:11:51+00:00","dateModified":"2021-06-07T23:11:54+00:00","mainEntityOfPage":{"@id":"https:\/\/grotta.is\/knattspyrnudeild\/aefdu-eins-og-atvinnumadur\/"},"wordCount":257,"publisher":{"@id":"https:\/\/grotta.is\/#organization"},"image":{"@id":"https:\/\/grotta.is\/knattspyrnudeild\/aefdu-eins-og-atvinnumadur\/#primaryimage"},"thumbnailUrl":"https:\/\/grotta.is\/wp-content\/uploads\/2021\/06\/194730744_1129948047474937_7845852515265013119_n-1-1024x696.png","articleSection":["Knattspyrnudeild"],"inLanguage":"en-US"},{"@type":"WebPage","@id":"https:\/\/grotta.is\/knattspyrnudeild\/aefdu-eins-og-atvinnumadur\/","url":"https:\/\/grotta.is\/knattspyrnudeild\/aefdu-eins-og-atvinnumadur\/","name":"\u00c6f\u00f0u eins og atvinnuma\u00f0ur - \u00cd\u00fer\u00f3ttaf\u00e9lagi\u00f0 Gr\u00f3tta","isPartOf":{"@id":"https:\/\/grotta.is\/#website"},"primaryImageOfPage":{"@id":"https:\/\/grotta.is\/knattspyrnudeild\/aefdu-eins-og-atvinnumadur\/#primaryimage"},"image":{"@id":"https:\/\/grotta.is\/knattspyrnudeild\/aefdu-eins-og-atvinnumadur\/#primaryimage"},"thumbnailUrl":"https:\/\/grotta.is\/wp-content\/uploads\/2021\/06\/194730744_1129948047474937_7845852515265013119_n-1-1024x696.png","datePublished":"2021-06-07T23:11:51+00:00","dateModified":"2021-06-07T23:11:54+00:00","breadcrumb":{"@id":"https:\/\/grotta.is\/knattspyrnudeild\/aefdu-eins-og-atvinnumadur\/#breadcrumb"},"inLanguage":"en-US","potentialAction":[{"@type":"ReadAction","target":["https:\/\/grotta.is\/knattspyrnudeild\/aefdu-eins-og-atvinnumadur\/"]}]},{"@type":"ImageObject","inLanguage":"en-US","@id":"https:\/\/grotta.is\/knattspyrnudeild\/aefdu-eins-og-atvinnumadur\/#primaryimage","url":"https:\/\/grotta.is\/wp-content\/uploads\/2021\/06\/194730744_1129948047474937_7845852515265013119_n-1-1024x696.png","contentUrl":"https:\/\/grotta.is\/wp-content\/uploads\/2021\/06\/194730744_1129948047474937_7845852515265013119_n-1-1024x696.png"},{"@type":"BreadcrumbList","@id":"https:\/\/grotta.is\/knattspyrnudeild\/aefdu-eins-og-atvinnumadur\/#breadcrumb","itemListElement":[{"@type":"ListItem","position":1,"name":"Home","item":"https:\/\/grotta.is\/"},{"@type":"ListItem","position":2,"name":"\u00c6f\u00f0u eins og atvinnuma\u00f0ur"}]},{"@type":"WebSite","@id":"https:\/\/grotta.is\/#website","url":"https:\/\/grotta.is\/","name":"\u00cd\u00fer\u00f3ttaf\u00e9lagi\u00f0 Gr\u00f3tta","description":"\u00e1 Seltjarnarnesi","publisher":{"@id":"https:\/\/grotta.is\/#organization"},"potentialAction":[{"@type":"SearchAction","target":{"@type":"EntryPoint","urlTemplate":"https:\/\/grotta.is\/?s={search_term_string}"},"query-input":{"@type":"PropertyValueSpecification","valueRequired":true,"valueName":"search_term_string"}}],"inLanguage":"en-US"},{"@type":"Organization","@id":"https:\/\/grotta.is\/#organization","name":"\u00cd\u00fer\u00f3ttaf\u00e9lagi\u00f0 Gr\u00f3tta","url":"https:\/\/grotta.is\/","logo":{"@type":"ImageObject","inLanguage":"en-US","@id":"https:\/\/grotta.is\/#\/schema\/logo\/image\/","url":"https:\/\/grotta.is\/wp-content\/uploads\/2020\/02\/ithrottafelagidgrotta_logo_512x512_transparent.png","contentUrl":"https:\/\/grotta.is\/wp-content\/uploads\/2020\/02\/ithrottafelagidgrotta_logo_512x512_transparent.png","width":512,"height":512,"caption":"\u00cd\u00fer\u00f3ttaf\u00e9lagi\u00f0 Gr\u00f3tta"},"image":{"@id":"https:\/\/grotta.is\/#\/schema\/logo\/image\/"},"sameAs":["https:\/\/www.facebook.com\/grottasport"]},{"@type":"Person","@id":"https:\/\/grotta.is\/#\/schema\/person\/f1fea6a85a554e8069771c3486efbd84","name":"J\u00f3runn M. \u00deorsteinsd\u00f3ttir","url":"https:\/\/grotta.is\/en\/author\/jorunn\/"}]}},"_links":{"self":[{"href":"https:\/\/grotta.is\/en\/wp-json\/wp\/v2\/posts\/349207","targetHints":{"allow":["GET"]}}],"collection":[{"href":"https:\/\/grotta.is\/en\/wp-json\/wp\/v2\/posts"}],"about":[{"href":"https:\/\/grotta.is\/en\/wp-json\/wp\/v2\/types\/post"}],"author":[{"embeddable":true,"href":"https:\/\/grotta.is\/en\/wp-json\/wp\/v2\/users\/4"}],"replies":[{"embeddable":true,"href":"https:\/\/grotta.is\/en\/wp-json\/wp\/v2\/comments?post=349207"}],"version-history":[{"count":1,"href":"https:\/\/grotta.is\/en\/wp-json\/wp\/v2\/posts\/349207\/revisions"}],"predecessor-version":[{"id":349210,"href":"https:\/\/grotta.is\/en\/wp-json\/wp\/v2\/posts\/349207\/revisions\/349210"}],"wp:attachment":[{"href":"https:\/\/grotta.is\/en\/wp-json\/wp\/v2\/media?parent=349207"}],"wp:term":[{"taxonomy":"category","embeddable":true,"href":"https:\/\/grotta.is\/en\/wp-json\/wp\/v2\/categories?post=349207"},{"taxonomy":"post_tag","embeddable":true,"href":"https:\/\/grotta.is\/en\/wp-json\/wp\/v2\/tags?post=349207"}],"curies":[{"name":"wp","href":"https:\/\/api.w.org\/{rel}","templated":true}]}}