{"id":348764,"date":"2021-06-01T10:53:43","date_gmt":"2021-06-01T10:53:43","guid":{"rendered":"https:\/\/grotta.is\/?p=348764"},"modified":"2021-06-01T10:53:46","modified_gmt":"2021-06-01T10:53:46","slug":"forskraning-i-fimleikadeild-grottu-veturinn-2021-2022-er-hafin","status":"publish","type":"post","link":"https:\/\/grotta.is\/en\/fimleikadeild\/forskraning-i-fimleikadeild-grottu-veturinn-2021-2022-er-hafin\/","title":{"rendered":"Forskr\u00e1ning \u00ed fimleikadeild Gr\u00f3ttu veturinn 2021-2022 er hafin"},"content":{"rendered":"<p>\u00deann 1. j\u00fan\u00ed til 30. j\u00fan\u00ed n\u00e6stkomandi fer fram forskr\u00e1ning \u00ed fimleikadeild Gr\u00f3ttu fyrir veturinn 2021-2022,\u00a0<a href=\"https:\/\/www.sportabler.com\/shop\/grotta\">https:\/\/www.sportabler.com\/shop\/grotta<\/a><\/p><p>Greitt er 10.000 kr skr\u00e1ningargjald me\u00f0 kreditkorti vi\u00f0 skr\u00e1ningu. Skr\u00e1ningargjaldi\u00f0 er \u00f3afturkr\u00e6ft en dregst fr\u00e1 \u00e6fingagj\u00f6ldum n\u00e6sta vetrar. Komi upp s\u00fa sta\u00f0a a\u00f0 fimleikadeildin \u00feurfi a\u00f0 neita ums\u00e6kjendum um pl\u00e1ss er m\u00f6guleiki \u00e1 a\u00f0 \u00f3ska eftir a\u00f0 f\u00e1 skr\u00e1ningargjaldi\u00f0 endurgreitt.<\/p><p>Athugi\u00f0 a\u00f0 bi\u00f0listinn fellur n\u00fa \u00far gildi og allir sem vilja komast a\u00f0 n\u00e6sta vetur \u00feurfa a\u00f0 forskr\u00e1 sig.<br>Eftir a\u00f0 forskr\u00e1ningu l\u00edkur ver\u00f0ur h\u00e6gt a\u00f0 skr\u00e1 \u00e1 bi\u00f0lista.<\/p>","protected":false},"excerpt":{"rendered":"<p>\u00deann 1. j\u00fan\u00ed til 30. j\u00fan\u00ed n\u00e6stkomandi fer fram forskr\u00e1ning \u00ed fimleikadeild Gr\u00f3ttu fyrir veturinn 2021-2022,\u00a0https:\/\/www.sportabler.com\/shop\/grotta Greitt er 10.000 kr skr\u00e1ningargjald me\u00f0 kreditkorti vi\u00f0 skr\u00e1ningu. Skr\u00e1ningargjaldi\u00f0 er \u00f3afturkr\u00e6ft en dregst [&hellip;]<\/p>","protected":false},"author":2,"featured_media":344763,"comment_status":"closed","ping_status":"closed","sticky":false,"template":"","format":"standard","meta":{"footnotes":""},"categories":[9],"tags":[],"class_list":["post-348764","post","type-post","status-publish","format-standard","has-post-thumbnail","hentry","category-fimleikadeild"],"yoast_head":"<!-- This site is optimized with the Yoast SEO plugin v24.3 - https:\/\/yoast.com\/wordpress\/plugins\/seo\/ -->\n<title>Forskr\u00e1ning \u00ed fimleikadeild Gr\u00f3ttu veturinn 2021-2022 er hafin - \u00cd\u00fer\u00f3ttaf\u00e9lagi\u00f0 Gr\u00f3tta<\/title>\n<meta name=\"robots\" content=\"index, follow, max-snippet:-1, max-image-preview:large, max-video-preview:-1\" \/>\n<link rel=\"canonical\" href=\"https:\/\/grotta.is\/en\/fimleikadeild\/forskraning-i-fimleikadeild-grottu-veturinn-2021-2022-er-hafin\/\" \/>\n<meta property=\"og:locale\" content=\"en_US\" \/>\n<meta property=\"og:type\" content=\"article\" \/>\n<meta property=\"og:title\" content=\"Forskr\u00e1ning \u00ed fimleikadeild Gr\u00f3ttu veturinn 2021-2022 er hafin - \u00cd\u00fer\u00f3ttaf\u00e9lagi\u00f0 Gr\u00f3tta\" \/>\n<meta property=\"og:description\" content=\"\u00deann 1. j\u00fan\u00ed til 30. j\u00fan\u00ed n\u00e6stkomandi fer fram forskr\u00e1ning \u00ed fimleikadeild Gr\u00f3ttu fyrir veturinn 2021-2022,\u00a0https:\/\/www.sportabler.com\/shop\/grotta Greitt er 10.000 kr skr\u00e1ningargjald me\u00f0 kreditkorti vi\u00f0 skr\u00e1ningu. Skr\u00e1ningargjaldi\u00f0 er \u00f3afturkr\u00e6ft en dregst [&hellip;]\" \/>\n<meta property=\"og:url\" content=\"https:\/\/grotta.is\/en\/fimleikadeild\/forskraning-i-fimleikadeild-grottu-veturinn-2021-2022-er-hafin\/\" \/>\n<meta property=\"og:site_name\" content=\"\u00cd\u00fer\u00f3ttaf\u00e9lagi\u00f0 Gr\u00f3tta\" \/>\n<meta property=\"article:publisher\" content=\"https:\/\/www.facebook.com\/grottasport\" \/>\n<meta property=\"article:published_time\" content=\"2021-06-01T10:53:43+00:00\" \/>\n<meta property=\"article:modified_time\" content=\"2021-06-01T10:53:46+00:00\" \/>\n<meta property=\"og:image\" content=\"https:\/\/grotta.is\/wp-content\/uploads\/2021\/04\/5D3_1498-scaled.jpg\" \/>\n\t<meta property=\"og:image:width\" content=\"2560\" \/>\n\t<meta property=\"og:image:height\" content=\"1529\" \/>\n\t<meta property=\"og:image:type\" content=\"image\/jpeg\" \/>\n<meta name=\"author\" content=\"Grotta\" \/>\n<meta name=\"twitter:card\" content=\"summary_large_image\" \/>\n<meta name=\"twitter:label1\" content=\"Written by\" \/>\n\t<meta name=\"twitter:data1\" content=\"Grotta\" \/>\n\t<meta name=\"twitter:label2\" content=\"Est. reading time\" \/>\n\t<meta name=\"twitter:data2\" content=\"1 minute\" \/>\n<script type=\"application\/ld+json\" class=\"yoast-schema-graph\">{\"@context\":\"https:\/\/schema.org\",\"@graph\":[{\"@type\":\"Article\",\"@id\":\"https:\/\/grotta.is\/fimleikadeild\/forskraning-i-fimleikadeild-grottu-veturinn-2021-2022-er-hafin\/#article\",\"isPartOf\":{\"@id\":\"https:\/\/grotta.is\/fimleikadeild\/forskraning-i-fimleikadeild-grottu-veturinn-2021-2022-er-hafin\/\"},\"author\":{\"name\":\"Grotta\",\"@id\":\"https:\/\/grotta.is\/#\/schema\/person\/08ec57bf09ee925f1b6a01540c14a5ce\"},\"headline\":\"Forskr\u00e1ning \u00ed fimleikadeild Gr\u00f3ttu veturinn 2021-2022 er hafin\",\"datePublished\":\"2021-06-01T10:53:43+00:00\",\"dateModified\":\"2021-06-01T10:53:46+00:00\",\"mainEntityOfPage\":{\"@id\":\"https:\/\/grotta.is\/fimleikadeild\/forskraning-i-fimleikadeild-grottu-veturinn-2021-2022-er-hafin\/\"},\"wordCount\":117,\"publisher\":{\"@id\":\"https:\/\/grotta.is\/#organization\"},\"image\":{\"@id\":\"https:\/\/grotta.is\/fimleikadeild\/forskraning-i-fimleikadeild-grottu-veturinn-2021-2022-er-hafin\/#primaryimage\"},\"thumbnailUrl\":\"https:\/\/grotta.is\/wp-content\/uploads\/2021\/04\/5D3_1498-scaled.jpg\",\"articleSection\":[\"Fimleikadeild\"],\"inLanguage\":\"en-US\"},{\"@type\":\"WebPage\",\"@id\":\"https:\/\/grotta.is\/fimleikadeild\/forskraning-i-fimleikadeild-grottu-veturinn-2021-2022-er-hafin\/\",\"url\":\"https:\/\/grotta.is\/fimleikadeild\/forskraning-i-fimleikadeild-grottu-veturinn-2021-2022-er-hafin\/\",\"name\":\"Forskr\u00e1ning \u00ed fimleikadeild Gr\u00f3ttu veturinn 2021-2022 er hafin - \u00cd\u00fer\u00f3ttaf\u00e9lagi\u00f0 Gr\u00f3tta\",\"isPartOf\":{\"@id\":\"https:\/\/grotta.is\/#website\"},\"primaryImageOfPage\":{\"@id\":\"https:\/\/grotta.is\/fimleikadeild\/forskraning-i-fimleikadeild-grottu-veturinn-2021-2022-er-hafin\/#primaryimage\"},\"image\":{\"@id\":\"https:\/\/grotta.is\/fimleikadeild\/forskraning-i-fimleikadeild-grottu-veturinn-2021-2022-er-hafin\/#primaryimage\"},\"thumbnailUrl\":\"https:\/\/grotta.is\/wp-content\/uploads\/2021\/04\/5D3_1498-scaled.jpg\",\"datePublished\":\"2021-06-01T10:53:43+00:00\",\"dateModified\":\"2021-06-01T10:53:46+00:00\",\"breadcrumb\":{\"@id\":\"https:\/\/grotta.is\/fimleikadeild\/forskraning-i-fimleikadeild-grottu-veturinn-2021-2022-er-hafin\/#breadcrumb\"},\"inLanguage\":\"en-US\",\"potentialAction\":[{\"@type\":\"ReadAction\",\"target\":[\"https:\/\/grotta.is\/fimleikadeild\/forskraning-i-fimleikadeild-grottu-veturinn-2021-2022-er-hafin\/\"]}]},{\"@type\":\"ImageObject\",\"inLanguage\":\"en-US\",\"@id\":\"https:\/\/grotta.is\/fimleikadeild\/forskraning-i-fimleikadeild-grottu-veturinn-2021-2022-er-hafin\/#primaryimage\",\"url\":\"https:\/\/grotta.is\/wp-content\/uploads\/2021\/04\/5D3_1498-scaled.jpg\",\"contentUrl\":\"https:\/\/grotta.is\/wp-content\/uploads\/2021\/04\/5D3_1498-scaled.jpg\",\"width\":2560,\"height\":1529},{\"@type\":\"BreadcrumbList\",\"@id\":\"https:\/\/grotta.is\/fimleikadeild\/forskraning-i-fimleikadeild-grottu-veturinn-2021-2022-er-hafin\/#breadcrumb\",\"itemListElement\":[{\"@type\":\"ListItem\",\"position\":1,\"name\":\"Home\",\"item\":\"https:\/\/grotta.is\/\"},{\"@type\":\"ListItem\",\"position\":2,\"name\":\"Forskr\u00e1ning \u00ed fimleikadeild Gr\u00f3ttu veturinn 2021-2022 er hafin\"}]},{\"@type\":\"WebSite\",\"@id\":\"https:\/\/grotta.is\/#website\",\"url\":\"https:\/\/grotta.is\/\",\"name\":\"\u00cd\u00fer\u00f3ttaf\u00e9lagi\u00f0 Gr\u00f3tta\",\"description\":\"\u00e1 Seltjarnarnesi\",\"publisher\":{\"@id\":\"https:\/\/grotta.is\/#organization\"},\"potentialAction\":[{\"@type\":\"SearchAction\",\"target\":{\"@type\":\"EntryPoint\",\"urlTemplate\":\"https:\/\/grotta.is\/?s={search_term_string}\"},\"query-input\":{\"@type\":\"PropertyValueSpecification\",\"valueRequired\":true,\"valueName\":\"search_term_string\"}}],\"inLanguage\":\"en-US\"},{\"@type\":\"Organization\",\"@id\":\"https:\/\/grotta.is\/#organization\",\"name\":\"\u00cd\u00fer\u00f3ttaf\u00e9lagi\u00f0 Gr\u00f3tta\",\"url\":\"https:\/\/grotta.is\/\",\"logo\":{\"@type\":\"ImageObject\",\"inLanguage\":\"en-US\",\"@id\":\"https:\/\/grotta.is\/#\/schema\/logo\/image\/\",\"url\":\"https:\/\/grotta.is\/wp-content\/uploads\/2020\/02\/ithrottafelagidgrotta_logo_512x512_transparent.png\",\"contentUrl\":\"https:\/\/grotta.is\/wp-content\/uploads\/2020\/02\/ithrottafelagidgrotta_logo_512x512_transparent.png\",\"width\":512,\"height\":512,\"caption\":\"\u00cd\u00fer\u00f3ttaf\u00e9lagi\u00f0 Gr\u00f3tta\"},\"image\":{\"@id\":\"https:\/\/grotta.is\/#\/schema\/logo\/image\/\"},\"sameAs\":[\"https:\/\/www.facebook.com\/grottasport\"]},{\"@type\":\"Person\",\"@id\":\"https:\/\/grotta.is\/#\/schema\/person\/08ec57bf09ee925f1b6a01540c14a5ce\",\"name\":\"Grotta\",\"url\":\"https:\/\/grotta.is\/en\/author\/inga\/\"}]}<\/script>\n<!-- \/ Yoast SEO plugin. -->","yoast_head_json":{"title":"Forskr\u00e1ning \u00ed fimleikadeild Gr\u00f3ttu veturinn 2021-2022 er hafin - \u00cd\u00fer\u00f3ttaf\u00e9lagi\u00f0 Gr\u00f3tta","robots":{"index":"index","follow":"follow","max-snippet":"max-snippet:-1","max-image-preview":"max-image-preview:large","max-video-preview":"max-video-preview:-1"},"canonical":"https:\/\/grotta.is\/en\/fimleikadeild\/forskraning-i-fimleikadeild-grottu-veturinn-2021-2022-er-hafin\/","og_locale":"en_US","og_type":"article","og_title":"Forskr\u00e1ning \u00ed fimleikadeild Gr\u00f3ttu veturinn 2021-2022 er hafin - \u00cd\u00fer\u00f3ttaf\u00e9lagi\u00f0 Gr\u00f3tta","og_description":"\u00deann 1. j\u00fan\u00ed til 30. j\u00fan\u00ed n\u00e6stkomandi fer fram forskr\u00e1ning \u00ed fimleikadeild Gr\u00f3ttu fyrir veturinn 2021-2022,\u00a0https:\/\/www.sportabler.com\/shop\/grotta Greitt er 10.000 kr skr\u00e1ningargjald me\u00f0 kreditkorti vi\u00f0 skr\u00e1ningu. Skr\u00e1ningargjaldi\u00f0 er \u00f3afturkr\u00e6ft en dregst [&hellip;]","og_url":"https:\/\/grotta.is\/en\/fimleikadeild\/forskraning-i-fimleikadeild-grottu-veturinn-2021-2022-er-hafin\/","og_site_name":"\u00cd\u00fer\u00f3ttaf\u00e9lagi\u00f0 Gr\u00f3tta","article_publisher":"https:\/\/www.facebook.com\/grottasport","article_published_time":"2021-06-01T10:53:43+00:00","article_modified_time":"2021-06-01T10:53:46+00:00","og_image":[{"width":2560,"height":1529,"url":"https:\/\/grotta.is\/wp-content\/uploads\/2021\/04\/5D3_1498-scaled.jpg","type":"image\/jpeg"}],"author":"Grotta","twitter_card":"summary_large_image","twitter_misc":{"Written by":"Grotta","Est. reading time":"1 minute"},"schema":{"@context":"https:\/\/schema.org","@graph":[{"@type":"Article","@id":"https:\/\/grotta.is\/fimleikadeild\/forskraning-i-fimleikadeild-grottu-veturinn-2021-2022-er-hafin\/#article","isPartOf":{"@id":"https:\/\/grotta.is\/fimleikadeild\/forskraning-i-fimleikadeild-grottu-veturinn-2021-2022-er-hafin\/"},"author":{"name":"Grotta","@id":"https:\/\/grotta.is\/#\/schema\/person\/08ec57bf09ee925f1b6a01540c14a5ce"},"headline":"Forskr\u00e1ning \u00ed fimleikadeild Gr\u00f3ttu veturinn 2021-2022 er hafin","datePublished":"2021-06-01T10:53:43+00:00","dateModified":"2021-06-01T10:53:46+00:00","mainEntityOfPage":{"@id":"https:\/\/grotta.is\/fimleikadeild\/forskraning-i-fimleikadeild-grottu-veturinn-2021-2022-er-hafin\/"},"wordCount":117,"publisher":{"@id":"https:\/\/grotta.is\/#organization"},"image":{"@id":"https:\/\/grotta.is\/fimleikadeild\/forskraning-i-fimleikadeild-grottu-veturinn-2021-2022-er-hafin\/#primaryimage"},"thumbnailUrl":"https:\/\/grotta.is\/wp-content\/uploads\/2021\/04\/5D3_1498-scaled.jpg","articleSection":["Fimleikadeild"],"inLanguage":"en-US"},{"@type":"WebPage","@id":"https:\/\/grotta.is\/fimleikadeild\/forskraning-i-fimleikadeild-grottu-veturinn-2021-2022-er-hafin\/","url":"https:\/\/grotta.is\/fimleikadeild\/forskraning-i-fimleikadeild-grottu-veturinn-2021-2022-er-hafin\/","name":"Forskr\u00e1ning \u00ed fimleikadeild Gr\u00f3ttu veturinn 2021-2022 er hafin - \u00cd\u00fer\u00f3ttaf\u00e9lagi\u00f0 Gr\u00f3tta","isPartOf":{"@id":"https:\/\/grotta.is\/#website"},"primaryImageOfPage":{"@id":"https:\/\/grotta.is\/fimleikadeild\/forskraning-i-fimleikadeild-grottu-veturinn-2021-2022-er-hafin\/#primaryimage"},"image":{"@id":"https:\/\/grotta.is\/fimleikadeild\/forskraning-i-fimleikadeild-grottu-veturinn-2021-2022-er-hafin\/#primaryimage"},"thumbnailUrl":"https:\/\/grotta.is\/wp-content\/uploads\/2021\/04\/5D3_1498-scaled.jpg","datePublished":"2021-06-01T10:53:43+00:00","dateModified":"2021-06-01T10:53:46+00:00","breadcrumb":{"@id":"https:\/\/grotta.is\/fimleikadeild\/forskraning-i-fimleikadeild-grottu-veturinn-2021-2022-er-hafin\/#breadcrumb"},"inLanguage":"en-US","potentialAction":[{"@type":"ReadAction","target":["https:\/\/grotta.is\/fimleikadeild\/forskraning-i-fimleikadeild-grottu-veturinn-2021-2022-er-hafin\/"]}]},{"@type":"ImageObject","inLanguage":"en-US","@id":"https:\/\/grotta.is\/fimleikadeild\/forskraning-i-fimleikadeild-grottu-veturinn-2021-2022-er-hafin\/#primaryimage","url":"https:\/\/grotta.is\/wp-content\/uploads\/2021\/04\/5D3_1498-scaled.jpg","contentUrl":"https:\/\/grotta.is\/wp-content\/uploads\/2021\/04\/5D3_1498-scaled.jpg","width":2560,"height":1529},{"@type":"BreadcrumbList","@id":"https:\/\/grotta.is\/fimleikadeild\/forskraning-i-fimleikadeild-grottu-veturinn-2021-2022-er-hafin\/#breadcrumb","itemListElement":[{"@type":"ListItem","position":1,"name":"Home","item":"https:\/\/grotta.is\/"},{"@type":"ListItem","position":2,"name":"Forskr\u00e1ning \u00ed fimleikadeild Gr\u00f3ttu veturinn 2021-2022 er hafin"}]},{"@type":"WebSite","@id":"https:\/\/grotta.is\/#website","url":"https:\/\/grotta.is\/","name":"\u00cd\u00fer\u00f3ttaf\u00e9lagi\u00f0 Gr\u00f3tta","description":"\u00e1 Seltjarnarnesi","publisher":{"@id":"https:\/\/grotta.is\/#organization"},"potentialAction":[{"@type":"SearchAction","target":{"@type":"EntryPoint","urlTemplate":"https:\/\/grotta.is\/?s={search_term_string}"},"query-input":{"@type":"PropertyValueSpecification","valueRequired":true,"valueName":"search_term_string"}}],"inLanguage":"en-US"},{"@type":"Organization","@id":"https:\/\/grotta.is\/#organization","name":"\u00cd\u00fer\u00f3ttaf\u00e9lagi\u00f0 Gr\u00f3tta","url":"https:\/\/grotta.is\/","logo":{"@type":"ImageObject","inLanguage":"en-US","@id":"https:\/\/grotta.is\/#\/schema\/logo\/image\/","url":"https:\/\/grotta.is\/wp-content\/uploads\/2020\/02\/ithrottafelagidgrotta_logo_512x512_transparent.png","contentUrl":"https:\/\/grotta.is\/wp-content\/uploads\/2020\/02\/ithrottafelagidgrotta_logo_512x512_transparent.png","width":512,"height":512,"caption":"\u00cd\u00fer\u00f3ttaf\u00e9lagi\u00f0 Gr\u00f3tta"},"image":{"@id":"https:\/\/grotta.is\/#\/schema\/logo\/image\/"},"sameAs":["https:\/\/www.facebook.com\/grottasport"]},{"@type":"Person","@id":"https:\/\/grotta.is\/#\/schema\/person\/08ec57bf09ee925f1b6a01540c14a5ce","name":"Grotta","url":"https:\/\/grotta.is\/en\/author\/inga\/"}]}},"_links":{"self":[{"href":"https:\/\/grotta.is\/en\/wp-json\/wp\/v2\/posts\/348764","targetHints":{"allow":["GET"]}}],"collection":[{"href":"https:\/\/grotta.is\/en\/wp-json\/wp\/v2\/posts"}],"about":[{"href":"https:\/\/grotta.is\/en\/wp-json\/wp\/v2\/types\/post"}],"author":[{"embeddable":true,"href":"https:\/\/grotta.is\/en\/wp-json\/wp\/v2\/users\/2"}],"replies":[{"embeddable":true,"href":"https:\/\/grotta.is\/en\/wp-json\/wp\/v2\/comments?post=348764"}],"version-history":[{"count":1,"href":"https:\/\/grotta.is\/en\/wp-json\/wp\/v2\/posts\/348764\/revisions"}],"predecessor-version":[{"id":348765,"href":"https:\/\/grotta.is\/en\/wp-json\/wp\/v2\/posts\/348764\/revisions\/348765"}],"wp:featuredmedia":[{"embeddable":true,"href":"https:\/\/grotta.is\/en\/wp-json\/wp\/v2\/media\/344763"}],"wp:attachment":[{"href":"https:\/\/grotta.is\/en\/wp-json\/wp\/v2\/media?parent=348764"}],"wp:term":[{"taxonomy":"category","embeddable":true,"href":"https:\/\/grotta.is\/en\/wp-json\/wp\/v2\/categories?post=348764"},{"taxonomy":"post_tag","embeddable":true,"href":"https:\/\/grotta.is\/en\/wp-json\/wp\/v2\/tags?post=348764"}],"curies":[{"name":"wp","href":"https:\/\/api.w.org\/{rel}","templated":true}]}}