{"id":348110,"date":"2021-05-26T13:31:44","date_gmt":"2021-05-26T13:31:44","guid":{"rendered":"https:\/\/grotta.is\/?p=348110"},"modified":"2021-05-26T13:31:48","modified_gmt":"2021-05-26T13:31:48","slug":"lokaleikur-grottu-i-olisdeildinni-fritt-inn","status":"publish","type":"post","link":"https:\/\/grotta.is\/en\/handknattleiksdeild\/lokaleikur-grottu-i-olisdeildinni-fritt-inn\/","title":{"rendered":"Lokaleikur Gr\u00f3ttu \u00ed Ol\u00edsdeildinni &#8211; fr\u00edtt inn"},"content":{"rendered":"<p>Lokaleikur meistaraflokks karla \u00ed Ol\u00edsdeildinni \u00ed vetur fer fram \u00e1 morgun, fimmtudag kl. 19:30. Fr\u00edtt ver\u00f0ur \u00e1 leikinn \u00ed bo\u00f0i Hertz. Andst\u00e6\u00f0ingarnir eru r\u00edkjandi \u00cdslandsmeistarar, Selfoss.<\/p><p>Str\u00e1karnir okkar hafa s\u00fdnt fr\u00e1b\u00e6ra frammist\u00f6\u00f0u \u00ed vetur \u00ed Ol\u00edsdeildinni og eiga skili\u00f0 g\u00f3\u00f0an stu\u00f0ning \u00ed lokaleik vetrarins. Lj\u00f3st er a\u00f0 li\u00f0i\u00f0 mun enda \u00ed 10.s\u00e6ti deildarinnar sem \u00fe\u00fd\u00f0ir a\u00f0 li\u00f0i\u00f0 leikur \u00e1fram \u00ed Ol\u00edsdeildinni n\u00e6sta vetur, eitthva\u00f0 sem f\u00e1ar sp\u00e1r bjuggust vi\u00f0 \u00feegar m\u00f3ti\u00f0 f\u00f3r af sta\u00f0. \u00dej\u00e1lfarateymi\u00f0 Arnar Da\u00f0i Arnarsson og Maksim Akbachev hafa unni\u00f0 gr\u00ed\u00f0arleg afrek a\u00f0 koma Gr\u00f3ttu aftur \u00e1 stall me\u00f0 bestu li\u00f0um landsins. Leikmennirnir hafa lagt \u00e1 sig gr\u00ed\u00f0armikla vinnu \u00e1 sig \u00e1 \u00feessum skr\u00edtna vetri.<\/p><p><strong>M\u00e6tum \u00f6ll og sty\u00f0jum str\u00e1kana.<br><\/strong><br><img decoding=\"async\" width=\"16\" height=\"16\" alt=\"?\" data-src=\"https:\/\/lh3.googleusercontent.com\/nZ6I-knPSnM8WC0AnolSTuKubZYTUO5zGHCJmG7z4lvSr3oOscpXr__2VyWsr8Okx11ZwBq9KmsoUTeiemhIdsKgTn8IbqKetGBhMfVCj1XFn3Rjx_e6xCEW0CmtHbF-2fdnUxCV\" src=\"data:image\/gif;base64,R0lGODlhAQABAAAAACH5BAEKAAEALAAAAAABAAEAAAICTAEAOw==\" class=\"lazyload\" style=\"--smush-placeholder-width: 16px; --smush-placeholder-aspect-ratio: 16\/16;\"> Gr\u00f3tta &#8211; Selfoss<br><img decoding=\"async\" width=\"16\" height=\"16\" alt=\"?\" data-src=\"https:\/\/lh6.googleusercontent.com\/FWZ2oppF2BhtdfI25_khmkBJHTr6h-hTVXSDUKERSq7R-aAN5Zmbw8YmhfzPOR71StTi00W6bT8LEvmuV3ibAfFEKGrzvYhvtNRF8RudPqvD5AgAsEt6up0NfmP_ZMotRskaqRL9\" src=\"data:image\/gif;base64,R0lGODlhAQABAAAAACH5BAEKAAEALAAAAAABAAEAAAICTAEAOw==\" class=\"lazyload\" style=\"--smush-placeholder-width: 16px; --smush-placeholder-aspect-ratio: 16\/16;\"> kl. 19:30<br><img decoding=\"async\" width=\"16\" height=\"16\" alt=\"?\" data-src=\"https:\/\/lh5.googleusercontent.com\/Cq83FuUNhgmw4HmD-DXkKQc7OOAA4aax1NB2lbjDAa1op8MfU79uU0lBpdTjCyXJ_TjcqqcSZ3XJbj0Os0O0EixZtRmSihhIA-Wyl0UGA3VNfqQ0OKxdcJBdd3QRIJeggO2OvZa5\" src=\"data:image\/gif;base64,R0lGODlhAQABAAAAACH5BAEKAAEALAAAAAABAAEAAAICTAEAOw==\" class=\"lazyload\" style=\"--smush-placeholder-width: 16px; --smush-placeholder-aspect-ratio: 16\/16;\"> Hertz-h\u00f6llin<\/p><p>\u00c1fram Gr\u00f3tta !<\/p>","protected":false},"excerpt":{"rendered":"<p>Lokaleikur meistaraflokks karla \u00ed Ol\u00edsdeildinni \u00ed vetur fer fram \u00e1 morgun, fimmtudag kl. 19:30. Fr\u00edtt ver\u00f0ur \u00e1 leikinn \u00ed bo\u00f0i Hertz. Andst\u00e6\u00f0ingarnir eru r\u00edkjandi \u00cdslandsmeistarar, Selfoss. Str\u00e1karnir okkar hafa s\u00fdnt [&hellip;]<\/p>","protected":false},"author":2,"featured_media":348108,"comment_status":"closed","ping_status":"closed","sticky":false,"template":"","format":"standard","meta":{"footnotes":""},"categories":[12],"tags":[],"class_list":["post-348110","post","type-post","status-publish","format-standard","has-post-thumbnail","hentry","category-handknattleiksdeild"],"yoast_head":"<!-- This site is optimized with the Yoast SEO plugin v24.3 - https:\/\/yoast.com\/wordpress\/plugins\/seo\/ -->\n<title>Lokaleikur Gr\u00f3ttu \u00ed Ol\u00edsdeildinni - fr\u00edtt inn - \u00cd\u00fer\u00f3ttaf\u00e9lagi\u00f0 Gr\u00f3tta<\/title>\n<meta name=\"robots\" content=\"index, follow, max-snippet:-1, max-image-preview:large, max-video-preview:-1\" \/>\n<link rel=\"canonical\" href=\"https:\/\/grotta.is\/en\/handknattleiksdeild\/lokaleikur-grottu-i-olisdeildinni-fritt-inn\/\" \/>\n<meta property=\"og:locale\" content=\"en_US\" \/>\n<meta property=\"og:type\" content=\"article\" \/>\n<meta property=\"og:title\" content=\"Lokaleikur Gr\u00f3ttu \u00ed Ol\u00edsdeildinni - fr\u00edtt inn - \u00cd\u00fer\u00f3ttaf\u00e9lagi\u00f0 Gr\u00f3tta\" \/>\n<meta property=\"og:description\" content=\"Lokaleikur meistaraflokks karla \u00ed Ol\u00edsdeildinni \u00ed vetur fer fram \u00e1 morgun, fimmtudag kl. 19:30. Fr\u00edtt ver\u00f0ur \u00e1 leikinn \u00ed bo\u00f0i Hertz. Andst\u00e6\u00f0ingarnir eru r\u00edkjandi \u00cdslandsmeistarar, Selfoss. Str\u00e1karnir okkar hafa s\u00fdnt [&hellip;]\" \/>\n<meta property=\"og:url\" content=\"https:\/\/grotta.is\/en\/handknattleiksdeild\/lokaleikur-grottu-i-olisdeildinni-fritt-inn\/\" \/>\n<meta property=\"og:site_name\" content=\"\u00cd\u00fer\u00f3ttaf\u00e9lagi\u00f0 Gr\u00f3tta\" \/>\n<meta property=\"article:publisher\" content=\"https:\/\/www.facebook.com\/grottasport\" \/>\n<meta property=\"article:published_time\" content=\"2021-05-26T13:31:44+00:00\" \/>\n<meta property=\"article:modified_time\" content=\"2021-05-26T13:31:48+00:00\" \/>\n<meta property=\"og:image\" content=\"https:\/\/grotta.is\/wp-content\/uploads\/2021\/05\/5D4_1798.jpg\" \/>\n\t<meta property=\"og:image:width\" content=\"2400\" \/>\n\t<meta property=\"og:image:height\" content=\"1714\" \/>\n\t<meta property=\"og:image:type\" content=\"image\/jpeg\" \/>\n<meta name=\"author\" content=\"Grotta\" \/>\n<meta name=\"twitter:card\" content=\"summary_large_image\" \/>\n<meta name=\"twitter:label1\" content=\"Written by\" \/>\n\t<meta name=\"twitter:data1\" content=\"Grotta\" \/>\n\t<meta name=\"twitter:label2\" content=\"Est. reading time\" \/>\n\t<meta name=\"twitter:data2\" content=\"2 minutes\" \/>\n<script type=\"application\/ld+json\" class=\"yoast-schema-graph\">{\"@context\":\"https:\/\/schema.org\",\"@graph\":[{\"@type\":\"Article\",\"@id\":\"https:\/\/grotta.is\/handknattleiksdeild\/lokaleikur-grottu-i-olisdeildinni-fritt-inn\/#article\",\"isPartOf\":{\"@id\":\"https:\/\/grotta.is\/handknattleiksdeild\/lokaleikur-grottu-i-olisdeildinni-fritt-inn\/\"},\"author\":{\"name\":\"Grotta\",\"@id\":\"https:\/\/grotta.is\/#\/schema\/person\/08ec57bf09ee925f1b6a01540c14a5ce\"},\"headline\":\"Lokaleikur Gr\u00f3ttu \u00ed Ol\u00edsdeildinni &#8211; fr\u00edtt inn\",\"datePublished\":\"2021-05-26T13:31:44+00:00\",\"dateModified\":\"2021-05-26T13:31:48+00:00\",\"mainEntityOfPage\":{\"@id\":\"https:\/\/grotta.is\/handknattleiksdeild\/lokaleikur-grottu-i-olisdeildinni-fritt-inn\/\"},\"wordCount\":151,\"publisher\":{\"@id\":\"https:\/\/grotta.is\/#organization\"},\"image\":{\"@id\":\"https:\/\/grotta.is\/handknattleiksdeild\/lokaleikur-grottu-i-olisdeildinni-fritt-inn\/#primaryimage\"},\"thumbnailUrl\":\"https:\/\/grotta.is\/wp-content\/uploads\/2021\/05\/5D4_1798.jpg\",\"articleSection\":[\"Handknattleiksdeild\"],\"inLanguage\":\"en-US\"},{\"@type\":\"WebPage\",\"@id\":\"https:\/\/grotta.is\/handknattleiksdeild\/lokaleikur-grottu-i-olisdeildinni-fritt-inn\/\",\"url\":\"https:\/\/grotta.is\/handknattleiksdeild\/lokaleikur-grottu-i-olisdeildinni-fritt-inn\/\",\"name\":\"Lokaleikur Gr\u00f3ttu \u00ed Ol\u00edsdeildinni - fr\u00edtt inn - \u00cd\u00fer\u00f3ttaf\u00e9lagi\u00f0 Gr\u00f3tta\",\"isPartOf\":{\"@id\":\"https:\/\/grotta.is\/#website\"},\"primaryImageOfPage\":{\"@id\":\"https:\/\/grotta.is\/handknattleiksdeild\/lokaleikur-grottu-i-olisdeildinni-fritt-inn\/#primaryimage\"},\"image\":{\"@id\":\"https:\/\/grotta.is\/handknattleiksdeild\/lokaleikur-grottu-i-olisdeildinni-fritt-inn\/#primaryimage\"},\"thumbnailUrl\":\"https:\/\/grotta.is\/wp-content\/uploads\/2021\/05\/5D4_1798.jpg\",\"datePublished\":\"2021-05-26T13:31:44+00:00\",\"dateModified\":\"2021-05-26T13:31:48+00:00\",\"breadcrumb\":{\"@id\":\"https:\/\/grotta.is\/handknattleiksdeild\/lokaleikur-grottu-i-olisdeildinni-fritt-inn\/#breadcrumb\"},\"inLanguage\":\"en-US\",\"potentialAction\":[{\"@type\":\"ReadAction\",\"target\":[\"https:\/\/grotta.is\/handknattleiksdeild\/lokaleikur-grottu-i-olisdeildinni-fritt-inn\/\"]}]},{\"@type\":\"ImageObject\",\"inLanguage\":\"en-US\",\"@id\":\"https:\/\/grotta.is\/handknattleiksdeild\/lokaleikur-grottu-i-olisdeildinni-fritt-inn\/#primaryimage\",\"url\":\"https:\/\/grotta.is\/wp-content\/uploads\/2021\/05\/5D4_1798.jpg\",\"contentUrl\":\"https:\/\/grotta.is\/wp-content\/uploads\/2021\/05\/5D4_1798.jpg\",\"width\":2400,\"height\":1714},{\"@type\":\"BreadcrumbList\",\"@id\":\"https:\/\/grotta.is\/handknattleiksdeild\/lokaleikur-grottu-i-olisdeildinni-fritt-inn\/#breadcrumb\",\"itemListElement\":[{\"@type\":\"ListItem\",\"position\":1,\"name\":\"Home\",\"item\":\"https:\/\/grotta.is\/\"},{\"@type\":\"ListItem\",\"position\":2,\"name\":\"Lokaleikur Gr\u00f3ttu \u00ed Ol\u00edsdeildinni &#8211; fr\u00edtt inn\"}]},{\"@type\":\"WebSite\",\"@id\":\"https:\/\/grotta.is\/#website\",\"url\":\"https:\/\/grotta.is\/\",\"name\":\"\u00cd\u00fer\u00f3ttaf\u00e9lagi\u00f0 Gr\u00f3tta\",\"description\":\"\u00e1 Seltjarnarnesi\",\"publisher\":{\"@id\":\"https:\/\/grotta.is\/#organization\"},\"potentialAction\":[{\"@type\":\"SearchAction\",\"target\":{\"@type\":\"EntryPoint\",\"urlTemplate\":\"https:\/\/grotta.is\/?s={search_term_string}\"},\"query-input\":{\"@type\":\"PropertyValueSpecification\",\"valueRequired\":true,\"valueName\":\"search_term_string\"}}],\"inLanguage\":\"en-US\"},{\"@type\":\"Organization\",\"@id\":\"https:\/\/grotta.is\/#organization\",\"name\":\"\u00cd\u00fer\u00f3ttaf\u00e9lagi\u00f0 Gr\u00f3tta\",\"url\":\"https:\/\/grotta.is\/\",\"logo\":{\"@type\":\"ImageObject\",\"inLanguage\":\"en-US\",\"@id\":\"https:\/\/grotta.is\/#\/schema\/logo\/image\/\",\"url\":\"https:\/\/grotta.is\/wp-content\/uploads\/2020\/02\/ithrottafelagidgrotta_logo_512x512_transparent.png\",\"contentUrl\":\"https:\/\/grotta.is\/wp-content\/uploads\/2020\/02\/ithrottafelagidgrotta_logo_512x512_transparent.png\",\"width\":512,\"height\":512,\"caption\":\"\u00cd\u00fer\u00f3ttaf\u00e9lagi\u00f0 Gr\u00f3tta\"},\"image\":{\"@id\":\"https:\/\/grotta.is\/#\/schema\/logo\/image\/\"},\"sameAs\":[\"https:\/\/www.facebook.com\/grottasport\"]},{\"@type\":\"Person\",\"@id\":\"https:\/\/grotta.is\/#\/schema\/person\/08ec57bf09ee925f1b6a01540c14a5ce\",\"name\":\"Grotta\",\"url\":\"https:\/\/grotta.is\/en\/author\/inga\/\"}]}<\/script>\n<!-- \/ Yoast SEO plugin. -->","yoast_head_json":{"title":"Lokaleikur Gr\u00f3ttu \u00ed Ol\u00edsdeildinni - fr\u00edtt inn - \u00cd\u00fer\u00f3ttaf\u00e9lagi\u00f0 Gr\u00f3tta","robots":{"index":"index","follow":"follow","max-snippet":"max-snippet:-1","max-image-preview":"max-image-preview:large","max-video-preview":"max-video-preview:-1"},"canonical":"https:\/\/grotta.is\/en\/handknattleiksdeild\/lokaleikur-grottu-i-olisdeildinni-fritt-inn\/","og_locale":"en_US","og_type":"article","og_title":"Lokaleikur Gr\u00f3ttu \u00ed Ol\u00edsdeildinni - fr\u00edtt inn - \u00cd\u00fer\u00f3ttaf\u00e9lagi\u00f0 Gr\u00f3tta","og_description":"Lokaleikur meistaraflokks karla \u00ed Ol\u00edsdeildinni \u00ed vetur fer fram \u00e1 morgun, fimmtudag kl. 19:30. Fr\u00edtt ver\u00f0ur \u00e1 leikinn \u00ed bo\u00f0i Hertz. Andst\u00e6\u00f0ingarnir eru r\u00edkjandi \u00cdslandsmeistarar, Selfoss. Str\u00e1karnir okkar hafa s\u00fdnt [&hellip;]","og_url":"https:\/\/grotta.is\/en\/handknattleiksdeild\/lokaleikur-grottu-i-olisdeildinni-fritt-inn\/","og_site_name":"\u00cd\u00fer\u00f3ttaf\u00e9lagi\u00f0 Gr\u00f3tta","article_publisher":"https:\/\/www.facebook.com\/grottasport","article_published_time":"2021-05-26T13:31:44+00:00","article_modified_time":"2021-05-26T13:31:48+00:00","og_image":[{"width":2400,"height":1714,"url":"https:\/\/grotta.is\/wp-content\/uploads\/2021\/05\/5D4_1798.jpg","type":"image\/jpeg"}],"author":"Grotta","twitter_card":"summary_large_image","twitter_misc":{"Written by":"Grotta","Est. reading time":"2 minutes"},"schema":{"@context":"https:\/\/schema.org","@graph":[{"@type":"Article","@id":"https:\/\/grotta.is\/handknattleiksdeild\/lokaleikur-grottu-i-olisdeildinni-fritt-inn\/#article","isPartOf":{"@id":"https:\/\/grotta.is\/handknattleiksdeild\/lokaleikur-grottu-i-olisdeildinni-fritt-inn\/"},"author":{"name":"Grotta","@id":"https:\/\/grotta.is\/#\/schema\/person\/08ec57bf09ee925f1b6a01540c14a5ce"},"headline":"Lokaleikur Gr\u00f3ttu \u00ed Ol\u00edsdeildinni &#8211; fr\u00edtt inn","datePublished":"2021-05-26T13:31:44+00:00","dateModified":"2021-05-26T13:31:48+00:00","mainEntityOfPage":{"@id":"https:\/\/grotta.is\/handknattleiksdeild\/lokaleikur-grottu-i-olisdeildinni-fritt-inn\/"},"wordCount":151,"publisher":{"@id":"https:\/\/grotta.is\/#organization"},"image":{"@id":"https:\/\/grotta.is\/handknattleiksdeild\/lokaleikur-grottu-i-olisdeildinni-fritt-inn\/#primaryimage"},"thumbnailUrl":"https:\/\/grotta.is\/wp-content\/uploads\/2021\/05\/5D4_1798.jpg","articleSection":["Handknattleiksdeild"],"inLanguage":"en-US"},{"@type":"WebPage","@id":"https:\/\/grotta.is\/handknattleiksdeild\/lokaleikur-grottu-i-olisdeildinni-fritt-inn\/","url":"https:\/\/grotta.is\/handknattleiksdeild\/lokaleikur-grottu-i-olisdeildinni-fritt-inn\/","name":"Lokaleikur Gr\u00f3ttu \u00ed Ol\u00edsdeildinni - fr\u00edtt inn - \u00cd\u00fer\u00f3ttaf\u00e9lagi\u00f0 Gr\u00f3tta","isPartOf":{"@id":"https:\/\/grotta.is\/#website"},"primaryImageOfPage":{"@id":"https:\/\/grotta.is\/handknattleiksdeild\/lokaleikur-grottu-i-olisdeildinni-fritt-inn\/#primaryimage"},"image":{"@id":"https:\/\/grotta.is\/handknattleiksdeild\/lokaleikur-grottu-i-olisdeildinni-fritt-inn\/#primaryimage"},"thumbnailUrl":"https:\/\/grotta.is\/wp-content\/uploads\/2021\/05\/5D4_1798.jpg","datePublished":"2021-05-26T13:31:44+00:00","dateModified":"2021-05-26T13:31:48+00:00","breadcrumb":{"@id":"https:\/\/grotta.is\/handknattleiksdeild\/lokaleikur-grottu-i-olisdeildinni-fritt-inn\/#breadcrumb"},"inLanguage":"en-US","potentialAction":[{"@type":"ReadAction","target":["https:\/\/grotta.is\/handknattleiksdeild\/lokaleikur-grottu-i-olisdeildinni-fritt-inn\/"]}]},{"@type":"ImageObject","inLanguage":"en-US","@id":"https:\/\/grotta.is\/handknattleiksdeild\/lokaleikur-grottu-i-olisdeildinni-fritt-inn\/#primaryimage","url":"https:\/\/grotta.is\/wp-content\/uploads\/2021\/05\/5D4_1798.jpg","contentUrl":"https:\/\/grotta.is\/wp-content\/uploads\/2021\/05\/5D4_1798.jpg","width":2400,"height":1714},{"@type":"BreadcrumbList","@id":"https:\/\/grotta.is\/handknattleiksdeild\/lokaleikur-grottu-i-olisdeildinni-fritt-inn\/#breadcrumb","itemListElement":[{"@type":"ListItem","position":1,"name":"Home","item":"https:\/\/grotta.is\/"},{"@type":"ListItem","position":2,"name":"Lokaleikur Gr\u00f3ttu \u00ed Ol\u00edsdeildinni &#8211; fr\u00edtt inn"}]},{"@type":"WebSite","@id":"https:\/\/grotta.is\/#website","url":"https:\/\/grotta.is\/","name":"\u00cd\u00fer\u00f3ttaf\u00e9lagi\u00f0 Gr\u00f3tta","description":"\u00e1 Seltjarnarnesi","publisher":{"@id":"https:\/\/grotta.is\/#organization"},"potentialAction":[{"@type":"SearchAction","target":{"@type":"EntryPoint","urlTemplate":"https:\/\/grotta.is\/?s={search_term_string}"},"query-input":{"@type":"PropertyValueSpecification","valueRequired":true,"valueName":"search_term_string"}}],"inLanguage":"en-US"},{"@type":"Organization","@id":"https:\/\/grotta.is\/#organization","name":"\u00cd\u00fer\u00f3ttaf\u00e9lagi\u00f0 Gr\u00f3tta","url":"https:\/\/grotta.is\/","logo":{"@type":"ImageObject","inLanguage":"en-US","@id":"https:\/\/grotta.is\/#\/schema\/logo\/image\/","url":"https:\/\/grotta.is\/wp-content\/uploads\/2020\/02\/ithrottafelagidgrotta_logo_512x512_transparent.png","contentUrl":"https:\/\/grotta.is\/wp-content\/uploads\/2020\/02\/ithrottafelagidgrotta_logo_512x512_transparent.png","width":512,"height":512,"caption":"\u00cd\u00fer\u00f3ttaf\u00e9lagi\u00f0 Gr\u00f3tta"},"image":{"@id":"https:\/\/grotta.is\/#\/schema\/logo\/image\/"},"sameAs":["https:\/\/www.facebook.com\/grottasport"]},{"@type":"Person","@id":"https:\/\/grotta.is\/#\/schema\/person\/08ec57bf09ee925f1b6a01540c14a5ce","name":"Grotta","url":"https:\/\/grotta.is\/en\/author\/inga\/"}]}},"_links":{"self":[{"href":"https:\/\/grotta.is\/en\/wp-json\/wp\/v2\/posts\/348110","targetHints":{"allow":["GET"]}}],"collection":[{"href":"https:\/\/grotta.is\/en\/wp-json\/wp\/v2\/posts"}],"about":[{"href":"https:\/\/grotta.is\/en\/wp-json\/wp\/v2\/types\/post"}],"author":[{"embeddable":true,"href":"https:\/\/grotta.is\/en\/wp-json\/wp\/v2\/users\/2"}],"replies":[{"embeddable":true,"href":"https:\/\/grotta.is\/en\/wp-json\/wp\/v2\/comments?post=348110"}],"version-history":[{"count":1,"href":"https:\/\/grotta.is\/en\/wp-json\/wp\/v2\/posts\/348110\/revisions"}],"predecessor-version":[{"id":348111,"href":"https:\/\/grotta.is\/en\/wp-json\/wp\/v2\/posts\/348110\/revisions\/348111"}],"wp:featuredmedia":[{"embeddable":true,"href":"https:\/\/grotta.is\/en\/wp-json\/wp\/v2\/media\/348108"}],"wp:attachment":[{"href":"https:\/\/grotta.is\/en\/wp-json\/wp\/v2\/media?parent=348110"}],"wp:term":[{"taxonomy":"category","embeddable":true,"href":"https:\/\/grotta.is\/en\/wp-json\/wp\/v2\/categories?post=348110"},{"taxonomy":"post_tag","embeddable":true,"href":"https:\/\/grotta.is\/en\/wp-json\/wp\/v2\/tags?post=348110"}],"curies":[{"name":"wp","href":"https:\/\/api.w.org\/{rel}","templated":true}]}}