{"id":348030,"date":"2021-05-24T11:08:03","date_gmt":"2021-05-24T11:08:03","guid":{"rendered":"https:\/\/grotta.is\/?p=348030"},"modified":"2021-05-24T22:10:56","modified_gmt":"2021-05-24T22:10:56","slug":"kjartan-og-kari-valdir-i-u19-ara-landslidid","status":"publish","type":"post","link":"https:\/\/grotta.is\/en\/knattspyrnudeild\/kjartan-og-kari-valdir-i-u19-ara-landslidid\/","title":{"rendered":"Kjartan og K\u00e1ri valdir \u00ed U19 \u00e1ra landsli\u00f0i\u00f0"},"content":{"rendered":"<p>Gr\u00f3ttumennirnir Kjartan K\u00e1ri Halld\u00f3rsson og K\u00e1ri Dan\u00edel Alexandersson hafa veri\u00f0 valdir \u00ed h\u00f3p U19 \u00e1ra landsli\u00f0sins sem m\u00e6tir m\u00e6tir U19 og U21 \u00e1ra li\u00f0um F\u00e6reyja \u00ed tveimur vin\u00e1ttuleikjum \u00ed j\u00fan\u00ed.<\/p><p>Li\u00f0i\u00f0 m\u00e6tir U21 \u00e1ra li\u00f0i F\u00e6reyja 3. j\u00fan\u00ed og hefst s\u00e1 leikur kl. 16:30 a\u00f0 \u00edslenskum t\u00edma. U19 \u00e1ra li\u00f0 \u00fej\u00f3\u00f0anna m\u00e6tast svo 6. j\u00fan\u00ed og hefst s\u00e1 leikur kl. 14:00 a\u00f0 \u00edslenskum t\u00edma. B\u00e1\u00f0ir leikirnir fara fram \u00ed Svangaskar\u00f0i. Leikirnir ver\u00f0a fyrstu leikir li\u00f0sins undir stj\u00f3rn \u00d3lafs Inga Sk\u00falasonar.<\/p><p>Knattspyrnudeild Gr\u00f3ttu \u00f3skar Kjartani og K\u00e1ra innilega til hamingju me\u00f0 vali\u00f0\u00a0!<\/p><figure class=\"wp-block-image size-large\"><img fetchpriority=\"high\" decoding=\"async\" width=\"682\" height=\"1024\" src=\"https:\/\/grotta.is\/wp-content\/uploads\/2021\/05\/kjartan-u19-682x1024.jpeg\" alt=\"\" class=\"wp-image-348031\" srcset=\"https:\/\/grotta.is\/wp-content\/uploads\/2021\/05\/kjartan-u19-682x1024.jpeg 682w, https:\/\/grotta.is\/wp-content\/uploads\/2021\/05\/kjartan-u19-200x300.jpeg 200w, https:\/\/grotta.is\/wp-content\/uploads\/2021\/05\/kjartan-u19-768x1152.jpeg 768w, https:\/\/grotta.is\/wp-content\/uploads\/2021\/05\/kjartan-u19-8x12.jpeg 8w, https:\/\/grotta.is\/wp-content\/uploads\/2021\/05\/kjartan-u19-600x900.jpeg 600w, https:\/\/grotta.is\/wp-content\/uploads\/2021\/05\/kjartan-u19.jpeg 845w\" sizes=\"(max-width: 682px) 100vw, 682px\" \/><\/figure>","protected":false},"excerpt":{"rendered":"<p>Gr\u00f3ttumennirnir Kjartan K\u00e1ri Halld\u00f3rsson og K\u00e1ri Dan\u00edel Alexandersson hafa veri\u00f0 valdir \u00ed h\u00f3p U19 \u00e1ra landsli\u00f0sins sem m\u00e6tir m\u00e6tir U19 og U21 \u00e1ra li\u00f0um F\u00e6reyja \u00ed tveimur vin\u00e1ttuleikjum \u00ed j\u00fan\u00ed. [&hellip;]<\/p>","protected":false},"author":4,"featured_media":348031,"comment_status":"closed","ping_status":"closed","sticky":false,"template":"","format":"standard","meta":{"footnotes":""},"categories":[7],"tags":[],"class_list":["post-348030","post","type-post","status-publish","format-standard","has-post-thumbnail","hentry","category-knattspyrnudeild"],"yoast_head":"<!-- This site is optimized with the Yoast SEO plugin v24.3 - https:\/\/yoast.com\/wordpress\/plugins\/seo\/ -->\n<title>Kjartan og K\u00e1ri valdir \u00ed U19 \u00e1ra landsli\u00f0i\u00f0 - \u00cd\u00fer\u00f3ttaf\u00e9lagi\u00f0 Gr\u00f3tta<\/title>\n<meta name=\"robots\" content=\"index, follow, max-snippet:-1, max-image-preview:large, max-video-preview:-1\" \/>\n<link rel=\"canonical\" href=\"https:\/\/grotta.is\/en\/knattspyrnudeild\/kjartan-og-kari-valdir-i-u19-ara-landslidid\/\" \/>\n<meta property=\"og:locale\" content=\"en_US\" \/>\n<meta property=\"og:type\" content=\"article\" \/>\n<meta property=\"og:title\" content=\"Kjartan og K\u00e1ri valdir \u00ed U19 \u00e1ra landsli\u00f0i\u00f0 - \u00cd\u00fer\u00f3ttaf\u00e9lagi\u00f0 Gr\u00f3tta\" \/>\n<meta property=\"og:description\" content=\"Gr\u00f3ttumennirnir Kjartan K\u00e1ri Halld\u00f3rsson og K\u00e1ri Dan\u00edel Alexandersson hafa veri\u00f0 valdir \u00ed h\u00f3p U19 \u00e1ra landsli\u00f0sins sem m\u00e6tir m\u00e6tir U19 og U21 \u00e1ra li\u00f0um F\u00e6reyja \u00ed tveimur vin\u00e1ttuleikjum \u00ed j\u00fan\u00ed. [&hellip;]\" \/>\n<meta property=\"og:url\" content=\"https:\/\/grotta.is\/en\/knattspyrnudeild\/kjartan-og-kari-valdir-i-u19-ara-landslidid\/\" \/>\n<meta property=\"og:site_name\" content=\"\u00cd\u00fer\u00f3ttaf\u00e9lagi\u00f0 Gr\u00f3tta\" \/>\n<meta property=\"article:publisher\" content=\"https:\/\/www.facebook.com\/grottasport\" \/>\n<meta property=\"article:published_time\" content=\"2021-05-24T11:08:03+00:00\" \/>\n<meta property=\"article:modified_time\" content=\"2021-05-24T22:10:56+00:00\" \/>\n<meta property=\"og:image\" content=\"https:\/\/grotta.is\/wp-content\/uploads\/2021\/05\/kjartan-u19.jpeg\" \/>\n\t<meta property=\"og:image:width\" content=\"845\" \/>\n\t<meta property=\"og:image:height\" content=\"1268\" \/>\n\t<meta property=\"og:image:type\" content=\"image\/jpeg\" \/>\n<meta name=\"author\" content=\"J\u00f3runn M. \u00deorsteinsd\u00f3ttir\" \/>\n<meta name=\"twitter:card\" content=\"summary_large_image\" \/>\n<meta name=\"twitter:label1\" content=\"Written by\" \/>\n\t<meta name=\"twitter:data1\" content=\"J\u00f3runn M. \u00deorsteinsd\u00f3ttir\" \/>\n\t<meta name=\"twitter:label2\" content=\"Est. reading time\" \/>\n\t<meta name=\"twitter:data2\" content=\"1 minute\" \/>\n<script type=\"application\/ld+json\" class=\"yoast-schema-graph\">{\"@context\":\"https:\/\/schema.org\",\"@graph\":[{\"@type\":\"Article\",\"@id\":\"https:\/\/grotta.is\/knattspyrnudeild\/kjartan-og-kari-valdir-i-u19-ara-landslidid\/#article\",\"isPartOf\":{\"@id\":\"https:\/\/grotta.is\/knattspyrnudeild\/kjartan-og-kari-valdir-i-u19-ara-landslidid\/\"},\"author\":{\"name\":\"J\u00f3runn M. \u00deorsteinsd\u00f3ttir\",\"@id\":\"https:\/\/grotta.is\/#\/schema\/person\/f1fea6a85a554e8069771c3486efbd84\"},\"headline\":\"Kjartan og K\u00e1ri valdir \u00ed U19 \u00e1ra landsli\u00f0i\u00f0\",\"datePublished\":\"2021-05-24T11:08:03+00:00\",\"dateModified\":\"2021-05-24T22:10:56+00:00\",\"mainEntityOfPage\":{\"@id\":\"https:\/\/grotta.is\/knattspyrnudeild\/kjartan-og-kari-valdir-i-u19-ara-landslidid\/\"},\"wordCount\":123,\"publisher\":{\"@id\":\"https:\/\/grotta.is\/#organization\"},\"image\":{\"@id\":\"https:\/\/grotta.is\/knattspyrnudeild\/kjartan-og-kari-valdir-i-u19-ara-landslidid\/#primaryimage\"},\"thumbnailUrl\":\"https:\/\/grotta.is\/wp-content\/uploads\/2021\/05\/kjartan-u19.jpeg\",\"articleSection\":[\"Knattspyrnudeild\"],\"inLanguage\":\"en-US\"},{\"@type\":\"WebPage\",\"@id\":\"https:\/\/grotta.is\/knattspyrnudeild\/kjartan-og-kari-valdir-i-u19-ara-landslidid\/\",\"url\":\"https:\/\/grotta.is\/knattspyrnudeild\/kjartan-og-kari-valdir-i-u19-ara-landslidid\/\",\"name\":\"Kjartan og K\u00e1ri valdir \u00ed U19 \u00e1ra landsli\u00f0i\u00f0 - \u00cd\u00fer\u00f3ttaf\u00e9lagi\u00f0 Gr\u00f3tta\",\"isPartOf\":{\"@id\":\"https:\/\/grotta.is\/#website\"},\"primaryImageOfPage\":{\"@id\":\"https:\/\/grotta.is\/knattspyrnudeild\/kjartan-og-kari-valdir-i-u19-ara-landslidid\/#primaryimage\"},\"image\":{\"@id\":\"https:\/\/grotta.is\/knattspyrnudeild\/kjartan-og-kari-valdir-i-u19-ara-landslidid\/#primaryimage\"},\"thumbnailUrl\":\"https:\/\/grotta.is\/wp-content\/uploads\/2021\/05\/kjartan-u19.jpeg\",\"datePublished\":\"2021-05-24T11:08:03+00:00\",\"dateModified\":\"2021-05-24T22:10:56+00:00\",\"breadcrumb\":{\"@id\":\"https:\/\/grotta.is\/knattspyrnudeild\/kjartan-og-kari-valdir-i-u19-ara-landslidid\/#breadcrumb\"},\"inLanguage\":\"en-US\",\"potentialAction\":[{\"@type\":\"ReadAction\",\"target\":[\"https:\/\/grotta.is\/knattspyrnudeild\/kjartan-og-kari-valdir-i-u19-ara-landslidid\/\"]}]},{\"@type\":\"ImageObject\",\"inLanguage\":\"en-US\",\"@id\":\"https:\/\/grotta.is\/knattspyrnudeild\/kjartan-og-kari-valdir-i-u19-ara-landslidid\/#primaryimage\",\"url\":\"https:\/\/grotta.is\/wp-content\/uploads\/2021\/05\/kjartan-u19.jpeg\",\"contentUrl\":\"https:\/\/grotta.is\/wp-content\/uploads\/2021\/05\/kjartan-u19.jpeg\",\"width\":845,\"height\":1268},{\"@type\":\"BreadcrumbList\",\"@id\":\"https:\/\/grotta.is\/knattspyrnudeild\/kjartan-og-kari-valdir-i-u19-ara-landslidid\/#breadcrumb\",\"itemListElement\":[{\"@type\":\"ListItem\",\"position\":1,\"name\":\"Home\",\"item\":\"https:\/\/grotta.is\/\"},{\"@type\":\"ListItem\",\"position\":2,\"name\":\"Kjartan og K\u00e1ri valdir \u00ed U19 \u00e1ra landsli\u00f0i\u00f0\"}]},{\"@type\":\"WebSite\",\"@id\":\"https:\/\/grotta.is\/#website\",\"url\":\"https:\/\/grotta.is\/\",\"name\":\"\u00cd\u00fer\u00f3ttaf\u00e9lagi\u00f0 Gr\u00f3tta\",\"description\":\"\u00e1 Seltjarnarnesi\",\"publisher\":{\"@id\":\"https:\/\/grotta.is\/#organization\"},\"potentialAction\":[{\"@type\":\"SearchAction\",\"target\":{\"@type\":\"EntryPoint\",\"urlTemplate\":\"https:\/\/grotta.is\/?s={search_term_string}\"},\"query-input\":{\"@type\":\"PropertyValueSpecification\",\"valueRequired\":true,\"valueName\":\"search_term_string\"}}],\"inLanguage\":\"en-US\"},{\"@type\":\"Organization\",\"@id\":\"https:\/\/grotta.is\/#organization\",\"name\":\"\u00cd\u00fer\u00f3ttaf\u00e9lagi\u00f0 Gr\u00f3tta\",\"url\":\"https:\/\/grotta.is\/\",\"logo\":{\"@type\":\"ImageObject\",\"inLanguage\":\"en-US\",\"@id\":\"https:\/\/grotta.is\/#\/schema\/logo\/image\/\",\"url\":\"https:\/\/grotta.is\/wp-content\/uploads\/2020\/02\/ithrottafelagidgrotta_logo_512x512_transparent.png\",\"contentUrl\":\"https:\/\/grotta.is\/wp-content\/uploads\/2020\/02\/ithrottafelagidgrotta_logo_512x512_transparent.png\",\"width\":512,\"height\":512,\"caption\":\"\u00cd\u00fer\u00f3ttaf\u00e9lagi\u00f0 Gr\u00f3tta\"},\"image\":{\"@id\":\"https:\/\/grotta.is\/#\/schema\/logo\/image\/\"},\"sameAs\":[\"https:\/\/www.facebook.com\/grottasport\"]},{\"@type\":\"Person\",\"@id\":\"https:\/\/grotta.is\/#\/schema\/person\/f1fea6a85a554e8069771c3486efbd84\",\"name\":\"J\u00f3runn M. \u00deorsteinsd\u00f3ttir\",\"url\":\"https:\/\/grotta.is\/en\/author\/jorunn\/\"}]}<\/script>\n<!-- \/ Yoast SEO plugin. -->","yoast_head_json":{"title":"Kjartan og K\u00e1ri valdir \u00ed U19 \u00e1ra landsli\u00f0i\u00f0 - \u00cd\u00fer\u00f3ttaf\u00e9lagi\u00f0 Gr\u00f3tta","robots":{"index":"index","follow":"follow","max-snippet":"max-snippet:-1","max-image-preview":"max-image-preview:large","max-video-preview":"max-video-preview:-1"},"canonical":"https:\/\/grotta.is\/en\/knattspyrnudeild\/kjartan-og-kari-valdir-i-u19-ara-landslidid\/","og_locale":"en_US","og_type":"article","og_title":"Kjartan og K\u00e1ri valdir \u00ed U19 \u00e1ra landsli\u00f0i\u00f0 - \u00cd\u00fer\u00f3ttaf\u00e9lagi\u00f0 Gr\u00f3tta","og_description":"Gr\u00f3ttumennirnir Kjartan K\u00e1ri Halld\u00f3rsson og K\u00e1ri Dan\u00edel Alexandersson hafa veri\u00f0 valdir \u00ed h\u00f3p U19 \u00e1ra landsli\u00f0sins sem m\u00e6tir m\u00e6tir U19 og U21 \u00e1ra li\u00f0um F\u00e6reyja \u00ed tveimur vin\u00e1ttuleikjum \u00ed j\u00fan\u00ed. [&hellip;]","og_url":"https:\/\/grotta.is\/en\/knattspyrnudeild\/kjartan-og-kari-valdir-i-u19-ara-landslidid\/","og_site_name":"\u00cd\u00fer\u00f3ttaf\u00e9lagi\u00f0 Gr\u00f3tta","article_publisher":"https:\/\/www.facebook.com\/grottasport","article_published_time":"2021-05-24T11:08:03+00:00","article_modified_time":"2021-05-24T22:10:56+00:00","og_image":[{"width":845,"height":1268,"url":"https:\/\/grotta.is\/wp-content\/uploads\/2021\/05\/kjartan-u19.jpeg","type":"image\/jpeg"}],"author":"J\u00f3runn M. \u00deorsteinsd\u00f3ttir","twitter_card":"summary_large_image","twitter_misc":{"Written by":"J\u00f3runn M. \u00deorsteinsd\u00f3ttir","Est. reading time":"1 minute"},"schema":{"@context":"https:\/\/schema.org","@graph":[{"@type":"Article","@id":"https:\/\/grotta.is\/knattspyrnudeild\/kjartan-og-kari-valdir-i-u19-ara-landslidid\/#article","isPartOf":{"@id":"https:\/\/grotta.is\/knattspyrnudeild\/kjartan-og-kari-valdir-i-u19-ara-landslidid\/"},"author":{"name":"J\u00f3runn M. \u00deorsteinsd\u00f3ttir","@id":"https:\/\/grotta.is\/#\/schema\/person\/f1fea6a85a554e8069771c3486efbd84"},"headline":"Kjartan og K\u00e1ri valdir \u00ed U19 \u00e1ra landsli\u00f0i\u00f0","datePublished":"2021-05-24T11:08:03+00:00","dateModified":"2021-05-24T22:10:56+00:00","mainEntityOfPage":{"@id":"https:\/\/grotta.is\/knattspyrnudeild\/kjartan-og-kari-valdir-i-u19-ara-landslidid\/"},"wordCount":123,"publisher":{"@id":"https:\/\/grotta.is\/#organization"},"image":{"@id":"https:\/\/grotta.is\/knattspyrnudeild\/kjartan-og-kari-valdir-i-u19-ara-landslidid\/#primaryimage"},"thumbnailUrl":"https:\/\/grotta.is\/wp-content\/uploads\/2021\/05\/kjartan-u19.jpeg","articleSection":["Knattspyrnudeild"],"inLanguage":"en-US"},{"@type":"WebPage","@id":"https:\/\/grotta.is\/knattspyrnudeild\/kjartan-og-kari-valdir-i-u19-ara-landslidid\/","url":"https:\/\/grotta.is\/knattspyrnudeild\/kjartan-og-kari-valdir-i-u19-ara-landslidid\/","name":"Kjartan og K\u00e1ri valdir \u00ed U19 \u00e1ra landsli\u00f0i\u00f0 - \u00cd\u00fer\u00f3ttaf\u00e9lagi\u00f0 Gr\u00f3tta","isPartOf":{"@id":"https:\/\/grotta.is\/#website"},"primaryImageOfPage":{"@id":"https:\/\/grotta.is\/knattspyrnudeild\/kjartan-og-kari-valdir-i-u19-ara-landslidid\/#primaryimage"},"image":{"@id":"https:\/\/grotta.is\/knattspyrnudeild\/kjartan-og-kari-valdir-i-u19-ara-landslidid\/#primaryimage"},"thumbnailUrl":"https:\/\/grotta.is\/wp-content\/uploads\/2021\/05\/kjartan-u19.jpeg","datePublished":"2021-05-24T11:08:03+00:00","dateModified":"2021-05-24T22:10:56+00:00","breadcrumb":{"@id":"https:\/\/grotta.is\/knattspyrnudeild\/kjartan-og-kari-valdir-i-u19-ara-landslidid\/#breadcrumb"},"inLanguage":"en-US","potentialAction":[{"@type":"ReadAction","target":["https:\/\/grotta.is\/knattspyrnudeild\/kjartan-og-kari-valdir-i-u19-ara-landslidid\/"]}]},{"@type":"ImageObject","inLanguage":"en-US","@id":"https:\/\/grotta.is\/knattspyrnudeild\/kjartan-og-kari-valdir-i-u19-ara-landslidid\/#primaryimage","url":"https:\/\/grotta.is\/wp-content\/uploads\/2021\/05\/kjartan-u19.jpeg","contentUrl":"https:\/\/grotta.is\/wp-content\/uploads\/2021\/05\/kjartan-u19.jpeg","width":845,"height":1268},{"@type":"BreadcrumbList","@id":"https:\/\/grotta.is\/knattspyrnudeild\/kjartan-og-kari-valdir-i-u19-ara-landslidid\/#breadcrumb","itemListElement":[{"@type":"ListItem","position":1,"name":"Home","item":"https:\/\/grotta.is\/"},{"@type":"ListItem","position":2,"name":"Kjartan og K\u00e1ri valdir \u00ed U19 \u00e1ra landsli\u00f0i\u00f0"}]},{"@type":"WebSite","@id":"https:\/\/grotta.is\/#website","url":"https:\/\/grotta.is\/","name":"\u00cd\u00fer\u00f3ttaf\u00e9lagi\u00f0 Gr\u00f3tta","description":"\u00e1 Seltjarnarnesi","publisher":{"@id":"https:\/\/grotta.is\/#organization"},"potentialAction":[{"@type":"SearchAction","target":{"@type":"EntryPoint","urlTemplate":"https:\/\/grotta.is\/?s={search_term_string}"},"query-input":{"@type":"PropertyValueSpecification","valueRequired":true,"valueName":"search_term_string"}}],"inLanguage":"en-US"},{"@type":"Organization","@id":"https:\/\/grotta.is\/#organization","name":"\u00cd\u00fer\u00f3ttaf\u00e9lagi\u00f0 Gr\u00f3tta","url":"https:\/\/grotta.is\/","logo":{"@type":"ImageObject","inLanguage":"en-US","@id":"https:\/\/grotta.is\/#\/schema\/logo\/image\/","url":"https:\/\/grotta.is\/wp-content\/uploads\/2020\/02\/ithrottafelagidgrotta_logo_512x512_transparent.png","contentUrl":"https:\/\/grotta.is\/wp-content\/uploads\/2020\/02\/ithrottafelagidgrotta_logo_512x512_transparent.png","width":512,"height":512,"caption":"\u00cd\u00fer\u00f3ttaf\u00e9lagi\u00f0 Gr\u00f3tta"},"image":{"@id":"https:\/\/grotta.is\/#\/schema\/logo\/image\/"},"sameAs":["https:\/\/www.facebook.com\/grottasport"]},{"@type":"Person","@id":"https:\/\/grotta.is\/#\/schema\/person\/f1fea6a85a554e8069771c3486efbd84","name":"J\u00f3runn M. \u00deorsteinsd\u00f3ttir","url":"https:\/\/grotta.is\/en\/author\/jorunn\/"}]}},"_links":{"self":[{"href":"https:\/\/grotta.is\/en\/wp-json\/wp\/v2\/posts\/348030","targetHints":{"allow":["GET"]}}],"collection":[{"href":"https:\/\/grotta.is\/en\/wp-json\/wp\/v2\/posts"}],"about":[{"href":"https:\/\/grotta.is\/en\/wp-json\/wp\/v2\/types\/post"}],"author":[{"embeddable":true,"href":"https:\/\/grotta.is\/en\/wp-json\/wp\/v2\/users\/4"}],"replies":[{"embeddable":true,"href":"https:\/\/grotta.is\/en\/wp-json\/wp\/v2\/comments?post=348030"}],"version-history":[{"count":1,"href":"https:\/\/grotta.is\/en\/wp-json\/wp\/v2\/posts\/348030\/revisions"}],"predecessor-version":[{"id":348032,"href":"https:\/\/grotta.is\/en\/wp-json\/wp\/v2\/posts\/348030\/revisions\/348032"}],"wp:featuredmedia":[{"embeddable":true,"href":"https:\/\/grotta.is\/en\/wp-json\/wp\/v2\/media\/348031"}],"wp:attachment":[{"href":"https:\/\/grotta.is\/en\/wp-json\/wp\/v2\/media?parent=348030"}],"wp:term":[{"taxonomy":"category","embeddable":true,"href":"https:\/\/grotta.is\/en\/wp-json\/wp\/v2\/categories?post=348030"},{"taxonomy":"post_tag","embeddable":true,"href":"https:\/\/grotta.is\/en\/wp-json\/wp\/v2\/tags?post=348030"}],"curies":[{"name":"wp","href":"https:\/\/api.w.org\/{rel}","templated":true}]}}