{"id":347592,"date":"2021-05-20T21:25:20","date_gmt":"2021-05-20T21:25:20","guid":{"rendered":"https:\/\/grotta.is\/?p=347592"},"modified":"2021-05-20T22:14:07","modified_gmt":"2021-05-20T22:14:07","slug":"7-flokkur-karla-og-kvenna-a-cheerios-moti-vikings","status":"publish","type":"post","link":"https:\/\/grotta.is\/en\/knattspyrnudeild\/7-flokkur-karla-og-kvenna-a-cheerios-moti-vikings\/","title":{"rendered":"7. flokkur karla og kvenna \u00e1 Cheerios m\u00f3ti V\u00edkings"},"content":{"rendered":"<p>7. flokkur karla og kvenna spila\u00f0i \u00e1 Cheerios m\u00f3ti V\u00edkings helgina 15. og 16. ma\u00ed \u00ed s\u00f3l og bl\u00ed\u00f0u \u00ed Fossvoginum. 7. flokkur kvenna var me\u00f0 fj\u00f6gur li\u00f0 \u00e1 m\u00f3tinu og 7. flokkur karla f\u00f3r me\u00f0 sex li\u00f0. Krakkarnir st\u00f3\u00f0u sig me\u00f0 eind\u00e6mum vel \u00e1 m\u00f3tinu og f\u00f3ru heim me\u00f0 bros \u00e1 v\u00f6r og Cheerios pakka \u00ed fararteskinu.\u00a0<\/p><figure class=\"wp-block-image size-large\"><img fetchpriority=\"high\" decoding=\"async\" width=\"1024\" height=\"768\" src=\"https:\/\/grotta.is\/wp-content\/uploads\/2021\/05\/cheerios-mo\u0301tid-1-1024x768.jpg\" alt=\"\" class=\"wp-image-347593\" srcset=\"https:\/\/grotta.is\/wp-content\/uploads\/2021\/05\/cheerios-mo\u0301tid-1-1024x768.jpg 1024w, https:\/\/grotta.is\/wp-content\/uploads\/2021\/05\/cheerios-mo\u0301tid-1-300x225.jpg 300w, https:\/\/grotta.is\/wp-content\/uploads\/2021\/05\/cheerios-mo\u0301tid-1-768x576.jpg 768w, https:\/\/grotta.is\/wp-content\/uploads\/2021\/05\/cheerios-mo\u0301tid-1-1536x1152.jpg 1536w, https:\/\/grotta.is\/wp-content\/uploads\/2021\/05\/cheerios-mo\u0301tid-1-2048x1536.jpg 2048w, https:\/\/grotta.is\/wp-content\/uploads\/2021\/05\/cheerios-mo\u0301tid-1-16x12.jpg 16w, https:\/\/grotta.is\/wp-content\/uploads\/2021\/05\/cheerios-mo\u0301tid-1-600x450.jpg 600w\" sizes=\"(max-width: 1024px) 100vw, 1024px\" \/><\/figure>","protected":false},"excerpt":{"rendered":"<p>7. flokkur karla og kvenna spila\u00f0i \u00e1 Cheerios m\u00f3ti V\u00edkings helgina 15. og 16. ma\u00ed \u00ed s\u00f3l og bl\u00ed\u00f0u \u00ed Fossvoginum. 7. flokkur kvenna var me\u00f0 fj\u00f6gur li\u00f0 \u00e1 m\u00f3tinu [&hellip;]<\/p>","protected":false},"author":4,"featured_media":347593,"comment_status":"closed","ping_status":"closed","sticky":false,"template":"","format":"standard","meta":{"footnotes":""},"categories":[7],"tags":[15],"class_list":["post-347592","post","type-post","status-publish","format-standard","has-post-thumbnail","hentry","category-knattspyrnudeild","tag-yngri-flokkar"],"yoast_head":"<!-- This site is optimized with the Yoast SEO plugin v24.3 - https:\/\/yoast.com\/wordpress\/plugins\/seo\/ -->\n<title>7. flokkur karla og kvenna \u00e1 Cheerios m\u00f3ti V\u00edkings - \u00cd\u00fer\u00f3ttaf\u00e9lagi\u00f0 Gr\u00f3tta<\/title>\n<meta name=\"robots\" content=\"index, follow, max-snippet:-1, max-image-preview:large, max-video-preview:-1\" \/>\n<link rel=\"canonical\" href=\"https:\/\/grotta.is\/en\/knattspyrnudeild\/7-flokkur-karla-og-kvenna-a-cheerios-moti-vikings\/\" \/>\n<meta property=\"og:locale\" content=\"en_US\" \/>\n<meta property=\"og:type\" content=\"article\" \/>\n<meta property=\"og:title\" content=\"7. flokkur karla og kvenna \u00e1 Cheerios m\u00f3ti V\u00edkings - \u00cd\u00fer\u00f3ttaf\u00e9lagi\u00f0 Gr\u00f3tta\" \/>\n<meta property=\"og:description\" content=\"7. flokkur karla og kvenna spila\u00f0i \u00e1 Cheerios m\u00f3ti V\u00edkings helgina 15. og 16. ma\u00ed \u00ed s\u00f3l og bl\u00ed\u00f0u \u00ed Fossvoginum. 7. flokkur kvenna var me\u00f0 fj\u00f6gur li\u00f0 \u00e1 m\u00f3tinu [&hellip;]\" \/>\n<meta property=\"og:url\" content=\"https:\/\/grotta.is\/en\/knattspyrnudeild\/7-flokkur-karla-og-kvenna-a-cheerios-moti-vikings\/\" \/>\n<meta property=\"og:site_name\" content=\"\u00cd\u00fer\u00f3ttaf\u00e9lagi\u00f0 Gr\u00f3tta\" \/>\n<meta property=\"article:publisher\" content=\"https:\/\/www.facebook.com\/grottasport\" \/>\n<meta property=\"article:published_time\" content=\"2021-05-20T21:25:20+00:00\" \/>\n<meta property=\"article:modified_time\" content=\"2021-05-20T22:14:07+00:00\" \/>\n<meta property=\"og:image\" content=\"https:\/\/grotta.is\/wp-content\/uploads\/2021\/05\/cheerios-mo\u0301tid-1-scaled.jpg\" \/>\n\t<meta property=\"og:image:width\" content=\"2560\" \/>\n\t<meta property=\"og:image:height\" content=\"1920\" \/>\n\t<meta property=\"og:image:type\" content=\"image\/jpeg\" \/>\n<meta name=\"author\" content=\"J\u00f3runn M. \u00deorsteinsd\u00f3ttir\" \/>\n<meta name=\"twitter:card\" content=\"summary_large_image\" \/>\n<meta name=\"twitter:label1\" content=\"Written by\" \/>\n\t<meta name=\"twitter:data1\" content=\"J\u00f3runn M. \u00deorsteinsd\u00f3ttir\" \/>\n\t<meta name=\"twitter:label2\" content=\"Est. reading time\" \/>\n\t<meta name=\"twitter:data2\" content=\"1 minute\" \/>\n<script type=\"application\/ld+json\" class=\"yoast-schema-graph\">{\"@context\":\"https:\/\/schema.org\",\"@graph\":[{\"@type\":\"Article\",\"@id\":\"https:\/\/grotta.is\/knattspyrnudeild\/7-flokkur-karla-og-kvenna-a-cheerios-moti-vikings\/#article\",\"isPartOf\":{\"@id\":\"https:\/\/grotta.is\/knattspyrnudeild\/7-flokkur-karla-og-kvenna-a-cheerios-moti-vikings\/\"},\"author\":{\"name\":\"J\u00f3runn M. \u00deorsteinsd\u00f3ttir\",\"@id\":\"https:\/\/grotta.is\/#\/schema\/person\/f1fea6a85a554e8069771c3486efbd84\"},\"headline\":\"7. flokkur karla og kvenna \u00e1 Cheerios m\u00f3ti V\u00edkings\",\"datePublished\":\"2021-05-20T21:25:20+00:00\",\"dateModified\":\"2021-05-20T22:14:07+00:00\",\"mainEntityOfPage\":{\"@id\":\"https:\/\/grotta.is\/knattspyrnudeild\/7-flokkur-karla-og-kvenna-a-cheerios-moti-vikings\/\"},\"wordCount\":68,\"publisher\":{\"@id\":\"https:\/\/grotta.is\/#organization\"},\"image\":{\"@id\":\"https:\/\/grotta.is\/knattspyrnudeild\/7-flokkur-karla-og-kvenna-a-cheerios-moti-vikings\/#primaryimage\"},\"thumbnailUrl\":\"https:\/\/grotta.is\/wp-content\/uploads\/2021\/05\/cheerios-mo\u0301tid-1-scaled.jpg\",\"keywords\":[\"Yngri flokkar\"],\"articleSection\":[\"Knattspyrnudeild\"],\"inLanguage\":\"en-US\"},{\"@type\":\"WebPage\",\"@id\":\"https:\/\/grotta.is\/knattspyrnudeild\/7-flokkur-karla-og-kvenna-a-cheerios-moti-vikings\/\",\"url\":\"https:\/\/grotta.is\/knattspyrnudeild\/7-flokkur-karla-og-kvenna-a-cheerios-moti-vikings\/\",\"name\":\"7. flokkur karla og kvenna \u00e1 Cheerios m\u00f3ti V\u00edkings - \u00cd\u00fer\u00f3ttaf\u00e9lagi\u00f0 Gr\u00f3tta\",\"isPartOf\":{\"@id\":\"https:\/\/grotta.is\/#website\"},\"primaryImageOfPage\":{\"@id\":\"https:\/\/grotta.is\/knattspyrnudeild\/7-flokkur-karla-og-kvenna-a-cheerios-moti-vikings\/#primaryimage\"},\"image\":{\"@id\":\"https:\/\/grotta.is\/knattspyrnudeild\/7-flokkur-karla-og-kvenna-a-cheerios-moti-vikings\/#primaryimage\"},\"thumbnailUrl\":\"https:\/\/grotta.is\/wp-content\/uploads\/2021\/05\/cheerios-mo\u0301tid-1-scaled.jpg\",\"datePublished\":\"2021-05-20T21:25:20+00:00\",\"dateModified\":\"2021-05-20T22:14:07+00:00\",\"breadcrumb\":{\"@id\":\"https:\/\/grotta.is\/knattspyrnudeild\/7-flokkur-karla-og-kvenna-a-cheerios-moti-vikings\/#breadcrumb\"},\"inLanguage\":\"en-US\",\"potentialAction\":[{\"@type\":\"ReadAction\",\"target\":[\"https:\/\/grotta.is\/knattspyrnudeild\/7-flokkur-karla-og-kvenna-a-cheerios-moti-vikings\/\"]}]},{\"@type\":\"ImageObject\",\"inLanguage\":\"en-US\",\"@id\":\"https:\/\/grotta.is\/knattspyrnudeild\/7-flokkur-karla-og-kvenna-a-cheerios-moti-vikings\/#primaryimage\",\"url\":\"https:\/\/grotta.is\/wp-content\/uploads\/2021\/05\/cheerios-mo\u0301tid-1-scaled.jpg\",\"contentUrl\":\"https:\/\/grotta.is\/wp-content\/uploads\/2021\/05\/cheerios-mo\u0301tid-1-scaled.jpg\",\"width\":2560,\"height\":1920},{\"@type\":\"BreadcrumbList\",\"@id\":\"https:\/\/grotta.is\/knattspyrnudeild\/7-flokkur-karla-og-kvenna-a-cheerios-moti-vikings\/#breadcrumb\",\"itemListElement\":[{\"@type\":\"ListItem\",\"position\":1,\"name\":\"Home\",\"item\":\"https:\/\/grotta.is\/\"},{\"@type\":\"ListItem\",\"position\":2,\"name\":\"7. flokkur karla og kvenna \u00e1 Cheerios m\u00f3ti V\u00edkings\"}]},{\"@type\":\"WebSite\",\"@id\":\"https:\/\/grotta.is\/#website\",\"url\":\"https:\/\/grotta.is\/\",\"name\":\"\u00cd\u00fer\u00f3ttaf\u00e9lagi\u00f0 Gr\u00f3tta\",\"description\":\"\u00e1 Seltjarnarnesi\",\"publisher\":{\"@id\":\"https:\/\/grotta.is\/#organization\"},\"potentialAction\":[{\"@type\":\"SearchAction\",\"target\":{\"@type\":\"EntryPoint\",\"urlTemplate\":\"https:\/\/grotta.is\/?s={search_term_string}\"},\"query-input\":{\"@type\":\"PropertyValueSpecification\",\"valueRequired\":true,\"valueName\":\"search_term_string\"}}],\"inLanguage\":\"en-US\"},{\"@type\":\"Organization\",\"@id\":\"https:\/\/grotta.is\/#organization\",\"name\":\"\u00cd\u00fer\u00f3ttaf\u00e9lagi\u00f0 Gr\u00f3tta\",\"url\":\"https:\/\/grotta.is\/\",\"logo\":{\"@type\":\"ImageObject\",\"inLanguage\":\"en-US\",\"@id\":\"https:\/\/grotta.is\/#\/schema\/logo\/image\/\",\"url\":\"https:\/\/grotta.is\/wp-content\/uploads\/2020\/02\/ithrottafelagidgrotta_logo_512x512_transparent.png\",\"contentUrl\":\"https:\/\/grotta.is\/wp-content\/uploads\/2020\/02\/ithrottafelagidgrotta_logo_512x512_transparent.png\",\"width\":512,\"height\":512,\"caption\":\"\u00cd\u00fer\u00f3ttaf\u00e9lagi\u00f0 Gr\u00f3tta\"},\"image\":{\"@id\":\"https:\/\/grotta.is\/#\/schema\/logo\/image\/\"},\"sameAs\":[\"https:\/\/www.facebook.com\/grottasport\"]},{\"@type\":\"Person\",\"@id\":\"https:\/\/grotta.is\/#\/schema\/person\/f1fea6a85a554e8069771c3486efbd84\",\"name\":\"J\u00f3runn M. \u00deorsteinsd\u00f3ttir\",\"url\":\"https:\/\/grotta.is\/en\/author\/jorunn\/\"}]}<\/script>\n<!-- \/ Yoast SEO plugin. -->","yoast_head_json":{"title":"7. flokkur karla og kvenna \u00e1 Cheerios m\u00f3ti V\u00edkings - \u00cd\u00fer\u00f3ttaf\u00e9lagi\u00f0 Gr\u00f3tta","robots":{"index":"index","follow":"follow","max-snippet":"max-snippet:-1","max-image-preview":"max-image-preview:large","max-video-preview":"max-video-preview:-1"},"canonical":"https:\/\/grotta.is\/en\/knattspyrnudeild\/7-flokkur-karla-og-kvenna-a-cheerios-moti-vikings\/","og_locale":"en_US","og_type":"article","og_title":"7. flokkur karla og kvenna \u00e1 Cheerios m\u00f3ti V\u00edkings - \u00cd\u00fer\u00f3ttaf\u00e9lagi\u00f0 Gr\u00f3tta","og_description":"7. flokkur karla og kvenna spila\u00f0i \u00e1 Cheerios m\u00f3ti V\u00edkings helgina 15. og 16. ma\u00ed \u00ed s\u00f3l og bl\u00ed\u00f0u \u00ed Fossvoginum. 7. flokkur kvenna var me\u00f0 fj\u00f6gur li\u00f0 \u00e1 m\u00f3tinu [&hellip;]","og_url":"https:\/\/grotta.is\/en\/knattspyrnudeild\/7-flokkur-karla-og-kvenna-a-cheerios-moti-vikings\/","og_site_name":"\u00cd\u00fer\u00f3ttaf\u00e9lagi\u00f0 Gr\u00f3tta","article_publisher":"https:\/\/www.facebook.com\/grottasport","article_published_time":"2021-05-20T21:25:20+00:00","article_modified_time":"2021-05-20T22:14:07+00:00","og_image":[{"width":2560,"height":1920,"url":"https:\/\/grotta.is\/wp-content\/uploads\/2021\/05\/cheerios-mo\u0301tid-1-scaled.jpg","type":"image\/jpeg"}],"author":"J\u00f3runn M. \u00deorsteinsd\u00f3ttir","twitter_card":"summary_large_image","twitter_misc":{"Written by":"J\u00f3runn M. \u00deorsteinsd\u00f3ttir","Est. reading time":"1 minute"},"schema":{"@context":"https:\/\/schema.org","@graph":[{"@type":"Article","@id":"https:\/\/grotta.is\/knattspyrnudeild\/7-flokkur-karla-og-kvenna-a-cheerios-moti-vikings\/#article","isPartOf":{"@id":"https:\/\/grotta.is\/knattspyrnudeild\/7-flokkur-karla-og-kvenna-a-cheerios-moti-vikings\/"},"author":{"name":"J\u00f3runn M. \u00deorsteinsd\u00f3ttir","@id":"https:\/\/grotta.is\/#\/schema\/person\/f1fea6a85a554e8069771c3486efbd84"},"headline":"7. flokkur karla og kvenna \u00e1 Cheerios m\u00f3ti V\u00edkings","datePublished":"2021-05-20T21:25:20+00:00","dateModified":"2021-05-20T22:14:07+00:00","mainEntityOfPage":{"@id":"https:\/\/grotta.is\/knattspyrnudeild\/7-flokkur-karla-og-kvenna-a-cheerios-moti-vikings\/"},"wordCount":68,"publisher":{"@id":"https:\/\/grotta.is\/#organization"},"image":{"@id":"https:\/\/grotta.is\/knattspyrnudeild\/7-flokkur-karla-og-kvenna-a-cheerios-moti-vikings\/#primaryimage"},"thumbnailUrl":"https:\/\/grotta.is\/wp-content\/uploads\/2021\/05\/cheerios-mo\u0301tid-1-scaled.jpg","keywords":["Yngri flokkar"],"articleSection":["Knattspyrnudeild"],"inLanguage":"en-US"},{"@type":"WebPage","@id":"https:\/\/grotta.is\/knattspyrnudeild\/7-flokkur-karla-og-kvenna-a-cheerios-moti-vikings\/","url":"https:\/\/grotta.is\/knattspyrnudeild\/7-flokkur-karla-og-kvenna-a-cheerios-moti-vikings\/","name":"7. flokkur karla og kvenna \u00e1 Cheerios m\u00f3ti V\u00edkings - \u00cd\u00fer\u00f3ttaf\u00e9lagi\u00f0 Gr\u00f3tta","isPartOf":{"@id":"https:\/\/grotta.is\/#website"},"primaryImageOfPage":{"@id":"https:\/\/grotta.is\/knattspyrnudeild\/7-flokkur-karla-og-kvenna-a-cheerios-moti-vikings\/#primaryimage"},"image":{"@id":"https:\/\/grotta.is\/knattspyrnudeild\/7-flokkur-karla-og-kvenna-a-cheerios-moti-vikings\/#primaryimage"},"thumbnailUrl":"https:\/\/grotta.is\/wp-content\/uploads\/2021\/05\/cheerios-mo\u0301tid-1-scaled.jpg","datePublished":"2021-05-20T21:25:20+00:00","dateModified":"2021-05-20T22:14:07+00:00","breadcrumb":{"@id":"https:\/\/grotta.is\/knattspyrnudeild\/7-flokkur-karla-og-kvenna-a-cheerios-moti-vikings\/#breadcrumb"},"inLanguage":"en-US","potentialAction":[{"@type":"ReadAction","target":["https:\/\/grotta.is\/knattspyrnudeild\/7-flokkur-karla-og-kvenna-a-cheerios-moti-vikings\/"]}]},{"@type":"ImageObject","inLanguage":"en-US","@id":"https:\/\/grotta.is\/knattspyrnudeild\/7-flokkur-karla-og-kvenna-a-cheerios-moti-vikings\/#primaryimage","url":"https:\/\/grotta.is\/wp-content\/uploads\/2021\/05\/cheerios-mo\u0301tid-1-scaled.jpg","contentUrl":"https:\/\/grotta.is\/wp-content\/uploads\/2021\/05\/cheerios-mo\u0301tid-1-scaled.jpg","width":2560,"height":1920},{"@type":"BreadcrumbList","@id":"https:\/\/grotta.is\/knattspyrnudeild\/7-flokkur-karla-og-kvenna-a-cheerios-moti-vikings\/#breadcrumb","itemListElement":[{"@type":"ListItem","position":1,"name":"Home","item":"https:\/\/grotta.is\/"},{"@type":"ListItem","position":2,"name":"7. flokkur karla og kvenna \u00e1 Cheerios m\u00f3ti V\u00edkings"}]},{"@type":"WebSite","@id":"https:\/\/grotta.is\/#website","url":"https:\/\/grotta.is\/","name":"\u00cd\u00fer\u00f3ttaf\u00e9lagi\u00f0 Gr\u00f3tta","description":"\u00e1 Seltjarnarnesi","publisher":{"@id":"https:\/\/grotta.is\/#organization"},"potentialAction":[{"@type":"SearchAction","target":{"@type":"EntryPoint","urlTemplate":"https:\/\/grotta.is\/?s={search_term_string}"},"query-input":{"@type":"PropertyValueSpecification","valueRequired":true,"valueName":"search_term_string"}}],"inLanguage":"en-US"},{"@type":"Organization","@id":"https:\/\/grotta.is\/#organization","name":"\u00cd\u00fer\u00f3ttaf\u00e9lagi\u00f0 Gr\u00f3tta","url":"https:\/\/grotta.is\/","logo":{"@type":"ImageObject","inLanguage":"en-US","@id":"https:\/\/grotta.is\/#\/schema\/logo\/image\/","url":"https:\/\/grotta.is\/wp-content\/uploads\/2020\/02\/ithrottafelagidgrotta_logo_512x512_transparent.png","contentUrl":"https:\/\/grotta.is\/wp-content\/uploads\/2020\/02\/ithrottafelagidgrotta_logo_512x512_transparent.png","width":512,"height":512,"caption":"\u00cd\u00fer\u00f3ttaf\u00e9lagi\u00f0 Gr\u00f3tta"},"image":{"@id":"https:\/\/grotta.is\/#\/schema\/logo\/image\/"},"sameAs":["https:\/\/www.facebook.com\/grottasport"]},{"@type":"Person","@id":"https:\/\/grotta.is\/#\/schema\/person\/f1fea6a85a554e8069771c3486efbd84","name":"J\u00f3runn M. \u00deorsteinsd\u00f3ttir","url":"https:\/\/grotta.is\/en\/author\/jorunn\/"}]}},"_links":{"self":[{"href":"https:\/\/grotta.is\/en\/wp-json\/wp\/v2\/posts\/347592","targetHints":{"allow":["GET"]}}],"collection":[{"href":"https:\/\/grotta.is\/en\/wp-json\/wp\/v2\/posts"}],"about":[{"href":"https:\/\/grotta.is\/en\/wp-json\/wp\/v2\/types\/post"}],"author":[{"embeddable":true,"href":"https:\/\/grotta.is\/en\/wp-json\/wp\/v2\/users\/4"}],"replies":[{"embeddable":true,"href":"https:\/\/grotta.is\/en\/wp-json\/wp\/v2\/comments?post=347592"}],"version-history":[{"count":2,"href":"https:\/\/grotta.is\/en\/wp-json\/wp\/v2\/posts\/347592\/revisions"}],"predecessor-version":[{"id":347597,"href":"https:\/\/grotta.is\/en\/wp-json\/wp\/v2\/posts\/347592\/revisions\/347597"}],"wp:featuredmedia":[{"embeddable":true,"href":"https:\/\/grotta.is\/en\/wp-json\/wp\/v2\/media\/347593"}],"wp:attachment":[{"href":"https:\/\/grotta.is\/en\/wp-json\/wp\/v2\/media?parent=347592"}],"wp:term":[{"taxonomy":"category","embeddable":true,"href":"https:\/\/grotta.is\/en\/wp-json\/wp\/v2\/categories?post=347592"},{"taxonomy":"post_tag","embeddable":true,"href":"https:\/\/grotta.is\/en\/wp-json\/wp\/v2\/tags?post=347592"}],"curies":[{"name":"wp","href":"https:\/\/api.w.org\/{rel}","templated":true}]}}