{"id":346541,"date":"2021-05-13T22:15:32","date_gmt":"2021-05-13T22:15:32","guid":{"rendered":"https:\/\/grotta.is\/?p=346541"},"modified":"2021-05-13T22:15:36","modified_gmt":"2021-05-13T22:15:36","slug":"hakon-fer-til-svithjodar-i-sumar-3","status":"publish","type":"post","link":"https:\/\/grotta.is\/en\/knattspyrnudeild\/hakon-fer-til-svithjodar-i-sumar-3\/","title":{"rendered":"H\u00e1kon fer til Sv\u00ed\u00fej\u00f3\u00f0ar \u00ed sumar"},"content":{"rendered":"<p>H\u00e1kon fer til Sv\u00ed\u00fej\u00f3\u00f0ar \u00ed sumar ??<br><br>Knattspyrnudeild Gr\u00f3ttu hefur n\u00e1\u00f0 samkomulagi vi\u00f0 IF Elfsborg um a\u00f0 H\u00e1kon Rafn Valdimarsson markv\u00f6r\u00f0ur gangi til li\u00f0s vi\u00f0 s\u00e6nska \u00farvalsdeildarli\u00f0i\u00f0 \u00ed f\u00e9lagaskiptaglugganum \u00ed sumar, a\u00f0 uppfylltum n\u00e1nari skilm\u00e1lum samningsins.<\/p><p>H\u00e1kon er 19 \u00e1ra gamall en \u00fer\u00e1tt fyrir ungan aldur hefur hann veri\u00f0 a\u00f0almarkv\u00f6r\u00f0ur Gr\u00f3ttu undanfarin \u00ferj\u00fa t\u00edmabil. H\u00e1kon spila\u00f0i sinn fyrsta leik fyrir Gr\u00f3ttu \u00e1ri\u00f0 2017 en hann \u00e1 a\u00f0 baki 61 leik fyrir f\u00e9lagi\u00f0 og hefur leiki\u00f0 \u00ed \u00feremur efstu deildum me\u00f0 li\u00f0inu. Auk \u00feess hefur H\u00e1kon leiki\u00f0 me\u00f0 U-19 \u00e1ra landsli\u00f0inu sem og U-18 \u00e1ra og var einnig \u00ed lokah\u00f3pi U21-\u00e1rs landsli\u00f0sins sem t\u00f3k \u00fe\u00e1tt \u00e1 EM \u00ed mars s\u00ed\u00f0astli\u00f0num.<\/p><p>Knattspyrnudeild Gr\u00f3ttu \u00f3skar H\u00e1koni innilega til hamingju me\u00f0 samninginn og hlakkar til a\u00f0 fylgjast me\u00f0 \u00e6vint\u00fdrum hans \u00ed Sv\u00ed\u00fej\u00f3\u00f0 \u00e1 komandi misserum.<\/p><figure class=\"wp-block-image size-large\"><img fetchpriority=\"high\" decoding=\"async\" width=\"737\" height=\"1024\" src=\"https:\/\/grotta.is\/wp-content\/uploads\/2021\/05\/ha\u0301kon-1-737x1024.jpeg\" alt=\"\" class=\"wp-image-346542\" srcset=\"https:\/\/grotta.is\/wp-content\/uploads\/2021\/05\/ha\u0301kon-1-737x1024.jpeg 737w, https:\/\/grotta.is\/wp-content\/uploads\/2021\/05\/ha\u0301kon-1-216x300.jpeg 216w, https:\/\/grotta.is\/wp-content\/uploads\/2021\/05\/ha\u0301kon-1-768x1068.jpeg 768w, https:\/\/grotta.is\/wp-content\/uploads\/2021\/05\/ha\u0301kon-1-9x12.jpeg 9w, https:\/\/grotta.is\/wp-content\/uploads\/2021\/05\/ha\u0301kon-1-600x834.jpeg 600w, https:\/\/grotta.is\/wp-content\/uploads\/2021\/05\/ha\u0301kon-1.jpeg 912w\" sizes=\"(max-width: 737px) 100vw, 737px\" \/><\/figure>","protected":false},"excerpt":{"rendered":"<p>H\u00e1kon fer til Sv\u00ed\u00fej\u00f3\u00f0ar \u00ed sumar ?? Knattspyrnudeild Gr\u00f3ttu hefur n\u00e1\u00f0 samkomulagi vi\u00f0 IF Elfsborg um a\u00f0 H\u00e1kon Rafn Valdimarsson markv\u00f6r\u00f0ur gangi til li\u00f0s vi\u00f0 s\u00e6nska \u00farvalsdeildarli\u00f0i\u00f0 \u00ed f\u00e9lagaskiptaglugganum \u00ed [&hellip;]<\/p>","protected":false},"author":4,"featured_media":346542,"comment_status":"closed","ping_status":"closed","sticky":false,"template":"","format":"standard","meta":{"footnotes":""},"categories":[7],"tags":[],"class_list":["post-346541","post","type-post","status-publish","format-standard","has-post-thumbnail","hentry","category-knattspyrnudeild"],"yoast_head":"<!-- This site is optimized with the Yoast SEO plugin v24.3 - https:\/\/yoast.com\/wordpress\/plugins\/seo\/ -->\n<title>H\u00e1kon fer til Sv\u00ed\u00fej\u00f3\u00f0ar \u00ed sumar - \u00cd\u00fer\u00f3ttaf\u00e9lagi\u00f0 Gr\u00f3tta<\/title>\n<meta name=\"robots\" content=\"index, follow, max-snippet:-1, max-image-preview:large, max-video-preview:-1\" \/>\n<link rel=\"canonical\" href=\"https:\/\/grotta.is\/en\/knattspyrnudeild\/hakon-fer-til-svithjodar-i-sumar-3\/\" \/>\n<meta property=\"og:locale\" content=\"en_US\" \/>\n<meta property=\"og:type\" content=\"article\" \/>\n<meta property=\"og:title\" content=\"H\u00e1kon fer til Sv\u00ed\u00fej\u00f3\u00f0ar \u00ed sumar - \u00cd\u00fer\u00f3ttaf\u00e9lagi\u00f0 Gr\u00f3tta\" \/>\n<meta property=\"og:description\" content=\"H\u00e1kon fer til Sv\u00ed\u00fej\u00f3\u00f0ar \u00ed sumar ?? Knattspyrnudeild Gr\u00f3ttu hefur n\u00e1\u00f0 samkomulagi vi\u00f0 IF Elfsborg um a\u00f0 H\u00e1kon Rafn Valdimarsson markv\u00f6r\u00f0ur gangi til li\u00f0s vi\u00f0 s\u00e6nska \u00farvalsdeildarli\u00f0i\u00f0 \u00ed f\u00e9lagaskiptaglugganum \u00ed [&hellip;]\" \/>\n<meta property=\"og:url\" content=\"https:\/\/grotta.is\/en\/knattspyrnudeild\/hakon-fer-til-svithjodar-i-sumar-3\/\" \/>\n<meta property=\"og:site_name\" content=\"\u00cd\u00fer\u00f3ttaf\u00e9lagi\u00f0 Gr\u00f3tta\" \/>\n<meta property=\"article:publisher\" content=\"https:\/\/www.facebook.com\/grottasport\" \/>\n<meta property=\"article:published_time\" content=\"2021-05-13T22:15:32+00:00\" \/>\n<meta property=\"article:modified_time\" content=\"2021-05-13T22:15:36+00:00\" \/>\n<meta property=\"og:image\" content=\"https:\/\/grotta.is\/wp-content\/uploads\/2021\/05\/ha\u0301kon-1.jpeg\" \/>\n\t<meta property=\"og:image:width\" content=\"912\" \/>\n\t<meta property=\"og:image:height\" content=\"1268\" \/>\n\t<meta property=\"og:image:type\" content=\"image\/jpeg\" \/>\n<meta name=\"author\" content=\"J\u00f3runn M. \u00deorsteinsd\u00f3ttir\" \/>\n<meta name=\"twitter:card\" content=\"summary_large_image\" \/>\n<meta name=\"twitter:label1\" content=\"Written by\" \/>\n\t<meta name=\"twitter:data1\" content=\"J\u00f3runn M. \u00deorsteinsd\u00f3ttir\" \/>\n\t<meta name=\"twitter:label2\" content=\"Est. reading time\" \/>\n\t<meta name=\"twitter:data2\" content=\"1 minute\" \/>\n<script type=\"application\/ld+json\" class=\"yoast-schema-graph\">{\"@context\":\"https:\/\/schema.org\",\"@graph\":[{\"@type\":\"Article\",\"@id\":\"https:\/\/grotta.is\/knattspyrnudeild\/hakon-fer-til-svithjodar-i-sumar-3\/#article\",\"isPartOf\":{\"@id\":\"https:\/\/grotta.is\/knattspyrnudeild\/hakon-fer-til-svithjodar-i-sumar-3\/\"},\"author\":{\"name\":\"J\u00f3runn M. \u00deorsteinsd\u00f3ttir\",\"@id\":\"https:\/\/grotta.is\/#\/schema\/person\/f1fea6a85a554e8069771c3486efbd84\"},\"headline\":\"H\u00e1kon fer til Sv\u00ed\u00fej\u00f3\u00f0ar \u00ed sumar\",\"datePublished\":\"2021-05-13T22:15:32+00:00\",\"dateModified\":\"2021-05-13T22:15:36+00:00\",\"mainEntityOfPage\":{\"@id\":\"https:\/\/grotta.is\/knattspyrnudeild\/hakon-fer-til-svithjodar-i-sumar-3\/\"},\"wordCount\":163,\"publisher\":{\"@id\":\"https:\/\/grotta.is\/#organization\"},\"image\":{\"@id\":\"https:\/\/grotta.is\/knattspyrnudeild\/hakon-fer-til-svithjodar-i-sumar-3\/#primaryimage\"},\"thumbnailUrl\":\"https:\/\/grotta.is\/wp-content\/uploads\/2021\/05\/ha\u0301kon-1.jpeg\",\"articleSection\":[\"Knattspyrnudeild\"],\"inLanguage\":\"en-US\"},{\"@type\":\"WebPage\",\"@id\":\"https:\/\/grotta.is\/knattspyrnudeild\/hakon-fer-til-svithjodar-i-sumar-3\/\",\"url\":\"https:\/\/grotta.is\/knattspyrnudeild\/hakon-fer-til-svithjodar-i-sumar-3\/\",\"name\":\"H\u00e1kon fer til Sv\u00ed\u00fej\u00f3\u00f0ar \u00ed sumar - \u00cd\u00fer\u00f3ttaf\u00e9lagi\u00f0 Gr\u00f3tta\",\"isPartOf\":{\"@id\":\"https:\/\/grotta.is\/#website\"},\"primaryImageOfPage\":{\"@id\":\"https:\/\/grotta.is\/knattspyrnudeild\/hakon-fer-til-svithjodar-i-sumar-3\/#primaryimage\"},\"image\":{\"@id\":\"https:\/\/grotta.is\/knattspyrnudeild\/hakon-fer-til-svithjodar-i-sumar-3\/#primaryimage\"},\"thumbnailUrl\":\"https:\/\/grotta.is\/wp-content\/uploads\/2021\/05\/ha\u0301kon-1.jpeg\",\"datePublished\":\"2021-05-13T22:15:32+00:00\",\"dateModified\":\"2021-05-13T22:15:36+00:00\",\"breadcrumb\":{\"@id\":\"https:\/\/grotta.is\/knattspyrnudeild\/hakon-fer-til-svithjodar-i-sumar-3\/#breadcrumb\"},\"inLanguage\":\"en-US\",\"potentialAction\":[{\"@type\":\"ReadAction\",\"target\":[\"https:\/\/grotta.is\/knattspyrnudeild\/hakon-fer-til-svithjodar-i-sumar-3\/\"]}]},{\"@type\":\"ImageObject\",\"inLanguage\":\"en-US\",\"@id\":\"https:\/\/grotta.is\/knattspyrnudeild\/hakon-fer-til-svithjodar-i-sumar-3\/#primaryimage\",\"url\":\"https:\/\/grotta.is\/wp-content\/uploads\/2021\/05\/ha\u0301kon-1.jpeg\",\"contentUrl\":\"https:\/\/grotta.is\/wp-content\/uploads\/2021\/05\/ha\u0301kon-1.jpeg\",\"width\":912,\"height\":1268},{\"@type\":\"BreadcrumbList\",\"@id\":\"https:\/\/grotta.is\/knattspyrnudeild\/hakon-fer-til-svithjodar-i-sumar-3\/#breadcrumb\",\"itemListElement\":[{\"@type\":\"ListItem\",\"position\":1,\"name\":\"Home\",\"item\":\"https:\/\/grotta.is\/\"},{\"@type\":\"ListItem\",\"position\":2,\"name\":\"H\u00e1kon fer til Sv\u00ed\u00fej\u00f3\u00f0ar \u00ed sumar\"}]},{\"@type\":\"WebSite\",\"@id\":\"https:\/\/grotta.is\/#website\",\"url\":\"https:\/\/grotta.is\/\",\"name\":\"\u00cd\u00fer\u00f3ttaf\u00e9lagi\u00f0 Gr\u00f3tta\",\"description\":\"\u00e1 Seltjarnarnesi\",\"publisher\":{\"@id\":\"https:\/\/grotta.is\/#organization\"},\"potentialAction\":[{\"@type\":\"SearchAction\",\"target\":{\"@type\":\"EntryPoint\",\"urlTemplate\":\"https:\/\/grotta.is\/?s={search_term_string}\"},\"query-input\":{\"@type\":\"PropertyValueSpecification\",\"valueRequired\":true,\"valueName\":\"search_term_string\"}}],\"inLanguage\":\"en-US\"},{\"@type\":\"Organization\",\"@id\":\"https:\/\/grotta.is\/#organization\",\"name\":\"\u00cd\u00fer\u00f3ttaf\u00e9lagi\u00f0 Gr\u00f3tta\",\"url\":\"https:\/\/grotta.is\/\",\"logo\":{\"@type\":\"ImageObject\",\"inLanguage\":\"en-US\",\"@id\":\"https:\/\/grotta.is\/#\/schema\/logo\/image\/\",\"url\":\"https:\/\/grotta.is\/wp-content\/uploads\/2020\/02\/ithrottafelagidgrotta_logo_512x512_transparent.png\",\"contentUrl\":\"https:\/\/grotta.is\/wp-content\/uploads\/2020\/02\/ithrottafelagidgrotta_logo_512x512_transparent.png\",\"width\":512,\"height\":512,\"caption\":\"\u00cd\u00fer\u00f3ttaf\u00e9lagi\u00f0 Gr\u00f3tta\"},\"image\":{\"@id\":\"https:\/\/grotta.is\/#\/schema\/logo\/image\/\"},\"sameAs\":[\"https:\/\/www.facebook.com\/grottasport\"]},{\"@type\":\"Person\",\"@id\":\"https:\/\/grotta.is\/#\/schema\/person\/f1fea6a85a554e8069771c3486efbd84\",\"name\":\"J\u00f3runn M. \u00deorsteinsd\u00f3ttir\",\"url\":\"https:\/\/grotta.is\/en\/author\/jorunn\/\"}]}<\/script>\n<!-- \/ Yoast SEO plugin. -->","yoast_head_json":{"title":"H\u00e1kon fer til Sv\u00ed\u00fej\u00f3\u00f0ar \u00ed sumar - \u00cd\u00fer\u00f3ttaf\u00e9lagi\u00f0 Gr\u00f3tta","robots":{"index":"index","follow":"follow","max-snippet":"max-snippet:-1","max-image-preview":"max-image-preview:large","max-video-preview":"max-video-preview:-1"},"canonical":"https:\/\/grotta.is\/en\/knattspyrnudeild\/hakon-fer-til-svithjodar-i-sumar-3\/","og_locale":"en_US","og_type":"article","og_title":"H\u00e1kon fer til Sv\u00ed\u00fej\u00f3\u00f0ar \u00ed sumar - \u00cd\u00fer\u00f3ttaf\u00e9lagi\u00f0 Gr\u00f3tta","og_description":"H\u00e1kon fer til Sv\u00ed\u00fej\u00f3\u00f0ar \u00ed sumar ?? Knattspyrnudeild Gr\u00f3ttu hefur n\u00e1\u00f0 samkomulagi vi\u00f0 IF Elfsborg um a\u00f0 H\u00e1kon Rafn Valdimarsson markv\u00f6r\u00f0ur gangi til li\u00f0s vi\u00f0 s\u00e6nska \u00farvalsdeildarli\u00f0i\u00f0 \u00ed f\u00e9lagaskiptaglugganum \u00ed [&hellip;]","og_url":"https:\/\/grotta.is\/en\/knattspyrnudeild\/hakon-fer-til-svithjodar-i-sumar-3\/","og_site_name":"\u00cd\u00fer\u00f3ttaf\u00e9lagi\u00f0 Gr\u00f3tta","article_publisher":"https:\/\/www.facebook.com\/grottasport","article_published_time":"2021-05-13T22:15:32+00:00","article_modified_time":"2021-05-13T22:15:36+00:00","og_image":[{"width":912,"height":1268,"url":"https:\/\/grotta.is\/wp-content\/uploads\/2021\/05\/ha\u0301kon-1.jpeg","type":"image\/jpeg"}],"author":"J\u00f3runn M. \u00deorsteinsd\u00f3ttir","twitter_card":"summary_large_image","twitter_misc":{"Written by":"J\u00f3runn M. \u00deorsteinsd\u00f3ttir","Est. reading time":"1 minute"},"schema":{"@context":"https:\/\/schema.org","@graph":[{"@type":"Article","@id":"https:\/\/grotta.is\/knattspyrnudeild\/hakon-fer-til-svithjodar-i-sumar-3\/#article","isPartOf":{"@id":"https:\/\/grotta.is\/knattspyrnudeild\/hakon-fer-til-svithjodar-i-sumar-3\/"},"author":{"name":"J\u00f3runn M. \u00deorsteinsd\u00f3ttir","@id":"https:\/\/grotta.is\/#\/schema\/person\/f1fea6a85a554e8069771c3486efbd84"},"headline":"H\u00e1kon fer til Sv\u00ed\u00fej\u00f3\u00f0ar \u00ed sumar","datePublished":"2021-05-13T22:15:32+00:00","dateModified":"2021-05-13T22:15:36+00:00","mainEntityOfPage":{"@id":"https:\/\/grotta.is\/knattspyrnudeild\/hakon-fer-til-svithjodar-i-sumar-3\/"},"wordCount":163,"publisher":{"@id":"https:\/\/grotta.is\/#organization"},"image":{"@id":"https:\/\/grotta.is\/knattspyrnudeild\/hakon-fer-til-svithjodar-i-sumar-3\/#primaryimage"},"thumbnailUrl":"https:\/\/grotta.is\/wp-content\/uploads\/2021\/05\/ha\u0301kon-1.jpeg","articleSection":["Knattspyrnudeild"],"inLanguage":"en-US"},{"@type":"WebPage","@id":"https:\/\/grotta.is\/knattspyrnudeild\/hakon-fer-til-svithjodar-i-sumar-3\/","url":"https:\/\/grotta.is\/knattspyrnudeild\/hakon-fer-til-svithjodar-i-sumar-3\/","name":"H\u00e1kon fer til Sv\u00ed\u00fej\u00f3\u00f0ar \u00ed sumar - \u00cd\u00fer\u00f3ttaf\u00e9lagi\u00f0 Gr\u00f3tta","isPartOf":{"@id":"https:\/\/grotta.is\/#website"},"primaryImageOfPage":{"@id":"https:\/\/grotta.is\/knattspyrnudeild\/hakon-fer-til-svithjodar-i-sumar-3\/#primaryimage"},"image":{"@id":"https:\/\/grotta.is\/knattspyrnudeild\/hakon-fer-til-svithjodar-i-sumar-3\/#primaryimage"},"thumbnailUrl":"https:\/\/grotta.is\/wp-content\/uploads\/2021\/05\/ha\u0301kon-1.jpeg","datePublished":"2021-05-13T22:15:32+00:00","dateModified":"2021-05-13T22:15:36+00:00","breadcrumb":{"@id":"https:\/\/grotta.is\/knattspyrnudeild\/hakon-fer-til-svithjodar-i-sumar-3\/#breadcrumb"},"inLanguage":"en-US","potentialAction":[{"@type":"ReadAction","target":["https:\/\/grotta.is\/knattspyrnudeild\/hakon-fer-til-svithjodar-i-sumar-3\/"]}]},{"@type":"ImageObject","inLanguage":"en-US","@id":"https:\/\/grotta.is\/knattspyrnudeild\/hakon-fer-til-svithjodar-i-sumar-3\/#primaryimage","url":"https:\/\/grotta.is\/wp-content\/uploads\/2021\/05\/ha\u0301kon-1.jpeg","contentUrl":"https:\/\/grotta.is\/wp-content\/uploads\/2021\/05\/ha\u0301kon-1.jpeg","width":912,"height":1268},{"@type":"BreadcrumbList","@id":"https:\/\/grotta.is\/knattspyrnudeild\/hakon-fer-til-svithjodar-i-sumar-3\/#breadcrumb","itemListElement":[{"@type":"ListItem","position":1,"name":"Home","item":"https:\/\/grotta.is\/"},{"@type":"ListItem","position":2,"name":"H\u00e1kon fer til Sv\u00ed\u00fej\u00f3\u00f0ar \u00ed sumar"}]},{"@type":"WebSite","@id":"https:\/\/grotta.is\/#website","url":"https:\/\/grotta.is\/","name":"\u00cd\u00fer\u00f3ttaf\u00e9lagi\u00f0 Gr\u00f3tta","description":"\u00e1 Seltjarnarnesi","publisher":{"@id":"https:\/\/grotta.is\/#organization"},"potentialAction":[{"@type":"SearchAction","target":{"@type":"EntryPoint","urlTemplate":"https:\/\/grotta.is\/?s={search_term_string}"},"query-input":{"@type":"PropertyValueSpecification","valueRequired":true,"valueName":"search_term_string"}}],"inLanguage":"en-US"},{"@type":"Organization","@id":"https:\/\/grotta.is\/#organization","name":"\u00cd\u00fer\u00f3ttaf\u00e9lagi\u00f0 Gr\u00f3tta","url":"https:\/\/grotta.is\/","logo":{"@type":"ImageObject","inLanguage":"en-US","@id":"https:\/\/grotta.is\/#\/schema\/logo\/image\/","url":"https:\/\/grotta.is\/wp-content\/uploads\/2020\/02\/ithrottafelagidgrotta_logo_512x512_transparent.png","contentUrl":"https:\/\/grotta.is\/wp-content\/uploads\/2020\/02\/ithrottafelagidgrotta_logo_512x512_transparent.png","width":512,"height":512,"caption":"\u00cd\u00fer\u00f3ttaf\u00e9lagi\u00f0 Gr\u00f3tta"},"image":{"@id":"https:\/\/grotta.is\/#\/schema\/logo\/image\/"},"sameAs":["https:\/\/www.facebook.com\/grottasport"]},{"@type":"Person","@id":"https:\/\/grotta.is\/#\/schema\/person\/f1fea6a85a554e8069771c3486efbd84","name":"J\u00f3runn M. \u00deorsteinsd\u00f3ttir","url":"https:\/\/grotta.is\/en\/author\/jorunn\/"}]}},"_links":{"self":[{"href":"https:\/\/grotta.is\/en\/wp-json\/wp\/v2\/posts\/346541","targetHints":{"allow":["GET"]}}],"collection":[{"href":"https:\/\/grotta.is\/en\/wp-json\/wp\/v2\/posts"}],"about":[{"href":"https:\/\/grotta.is\/en\/wp-json\/wp\/v2\/types\/post"}],"author":[{"embeddable":true,"href":"https:\/\/grotta.is\/en\/wp-json\/wp\/v2\/users\/4"}],"replies":[{"embeddable":true,"href":"https:\/\/grotta.is\/en\/wp-json\/wp\/v2\/comments?post=346541"}],"version-history":[{"count":1,"href":"https:\/\/grotta.is\/en\/wp-json\/wp\/v2\/posts\/346541\/revisions"}],"predecessor-version":[{"id":346543,"href":"https:\/\/grotta.is\/en\/wp-json\/wp\/v2\/posts\/346541\/revisions\/346543"}],"wp:featuredmedia":[{"embeddable":true,"href":"https:\/\/grotta.is\/en\/wp-json\/wp\/v2\/media\/346542"}],"wp:attachment":[{"href":"https:\/\/grotta.is\/en\/wp-json\/wp\/v2\/media?parent=346541"}],"wp:term":[{"taxonomy":"category","embeddable":true,"href":"https:\/\/grotta.is\/en\/wp-json\/wp\/v2\/categories?post=346541"},{"taxonomy":"post_tag","embeddable":true,"href":"https:\/\/grotta.is\/en\/wp-json\/wp\/v2\/tags?post=346541"}],"curies":[{"name":"wp","href":"https:\/\/api.w.org\/{rel}","templated":true}]}}