{"id":346508,"date":"2021-05-13T22:08:26","date_gmt":"2021-05-13T22:08:26","guid":{"rendered":"https:\/\/grotta.is\/?p=346508"},"modified":"2021-05-14T09:43:33","modified_gmt":"2021-05-14T09:43:33","slug":"eva-maria-og-nina-skrifa-undir","status":"publish","type":"post","link":"https:\/\/grotta.is\/en\/knattspyrnudeild\/eva-maria-og-nina-skrifa-undir\/","title":{"rendered":"Eva, Mar\u00eda og N\u00edna skrifa undir"},"content":{"rendered":"<p>Mar\u00eda Lov\u00edsa J\u00f3nasd\u00f3ttir og Eva Karen Sigurd\u00f3rsd\u00f3ttir hafa framlengt samninga s\u00edna vi\u00f0 Gr\u00f3ttu og \u00fe\u00e1 hefur N\u00edna Kolbr\u00fan Gylfad\u00f3ttir einnig skrifa\u00f0 undir n\u00fdjan samning.&nbsp;<\/p><p>Mar\u00eda Lov\u00edsa er Gr\u00f3ttuf\u00f3lki a\u00f0 g\u00f3\u00f0u kunn en h\u00fan er uppalin \u00e1 Nesinu og spila\u00f0i s\u00edna fyrstu leiki me\u00f0 meistaraflokki \u00e1ri\u00f0 2019. H\u00fan kom svo vi\u00f0 s\u00f6gu \u00ed \u00f6llum leikjum Gr\u00f3ttu \u00ed fyrra og hefur n\u00fa skora\u00f0 11 m\u00f6rk \u00ed 31 meistaraflokksleik.<\/p><p>Eva Karen gekk til li\u00f0s vi\u00f0 Gr\u00f3ttu \u00ed \u00e1g\u00fast \u00ed fyrra, \u00fe\u00e1 n\u00fdb\u00fain me\u00f0 endurh\u00e6fingu eftir krossbandsslit. Eva l\u00e9k fj\u00f3ra leiki me\u00f0 2. flokki \u00ed fyrra sem fagna\u00f0i sigri \u00ed B-deild \u00cdslandsm\u00f3tsins. \u00c1 \u00e1rinu 2021 hefur Eva svo stimpla\u00f0 sig inn \u00ed meistaraflokk og ver\u00f0ur \u00ed eldl\u00ednunni me\u00f0 Gr\u00f3ttu fram \u00ed \u00e1g\u00fast \u00feegar h\u00fan flytur til Texas til a\u00f0 stunda n\u00e1m og spila f\u00f3tbolta \u00ed Lamar h\u00e1sk\u00f3la.&nbsp;<\/p><p>N\u00edna Kolbr\u00fan er uppalin hj\u00e1 Val en h\u00fan hefur ekki leiki\u00f0 f\u00f3tbolta \u00e1 \u00cdslandi fr\u00e1 \u00e1rinu 2017, me\u00f0al annars vegna erfi\u00f0ra mei\u00f0sla. N\u00edna hefur komi\u00f0 feikilega sterk inn \u00ed Gr\u00f3ttuli\u00f0i\u00f0&nbsp;\u00e1 s\u00ed\u00f0ustu vikum og m\u00e1nu\u00f0um og er \u00fea\u00f0 \u00fev\u00ed miki\u00f0 gle\u00f0iefni a\u00f0 h\u00fan s\u00e9 \u00e1kve\u00f0in \u00ed a\u00f0 spila \u00ed bl\u00e1u n\u00e6stu t\u00edmabilin.<\/p><p>P\u00e9tur R\u00f6gnvaldsson, annar \u00fej\u00e1lfara Gr\u00f3ttu fagnar \u00fev\u00ed a\u00f0 stelpurnar hafi skrifa\u00f0 undir:<br>\u201e\u00dea\u00f0 eru fr\u00e1b\u00e6r t\u00ed\u00f0indi fyrir Gr\u00f3ttu a\u00f0 b\u00fai\u00f0 s\u00e9 a\u00f0 semja vi\u00f0 Mar\u00edu, Evu og N\u00ednu. Allar hafa \u00fe\u00e6r sta\u00f0i\u00f0 sig vel \u00e1 s\u00ed\u00f0ustu m\u00e1nu\u00f0um og eru mikilv\u00e6gir hlekkir \u00ed Gr\u00f3ttuli\u00f0inu. Vi\u00f0 hl\u00f6kkum miki\u00f0 til a\u00f0 vinna me\u00f0 \u00feeim \u00e1fram n\u00e6stu \u00e1rin.&#8220;<\/p><figure class=\"wp-block-image size-large\"><img fetchpriority=\"high\" decoding=\"async\" width=\"1024\" height=\"768\" src=\"https:\/\/grotta.is\/wp-content\/uploads\/2021\/05\/maria-og-nina-og-eva--1024x768.jpg\" alt=\"\" class=\"wp-image-346509\" srcset=\"https:\/\/grotta.is\/wp-content\/uploads\/2021\/05\/maria-og-nina-og-eva--1024x768.jpg 1024w, https:\/\/grotta.is\/wp-content\/uploads\/2021\/05\/maria-og-nina-og-eva--300x225.jpg 300w, https:\/\/grotta.is\/wp-content\/uploads\/2021\/05\/maria-og-nina-og-eva--768x576.jpg 768w, https:\/\/grotta.is\/wp-content\/uploads\/2021\/05\/maria-og-nina-og-eva--1536x1152.jpg 1536w, https:\/\/grotta.is\/wp-content\/uploads\/2021\/05\/maria-og-nina-og-eva--2048x1536.jpg 2048w, https:\/\/grotta.is\/wp-content\/uploads\/2021\/05\/maria-og-nina-og-eva--16x12.jpg 16w, https:\/\/grotta.is\/wp-content\/uploads\/2021\/05\/maria-og-nina-og-eva--600x450.jpg 600w\" sizes=\"(max-width: 1024px) 100vw, 1024px\" \/><figcaption>Mar\u00eda og N\u00edna \u00e1samt K\u00e1ra Gar\u00f0arssyni, framkv\u00e6mdastj\u00f3ra Gr\u00f3ttu<\/figcaption><\/figure><figure class=\"wp-block-image size-large\"><img decoding=\"async\" width=\"768\" height=\"1024\" data-src=\"https:\/\/grotta.is\/wp-content\/uploads\/2021\/05\/184924646_1700671416803094_4059452198959030961_n-768x1024.jpeg\" alt=\"\" class=\"wp-image-346560 lazyload\" data-srcset=\"https:\/\/grotta.is\/wp-content\/uploads\/2021\/05\/184924646_1700671416803094_4059452198959030961_n-768x1024.jpeg 768w, https:\/\/grotta.is\/wp-content\/uploads\/2021\/05\/184924646_1700671416803094_4059452198959030961_n-225x300.jpeg 225w, https:\/\/grotta.is\/wp-content\/uploads\/2021\/05\/184924646_1700671416803094_4059452198959030961_n-1152x1536.jpeg 1152w, https:\/\/grotta.is\/wp-content\/uploads\/2021\/05\/184924646_1700671416803094_4059452198959030961_n-9x12.jpeg 9w, https:\/\/grotta.is\/wp-content\/uploads\/2021\/05\/184924646_1700671416803094_4059452198959030961_n-600x800.jpeg 600w, https:\/\/grotta.is\/wp-content\/uploads\/2021\/05\/184924646_1700671416803094_4059452198959030961_n.jpeg 1536w\" data-sizes=\"(max-width: 768px) 100vw, 768px\" src=\"data:image\/gif;base64,R0lGODlhAQABAAAAACH5BAEKAAEALAAAAAABAAEAAAICTAEAOw==\" style=\"--smush-placeholder-width: 768px; --smush-placeholder-aspect-ratio: 768\/1024;\" \/><\/figure><p>Eva \u00e1samt P\u00e9tri R\u00f6gnvaldssyni, \u00fej\u00e1lfara Gr\u00f3ttu<\/p>","protected":false},"excerpt":{"rendered":"<p>Mar\u00eda Lov\u00edsa J\u00f3nasd\u00f3ttir og Eva Karen Sigurd\u00f3rsd\u00f3ttir hafa framlengt samninga s\u00edna vi\u00f0 Gr\u00f3ttu og \u00fe\u00e1 hefur N\u00edna Kolbr\u00fan Gylfad\u00f3ttir einnig skrifa\u00f0 undir n\u00fdjan samning.&nbsp; Mar\u00eda Lov\u00edsa er Gr\u00f3ttuf\u00f3lki a\u00f0 g\u00f3\u00f0u [&hellip;]<\/p>","protected":false},"author":4,"featured_media":346509,"comment_status":"closed","ping_status":"closed","sticky":false,"template":"","format":"standard","meta":{"footnotes":""},"categories":[7],"tags":[],"class_list":["post-346508","post","type-post","status-publish","format-standard","has-post-thumbnail","hentry","category-knattspyrnudeild"],"yoast_head":"<!-- This site is optimized with the Yoast SEO plugin v24.3 - https:\/\/yoast.com\/wordpress\/plugins\/seo\/ -->\n<title>Eva, Mar\u00eda og N\u00edna skrifa undir - \u00cd\u00fer\u00f3ttaf\u00e9lagi\u00f0 Gr\u00f3tta<\/title>\n<meta name=\"robots\" content=\"index, follow, max-snippet:-1, max-image-preview:large, max-video-preview:-1\" \/>\n<link rel=\"canonical\" href=\"https:\/\/grotta.is\/en\/knattspyrnudeild\/eva-maria-og-nina-skrifa-undir\/\" \/>\n<meta property=\"og:locale\" content=\"en_US\" \/>\n<meta property=\"og:type\" content=\"article\" \/>\n<meta property=\"og:title\" content=\"Eva, Mar\u00eda og N\u00edna skrifa undir - \u00cd\u00fer\u00f3ttaf\u00e9lagi\u00f0 Gr\u00f3tta\" \/>\n<meta property=\"og:description\" content=\"Mar\u00eda Lov\u00edsa J\u00f3nasd\u00f3ttir og Eva Karen Sigurd\u00f3rsd\u00f3ttir hafa framlengt samninga s\u00edna vi\u00f0 Gr\u00f3ttu og \u00fe\u00e1 hefur N\u00edna Kolbr\u00fan Gylfad\u00f3ttir einnig skrifa\u00f0 undir n\u00fdjan samning.&nbsp; Mar\u00eda Lov\u00edsa er Gr\u00f3ttuf\u00f3lki a\u00f0 g\u00f3\u00f0u [&hellip;]\" \/>\n<meta property=\"og:url\" content=\"https:\/\/grotta.is\/en\/knattspyrnudeild\/eva-maria-og-nina-skrifa-undir\/\" \/>\n<meta property=\"og:site_name\" content=\"\u00cd\u00fer\u00f3ttaf\u00e9lagi\u00f0 Gr\u00f3tta\" \/>\n<meta property=\"article:publisher\" content=\"https:\/\/www.facebook.com\/grottasport\" \/>\n<meta property=\"article:published_time\" content=\"2021-05-13T22:08:26+00:00\" \/>\n<meta property=\"article:modified_time\" content=\"2021-05-14T09:43:33+00:00\" \/>\n<meta property=\"og:image\" content=\"https:\/\/grotta.is\/wp-content\/uploads\/2021\/05\/maria-og-nina-og-eva--scaled.jpg\" \/>\n\t<meta property=\"og:image:width\" content=\"2560\" \/>\n\t<meta property=\"og:image:height\" content=\"1920\" \/>\n\t<meta property=\"og:image:type\" content=\"image\/jpeg\" \/>\n<meta name=\"author\" content=\"J\u00f3runn M. \u00deorsteinsd\u00f3ttir\" \/>\n<meta name=\"twitter:card\" content=\"summary_large_image\" \/>\n<meta name=\"twitter:label1\" content=\"Written by\" \/>\n\t<meta name=\"twitter:data1\" content=\"J\u00f3runn M. \u00deorsteinsd\u00f3ttir\" \/>\n\t<meta name=\"twitter:label2\" content=\"Est. reading time\" \/>\n\t<meta name=\"twitter:data2\" content=\"2 minutes\" \/>\n<script type=\"application\/ld+json\" class=\"yoast-schema-graph\">{\"@context\":\"https:\/\/schema.org\",\"@graph\":[{\"@type\":\"Article\",\"@id\":\"https:\/\/grotta.is\/knattspyrnudeild\/eva-maria-og-nina-skrifa-undir\/#article\",\"isPartOf\":{\"@id\":\"https:\/\/grotta.is\/knattspyrnudeild\/eva-maria-og-nina-skrifa-undir\/\"},\"author\":{\"name\":\"J\u00f3runn M. \u00deorsteinsd\u00f3ttir\",\"@id\":\"https:\/\/grotta.is\/#\/schema\/person\/f1fea6a85a554e8069771c3486efbd84\"},\"headline\":\"Eva, Mar\u00eda og N\u00edna skrifa undir\",\"datePublished\":\"2021-05-13T22:08:26+00:00\",\"dateModified\":\"2021-05-14T09:43:33+00:00\",\"mainEntityOfPage\":{\"@id\":\"https:\/\/grotta.is\/knattspyrnudeild\/eva-maria-og-nina-skrifa-undir\/\"},\"wordCount\":329,\"publisher\":{\"@id\":\"https:\/\/grotta.is\/#organization\"},\"image\":{\"@id\":\"https:\/\/grotta.is\/knattspyrnudeild\/eva-maria-og-nina-skrifa-undir\/#primaryimage\"},\"thumbnailUrl\":\"https:\/\/grotta.is\/wp-content\/uploads\/2021\/05\/maria-og-nina-og-eva--scaled.jpg\",\"articleSection\":[\"Knattspyrnudeild\"],\"inLanguage\":\"en-US\"},{\"@type\":\"WebPage\",\"@id\":\"https:\/\/grotta.is\/knattspyrnudeild\/eva-maria-og-nina-skrifa-undir\/\",\"url\":\"https:\/\/grotta.is\/knattspyrnudeild\/eva-maria-og-nina-skrifa-undir\/\",\"name\":\"Eva, Mar\u00eda og N\u00edna skrifa undir - \u00cd\u00fer\u00f3ttaf\u00e9lagi\u00f0 Gr\u00f3tta\",\"isPartOf\":{\"@id\":\"https:\/\/grotta.is\/#website\"},\"primaryImageOfPage\":{\"@id\":\"https:\/\/grotta.is\/knattspyrnudeild\/eva-maria-og-nina-skrifa-undir\/#primaryimage\"},\"image\":{\"@id\":\"https:\/\/grotta.is\/knattspyrnudeild\/eva-maria-og-nina-skrifa-undir\/#primaryimage\"},\"thumbnailUrl\":\"https:\/\/grotta.is\/wp-content\/uploads\/2021\/05\/maria-og-nina-og-eva--scaled.jpg\",\"datePublished\":\"2021-05-13T22:08:26+00:00\",\"dateModified\":\"2021-05-14T09:43:33+00:00\",\"breadcrumb\":{\"@id\":\"https:\/\/grotta.is\/knattspyrnudeild\/eva-maria-og-nina-skrifa-undir\/#breadcrumb\"},\"inLanguage\":\"en-US\",\"potentialAction\":[{\"@type\":\"ReadAction\",\"target\":[\"https:\/\/grotta.is\/knattspyrnudeild\/eva-maria-og-nina-skrifa-undir\/\"]}]},{\"@type\":\"ImageObject\",\"inLanguage\":\"en-US\",\"@id\":\"https:\/\/grotta.is\/knattspyrnudeild\/eva-maria-og-nina-skrifa-undir\/#primaryimage\",\"url\":\"https:\/\/grotta.is\/wp-content\/uploads\/2021\/05\/maria-og-nina-og-eva--scaled.jpg\",\"contentUrl\":\"https:\/\/grotta.is\/wp-content\/uploads\/2021\/05\/maria-og-nina-og-eva--scaled.jpg\",\"width\":2560,\"height\":1920},{\"@type\":\"BreadcrumbList\",\"@id\":\"https:\/\/grotta.is\/knattspyrnudeild\/eva-maria-og-nina-skrifa-undir\/#breadcrumb\",\"itemListElement\":[{\"@type\":\"ListItem\",\"position\":1,\"name\":\"Home\",\"item\":\"https:\/\/grotta.is\/\"},{\"@type\":\"ListItem\",\"position\":2,\"name\":\"Eva, Mar\u00eda og N\u00edna skrifa undir\"}]},{\"@type\":\"WebSite\",\"@id\":\"https:\/\/grotta.is\/#website\",\"url\":\"https:\/\/grotta.is\/\",\"name\":\"\u00cd\u00fer\u00f3ttaf\u00e9lagi\u00f0 Gr\u00f3tta\",\"description\":\"\u00e1 Seltjarnarnesi\",\"publisher\":{\"@id\":\"https:\/\/grotta.is\/#organization\"},\"potentialAction\":[{\"@type\":\"SearchAction\",\"target\":{\"@type\":\"EntryPoint\",\"urlTemplate\":\"https:\/\/grotta.is\/?s={search_term_string}\"},\"query-input\":{\"@type\":\"PropertyValueSpecification\",\"valueRequired\":true,\"valueName\":\"search_term_string\"}}],\"inLanguage\":\"en-US\"},{\"@type\":\"Organization\",\"@id\":\"https:\/\/grotta.is\/#organization\",\"name\":\"\u00cd\u00fer\u00f3ttaf\u00e9lagi\u00f0 Gr\u00f3tta\",\"url\":\"https:\/\/grotta.is\/\",\"logo\":{\"@type\":\"ImageObject\",\"inLanguage\":\"en-US\",\"@id\":\"https:\/\/grotta.is\/#\/schema\/logo\/image\/\",\"url\":\"https:\/\/grotta.is\/wp-content\/uploads\/2020\/02\/ithrottafelagidgrotta_logo_512x512_transparent.png\",\"contentUrl\":\"https:\/\/grotta.is\/wp-content\/uploads\/2020\/02\/ithrottafelagidgrotta_logo_512x512_transparent.png\",\"width\":512,\"height\":512,\"caption\":\"\u00cd\u00fer\u00f3ttaf\u00e9lagi\u00f0 Gr\u00f3tta\"},\"image\":{\"@id\":\"https:\/\/grotta.is\/#\/schema\/logo\/image\/\"},\"sameAs\":[\"https:\/\/www.facebook.com\/grottasport\"]},{\"@type\":\"Person\",\"@id\":\"https:\/\/grotta.is\/#\/schema\/person\/f1fea6a85a554e8069771c3486efbd84\",\"name\":\"J\u00f3runn M. \u00deorsteinsd\u00f3ttir\",\"url\":\"https:\/\/grotta.is\/en\/author\/jorunn\/\"}]}<\/script>\n<!-- \/ Yoast SEO plugin. -->","yoast_head_json":{"title":"Eva, Mar\u00eda og N\u00edna skrifa undir - \u00cd\u00fer\u00f3ttaf\u00e9lagi\u00f0 Gr\u00f3tta","robots":{"index":"index","follow":"follow","max-snippet":"max-snippet:-1","max-image-preview":"max-image-preview:large","max-video-preview":"max-video-preview:-1"},"canonical":"https:\/\/grotta.is\/en\/knattspyrnudeild\/eva-maria-og-nina-skrifa-undir\/","og_locale":"en_US","og_type":"article","og_title":"Eva, Mar\u00eda og N\u00edna skrifa undir - \u00cd\u00fer\u00f3ttaf\u00e9lagi\u00f0 Gr\u00f3tta","og_description":"Mar\u00eda Lov\u00edsa J\u00f3nasd\u00f3ttir og Eva Karen Sigurd\u00f3rsd\u00f3ttir hafa framlengt samninga s\u00edna vi\u00f0 Gr\u00f3ttu og \u00fe\u00e1 hefur N\u00edna Kolbr\u00fan Gylfad\u00f3ttir einnig skrifa\u00f0 undir n\u00fdjan samning.&nbsp; Mar\u00eda Lov\u00edsa er Gr\u00f3ttuf\u00f3lki a\u00f0 g\u00f3\u00f0u [&hellip;]","og_url":"https:\/\/grotta.is\/en\/knattspyrnudeild\/eva-maria-og-nina-skrifa-undir\/","og_site_name":"\u00cd\u00fer\u00f3ttaf\u00e9lagi\u00f0 Gr\u00f3tta","article_publisher":"https:\/\/www.facebook.com\/grottasport","article_published_time":"2021-05-13T22:08:26+00:00","article_modified_time":"2021-05-14T09:43:33+00:00","og_image":[{"width":2560,"height":1920,"url":"https:\/\/grotta.is\/wp-content\/uploads\/2021\/05\/maria-og-nina-og-eva--scaled.jpg","type":"image\/jpeg"}],"author":"J\u00f3runn M. \u00deorsteinsd\u00f3ttir","twitter_card":"summary_large_image","twitter_misc":{"Written by":"J\u00f3runn M. \u00deorsteinsd\u00f3ttir","Est. reading time":"2 minutes"},"schema":{"@context":"https:\/\/schema.org","@graph":[{"@type":"Article","@id":"https:\/\/grotta.is\/knattspyrnudeild\/eva-maria-og-nina-skrifa-undir\/#article","isPartOf":{"@id":"https:\/\/grotta.is\/knattspyrnudeild\/eva-maria-og-nina-skrifa-undir\/"},"author":{"name":"J\u00f3runn M. \u00deorsteinsd\u00f3ttir","@id":"https:\/\/grotta.is\/#\/schema\/person\/f1fea6a85a554e8069771c3486efbd84"},"headline":"Eva, Mar\u00eda og N\u00edna skrifa undir","datePublished":"2021-05-13T22:08:26+00:00","dateModified":"2021-05-14T09:43:33+00:00","mainEntityOfPage":{"@id":"https:\/\/grotta.is\/knattspyrnudeild\/eva-maria-og-nina-skrifa-undir\/"},"wordCount":329,"publisher":{"@id":"https:\/\/grotta.is\/#organization"},"image":{"@id":"https:\/\/grotta.is\/knattspyrnudeild\/eva-maria-og-nina-skrifa-undir\/#primaryimage"},"thumbnailUrl":"https:\/\/grotta.is\/wp-content\/uploads\/2021\/05\/maria-og-nina-og-eva--scaled.jpg","articleSection":["Knattspyrnudeild"],"inLanguage":"en-US"},{"@type":"WebPage","@id":"https:\/\/grotta.is\/knattspyrnudeild\/eva-maria-og-nina-skrifa-undir\/","url":"https:\/\/grotta.is\/knattspyrnudeild\/eva-maria-og-nina-skrifa-undir\/","name":"Eva, Mar\u00eda og N\u00edna skrifa undir - \u00cd\u00fer\u00f3ttaf\u00e9lagi\u00f0 Gr\u00f3tta","isPartOf":{"@id":"https:\/\/grotta.is\/#website"},"primaryImageOfPage":{"@id":"https:\/\/grotta.is\/knattspyrnudeild\/eva-maria-og-nina-skrifa-undir\/#primaryimage"},"image":{"@id":"https:\/\/grotta.is\/knattspyrnudeild\/eva-maria-og-nina-skrifa-undir\/#primaryimage"},"thumbnailUrl":"https:\/\/grotta.is\/wp-content\/uploads\/2021\/05\/maria-og-nina-og-eva--scaled.jpg","datePublished":"2021-05-13T22:08:26+00:00","dateModified":"2021-05-14T09:43:33+00:00","breadcrumb":{"@id":"https:\/\/grotta.is\/knattspyrnudeild\/eva-maria-og-nina-skrifa-undir\/#breadcrumb"},"inLanguage":"en-US","potentialAction":[{"@type":"ReadAction","target":["https:\/\/grotta.is\/knattspyrnudeild\/eva-maria-og-nina-skrifa-undir\/"]}]},{"@type":"ImageObject","inLanguage":"en-US","@id":"https:\/\/grotta.is\/knattspyrnudeild\/eva-maria-og-nina-skrifa-undir\/#primaryimage","url":"https:\/\/grotta.is\/wp-content\/uploads\/2021\/05\/maria-og-nina-og-eva--scaled.jpg","contentUrl":"https:\/\/grotta.is\/wp-content\/uploads\/2021\/05\/maria-og-nina-og-eva--scaled.jpg","width":2560,"height":1920},{"@type":"BreadcrumbList","@id":"https:\/\/grotta.is\/knattspyrnudeild\/eva-maria-og-nina-skrifa-undir\/#breadcrumb","itemListElement":[{"@type":"ListItem","position":1,"name":"Home","item":"https:\/\/grotta.is\/"},{"@type":"ListItem","position":2,"name":"Eva, Mar\u00eda og N\u00edna skrifa undir"}]},{"@type":"WebSite","@id":"https:\/\/grotta.is\/#website","url":"https:\/\/grotta.is\/","name":"\u00cd\u00fer\u00f3ttaf\u00e9lagi\u00f0 Gr\u00f3tta","description":"\u00e1 Seltjarnarnesi","publisher":{"@id":"https:\/\/grotta.is\/#organization"},"potentialAction":[{"@type":"SearchAction","target":{"@type":"EntryPoint","urlTemplate":"https:\/\/grotta.is\/?s={search_term_string}"},"query-input":{"@type":"PropertyValueSpecification","valueRequired":true,"valueName":"search_term_string"}}],"inLanguage":"en-US"},{"@type":"Organization","@id":"https:\/\/grotta.is\/#organization","name":"\u00cd\u00fer\u00f3ttaf\u00e9lagi\u00f0 Gr\u00f3tta","url":"https:\/\/grotta.is\/","logo":{"@type":"ImageObject","inLanguage":"en-US","@id":"https:\/\/grotta.is\/#\/schema\/logo\/image\/","url":"https:\/\/grotta.is\/wp-content\/uploads\/2020\/02\/ithrottafelagidgrotta_logo_512x512_transparent.png","contentUrl":"https:\/\/grotta.is\/wp-content\/uploads\/2020\/02\/ithrottafelagidgrotta_logo_512x512_transparent.png","width":512,"height":512,"caption":"\u00cd\u00fer\u00f3ttaf\u00e9lagi\u00f0 Gr\u00f3tta"},"image":{"@id":"https:\/\/grotta.is\/#\/schema\/logo\/image\/"},"sameAs":["https:\/\/www.facebook.com\/grottasport"]},{"@type":"Person","@id":"https:\/\/grotta.is\/#\/schema\/person\/f1fea6a85a554e8069771c3486efbd84","name":"J\u00f3runn M. \u00deorsteinsd\u00f3ttir","url":"https:\/\/grotta.is\/en\/author\/jorunn\/"}]}},"_links":{"self":[{"href":"https:\/\/grotta.is\/en\/wp-json\/wp\/v2\/posts\/346508","targetHints":{"allow":["GET"]}}],"collection":[{"href":"https:\/\/grotta.is\/en\/wp-json\/wp\/v2\/posts"}],"about":[{"href":"https:\/\/grotta.is\/en\/wp-json\/wp\/v2\/types\/post"}],"author":[{"embeddable":true,"href":"https:\/\/grotta.is\/en\/wp-json\/wp\/v2\/users\/4"}],"replies":[{"embeddable":true,"href":"https:\/\/grotta.is\/en\/wp-json\/wp\/v2\/comments?post=346508"}],"version-history":[{"count":2,"href":"https:\/\/grotta.is\/en\/wp-json\/wp\/v2\/posts\/346508\/revisions"}],"predecessor-version":[{"id":346562,"href":"https:\/\/grotta.is\/en\/wp-json\/wp\/v2\/posts\/346508\/revisions\/346562"}],"wp:featuredmedia":[{"embeddable":true,"href":"https:\/\/grotta.is\/en\/wp-json\/wp\/v2\/media\/346509"}],"wp:attachment":[{"href":"https:\/\/grotta.is\/en\/wp-json\/wp\/v2\/media?parent=346508"}],"wp:term":[{"taxonomy":"category","embeddable":true,"href":"https:\/\/grotta.is\/en\/wp-json\/wp\/v2\/categories?post=346508"},{"taxonomy":"post_tag","embeddable":true,"href":"https:\/\/grotta.is\/en\/wp-json\/wp\/v2\/tags?post=346508"}],"curies":[{"name":"wp","href":"https:\/\/api.w.org\/{rel}","templated":true}]}}