{"id":346288,"date":"2021-05-11T11:48:36","date_gmt":"2021-05-11T11:48:36","guid":{"rendered":"https:\/\/grotta.is\/?p=346288"},"modified":"2021-05-13T21:27:19","modified_gmt":"2021-05-13T21:27:19","slug":"adalfundir-grottu-2020","status":"publish","type":"post","link":"https:\/\/grotta.is\/en\/almennt\/adalfundir-grottu-2020\/","title":{"rendered":"A\u00f0alfundir Gr\u00f3ttu 2020"},"content":{"rendered":"<p>A\u00f0alfundir deilda og r\u00e1\u00f0a \u00cd\u00fer\u00f3ttaf\u00e9lagsins Gr\u00f3ttu f\u00f3ru fram fimmtudaginn 29. apr\u00edl s\u00ed\u00f0astli\u00f0inn og a\u00f0 \u00feessu sinni voru fundirnir rafr\u00e6nir vegna Covid \u00e1standsins.  Sigr\u00fan Edda J\u00f3nsd\u00f3ttir h\u00e9lt um fundarstj\u00f3rnina en fundurinn h\u00f3fst me\u00f0 sk\u00fdrslu Braga Bj\u00f6rnssonar, formanns a\u00f0alstj\u00f3rnar og \u00ed kj\u00f6lfari\u00f0 komu formenn deilda og r\u00e1\u00f0a \u00ed pontu og f\u00f3ru yfir starfi\u00f0 \u00e1 \u00e1rinu 2020. \u00dev\u00ed n\u00e6st var fari\u00f0 yfir rekstrarni\u00f0urst\u00f6\u00f0ur \u00e1rsins en reksturinn gekk afar vel \u00e1 \u00e1rinu og hefur rekstur f\u00e9lagsins almennt veri\u00f0 \u00ed g\u00f3\u00f0u jafnv\u00e6gi \u00e1 \u00e1rinu 2020. <br>Fjalar Sigur\u00f0sson h\u00e9lt utan um t\u00e6knistj\u00f3rnina og s\u00e1 til \u00feess a\u00f0 rafr\u00e6ni fundurinn gekk \u00e1n \u00e1falla. Gefin var \u00fat gl\u00e6sileg \u00e1rsk\u00fdrsla fyrir s\u00ed\u00f0asta \u00e1r: <a href=\"https:\/\/issuu.com\/niels...\/docs\/_rssk_rsla_gr_ttu2020_ok_web?fbclid=IwAR2Y16BNWCg3erRy-g4IljaDyrnKPlYnASF0P3S6-iJlYhbyeXs8OwwIuJk\" rel=\"noreferrer noopener\" target=\"_blank\">https:\/\/issuu.com\/niels&#8230;\/docs\/_rssk_rsla_gr_dttu2020_ok_web<\/a><\/p><p>Eldri \u00e1rsreikninga er a\u00f0 finna <a href=\"https:\/\/grotta.is\/en\/um-felagid\/arsreikningar\/\">h\u00e9r<\/a>.<\/p>","protected":false},"excerpt":{"rendered":"<p>A\u00f0alfundir deilda og r\u00e1\u00f0a \u00cd\u00fer\u00f3ttaf\u00e9lagsins Gr\u00f3ttu f\u00f3ru fram fimmtudaginn 29. apr\u00edl s\u00ed\u00f0astli\u00f0inn og a\u00f0 \u00feessu sinni voru fundirnir rafr\u00e6nir vegna Covid \u00e1standsins. Sigr\u00fan Edda J\u00f3nsd\u00f3ttir h\u00e9lt um fundarstj\u00f3rnina en fundurinn [&hellip;]<\/p>","protected":false},"author":2,"featured_media":346287,"comment_status":"closed","ping_status":"closed","sticky":false,"template":"","format":"standard","meta":{"footnotes":""},"categories":[4],"tags":[],"class_list":["post-346288","post","type-post","status-publish","format-standard","has-post-thumbnail","hentry","category-almennt"],"yoast_head":"<!-- This site is optimized with the Yoast SEO plugin v24.3 - https:\/\/yoast.com\/wordpress\/plugins\/seo\/ -->\n<title>A\u00f0alfundir Gr\u00f3ttu 2020 - \u00cd\u00fer\u00f3ttaf\u00e9lagi\u00f0 Gr\u00f3tta<\/title>\n<meta name=\"robots\" content=\"index, follow, max-snippet:-1, max-image-preview:large, max-video-preview:-1\" \/>\n<link rel=\"canonical\" href=\"https:\/\/grotta.is\/en\/almennt\/adalfundir-grottu-2020\/\" \/>\n<meta property=\"og:locale\" content=\"en_US\" \/>\n<meta property=\"og:type\" content=\"article\" \/>\n<meta property=\"og:title\" content=\"A\u00f0alfundir Gr\u00f3ttu 2020 - \u00cd\u00fer\u00f3ttaf\u00e9lagi\u00f0 Gr\u00f3tta\" \/>\n<meta property=\"og:description\" content=\"A\u00f0alfundir deilda og r\u00e1\u00f0a \u00cd\u00fer\u00f3ttaf\u00e9lagsins Gr\u00f3ttu f\u00f3ru fram fimmtudaginn 29. apr\u00edl s\u00ed\u00f0astli\u00f0inn og a\u00f0 \u00feessu sinni voru fundirnir rafr\u00e6nir vegna Covid \u00e1standsins. Sigr\u00fan Edda J\u00f3nsd\u00f3ttir h\u00e9lt um fundarstj\u00f3rnina en fundurinn [&hellip;]\" \/>\n<meta property=\"og:url\" content=\"https:\/\/grotta.is\/en\/almennt\/adalfundir-grottu-2020\/\" \/>\n<meta property=\"og:site_name\" content=\"\u00cd\u00fer\u00f3ttaf\u00e9lagi\u00f0 Gr\u00f3tta\" \/>\n<meta property=\"article:publisher\" content=\"https:\/\/www.facebook.com\/grottasport\" \/>\n<meta property=\"article:published_time\" content=\"2021-05-11T11:48:36+00:00\" \/>\n<meta property=\"article:modified_time\" content=\"2021-05-13T21:27:19+00:00\" \/>\n<meta property=\"og:image\" content=\"https:\/\/grotta.is\/wp-content\/uploads\/2021\/05\/Grotta-adalfundir-010-scaled.jpg\" \/>\n\t<meta property=\"og:image:width\" content=\"2560\" \/>\n\t<meta property=\"og:image:height\" content=\"1429\" \/>\n\t<meta property=\"og:image:type\" content=\"image\/jpeg\" \/>\n<meta name=\"author\" content=\"Grotta\" \/>\n<meta name=\"twitter:card\" content=\"summary_large_image\" \/>\n<meta name=\"twitter:label1\" content=\"Written by\" \/>\n\t<meta name=\"twitter:data1\" content=\"Grotta\" \/>\n\t<meta name=\"twitter:label2\" content=\"Est. reading time\" \/>\n\t<meta name=\"twitter:data2\" content=\"1 minute\" \/>\n<script type=\"application\/ld+json\" class=\"yoast-schema-graph\">{\"@context\":\"https:\/\/schema.org\",\"@graph\":[{\"@type\":\"Article\",\"@id\":\"https:\/\/grotta.is\/almennt\/adalfundir-grottu-2020\/#article\",\"isPartOf\":{\"@id\":\"https:\/\/grotta.is\/almennt\/adalfundir-grottu-2020\/\"},\"author\":{\"name\":\"Grotta\",\"@id\":\"https:\/\/grotta.is\/#\/schema\/person\/08ec57bf09ee925f1b6a01540c14a5ce\"},\"headline\":\"A\u00f0alfundir Gr\u00f3ttu 2020\",\"datePublished\":\"2021-05-11T11:48:36+00:00\",\"dateModified\":\"2021-05-13T21:27:19+00:00\",\"mainEntityOfPage\":{\"@id\":\"https:\/\/grotta.is\/almennt\/adalfundir-grottu-2020\/\"},\"wordCount\":154,\"publisher\":{\"@id\":\"https:\/\/grotta.is\/#organization\"},\"image\":{\"@id\":\"https:\/\/grotta.is\/almennt\/adalfundir-grottu-2020\/#primaryimage\"},\"thumbnailUrl\":\"https:\/\/grotta.is\/wp-content\/uploads\/2021\/05\/Grotta-adalfundir-010-scaled.jpg\",\"articleSection\":[\"Almennt\"],\"inLanguage\":\"en-US\"},{\"@type\":\"WebPage\",\"@id\":\"https:\/\/grotta.is\/almennt\/adalfundir-grottu-2020\/\",\"url\":\"https:\/\/grotta.is\/almennt\/adalfundir-grottu-2020\/\",\"name\":\"A\u00f0alfundir Gr\u00f3ttu 2020 - \u00cd\u00fer\u00f3ttaf\u00e9lagi\u00f0 Gr\u00f3tta\",\"isPartOf\":{\"@id\":\"https:\/\/grotta.is\/#website\"},\"primaryImageOfPage\":{\"@id\":\"https:\/\/grotta.is\/almennt\/adalfundir-grottu-2020\/#primaryimage\"},\"image\":{\"@id\":\"https:\/\/grotta.is\/almennt\/adalfundir-grottu-2020\/#primaryimage\"},\"thumbnailUrl\":\"https:\/\/grotta.is\/wp-content\/uploads\/2021\/05\/Grotta-adalfundir-010-scaled.jpg\",\"datePublished\":\"2021-05-11T11:48:36+00:00\",\"dateModified\":\"2021-05-13T21:27:19+00:00\",\"breadcrumb\":{\"@id\":\"https:\/\/grotta.is\/almennt\/adalfundir-grottu-2020\/#breadcrumb\"},\"inLanguage\":\"en-US\",\"potentialAction\":[{\"@type\":\"ReadAction\",\"target\":[\"https:\/\/grotta.is\/almennt\/adalfundir-grottu-2020\/\"]}]},{\"@type\":\"ImageObject\",\"inLanguage\":\"en-US\",\"@id\":\"https:\/\/grotta.is\/almennt\/adalfundir-grottu-2020\/#primaryimage\",\"url\":\"https:\/\/grotta.is\/wp-content\/uploads\/2021\/05\/Grotta-adalfundir-010-scaled.jpg\",\"contentUrl\":\"https:\/\/grotta.is\/wp-content\/uploads\/2021\/05\/Grotta-adalfundir-010-scaled.jpg\",\"width\":2560,\"height\":1429},{\"@type\":\"BreadcrumbList\",\"@id\":\"https:\/\/grotta.is\/almennt\/adalfundir-grottu-2020\/#breadcrumb\",\"itemListElement\":[{\"@type\":\"ListItem\",\"position\":1,\"name\":\"Home\",\"item\":\"https:\/\/grotta.is\/\"},{\"@type\":\"ListItem\",\"position\":2,\"name\":\"A\u00f0alfundir Gr\u00f3ttu 2020\"}]},{\"@type\":\"WebSite\",\"@id\":\"https:\/\/grotta.is\/#website\",\"url\":\"https:\/\/grotta.is\/\",\"name\":\"\u00cd\u00fer\u00f3ttaf\u00e9lagi\u00f0 Gr\u00f3tta\",\"description\":\"\u00e1 Seltjarnarnesi\",\"publisher\":{\"@id\":\"https:\/\/grotta.is\/#organization\"},\"potentialAction\":[{\"@type\":\"SearchAction\",\"target\":{\"@type\":\"EntryPoint\",\"urlTemplate\":\"https:\/\/grotta.is\/?s={search_term_string}\"},\"query-input\":{\"@type\":\"PropertyValueSpecification\",\"valueRequired\":true,\"valueName\":\"search_term_string\"}}],\"inLanguage\":\"en-US\"},{\"@type\":\"Organization\",\"@id\":\"https:\/\/grotta.is\/#organization\",\"name\":\"\u00cd\u00fer\u00f3ttaf\u00e9lagi\u00f0 Gr\u00f3tta\",\"url\":\"https:\/\/grotta.is\/\",\"logo\":{\"@type\":\"ImageObject\",\"inLanguage\":\"en-US\",\"@id\":\"https:\/\/grotta.is\/#\/schema\/logo\/image\/\",\"url\":\"https:\/\/grotta.is\/wp-content\/uploads\/2020\/02\/ithrottafelagidgrotta_logo_512x512_transparent.png\",\"contentUrl\":\"https:\/\/grotta.is\/wp-content\/uploads\/2020\/02\/ithrottafelagidgrotta_logo_512x512_transparent.png\",\"width\":512,\"height\":512,\"caption\":\"\u00cd\u00fer\u00f3ttaf\u00e9lagi\u00f0 Gr\u00f3tta\"},\"image\":{\"@id\":\"https:\/\/grotta.is\/#\/schema\/logo\/image\/\"},\"sameAs\":[\"https:\/\/www.facebook.com\/grottasport\"]},{\"@type\":\"Person\",\"@id\":\"https:\/\/grotta.is\/#\/schema\/person\/08ec57bf09ee925f1b6a01540c14a5ce\",\"name\":\"Grotta\",\"url\":\"https:\/\/grotta.is\/en\/author\/inga\/\"}]}<\/script>\n<!-- \/ Yoast SEO plugin. -->","yoast_head_json":{"title":"A\u00f0alfundir Gr\u00f3ttu 2020 - \u00cd\u00fer\u00f3ttaf\u00e9lagi\u00f0 Gr\u00f3tta","robots":{"index":"index","follow":"follow","max-snippet":"max-snippet:-1","max-image-preview":"max-image-preview:large","max-video-preview":"max-video-preview:-1"},"canonical":"https:\/\/grotta.is\/en\/almennt\/adalfundir-grottu-2020\/","og_locale":"en_US","og_type":"article","og_title":"A\u00f0alfundir Gr\u00f3ttu 2020 - \u00cd\u00fer\u00f3ttaf\u00e9lagi\u00f0 Gr\u00f3tta","og_description":"A\u00f0alfundir deilda og r\u00e1\u00f0a \u00cd\u00fer\u00f3ttaf\u00e9lagsins Gr\u00f3ttu f\u00f3ru fram fimmtudaginn 29. apr\u00edl s\u00ed\u00f0astli\u00f0inn og a\u00f0 \u00feessu sinni voru fundirnir rafr\u00e6nir vegna Covid \u00e1standsins. Sigr\u00fan Edda J\u00f3nsd\u00f3ttir h\u00e9lt um fundarstj\u00f3rnina en fundurinn [&hellip;]","og_url":"https:\/\/grotta.is\/en\/almennt\/adalfundir-grottu-2020\/","og_site_name":"\u00cd\u00fer\u00f3ttaf\u00e9lagi\u00f0 Gr\u00f3tta","article_publisher":"https:\/\/www.facebook.com\/grottasport","article_published_time":"2021-05-11T11:48:36+00:00","article_modified_time":"2021-05-13T21:27:19+00:00","og_image":[{"width":2560,"height":1429,"url":"https:\/\/grotta.is\/wp-content\/uploads\/2021\/05\/Grotta-adalfundir-010-scaled.jpg","type":"image\/jpeg"}],"author":"Grotta","twitter_card":"summary_large_image","twitter_misc":{"Written by":"Grotta","Est. reading time":"1 minute"},"schema":{"@context":"https:\/\/schema.org","@graph":[{"@type":"Article","@id":"https:\/\/grotta.is\/almennt\/adalfundir-grottu-2020\/#article","isPartOf":{"@id":"https:\/\/grotta.is\/almennt\/adalfundir-grottu-2020\/"},"author":{"name":"Grotta","@id":"https:\/\/grotta.is\/#\/schema\/person\/08ec57bf09ee925f1b6a01540c14a5ce"},"headline":"A\u00f0alfundir Gr\u00f3ttu 2020","datePublished":"2021-05-11T11:48:36+00:00","dateModified":"2021-05-13T21:27:19+00:00","mainEntityOfPage":{"@id":"https:\/\/grotta.is\/almennt\/adalfundir-grottu-2020\/"},"wordCount":154,"publisher":{"@id":"https:\/\/grotta.is\/#organization"},"image":{"@id":"https:\/\/grotta.is\/almennt\/adalfundir-grottu-2020\/#primaryimage"},"thumbnailUrl":"https:\/\/grotta.is\/wp-content\/uploads\/2021\/05\/Grotta-adalfundir-010-scaled.jpg","articleSection":["Almennt"],"inLanguage":"en-US"},{"@type":"WebPage","@id":"https:\/\/grotta.is\/almennt\/adalfundir-grottu-2020\/","url":"https:\/\/grotta.is\/almennt\/adalfundir-grottu-2020\/","name":"A\u00f0alfundir Gr\u00f3ttu 2020 - \u00cd\u00fer\u00f3ttaf\u00e9lagi\u00f0 Gr\u00f3tta","isPartOf":{"@id":"https:\/\/grotta.is\/#website"},"primaryImageOfPage":{"@id":"https:\/\/grotta.is\/almennt\/adalfundir-grottu-2020\/#primaryimage"},"image":{"@id":"https:\/\/grotta.is\/almennt\/adalfundir-grottu-2020\/#primaryimage"},"thumbnailUrl":"https:\/\/grotta.is\/wp-content\/uploads\/2021\/05\/Grotta-adalfundir-010-scaled.jpg","datePublished":"2021-05-11T11:48:36+00:00","dateModified":"2021-05-13T21:27:19+00:00","breadcrumb":{"@id":"https:\/\/grotta.is\/almennt\/adalfundir-grottu-2020\/#breadcrumb"},"inLanguage":"en-US","potentialAction":[{"@type":"ReadAction","target":["https:\/\/grotta.is\/almennt\/adalfundir-grottu-2020\/"]}]},{"@type":"ImageObject","inLanguage":"en-US","@id":"https:\/\/grotta.is\/almennt\/adalfundir-grottu-2020\/#primaryimage","url":"https:\/\/grotta.is\/wp-content\/uploads\/2021\/05\/Grotta-adalfundir-010-scaled.jpg","contentUrl":"https:\/\/grotta.is\/wp-content\/uploads\/2021\/05\/Grotta-adalfundir-010-scaled.jpg","width":2560,"height":1429},{"@type":"BreadcrumbList","@id":"https:\/\/grotta.is\/almennt\/adalfundir-grottu-2020\/#breadcrumb","itemListElement":[{"@type":"ListItem","position":1,"name":"Home","item":"https:\/\/grotta.is\/"},{"@type":"ListItem","position":2,"name":"A\u00f0alfundir Gr\u00f3ttu 2020"}]},{"@type":"WebSite","@id":"https:\/\/grotta.is\/#website","url":"https:\/\/grotta.is\/","name":"\u00cd\u00fer\u00f3ttaf\u00e9lagi\u00f0 Gr\u00f3tta","description":"\u00e1 Seltjarnarnesi","publisher":{"@id":"https:\/\/grotta.is\/#organization"},"potentialAction":[{"@type":"SearchAction","target":{"@type":"EntryPoint","urlTemplate":"https:\/\/grotta.is\/?s={search_term_string}"},"query-input":{"@type":"PropertyValueSpecification","valueRequired":true,"valueName":"search_term_string"}}],"inLanguage":"en-US"},{"@type":"Organization","@id":"https:\/\/grotta.is\/#organization","name":"\u00cd\u00fer\u00f3ttaf\u00e9lagi\u00f0 Gr\u00f3tta","url":"https:\/\/grotta.is\/","logo":{"@type":"ImageObject","inLanguage":"en-US","@id":"https:\/\/grotta.is\/#\/schema\/logo\/image\/","url":"https:\/\/grotta.is\/wp-content\/uploads\/2020\/02\/ithrottafelagidgrotta_logo_512x512_transparent.png","contentUrl":"https:\/\/grotta.is\/wp-content\/uploads\/2020\/02\/ithrottafelagidgrotta_logo_512x512_transparent.png","width":512,"height":512,"caption":"\u00cd\u00fer\u00f3ttaf\u00e9lagi\u00f0 Gr\u00f3tta"},"image":{"@id":"https:\/\/grotta.is\/#\/schema\/logo\/image\/"},"sameAs":["https:\/\/www.facebook.com\/grottasport"]},{"@type":"Person","@id":"https:\/\/grotta.is\/#\/schema\/person\/08ec57bf09ee925f1b6a01540c14a5ce","name":"Grotta","url":"https:\/\/grotta.is\/en\/author\/inga\/"}]}},"_links":{"self":[{"href":"https:\/\/grotta.is\/en\/wp-json\/wp\/v2\/posts\/346288","targetHints":{"allow":["GET"]}}],"collection":[{"href":"https:\/\/grotta.is\/en\/wp-json\/wp\/v2\/posts"}],"about":[{"href":"https:\/\/grotta.is\/en\/wp-json\/wp\/v2\/types\/post"}],"author":[{"embeddable":true,"href":"https:\/\/grotta.is\/en\/wp-json\/wp\/v2\/users\/2"}],"replies":[{"embeddable":true,"href":"https:\/\/grotta.is\/en\/wp-json\/wp\/v2\/comments?post=346288"}],"version-history":[{"count":2,"href":"https:\/\/grotta.is\/en\/wp-json\/wp\/v2\/posts\/346288\/revisions"}],"predecessor-version":[{"id":346505,"href":"https:\/\/grotta.is\/en\/wp-json\/wp\/v2\/posts\/346288\/revisions\/346505"}],"wp:featuredmedia":[{"embeddable":true,"href":"https:\/\/grotta.is\/en\/wp-json\/wp\/v2\/media\/346287"}],"wp:attachment":[{"href":"https:\/\/grotta.is\/en\/wp-json\/wp\/v2\/media?parent=346288"}],"wp:term":[{"taxonomy":"category","embeddable":true,"href":"https:\/\/grotta.is\/en\/wp-json\/wp\/v2\/categories?post=346288"},{"taxonomy":"post_tag","embeddable":true,"href":"https:\/\/grotta.is\/en\/wp-json\/wp\/v2\/tags?post=346288"}],"curies":[{"name":"wp","href":"https:\/\/api.w.org\/{rel}","templated":true}]}}