{"id":346,"date":"2019-09-01T19:41:16","date_gmt":"2019-09-01T19:41:16","guid":{"rendered":"https:\/\/grotta.is\/?p=346"},"modified":"2020-02-17T19:41:59","modified_gmt":"2020-02-17T19:41:59","slug":"skipulagsbreyting-hja-grottu","status":"publish","type":"post","link":"https:\/\/grotta.is\/en\/almennt\/skipulagsbreyting-hja-grottu\/","title":{"rendered":"Skipulagsbreyting hj\u00e1 Gr\u00f3ttu"},"content":{"rendered":"<p>A\u00f0alstj\u00f3rn Gr\u00f3ttu hefur \u00e1kve\u00f0i\u00f0 a\u00f0 fara \u00ed skipulagsbreytingar \u00e1 skrifstofu f\u00e9lagsins. K\u00e1ri Gar\u00f0arsson sem starfa\u00f0 hefur sem \u00ed\u00fer\u00f3ttastj\u00f3ri Gr\u00f3ttu fr\u00e1 \u00e1rinu 2015 ver\u00f0ur fr\u00e1 og me\u00f0 deginum \u00ed dag framkv\u00e6mdastj\u00f3ri f\u00e9lagsins. Krist\u00edn Finnbogad\u00f3ttir sem starfa\u00f0 hefur sem framkv\u00e6mdastj\u00f3ri Gr\u00f3ttu fr\u00e1 \u00e1rinu 2001 tekur vi\u00f0 n\u00fdju starfi fj\u00e1rm\u00e1lastj\u00f3ra. <\/p><p>Samhli\u00f0a \u00feessum breytingum hafa starfsl\u00fdsingar og verkaskipting veri\u00f0 endursko\u00f0u\u00f0. Auk \u00feess hefur a\u00f0alstj\u00f3rn augl\u00fdst st\u00f6\u00f0u \u00ed\u00fer\u00f3tta- og verkefnastj\u00f3ra \u00e1 skrifstofu f\u00e9lagsins og er vonast til a\u00f0 h\u00e6gt s\u00e9 a\u00f0 r\u00e1\u00f0a \u00ed starfi\u00f0 fr\u00e1 og me\u00f0 1. okt\u00f3ber nk. Me\u00f0 \u00feessu er \u00e6tlunin a\u00f0 efla starf Gr\u00f3ttu til muna og auka \u00fej\u00f3nustu vi\u00f0 deildir f\u00e9lagsins enn frekar.<\/p><p>N\u00e1nari uppl\u00fdsingar veitir Bragi Bj\u00f6rnsson \u00ed s\u00edma 863-0088 e\u00f0a \u00e1 netfangi\u00f0 bragi@logvorn.is<\/p>","protected":false},"excerpt":{"rendered":"<p>A\u00f0alstj\u00f3rn Gr\u00f3ttu hefur \u00e1kve\u00f0i\u00f0 a\u00f0 fara \u00ed skipulagsbreytingar \u00e1 skrifstofu f\u00e9lagsins. K\u00e1ri Gar\u00f0arsson sem starfa\u00f0 hefur sem \u00ed\u00fer\u00f3ttastj\u00f3ri Gr\u00f3ttu fr\u00e1 \u00e1rinu 2015 ver\u00f0ur fr\u00e1 og me\u00f0 deginum \u00ed dag framkv\u00e6mdastj\u00f3ri f\u00e9lagsins. Krist\u00edn Finnbogad\u00f3ttir sem starfa\u00f0 hefur sem framkv\u00e6mdastj\u00f3ri Gr\u00f3ttu fr\u00e1 \u00e1rinu 2001 tekur vi\u00f0 n\u00fdju starfi fj\u00e1rm\u00e1lastj\u00f3ra. <\/p>","protected":false},"author":2,"featured_media":36,"comment_status":"closed","ping_status":"closed","sticky":false,"template":"","format":"standard","meta":{"footnotes":""},"categories":[4],"tags":[],"class_list":["post-346","post","type-post","status-publish","format-standard","has-post-thumbnail","hentry","category-almennt"],"yoast_head":"<!-- This site is optimized with the Yoast SEO plugin v24.3 - https:\/\/yoast.com\/wordpress\/plugins\/seo\/ -->\n<title>Skipulagsbreyting hj\u00e1 Gr\u00f3ttu - \u00cd\u00fer\u00f3ttaf\u00e9lagi\u00f0 Gr\u00f3tta<\/title>\n<meta name=\"robots\" content=\"index, follow, max-snippet:-1, max-image-preview:large, max-video-preview:-1\" \/>\n<link rel=\"canonical\" href=\"https:\/\/grotta.is\/en\/almennt\/skipulagsbreyting-hja-grottu\/\" \/>\n<meta property=\"og:locale\" content=\"en_US\" \/>\n<meta property=\"og:type\" content=\"article\" \/>\n<meta property=\"og:title\" content=\"Skipulagsbreyting hj\u00e1 Gr\u00f3ttu - \u00cd\u00fer\u00f3ttaf\u00e9lagi\u00f0 Gr\u00f3tta\" \/>\n<meta property=\"og:description\" content=\"A\u00f0alstj\u00f3rn Gr\u00f3ttu hefur \u00e1kve\u00f0i\u00f0 a\u00f0 fara \u00ed skipulagsbreytingar \u00e1 skrifstofu f\u00e9lagsins. K\u00e1ri Gar\u00f0arsson sem starfa\u00f0 hefur sem \u00ed\u00fer\u00f3ttastj\u00f3ri Gr\u00f3ttu fr\u00e1 \u00e1rinu 2015 ver\u00f0ur fr\u00e1 og me\u00f0 deginum \u00ed dag framkv\u00e6mdastj\u00f3ri f\u00e9lagsins. Krist\u00edn Finnbogad\u00f3ttir sem starfa\u00f0 hefur sem framkv\u00e6mdastj\u00f3ri Gr\u00f3ttu fr\u00e1 \u00e1rinu 2001 tekur vi\u00f0 n\u00fdju starfi fj\u00e1rm\u00e1lastj\u00f3ra.\" \/>\n<meta property=\"og:url\" content=\"https:\/\/grotta.is\/en\/almennt\/skipulagsbreyting-hja-grottu\/\" \/>\n<meta property=\"og:site_name\" content=\"\u00cd\u00fer\u00f3ttaf\u00e9lagi\u00f0 Gr\u00f3tta\" \/>\n<meta property=\"article:publisher\" content=\"https:\/\/www.facebook.com\/grottasport\" \/>\n<meta property=\"article:published_time\" content=\"2019-09-01T19:41:16+00:00\" \/>\n<meta property=\"article:modified_time\" content=\"2020-02-17T19:41:59+00:00\" \/>\n<meta property=\"og:image\" content=\"https:\/\/grotta.is\/wp-content\/uploads\/2020\/02\/Grotta_Logo_hvitur_bakgrunnur_1920x1080.png\" \/>\n\t<meta property=\"og:image:width\" content=\"1920\" \/>\n\t<meta property=\"og:image:height\" content=\"1080\" \/>\n\t<meta property=\"og:image:type\" content=\"image\/png\" \/>\n<meta name=\"author\" content=\"Grotta\" \/>\n<meta name=\"twitter:card\" content=\"summary_large_image\" \/>\n<meta name=\"twitter:label1\" content=\"Written by\" \/>\n\t<meta name=\"twitter:data1\" content=\"Grotta\" \/>\n\t<meta name=\"twitter:label2\" content=\"Est. reading time\" \/>\n\t<meta name=\"twitter:data2\" content=\"1 minute\" \/>\n<script type=\"application\/ld+json\" class=\"yoast-schema-graph\">{\"@context\":\"https:\/\/schema.org\",\"@graph\":[{\"@type\":\"Article\",\"@id\":\"https:\/\/grotta.is\/almennt\/skipulagsbreyting-hja-grottu\/#article\",\"isPartOf\":{\"@id\":\"https:\/\/grotta.is\/almennt\/skipulagsbreyting-hja-grottu\/\"},\"author\":{\"name\":\"Grotta\",\"@id\":\"https:\/\/grotta.is\/#\/schema\/person\/08ec57bf09ee925f1b6a01540c14a5ce\"},\"headline\":\"Skipulagsbreyting hj\u00e1 Gr\u00f3ttu\",\"datePublished\":\"2019-09-01T19:41:16+00:00\",\"dateModified\":\"2020-02-17T19:41:59+00:00\",\"mainEntityOfPage\":{\"@id\":\"https:\/\/grotta.is\/almennt\/skipulagsbreyting-hja-grottu\/\"},\"wordCount\":155,\"publisher\":{\"@id\":\"https:\/\/grotta.is\/#organization\"},\"image\":{\"@id\":\"https:\/\/grotta.is\/almennt\/skipulagsbreyting-hja-grottu\/#primaryimage\"},\"thumbnailUrl\":\"https:\/\/grotta.is\/wp-content\/uploads\/2020\/02\/Grotta_Logo_hvitur_bakgrunnur_1920x1080.png\",\"articleSection\":[\"Almennt\"],\"inLanguage\":\"en-US\"},{\"@type\":\"WebPage\",\"@id\":\"https:\/\/grotta.is\/almennt\/skipulagsbreyting-hja-grottu\/\",\"url\":\"https:\/\/grotta.is\/almennt\/skipulagsbreyting-hja-grottu\/\",\"name\":\"Skipulagsbreyting hj\u00e1 Gr\u00f3ttu - \u00cd\u00fer\u00f3ttaf\u00e9lagi\u00f0 Gr\u00f3tta\",\"isPartOf\":{\"@id\":\"https:\/\/grotta.is\/#website\"},\"primaryImageOfPage\":{\"@id\":\"https:\/\/grotta.is\/almennt\/skipulagsbreyting-hja-grottu\/#primaryimage\"},\"image\":{\"@id\":\"https:\/\/grotta.is\/almennt\/skipulagsbreyting-hja-grottu\/#primaryimage\"},\"thumbnailUrl\":\"https:\/\/grotta.is\/wp-content\/uploads\/2020\/02\/Grotta_Logo_hvitur_bakgrunnur_1920x1080.png\",\"datePublished\":\"2019-09-01T19:41:16+00:00\",\"dateModified\":\"2020-02-17T19:41:59+00:00\",\"breadcrumb\":{\"@id\":\"https:\/\/grotta.is\/almennt\/skipulagsbreyting-hja-grottu\/#breadcrumb\"},\"inLanguage\":\"en-US\",\"potentialAction\":[{\"@type\":\"ReadAction\",\"target\":[\"https:\/\/grotta.is\/almennt\/skipulagsbreyting-hja-grottu\/\"]}]},{\"@type\":\"ImageObject\",\"inLanguage\":\"en-US\",\"@id\":\"https:\/\/grotta.is\/almennt\/skipulagsbreyting-hja-grottu\/#primaryimage\",\"url\":\"https:\/\/grotta.is\/wp-content\/uploads\/2020\/02\/Grotta_Logo_hvitur_bakgrunnur_1920x1080.png\",\"contentUrl\":\"https:\/\/grotta.is\/wp-content\/uploads\/2020\/02\/Grotta_Logo_hvitur_bakgrunnur_1920x1080.png\",\"width\":1920,\"height\":1080},{\"@type\":\"BreadcrumbList\",\"@id\":\"https:\/\/grotta.is\/almennt\/skipulagsbreyting-hja-grottu\/#breadcrumb\",\"itemListElement\":[{\"@type\":\"ListItem\",\"position\":1,\"name\":\"Home\",\"item\":\"https:\/\/grotta.is\/\"},{\"@type\":\"ListItem\",\"position\":2,\"name\":\"Skipulagsbreyting hj\u00e1 Gr\u00f3ttu\"}]},{\"@type\":\"WebSite\",\"@id\":\"https:\/\/grotta.is\/#website\",\"url\":\"https:\/\/grotta.is\/\",\"name\":\"\u00cd\u00fer\u00f3ttaf\u00e9lagi\u00f0 Gr\u00f3tta\",\"description\":\"\u00e1 Seltjarnarnesi\",\"publisher\":{\"@id\":\"https:\/\/grotta.is\/#organization\"},\"potentialAction\":[{\"@type\":\"SearchAction\",\"target\":{\"@type\":\"EntryPoint\",\"urlTemplate\":\"https:\/\/grotta.is\/?s={search_term_string}\"},\"query-input\":{\"@type\":\"PropertyValueSpecification\",\"valueRequired\":true,\"valueName\":\"search_term_string\"}}],\"inLanguage\":\"en-US\"},{\"@type\":\"Organization\",\"@id\":\"https:\/\/grotta.is\/#organization\",\"name\":\"\u00cd\u00fer\u00f3ttaf\u00e9lagi\u00f0 Gr\u00f3tta\",\"url\":\"https:\/\/grotta.is\/\",\"logo\":{\"@type\":\"ImageObject\",\"inLanguage\":\"en-US\",\"@id\":\"https:\/\/grotta.is\/#\/schema\/logo\/image\/\",\"url\":\"https:\/\/grotta.is\/wp-content\/uploads\/2020\/02\/ithrottafelagidgrotta_logo_512x512_transparent.png\",\"contentUrl\":\"https:\/\/grotta.is\/wp-content\/uploads\/2020\/02\/ithrottafelagidgrotta_logo_512x512_transparent.png\",\"width\":512,\"height\":512,\"caption\":\"\u00cd\u00fer\u00f3ttaf\u00e9lagi\u00f0 Gr\u00f3tta\"},\"image\":{\"@id\":\"https:\/\/grotta.is\/#\/schema\/logo\/image\/\"},\"sameAs\":[\"https:\/\/www.facebook.com\/grottasport\"]},{\"@type\":\"Person\",\"@id\":\"https:\/\/grotta.is\/#\/schema\/person\/08ec57bf09ee925f1b6a01540c14a5ce\",\"name\":\"Grotta\",\"url\":\"https:\/\/grotta.is\/en\/author\/inga\/\"}]}<\/script>\n<!-- \/ Yoast SEO plugin. -->","yoast_head_json":{"title":"Skipulagsbreyting hj\u00e1 Gr\u00f3ttu - \u00cd\u00fer\u00f3ttaf\u00e9lagi\u00f0 Gr\u00f3tta","robots":{"index":"index","follow":"follow","max-snippet":"max-snippet:-1","max-image-preview":"max-image-preview:large","max-video-preview":"max-video-preview:-1"},"canonical":"https:\/\/grotta.is\/en\/almennt\/skipulagsbreyting-hja-grottu\/","og_locale":"en_US","og_type":"article","og_title":"Skipulagsbreyting hj\u00e1 Gr\u00f3ttu - \u00cd\u00fer\u00f3ttaf\u00e9lagi\u00f0 Gr\u00f3tta","og_description":"A\u00f0alstj\u00f3rn Gr\u00f3ttu hefur \u00e1kve\u00f0i\u00f0 a\u00f0 fara \u00ed skipulagsbreytingar \u00e1 skrifstofu f\u00e9lagsins. K\u00e1ri Gar\u00f0arsson sem starfa\u00f0 hefur sem \u00ed\u00fer\u00f3ttastj\u00f3ri Gr\u00f3ttu fr\u00e1 \u00e1rinu 2015 ver\u00f0ur fr\u00e1 og me\u00f0 deginum \u00ed dag framkv\u00e6mdastj\u00f3ri f\u00e9lagsins. Krist\u00edn Finnbogad\u00f3ttir sem starfa\u00f0 hefur sem framkv\u00e6mdastj\u00f3ri Gr\u00f3ttu fr\u00e1 \u00e1rinu 2001 tekur vi\u00f0 n\u00fdju starfi fj\u00e1rm\u00e1lastj\u00f3ra.","og_url":"https:\/\/grotta.is\/en\/almennt\/skipulagsbreyting-hja-grottu\/","og_site_name":"\u00cd\u00fer\u00f3ttaf\u00e9lagi\u00f0 Gr\u00f3tta","article_publisher":"https:\/\/www.facebook.com\/grottasport","article_published_time":"2019-09-01T19:41:16+00:00","article_modified_time":"2020-02-17T19:41:59+00:00","og_image":[{"width":1920,"height":1080,"url":"https:\/\/grotta.is\/wp-content\/uploads\/2020\/02\/Grotta_Logo_hvitur_bakgrunnur_1920x1080.png","type":"image\/png"}],"author":"Grotta","twitter_card":"summary_large_image","twitter_misc":{"Written by":"Grotta","Est. reading time":"1 minute"},"schema":{"@context":"https:\/\/schema.org","@graph":[{"@type":"Article","@id":"https:\/\/grotta.is\/almennt\/skipulagsbreyting-hja-grottu\/#article","isPartOf":{"@id":"https:\/\/grotta.is\/almennt\/skipulagsbreyting-hja-grottu\/"},"author":{"name":"Grotta","@id":"https:\/\/grotta.is\/#\/schema\/person\/08ec57bf09ee925f1b6a01540c14a5ce"},"headline":"Skipulagsbreyting hj\u00e1 Gr\u00f3ttu","datePublished":"2019-09-01T19:41:16+00:00","dateModified":"2020-02-17T19:41:59+00:00","mainEntityOfPage":{"@id":"https:\/\/grotta.is\/almennt\/skipulagsbreyting-hja-grottu\/"},"wordCount":155,"publisher":{"@id":"https:\/\/grotta.is\/#organization"},"image":{"@id":"https:\/\/grotta.is\/almennt\/skipulagsbreyting-hja-grottu\/#primaryimage"},"thumbnailUrl":"https:\/\/grotta.is\/wp-content\/uploads\/2020\/02\/Grotta_Logo_hvitur_bakgrunnur_1920x1080.png","articleSection":["Almennt"],"inLanguage":"en-US"},{"@type":"WebPage","@id":"https:\/\/grotta.is\/almennt\/skipulagsbreyting-hja-grottu\/","url":"https:\/\/grotta.is\/almennt\/skipulagsbreyting-hja-grottu\/","name":"Skipulagsbreyting hj\u00e1 Gr\u00f3ttu - \u00cd\u00fer\u00f3ttaf\u00e9lagi\u00f0 Gr\u00f3tta","isPartOf":{"@id":"https:\/\/grotta.is\/#website"},"primaryImageOfPage":{"@id":"https:\/\/grotta.is\/almennt\/skipulagsbreyting-hja-grottu\/#primaryimage"},"image":{"@id":"https:\/\/grotta.is\/almennt\/skipulagsbreyting-hja-grottu\/#primaryimage"},"thumbnailUrl":"https:\/\/grotta.is\/wp-content\/uploads\/2020\/02\/Grotta_Logo_hvitur_bakgrunnur_1920x1080.png","datePublished":"2019-09-01T19:41:16+00:00","dateModified":"2020-02-17T19:41:59+00:00","breadcrumb":{"@id":"https:\/\/grotta.is\/almennt\/skipulagsbreyting-hja-grottu\/#breadcrumb"},"inLanguage":"en-US","potentialAction":[{"@type":"ReadAction","target":["https:\/\/grotta.is\/almennt\/skipulagsbreyting-hja-grottu\/"]}]},{"@type":"ImageObject","inLanguage":"en-US","@id":"https:\/\/grotta.is\/almennt\/skipulagsbreyting-hja-grottu\/#primaryimage","url":"https:\/\/grotta.is\/wp-content\/uploads\/2020\/02\/Grotta_Logo_hvitur_bakgrunnur_1920x1080.png","contentUrl":"https:\/\/grotta.is\/wp-content\/uploads\/2020\/02\/Grotta_Logo_hvitur_bakgrunnur_1920x1080.png","width":1920,"height":1080},{"@type":"BreadcrumbList","@id":"https:\/\/grotta.is\/almennt\/skipulagsbreyting-hja-grottu\/#breadcrumb","itemListElement":[{"@type":"ListItem","position":1,"name":"Home","item":"https:\/\/grotta.is\/"},{"@type":"ListItem","position":2,"name":"Skipulagsbreyting hj\u00e1 Gr\u00f3ttu"}]},{"@type":"WebSite","@id":"https:\/\/grotta.is\/#website","url":"https:\/\/grotta.is\/","name":"\u00cd\u00fer\u00f3ttaf\u00e9lagi\u00f0 Gr\u00f3tta","description":"\u00e1 Seltjarnarnesi","publisher":{"@id":"https:\/\/grotta.is\/#organization"},"potentialAction":[{"@type":"SearchAction","target":{"@type":"EntryPoint","urlTemplate":"https:\/\/grotta.is\/?s={search_term_string}"},"query-input":{"@type":"PropertyValueSpecification","valueRequired":true,"valueName":"search_term_string"}}],"inLanguage":"en-US"},{"@type":"Organization","@id":"https:\/\/grotta.is\/#organization","name":"\u00cd\u00fer\u00f3ttaf\u00e9lagi\u00f0 Gr\u00f3tta","url":"https:\/\/grotta.is\/","logo":{"@type":"ImageObject","inLanguage":"en-US","@id":"https:\/\/grotta.is\/#\/schema\/logo\/image\/","url":"https:\/\/grotta.is\/wp-content\/uploads\/2020\/02\/ithrottafelagidgrotta_logo_512x512_transparent.png","contentUrl":"https:\/\/grotta.is\/wp-content\/uploads\/2020\/02\/ithrottafelagidgrotta_logo_512x512_transparent.png","width":512,"height":512,"caption":"\u00cd\u00fer\u00f3ttaf\u00e9lagi\u00f0 Gr\u00f3tta"},"image":{"@id":"https:\/\/grotta.is\/#\/schema\/logo\/image\/"},"sameAs":["https:\/\/www.facebook.com\/grottasport"]},{"@type":"Person","@id":"https:\/\/grotta.is\/#\/schema\/person\/08ec57bf09ee925f1b6a01540c14a5ce","name":"Grotta","url":"https:\/\/grotta.is\/en\/author\/inga\/"}]}},"_links":{"self":[{"href":"https:\/\/grotta.is\/en\/wp-json\/wp\/v2\/posts\/346","targetHints":{"allow":["GET"]}}],"collection":[{"href":"https:\/\/grotta.is\/en\/wp-json\/wp\/v2\/posts"}],"about":[{"href":"https:\/\/grotta.is\/en\/wp-json\/wp\/v2\/types\/post"}],"author":[{"embeddable":true,"href":"https:\/\/grotta.is\/en\/wp-json\/wp\/v2\/users\/2"}],"replies":[{"embeddable":true,"href":"https:\/\/grotta.is\/en\/wp-json\/wp\/v2\/comments?post=346"}],"version-history":[{"count":0,"href":"https:\/\/grotta.is\/en\/wp-json\/wp\/v2\/posts\/346\/revisions"}],"wp:featuredmedia":[{"embeddable":true,"href":"https:\/\/grotta.is\/en\/wp-json\/wp\/v2\/media\/36"}],"wp:attachment":[{"href":"https:\/\/grotta.is\/en\/wp-json\/wp\/v2\/media?parent=346"}],"wp:term":[{"taxonomy":"category","embeddable":true,"href":"https:\/\/grotta.is\/en\/wp-json\/wp\/v2\/categories?post=346"},{"taxonomy":"post_tag","embeddable":true,"href":"https:\/\/grotta.is\/en\/wp-json\/wp\/v2\/tags?post=346"}],"curies":[{"name":"wp","href":"https:\/\/api.w.org\/{rel}","templated":true}]}}