{"id":345827,"date":"2021-05-05T10:38:09","date_gmt":"2021-05-05T10:38:09","guid":{"rendered":"https:\/\/grotta.is\/?p=345827"},"modified":"2021-05-05T10:38:14","modified_gmt":"2021-05-05T10:38:14","slug":"andri-snyr-aftur-heim","status":"publish","type":"post","link":"https:\/\/grotta.is\/en\/handknattleiksdeild\/andri-snyr-aftur-heim\/","title":{"rendered":"Andri sn\u00fdr aftur heim"},"content":{"rendered":"<p>Handknattleiksdeild Gr\u00f3ttu hefur r\u00e1\u00f0i\u00f0 Andra Sigf\u00fasson sem verkefnastj\u00f3ra deildarinnar auk \u00feess sem Andri tekur a\u00f0 s\u00e9r \u00fej\u00e1lfun yngri flokka hj\u00e1 Gr\u00f3ttu.<\/p><p>Andra \u00fearf vart a\u00f0 kynna fyrir Gr\u00f3ttuf\u00f3lki. Hann er uppalinn hj\u00e1 f\u00e9laginu og l\u00e9k upp alla yngri flokka me\u00f0 Gr\u00f3ttu auk \u00feess sem hann l\u00e9k me\u00f0 meistaraflokki til \u00e1rsins 2009. Hann er \u00ed\u00fer\u00f3ttafr\u00e6\u00f0ingur a\u00f0 mennt og hefur starfa\u00f0 sem \u00fej\u00e1lfari hj\u00e1 deildinni fr\u00e1 \u00e1rinu 2002. Undanfarin \u00e1r hefur Andri veri\u00f0 yfir\u00fej\u00e1lfari hj\u00e1 Fj\u00f6lni. Andri er silfurmerkjahafi Gr\u00f3ttu og var \u00ed\u00fer\u00f3ttastj\u00f3ri f\u00e9lagsins \u00e1rin 2008 til 2012 .<\/p><p>Andri mun taka a\u00f0 s\u00e9r \u00fej\u00e1lfun 6. flokks karla og 4. flokks karla.<\/p><p>\u00dea\u00f0 r\u00edkir mikil \u00e1n\u00e6gja innan handknattleiksdeildar Gr\u00f3ttu a\u00f0 f\u00e1 Andra aftur heim.<\/p><p>Velkominn Andri!<\/p>","protected":false},"excerpt":{"rendered":"<p>Handknattleiksdeild Gr\u00f3ttu hefur r\u00e1\u00f0i\u00f0 Andra Sigf\u00fasson sem verkefnastj\u00f3ra deildarinnar auk \u00feess sem Andri tekur a\u00f0 s\u00e9r \u00fej\u00e1lfun yngri flokka hj\u00e1 Gr\u00f3ttu. Andra \u00fearf vart a\u00f0 kynna fyrir Gr\u00f3ttuf\u00f3lki. Hann er [&hellip;]<\/p>","protected":false},"author":2,"featured_media":345826,"comment_status":"closed","ping_status":"closed","sticky":false,"template":"","format":"standard","meta":{"footnotes":""},"categories":[12],"tags":[],"class_list":["post-345827","post","type-post","status-publish","format-standard","has-post-thumbnail","hentry","category-handknattleiksdeild"],"yoast_head":"<!-- This site is optimized with the Yoast SEO plugin v24.3 - https:\/\/yoast.com\/wordpress\/plugins\/seo\/ -->\n<title>Andri sn\u00fdr aftur heim - \u00cd\u00fer\u00f3ttaf\u00e9lagi\u00f0 Gr\u00f3tta<\/title>\n<meta name=\"robots\" content=\"index, follow, max-snippet:-1, max-image-preview:large, max-video-preview:-1\" \/>\n<link rel=\"canonical\" href=\"https:\/\/grotta.is\/en\/handknattleiksdeild\/andri-snyr-aftur-heim\/\" \/>\n<meta property=\"og:locale\" content=\"en_US\" \/>\n<meta property=\"og:type\" content=\"article\" \/>\n<meta property=\"og:title\" content=\"Andri sn\u00fdr aftur heim - \u00cd\u00fer\u00f3ttaf\u00e9lagi\u00f0 Gr\u00f3tta\" \/>\n<meta property=\"og:description\" content=\"Handknattleiksdeild Gr\u00f3ttu hefur r\u00e1\u00f0i\u00f0 Andra Sigf\u00fasson sem verkefnastj\u00f3ra deildarinnar auk \u00feess sem Andri tekur a\u00f0 s\u00e9r \u00fej\u00e1lfun yngri flokka hj\u00e1 Gr\u00f3ttu. Andra \u00fearf vart a\u00f0 kynna fyrir Gr\u00f3ttuf\u00f3lki. Hann er [&hellip;]\" \/>\n<meta property=\"og:url\" content=\"https:\/\/grotta.is\/en\/handknattleiksdeild\/andri-snyr-aftur-heim\/\" \/>\n<meta property=\"og:site_name\" content=\"\u00cd\u00fer\u00f3ttaf\u00e9lagi\u00f0 Gr\u00f3tta\" \/>\n<meta property=\"article:publisher\" content=\"https:\/\/www.facebook.com\/grottasport\" \/>\n<meta property=\"article:published_time\" content=\"2021-05-05T10:38:09+00:00\" \/>\n<meta property=\"article:modified_time\" content=\"2021-05-05T10:38:14+00:00\" \/>\n<meta property=\"og:image\" content=\"https:\/\/grotta.is\/wp-content\/uploads\/2021\/05\/Andri1-scaled.jpg\" \/>\n\t<meta property=\"og:image:width\" content=\"2560\" \/>\n\t<meta property=\"og:image:height\" content=\"1920\" \/>\n\t<meta property=\"og:image:type\" content=\"image\/jpeg\" \/>\n<meta name=\"author\" content=\"Grotta\" \/>\n<meta name=\"twitter:card\" content=\"summary_large_image\" \/>\n<meta name=\"twitter:label1\" content=\"Written by\" \/>\n\t<meta name=\"twitter:data1\" content=\"Grotta\" \/>\n\t<meta name=\"twitter:label2\" content=\"Est. reading time\" \/>\n\t<meta name=\"twitter:data2\" content=\"1 minute\" \/>\n<script type=\"application\/ld+json\" class=\"yoast-schema-graph\">{\"@context\":\"https:\/\/schema.org\",\"@graph\":[{\"@type\":\"Article\",\"@id\":\"https:\/\/grotta.is\/handknattleiksdeild\/andri-snyr-aftur-heim\/#article\",\"isPartOf\":{\"@id\":\"https:\/\/grotta.is\/handknattleiksdeild\/andri-snyr-aftur-heim\/\"},\"author\":{\"name\":\"Grotta\",\"@id\":\"https:\/\/grotta.is\/#\/schema\/person\/08ec57bf09ee925f1b6a01540c14a5ce\"},\"headline\":\"Andri sn\u00fdr aftur heim\",\"datePublished\":\"2021-05-05T10:38:09+00:00\",\"dateModified\":\"2021-05-05T10:38:14+00:00\",\"mainEntityOfPage\":{\"@id\":\"https:\/\/grotta.is\/handknattleiksdeild\/andri-snyr-aftur-heim\/\"},\"wordCount\":140,\"publisher\":{\"@id\":\"https:\/\/grotta.is\/#organization\"},\"image\":{\"@id\":\"https:\/\/grotta.is\/handknattleiksdeild\/andri-snyr-aftur-heim\/#primaryimage\"},\"thumbnailUrl\":\"https:\/\/grotta.is\/wp-content\/uploads\/2021\/05\/Andri1-scaled.jpg\",\"articleSection\":[\"Handknattleiksdeild\"],\"inLanguage\":\"en-US\"},{\"@type\":\"WebPage\",\"@id\":\"https:\/\/grotta.is\/handknattleiksdeild\/andri-snyr-aftur-heim\/\",\"url\":\"https:\/\/grotta.is\/handknattleiksdeild\/andri-snyr-aftur-heim\/\",\"name\":\"Andri sn\u00fdr aftur heim - \u00cd\u00fer\u00f3ttaf\u00e9lagi\u00f0 Gr\u00f3tta\",\"isPartOf\":{\"@id\":\"https:\/\/grotta.is\/#website\"},\"primaryImageOfPage\":{\"@id\":\"https:\/\/grotta.is\/handknattleiksdeild\/andri-snyr-aftur-heim\/#primaryimage\"},\"image\":{\"@id\":\"https:\/\/grotta.is\/handknattleiksdeild\/andri-snyr-aftur-heim\/#primaryimage\"},\"thumbnailUrl\":\"https:\/\/grotta.is\/wp-content\/uploads\/2021\/05\/Andri1-scaled.jpg\",\"datePublished\":\"2021-05-05T10:38:09+00:00\",\"dateModified\":\"2021-05-05T10:38:14+00:00\",\"breadcrumb\":{\"@id\":\"https:\/\/grotta.is\/handknattleiksdeild\/andri-snyr-aftur-heim\/#breadcrumb\"},\"inLanguage\":\"en-US\",\"potentialAction\":[{\"@type\":\"ReadAction\",\"target\":[\"https:\/\/grotta.is\/handknattleiksdeild\/andri-snyr-aftur-heim\/\"]}]},{\"@type\":\"ImageObject\",\"inLanguage\":\"en-US\",\"@id\":\"https:\/\/grotta.is\/handknattleiksdeild\/andri-snyr-aftur-heim\/#primaryimage\",\"url\":\"https:\/\/grotta.is\/wp-content\/uploads\/2021\/05\/Andri1-scaled.jpg\",\"contentUrl\":\"https:\/\/grotta.is\/wp-content\/uploads\/2021\/05\/Andri1-scaled.jpg\",\"width\":2560,\"height\":1920},{\"@type\":\"BreadcrumbList\",\"@id\":\"https:\/\/grotta.is\/handknattleiksdeild\/andri-snyr-aftur-heim\/#breadcrumb\",\"itemListElement\":[{\"@type\":\"ListItem\",\"position\":1,\"name\":\"Home\",\"item\":\"https:\/\/grotta.is\/\"},{\"@type\":\"ListItem\",\"position\":2,\"name\":\"Andri sn\u00fdr aftur heim\"}]},{\"@type\":\"WebSite\",\"@id\":\"https:\/\/grotta.is\/#website\",\"url\":\"https:\/\/grotta.is\/\",\"name\":\"\u00cd\u00fer\u00f3ttaf\u00e9lagi\u00f0 Gr\u00f3tta\",\"description\":\"\u00e1 Seltjarnarnesi\",\"publisher\":{\"@id\":\"https:\/\/grotta.is\/#organization\"},\"potentialAction\":[{\"@type\":\"SearchAction\",\"target\":{\"@type\":\"EntryPoint\",\"urlTemplate\":\"https:\/\/grotta.is\/?s={search_term_string}\"},\"query-input\":{\"@type\":\"PropertyValueSpecification\",\"valueRequired\":true,\"valueName\":\"search_term_string\"}}],\"inLanguage\":\"en-US\"},{\"@type\":\"Organization\",\"@id\":\"https:\/\/grotta.is\/#organization\",\"name\":\"\u00cd\u00fer\u00f3ttaf\u00e9lagi\u00f0 Gr\u00f3tta\",\"url\":\"https:\/\/grotta.is\/\",\"logo\":{\"@type\":\"ImageObject\",\"inLanguage\":\"en-US\",\"@id\":\"https:\/\/grotta.is\/#\/schema\/logo\/image\/\",\"url\":\"https:\/\/grotta.is\/wp-content\/uploads\/2020\/02\/ithrottafelagidgrotta_logo_512x512_transparent.png\",\"contentUrl\":\"https:\/\/grotta.is\/wp-content\/uploads\/2020\/02\/ithrottafelagidgrotta_logo_512x512_transparent.png\",\"width\":512,\"height\":512,\"caption\":\"\u00cd\u00fer\u00f3ttaf\u00e9lagi\u00f0 Gr\u00f3tta\"},\"image\":{\"@id\":\"https:\/\/grotta.is\/#\/schema\/logo\/image\/\"},\"sameAs\":[\"https:\/\/www.facebook.com\/grottasport\"]},{\"@type\":\"Person\",\"@id\":\"https:\/\/grotta.is\/#\/schema\/person\/08ec57bf09ee925f1b6a01540c14a5ce\",\"name\":\"Grotta\",\"url\":\"https:\/\/grotta.is\/en\/author\/inga\/\"}]}<\/script>\n<!-- \/ Yoast SEO plugin. -->","yoast_head_json":{"title":"Andri sn\u00fdr aftur heim - \u00cd\u00fer\u00f3ttaf\u00e9lagi\u00f0 Gr\u00f3tta","robots":{"index":"index","follow":"follow","max-snippet":"max-snippet:-1","max-image-preview":"max-image-preview:large","max-video-preview":"max-video-preview:-1"},"canonical":"https:\/\/grotta.is\/en\/handknattleiksdeild\/andri-snyr-aftur-heim\/","og_locale":"en_US","og_type":"article","og_title":"Andri sn\u00fdr aftur heim - \u00cd\u00fer\u00f3ttaf\u00e9lagi\u00f0 Gr\u00f3tta","og_description":"Handknattleiksdeild Gr\u00f3ttu hefur r\u00e1\u00f0i\u00f0 Andra Sigf\u00fasson sem verkefnastj\u00f3ra deildarinnar auk \u00feess sem Andri tekur a\u00f0 s\u00e9r \u00fej\u00e1lfun yngri flokka hj\u00e1 Gr\u00f3ttu. Andra \u00fearf vart a\u00f0 kynna fyrir Gr\u00f3ttuf\u00f3lki. Hann er [&hellip;]","og_url":"https:\/\/grotta.is\/en\/handknattleiksdeild\/andri-snyr-aftur-heim\/","og_site_name":"\u00cd\u00fer\u00f3ttaf\u00e9lagi\u00f0 Gr\u00f3tta","article_publisher":"https:\/\/www.facebook.com\/grottasport","article_published_time":"2021-05-05T10:38:09+00:00","article_modified_time":"2021-05-05T10:38:14+00:00","og_image":[{"width":2560,"height":1920,"url":"https:\/\/grotta.is\/wp-content\/uploads\/2021\/05\/Andri1-scaled.jpg","type":"image\/jpeg"}],"author":"Grotta","twitter_card":"summary_large_image","twitter_misc":{"Written by":"Grotta","Est. reading time":"1 minute"},"schema":{"@context":"https:\/\/schema.org","@graph":[{"@type":"Article","@id":"https:\/\/grotta.is\/handknattleiksdeild\/andri-snyr-aftur-heim\/#article","isPartOf":{"@id":"https:\/\/grotta.is\/handknattleiksdeild\/andri-snyr-aftur-heim\/"},"author":{"name":"Grotta","@id":"https:\/\/grotta.is\/#\/schema\/person\/08ec57bf09ee925f1b6a01540c14a5ce"},"headline":"Andri sn\u00fdr aftur heim","datePublished":"2021-05-05T10:38:09+00:00","dateModified":"2021-05-05T10:38:14+00:00","mainEntityOfPage":{"@id":"https:\/\/grotta.is\/handknattleiksdeild\/andri-snyr-aftur-heim\/"},"wordCount":140,"publisher":{"@id":"https:\/\/grotta.is\/#organization"},"image":{"@id":"https:\/\/grotta.is\/handknattleiksdeild\/andri-snyr-aftur-heim\/#primaryimage"},"thumbnailUrl":"https:\/\/grotta.is\/wp-content\/uploads\/2021\/05\/Andri1-scaled.jpg","articleSection":["Handknattleiksdeild"],"inLanguage":"en-US"},{"@type":"WebPage","@id":"https:\/\/grotta.is\/handknattleiksdeild\/andri-snyr-aftur-heim\/","url":"https:\/\/grotta.is\/handknattleiksdeild\/andri-snyr-aftur-heim\/","name":"Andri sn\u00fdr aftur heim - \u00cd\u00fer\u00f3ttaf\u00e9lagi\u00f0 Gr\u00f3tta","isPartOf":{"@id":"https:\/\/grotta.is\/#website"},"primaryImageOfPage":{"@id":"https:\/\/grotta.is\/handknattleiksdeild\/andri-snyr-aftur-heim\/#primaryimage"},"image":{"@id":"https:\/\/grotta.is\/handknattleiksdeild\/andri-snyr-aftur-heim\/#primaryimage"},"thumbnailUrl":"https:\/\/grotta.is\/wp-content\/uploads\/2021\/05\/Andri1-scaled.jpg","datePublished":"2021-05-05T10:38:09+00:00","dateModified":"2021-05-05T10:38:14+00:00","breadcrumb":{"@id":"https:\/\/grotta.is\/handknattleiksdeild\/andri-snyr-aftur-heim\/#breadcrumb"},"inLanguage":"en-US","potentialAction":[{"@type":"ReadAction","target":["https:\/\/grotta.is\/handknattleiksdeild\/andri-snyr-aftur-heim\/"]}]},{"@type":"ImageObject","inLanguage":"en-US","@id":"https:\/\/grotta.is\/handknattleiksdeild\/andri-snyr-aftur-heim\/#primaryimage","url":"https:\/\/grotta.is\/wp-content\/uploads\/2021\/05\/Andri1-scaled.jpg","contentUrl":"https:\/\/grotta.is\/wp-content\/uploads\/2021\/05\/Andri1-scaled.jpg","width":2560,"height":1920},{"@type":"BreadcrumbList","@id":"https:\/\/grotta.is\/handknattleiksdeild\/andri-snyr-aftur-heim\/#breadcrumb","itemListElement":[{"@type":"ListItem","position":1,"name":"Home","item":"https:\/\/grotta.is\/"},{"@type":"ListItem","position":2,"name":"Andri sn\u00fdr aftur heim"}]},{"@type":"WebSite","@id":"https:\/\/grotta.is\/#website","url":"https:\/\/grotta.is\/","name":"\u00cd\u00fer\u00f3ttaf\u00e9lagi\u00f0 Gr\u00f3tta","description":"\u00e1 Seltjarnarnesi","publisher":{"@id":"https:\/\/grotta.is\/#organization"},"potentialAction":[{"@type":"SearchAction","target":{"@type":"EntryPoint","urlTemplate":"https:\/\/grotta.is\/?s={search_term_string}"},"query-input":{"@type":"PropertyValueSpecification","valueRequired":true,"valueName":"search_term_string"}}],"inLanguage":"en-US"},{"@type":"Organization","@id":"https:\/\/grotta.is\/#organization","name":"\u00cd\u00fer\u00f3ttaf\u00e9lagi\u00f0 Gr\u00f3tta","url":"https:\/\/grotta.is\/","logo":{"@type":"ImageObject","inLanguage":"en-US","@id":"https:\/\/grotta.is\/#\/schema\/logo\/image\/","url":"https:\/\/grotta.is\/wp-content\/uploads\/2020\/02\/ithrottafelagidgrotta_logo_512x512_transparent.png","contentUrl":"https:\/\/grotta.is\/wp-content\/uploads\/2020\/02\/ithrottafelagidgrotta_logo_512x512_transparent.png","width":512,"height":512,"caption":"\u00cd\u00fer\u00f3ttaf\u00e9lagi\u00f0 Gr\u00f3tta"},"image":{"@id":"https:\/\/grotta.is\/#\/schema\/logo\/image\/"},"sameAs":["https:\/\/www.facebook.com\/grottasport"]},{"@type":"Person","@id":"https:\/\/grotta.is\/#\/schema\/person\/08ec57bf09ee925f1b6a01540c14a5ce","name":"Grotta","url":"https:\/\/grotta.is\/en\/author\/inga\/"}]}},"_links":{"self":[{"href":"https:\/\/grotta.is\/en\/wp-json\/wp\/v2\/posts\/345827","targetHints":{"allow":["GET"]}}],"collection":[{"href":"https:\/\/grotta.is\/en\/wp-json\/wp\/v2\/posts"}],"about":[{"href":"https:\/\/grotta.is\/en\/wp-json\/wp\/v2\/types\/post"}],"author":[{"embeddable":true,"href":"https:\/\/grotta.is\/en\/wp-json\/wp\/v2\/users\/2"}],"replies":[{"embeddable":true,"href":"https:\/\/grotta.is\/en\/wp-json\/wp\/v2\/comments?post=345827"}],"version-history":[{"count":1,"href":"https:\/\/grotta.is\/en\/wp-json\/wp\/v2\/posts\/345827\/revisions"}],"predecessor-version":[{"id":345828,"href":"https:\/\/grotta.is\/en\/wp-json\/wp\/v2\/posts\/345827\/revisions\/345828"}],"wp:featuredmedia":[{"embeddable":true,"href":"https:\/\/grotta.is\/en\/wp-json\/wp\/v2\/media\/345826"}],"wp:attachment":[{"href":"https:\/\/grotta.is\/en\/wp-json\/wp\/v2\/media?parent=345827"}],"wp:term":[{"taxonomy":"category","embeddable":true,"href":"https:\/\/grotta.is\/en\/wp-json\/wp\/v2\/categories?post=345827"},{"taxonomy":"post_tag","embeddable":true,"href":"https:\/\/grotta.is\/en\/wp-json\/wp\/v2\/tags?post=345827"}],"curies":[{"name":"wp","href":"https:\/\/api.w.org\/{rel}","templated":true}]}}