{"id":344733,"date":"2021-04-29T11:22:52","date_gmt":"2021-04-29T11:22:52","guid":{"rendered":"https:\/\/grotta.is\/?p=344733"},"modified":"2021-04-29T11:25:21","modified_gmt":"2021-04-29T11:25:21","slug":"fimleika-og-leikjaskoli-grottu-sumar-2021","status":"publish","type":"post","link":"https:\/\/grotta.is\/en\/fimleikadeild\/fimleika-og-leikjaskoli-grottu-sumar-2021\/","title":{"rendered":"Fimleika- og leikjask\u00f3li Gr\u00f3ttu sumar 2021"},"content":{"rendered":"<p>Fimleikadeildin ver\u00f0ur me\u00f0 fimleika- og leikjask\u00f3la fyrir 6-9 \u00e1ra krakka (f.2012-2015) \u00ed sumar.<br>N\u00e1mskei\u00f0in ver\u00f0a fr\u00e1 kl. 9:00 \u2013 16:00 alla virka daga og standa yfir \u00ed viku \u00ed senn. Fyrir h\u00e1degi ver\u00f0ur fari\u00f0 \u00ed fimleika fr\u00e1 kl. 09:00 \u2013 12:00 me\u00f0 sm\u00e1 nestisp\u00e1su kl. 10:30 og eftir h\u00e1degi ver\u00f0ur fari\u00f0 \u00ed \u00fdmsa leiki b\u00e6\u00f0i \u00fati og inni. Bo\u00f0i\u00f0 ver\u00f0ur upp \u00e1 g\u00e6slu fr\u00e1 kl. 08:30 \u2013 09:00.<\/p><p>\u00cd fimleikunum ver\u00f0a b\u00f6rnunum skipt \u00ed h\u00f3pa eftir aldri og f\u00e6rni \u00ed fimleika\u00e6fingum. B\u00f6rnin eiga a\u00f0 m\u00e6ta \u00e1 n\u00e1mskei\u00f0i\u00f0 me\u00f0 fimleikafatna\u00f0 me\u00f0 s\u00e9r og kl\u00e6dd eftir ve\u00f0ri. \u00deau \u00feurfa a\u00f0 hafa me\u00f0 s\u00e9r kjarngott nesti yfir daginn.<\/p><p>Umsj\u00f3n me\u00f0 n\u00e1mskei\u00f0unum hefur \u00d3l\u00f6f L\u00ednberg Kristj\u00e1nsd\u00f3ttir framkv\u00e6mdastj\u00f3ri og \u00fej\u00e1lfari fimleikadeildarinnar.<\/p><p>N\u00e1mskei\u00f0in eru sem h\u00e9r segir.<\/p><p><a>14. \u2013 18. J\u00fan\u00ed (4 dagar)<\/a><br>21. \u2013 25. j\u00fan\u00ed<br>28. j\u00fan\u00ed \u2013 2. j\u00fal\u00ed<br>5. \u2013 9. J\u00fal\u00ed<br>12. \u2013 16. j\u00fal\u00ed<br>3. \u2013 6. \u00e1g\u00fast (4 dagar)<br>9. \u2013 13. \u00e1g\u00fast<br>16. \u2013 20. \u00e1g\u00fast<\/p><p>N\u00e1mskei\u00f0sgjald fyrir hverja viku (5 daga allan daginn) er 17.000 kr.<br><a>Skr\u00e1ning og grei\u00f0sla fer fram \u00ed gegnum https:\/\/www.sportabler.com\/shop\/grotta.<\/a><br>Vinsamlega athugi\u00f0 a\u00f0 takmarka\u00f0 pl\u00e1ss er \u00e1 n\u00e1mskei\u00f0unum. Jafnframt \u00e1skilur fimleikadeildin s\u00e9r r\u00e9tt til a\u00f0 fella ni\u00f0ur n\u00e1mskei\u00f0i\u00f0 n\u00e1ist ekki n\u00e6g \u00fe\u00e1tttaka. &nbsp;<strong>&nbsp;<\/strong><\/p><figure class=\"wp-block-gallery columns-1 is-cropped wp-block-gallery-1 is-layout-flex wp-block-gallery-is-layout-flex\"><ul class=\"blocks-gallery-grid\"><li class=\"blocks-gallery-item\"><figure><img fetchpriority=\"high\" decoding=\"async\" width=\"979\" height=\"548\" src=\"https:\/\/grotta.is\/wp-content\/uploads\/2021\/04\/fimleika-og-leikjaskoli-1.jpg\" alt=\"\" data-id=\"344735\" data-full-url=\"https:\/\/grotta.is\/wp-content\/uploads\/2021\/04\/fimleika-og-leikjaskoli-1.jpg\" data-link=\"https:\/\/grotta.is\/?attachment_id=344735\" class=\"wp-image-344735\" srcset=\"https:\/\/grotta.is\/wp-content\/uploads\/2021\/04\/fimleika-og-leikjaskoli-1.jpg 979w, https:\/\/grotta.is\/wp-content\/uploads\/2021\/04\/fimleika-og-leikjaskoli-1-300x168.jpg 300w, https:\/\/grotta.is\/wp-content\/uploads\/2021\/04\/fimleika-og-leikjaskoli-1-768x430.jpg 768w, https:\/\/grotta.is\/wp-content\/uploads\/2021\/04\/fimleika-og-leikjaskoli-1-16x9.jpg 16w, https:\/\/grotta.is\/wp-content\/uploads\/2021\/04\/fimleika-og-leikjaskoli-1-600x336.jpg 600w\" sizes=\"(max-width: 979px) 100vw, 979px\" \/><\/figure><\/li><\/ul><\/figure>","protected":false},"excerpt":{"rendered":"<p>Fimleikadeildin ver\u00f0ur me\u00f0 fimleika- og leikjask\u00f3la fyrir 6-9 \u00e1ra krakka (f.2012-2015) \u00ed sumar.N\u00e1mskei\u00f0in ver\u00f0a fr\u00e1 kl. 9:00 \u2013 16:00 alla virka daga og standa yfir \u00ed viku \u00ed senn. Fyrir [&hellip;]<\/p>","protected":false},"author":2,"featured_media":344732,"comment_status":"closed","ping_status":"closed","sticky":false,"template":"","format":"standard","meta":{"footnotes":""},"categories":[9],"tags":[],"class_list":["post-344733","post","type-post","status-publish","format-standard","has-post-thumbnail","hentry","category-fimleikadeild"],"yoast_head":"<!-- This site is optimized with the Yoast SEO plugin v24.3 - https:\/\/yoast.com\/wordpress\/plugins\/seo\/ -->\n<title>Fimleika- og leikjask\u00f3li Gr\u00f3ttu sumar 2021 - \u00cd\u00fer\u00f3ttaf\u00e9lagi\u00f0 Gr\u00f3tta<\/title>\n<meta name=\"robots\" content=\"index, follow, max-snippet:-1, max-image-preview:large, max-video-preview:-1\" \/>\n<link rel=\"canonical\" href=\"https:\/\/grotta.is\/en\/fimleikadeild\/fimleika-og-leikjaskoli-grottu-sumar-2021\/\" \/>\n<meta property=\"og:locale\" content=\"en_US\" \/>\n<meta property=\"og:type\" content=\"article\" \/>\n<meta property=\"og:title\" content=\"Fimleika- og leikjask\u00f3li Gr\u00f3ttu sumar 2021 - \u00cd\u00fer\u00f3ttaf\u00e9lagi\u00f0 Gr\u00f3tta\" \/>\n<meta property=\"og:description\" content=\"Fimleikadeildin ver\u00f0ur me\u00f0 fimleika- og leikjask\u00f3la fyrir 6-9 \u00e1ra krakka (f.2012-2015) \u00ed sumar.N\u00e1mskei\u00f0in ver\u00f0a fr\u00e1 kl. 9:00 \u2013 16:00 alla virka daga og standa yfir \u00ed viku \u00ed senn. Fyrir [&hellip;]\" \/>\n<meta property=\"og:url\" content=\"https:\/\/grotta.is\/en\/fimleikadeild\/fimleika-og-leikjaskoli-grottu-sumar-2021\/\" \/>\n<meta property=\"og:site_name\" content=\"\u00cd\u00fer\u00f3ttaf\u00e9lagi\u00f0 Gr\u00f3tta\" \/>\n<meta property=\"article:publisher\" content=\"https:\/\/www.facebook.com\/grottasport\" \/>\n<meta property=\"article:published_time\" content=\"2021-04-29T11:22:52+00:00\" \/>\n<meta property=\"article:modified_time\" content=\"2021-04-29T11:25:21+00:00\" \/>\n<meta property=\"og:image\" content=\"https:\/\/grotta.is\/wp-content\/uploads\/2021\/04\/Auglysing-mynd-fimleika-og-leikjaskoli-grottu--1024x1024.png\" \/>\n\t<meta property=\"og:image:width\" content=\"1024\" \/>\n\t<meta property=\"og:image:height\" content=\"1024\" \/>\n\t<meta property=\"og:image:type\" content=\"image\/png\" \/>\n<meta name=\"author\" content=\"Grotta\" \/>\n<meta name=\"twitter:card\" content=\"summary_large_image\" \/>\n<meta name=\"twitter:label1\" content=\"Written by\" \/>\n\t<meta name=\"twitter:data1\" content=\"Grotta\" \/>\n\t<meta name=\"twitter:label2\" content=\"Est. reading time\" \/>\n\t<meta name=\"twitter:data2\" content=\"2 minutes\" \/>\n<script type=\"application\/ld+json\" class=\"yoast-schema-graph\">{\"@context\":\"https:\/\/schema.org\",\"@graph\":[{\"@type\":\"Article\",\"@id\":\"https:\/\/grotta.is\/fimleikadeild\/fimleika-og-leikjaskoli-grottu-sumar-2021\/#article\",\"isPartOf\":{\"@id\":\"https:\/\/grotta.is\/fimleikadeild\/fimleika-og-leikjaskoli-grottu-sumar-2021\/\"},\"author\":{\"name\":\"Grotta\",\"@id\":\"https:\/\/grotta.is\/#\/schema\/person\/08ec57bf09ee925f1b6a01540c14a5ce\"},\"headline\":\"Fimleika- og leikjask\u00f3li Gr\u00f3ttu sumar 2021\",\"datePublished\":\"2021-04-29T11:22:52+00:00\",\"dateModified\":\"2021-04-29T11:25:21+00:00\",\"mainEntityOfPage\":{\"@id\":\"https:\/\/grotta.is\/fimleikadeild\/fimleika-og-leikjaskoli-grottu-sumar-2021\/\"},\"wordCount\":227,\"publisher\":{\"@id\":\"https:\/\/grotta.is\/#organization\"},\"image\":{\"@id\":\"https:\/\/grotta.is\/fimleikadeild\/fimleika-og-leikjaskoli-grottu-sumar-2021\/#primaryimage\"},\"thumbnailUrl\":\"https:\/\/grotta.is\/wp-content\/uploads\/2021\/04\/Auglysing-mynd-fimleika-og-leikjaskoli-grottu-.png\",\"articleSection\":[\"Fimleikadeild\"],\"inLanguage\":\"en-US\"},{\"@type\":\"WebPage\",\"@id\":\"https:\/\/grotta.is\/fimleikadeild\/fimleika-og-leikjaskoli-grottu-sumar-2021\/\",\"url\":\"https:\/\/grotta.is\/fimleikadeild\/fimleika-og-leikjaskoli-grottu-sumar-2021\/\",\"name\":\"Fimleika- og leikjask\u00f3li Gr\u00f3ttu sumar 2021 - \u00cd\u00fer\u00f3ttaf\u00e9lagi\u00f0 Gr\u00f3tta\",\"isPartOf\":{\"@id\":\"https:\/\/grotta.is\/#website\"},\"primaryImageOfPage\":{\"@id\":\"https:\/\/grotta.is\/fimleikadeild\/fimleika-og-leikjaskoli-grottu-sumar-2021\/#primaryimage\"},\"image\":{\"@id\":\"https:\/\/grotta.is\/fimleikadeild\/fimleika-og-leikjaskoli-grottu-sumar-2021\/#primaryimage\"},\"thumbnailUrl\":\"https:\/\/grotta.is\/wp-content\/uploads\/2021\/04\/Auglysing-mynd-fimleika-og-leikjaskoli-grottu-.png\",\"datePublished\":\"2021-04-29T11:22:52+00:00\",\"dateModified\":\"2021-04-29T11:25:21+00:00\",\"breadcrumb\":{\"@id\":\"https:\/\/grotta.is\/fimleikadeild\/fimleika-og-leikjaskoli-grottu-sumar-2021\/#breadcrumb\"},\"inLanguage\":\"en-US\",\"potentialAction\":[{\"@type\":\"ReadAction\",\"target\":[\"https:\/\/grotta.is\/fimleikadeild\/fimleika-og-leikjaskoli-grottu-sumar-2021\/\"]}]},{\"@type\":\"ImageObject\",\"inLanguage\":\"en-US\",\"@id\":\"https:\/\/grotta.is\/fimleikadeild\/fimleika-og-leikjaskoli-grottu-sumar-2021\/#primaryimage\",\"url\":\"https:\/\/grotta.is\/wp-content\/uploads\/2021\/04\/Auglysing-mynd-fimleika-og-leikjaskoli-grottu-.png\",\"contentUrl\":\"https:\/\/grotta.is\/wp-content\/uploads\/2021\/04\/Auglysing-mynd-fimleika-og-leikjaskoli-grottu-.png\",\"width\":1168,\"height\":1168},{\"@type\":\"BreadcrumbList\",\"@id\":\"https:\/\/grotta.is\/fimleikadeild\/fimleika-og-leikjaskoli-grottu-sumar-2021\/#breadcrumb\",\"itemListElement\":[{\"@type\":\"ListItem\",\"position\":1,\"name\":\"Home\",\"item\":\"https:\/\/grotta.is\/\"},{\"@type\":\"ListItem\",\"position\":2,\"name\":\"Fimleika- og leikjask\u00f3li Gr\u00f3ttu sumar 2021\"}]},{\"@type\":\"WebSite\",\"@id\":\"https:\/\/grotta.is\/#website\",\"url\":\"https:\/\/grotta.is\/\",\"name\":\"\u00cd\u00fer\u00f3ttaf\u00e9lagi\u00f0 Gr\u00f3tta\",\"description\":\"\u00e1 Seltjarnarnesi\",\"publisher\":{\"@id\":\"https:\/\/grotta.is\/#organization\"},\"potentialAction\":[{\"@type\":\"SearchAction\",\"target\":{\"@type\":\"EntryPoint\",\"urlTemplate\":\"https:\/\/grotta.is\/?s={search_term_string}\"},\"query-input\":{\"@type\":\"PropertyValueSpecification\",\"valueRequired\":true,\"valueName\":\"search_term_string\"}}],\"inLanguage\":\"en-US\"},{\"@type\":\"Organization\",\"@id\":\"https:\/\/grotta.is\/#organization\",\"name\":\"\u00cd\u00fer\u00f3ttaf\u00e9lagi\u00f0 Gr\u00f3tta\",\"url\":\"https:\/\/grotta.is\/\",\"logo\":{\"@type\":\"ImageObject\",\"inLanguage\":\"en-US\",\"@id\":\"https:\/\/grotta.is\/#\/schema\/logo\/image\/\",\"url\":\"https:\/\/grotta.is\/wp-content\/uploads\/2020\/02\/ithrottafelagidgrotta_logo_512x512_transparent.png\",\"contentUrl\":\"https:\/\/grotta.is\/wp-content\/uploads\/2020\/02\/ithrottafelagidgrotta_logo_512x512_transparent.png\",\"width\":512,\"height\":512,\"caption\":\"\u00cd\u00fer\u00f3ttaf\u00e9lagi\u00f0 Gr\u00f3tta\"},\"image\":{\"@id\":\"https:\/\/grotta.is\/#\/schema\/logo\/image\/\"},\"sameAs\":[\"https:\/\/www.facebook.com\/grottasport\"]},{\"@type\":\"Person\",\"@id\":\"https:\/\/grotta.is\/#\/schema\/person\/08ec57bf09ee925f1b6a01540c14a5ce\",\"name\":\"Grotta\",\"url\":\"https:\/\/grotta.is\/en\/author\/inga\/\"}]}<\/script>\n<!-- \/ Yoast SEO plugin. -->","yoast_head_json":{"title":"Fimleika- og leikjask\u00f3li Gr\u00f3ttu sumar 2021 - \u00cd\u00fer\u00f3ttaf\u00e9lagi\u00f0 Gr\u00f3tta","robots":{"index":"index","follow":"follow","max-snippet":"max-snippet:-1","max-image-preview":"max-image-preview:large","max-video-preview":"max-video-preview:-1"},"canonical":"https:\/\/grotta.is\/en\/fimleikadeild\/fimleika-og-leikjaskoli-grottu-sumar-2021\/","og_locale":"en_US","og_type":"article","og_title":"Fimleika- og leikjask\u00f3li Gr\u00f3ttu sumar 2021 - \u00cd\u00fer\u00f3ttaf\u00e9lagi\u00f0 Gr\u00f3tta","og_description":"Fimleikadeildin ver\u00f0ur me\u00f0 fimleika- og leikjask\u00f3la fyrir 6-9 \u00e1ra krakka (f.2012-2015) \u00ed sumar.N\u00e1mskei\u00f0in ver\u00f0a fr\u00e1 kl. 9:00 \u2013 16:00 alla virka daga og standa yfir \u00ed viku \u00ed senn. Fyrir [&hellip;]","og_url":"https:\/\/grotta.is\/en\/fimleikadeild\/fimleika-og-leikjaskoli-grottu-sumar-2021\/","og_site_name":"\u00cd\u00fer\u00f3ttaf\u00e9lagi\u00f0 Gr\u00f3tta","article_publisher":"https:\/\/www.facebook.com\/grottasport","article_published_time":"2021-04-29T11:22:52+00:00","article_modified_time":"2021-04-29T11:25:21+00:00","og_image":[{"width":1024,"height":1024,"url":"https:\/\/grotta.is\/wp-content\/uploads\/2021\/04\/Auglysing-mynd-fimleika-og-leikjaskoli-grottu--1024x1024.png","type":"image\/png"}],"author":"Grotta","twitter_card":"summary_large_image","twitter_misc":{"Written by":"Grotta","Est. reading time":"2 minutes"},"schema":{"@context":"https:\/\/schema.org","@graph":[{"@type":"Article","@id":"https:\/\/grotta.is\/fimleikadeild\/fimleika-og-leikjaskoli-grottu-sumar-2021\/#article","isPartOf":{"@id":"https:\/\/grotta.is\/fimleikadeild\/fimleika-og-leikjaskoli-grottu-sumar-2021\/"},"author":{"name":"Grotta","@id":"https:\/\/grotta.is\/#\/schema\/person\/08ec57bf09ee925f1b6a01540c14a5ce"},"headline":"Fimleika- og leikjask\u00f3li Gr\u00f3ttu sumar 2021","datePublished":"2021-04-29T11:22:52+00:00","dateModified":"2021-04-29T11:25:21+00:00","mainEntityOfPage":{"@id":"https:\/\/grotta.is\/fimleikadeild\/fimleika-og-leikjaskoli-grottu-sumar-2021\/"},"wordCount":227,"publisher":{"@id":"https:\/\/grotta.is\/#organization"},"image":{"@id":"https:\/\/grotta.is\/fimleikadeild\/fimleika-og-leikjaskoli-grottu-sumar-2021\/#primaryimage"},"thumbnailUrl":"https:\/\/grotta.is\/wp-content\/uploads\/2021\/04\/Auglysing-mynd-fimleika-og-leikjaskoli-grottu-.png","articleSection":["Fimleikadeild"],"inLanguage":"en-US"},{"@type":"WebPage","@id":"https:\/\/grotta.is\/fimleikadeild\/fimleika-og-leikjaskoli-grottu-sumar-2021\/","url":"https:\/\/grotta.is\/fimleikadeild\/fimleika-og-leikjaskoli-grottu-sumar-2021\/","name":"Fimleika- og leikjask\u00f3li Gr\u00f3ttu sumar 2021 - \u00cd\u00fer\u00f3ttaf\u00e9lagi\u00f0 Gr\u00f3tta","isPartOf":{"@id":"https:\/\/grotta.is\/#website"},"primaryImageOfPage":{"@id":"https:\/\/grotta.is\/fimleikadeild\/fimleika-og-leikjaskoli-grottu-sumar-2021\/#primaryimage"},"image":{"@id":"https:\/\/grotta.is\/fimleikadeild\/fimleika-og-leikjaskoli-grottu-sumar-2021\/#primaryimage"},"thumbnailUrl":"https:\/\/grotta.is\/wp-content\/uploads\/2021\/04\/Auglysing-mynd-fimleika-og-leikjaskoli-grottu-.png","datePublished":"2021-04-29T11:22:52+00:00","dateModified":"2021-04-29T11:25:21+00:00","breadcrumb":{"@id":"https:\/\/grotta.is\/fimleikadeild\/fimleika-og-leikjaskoli-grottu-sumar-2021\/#breadcrumb"},"inLanguage":"en-US","potentialAction":[{"@type":"ReadAction","target":["https:\/\/grotta.is\/fimleikadeild\/fimleika-og-leikjaskoli-grottu-sumar-2021\/"]}]},{"@type":"ImageObject","inLanguage":"en-US","@id":"https:\/\/grotta.is\/fimleikadeild\/fimleika-og-leikjaskoli-grottu-sumar-2021\/#primaryimage","url":"https:\/\/grotta.is\/wp-content\/uploads\/2021\/04\/Auglysing-mynd-fimleika-og-leikjaskoli-grottu-.png","contentUrl":"https:\/\/grotta.is\/wp-content\/uploads\/2021\/04\/Auglysing-mynd-fimleika-og-leikjaskoli-grottu-.png","width":1168,"height":1168},{"@type":"BreadcrumbList","@id":"https:\/\/grotta.is\/fimleikadeild\/fimleika-og-leikjaskoli-grottu-sumar-2021\/#breadcrumb","itemListElement":[{"@type":"ListItem","position":1,"name":"Home","item":"https:\/\/grotta.is\/"},{"@type":"ListItem","position":2,"name":"Fimleika- og leikjask\u00f3li Gr\u00f3ttu sumar 2021"}]},{"@type":"WebSite","@id":"https:\/\/grotta.is\/#website","url":"https:\/\/grotta.is\/","name":"\u00cd\u00fer\u00f3ttaf\u00e9lagi\u00f0 Gr\u00f3tta","description":"\u00e1 Seltjarnarnesi","publisher":{"@id":"https:\/\/grotta.is\/#organization"},"potentialAction":[{"@type":"SearchAction","target":{"@type":"EntryPoint","urlTemplate":"https:\/\/grotta.is\/?s={search_term_string}"},"query-input":{"@type":"PropertyValueSpecification","valueRequired":true,"valueName":"search_term_string"}}],"inLanguage":"en-US"},{"@type":"Organization","@id":"https:\/\/grotta.is\/#organization","name":"\u00cd\u00fer\u00f3ttaf\u00e9lagi\u00f0 Gr\u00f3tta","url":"https:\/\/grotta.is\/","logo":{"@type":"ImageObject","inLanguage":"en-US","@id":"https:\/\/grotta.is\/#\/schema\/logo\/image\/","url":"https:\/\/grotta.is\/wp-content\/uploads\/2020\/02\/ithrottafelagidgrotta_logo_512x512_transparent.png","contentUrl":"https:\/\/grotta.is\/wp-content\/uploads\/2020\/02\/ithrottafelagidgrotta_logo_512x512_transparent.png","width":512,"height":512,"caption":"\u00cd\u00fer\u00f3ttaf\u00e9lagi\u00f0 Gr\u00f3tta"},"image":{"@id":"https:\/\/grotta.is\/#\/schema\/logo\/image\/"},"sameAs":["https:\/\/www.facebook.com\/grottasport"]},{"@type":"Person","@id":"https:\/\/grotta.is\/#\/schema\/person\/08ec57bf09ee925f1b6a01540c14a5ce","name":"Grotta","url":"https:\/\/grotta.is\/en\/author\/inga\/"}]}},"_links":{"self":[{"href":"https:\/\/grotta.is\/en\/wp-json\/wp\/v2\/posts\/344733","targetHints":{"allow":["GET"]}}],"collection":[{"href":"https:\/\/grotta.is\/en\/wp-json\/wp\/v2\/posts"}],"about":[{"href":"https:\/\/grotta.is\/en\/wp-json\/wp\/v2\/types\/post"}],"author":[{"embeddable":true,"href":"https:\/\/grotta.is\/en\/wp-json\/wp\/v2\/users\/2"}],"replies":[{"embeddable":true,"href":"https:\/\/grotta.is\/en\/wp-json\/wp\/v2\/comments?post=344733"}],"version-history":[{"count":3,"href":"https:\/\/grotta.is\/en\/wp-json\/wp\/v2\/posts\/344733\/revisions"}],"predecessor-version":[{"id":344746,"href":"https:\/\/grotta.is\/en\/wp-json\/wp\/v2\/posts\/344733\/revisions\/344746"}],"wp:featuredmedia":[{"embeddable":true,"href":"https:\/\/grotta.is\/en\/wp-json\/wp\/v2\/media\/344732"}],"wp:attachment":[{"href":"https:\/\/grotta.is\/en\/wp-json\/wp\/v2\/media?parent=344733"}],"wp:term":[{"taxonomy":"category","embeddable":true,"href":"https:\/\/grotta.is\/en\/wp-json\/wp\/v2\/categories?post=344733"},{"taxonomy":"post_tag","embeddable":true,"href":"https:\/\/grotta.is\/en\/wp-json\/wp\/v2\/tags?post=344733"}],"curies":[{"name":"wp","href":"https:\/\/api.w.org\/{rel}","templated":true}]}}