{"id":343985,"date":"2021-04-08T12:17:34","date_gmt":"2021-04-08T12:17:34","guid":{"rendered":"https:\/\/grotta.is\/?p=343985"},"modified":"2021-04-08T12:17:42","modified_gmt":"2021-04-08T12:17:42","slug":"maksim-akbachev-radinn-yfirthjalfari-handknattleiksdeildar","status":"publish","type":"post","link":"https:\/\/grotta.is\/en\/handknattleiksdeild\/maksim-akbachev-radinn-yfirthjalfari-handknattleiksdeildar\/","title":{"rendered":"Maksim Akbachev r\u00e1\u00f0inn yfir\u00fej\u00e1lfari handknattleiksdeildar"},"content":{"rendered":"<p>Maksim Akbachev hefur veri\u00f0 r\u00e1\u00f0inn yfir\u00fej\u00e1lfari Gr\u00f3ttu til n\u00e6stu tveggja \u00e1ra. Hann tekur vi\u00f0 \u00fev\u00ed \u00f6fluga starfi sem H\u00e1kon Bridde hefur sinnt undanfari\u00f0 \u00e1r vi\u00f0 a\u00f0 lei\u00f0a uppbyggingu handboltans \u00ed Gr\u00f3ttu, \u00ed samvinnu vi\u00f0 stj\u00f3rn og a\u00f0ra \u00fej\u00e1lfara.Maksim gekk til li\u00f0s vi\u00f0 Gr\u00f3ttu \u00e1ri\u00f0 2020 \u00feegar hann h\u00f3f a\u00f0 \u00fej\u00e1lfa 4. flokk karla og kvenna. <\/p><p>Auk \u00feess starfa\u00f0i Maksim sem a\u00f0sto\u00f0ar\u00fej\u00e1lfari meistaraflokks karla undanfari\u00f0 \u00e1r og sinnti afreks\u00e6fingum hj\u00e1 f\u00e9laginu.\u00dej\u00e1lfaraferil sinn h\u00f3f Maksim hj\u00e1 Val. \u00c1rin 2017-2019 \u00fej\u00e1lfa\u00f0i hann hj\u00e1 Haukum \u00fear sem hann var a\u00f0sto\u00f0ar\u00fej\u00e1lfari meistaraflokks karla og st\u00fdr\u00f0i einnig ungmennali\u00f0i f\u00e9lagsins \u00ed Grill-66 deildinni. <\/p><p>Maksim hefur einnig komi\u00f0 a\u00f0 \u00fej\u00e1lfun yngri landsli\u00f0a \u00cdslands og st\u00fdr\u00f0i me\u00f0al annars U-17 \u00e1ra landsli\u00f0inu \u00ed tv\u00f6 \u00e1r.Maksim hefur \u00e1 t\u00edma s\u00ednum hj\u00e1 Gr\u00f3ttu geti\u00f0 s\u00e9r gott or\u00f0 sem \u00fej\u00e1lfari, b\u00e6\u00f0i me\u00f0 okkar yngstu i\u00f0kendur og \u00feeim elstu. \u00dea\u00f0 er \u00fev\u00ed mikil tilhl\u00f6kkun hj\u00e1 stj\u00f3rn Barna- og unglingar\u00e1\u00f0s Gr\u00f3ttu fyrir komandi t\u00edmabilum me\u00f0 Maksim vi\u00f0 stj\u00f3rnina enda \u00e1 fer\u00f0inni metna\u00f0arfullur og reynslumikill \u00fej\u00e1lfari sem hefur miklu a\u00f0 mi\u00f0la til i\u00f0kenda og \u00fej\u00e1lfara. <\/p><p>Um lei\u00f0 og vi\u00f0 \u00f3skum Maksim til hamingju me\u00f0 n\u00fdja hlutverki\u00f0 \u00fe\u00f6kkum vi\u00f0 H\u00e1koni fyrir fr\u00e1b\u00e6rt samstarf og \u00f3skum honum velfarna\u00f0ar \u00ed leik og starfi.<\/p>","protected":false},"excerpt":{"rendered":"<p>Maksim Akbachev hefur veri\u00f0 r\u00e1\u00f0inn yfir\u00fej\u00e1lfari Gr\u00f3ttu til n\u00e6stu tveggja \u00e1ra. Hann tekur vi\u00f0 \u00fev\u00ed \u00f6fluga starfi sem H\u00e1kon Bridde hefur sinnt undanfari\u00f0 \u00e1r vi\u00f0 a\u00f0 lei\u00f0a uppbyggingu handboltans \u00ed Gr\u00f3ttu, \u00ed samvinnu vi\u00f0 stj\u00f3rn og a\u00f0ra \u00fej\u00e1lfara.Maksim gekk til li\u00f0s vi\u00f0 Gr\u00f3ttu \u00e1ri\u00f0 2020 \u00feegar hann h\u00f3f a\u00f0 \u00fej\u00e1lfa 4. flokk karla og kvenna. <\/p>","protected":false},"author":2,"featured_media":343988,"comment_status":"closed","ping_status":"closed","sticky":false,"template":"","format":"standard","meta":{"footnotes":""},"categories":[12],"tags":[13,15,33],"class_list":["post-343985","post","type-post","status-publish","format-standard","has-post-thumbnail","hentry","category-handknattleiksdeild","tag-handbolti","tag-yngri-flokkar","tag-thjalfarar"],"yoast_head":"<!-- This site is optimized with the Yoast SEO plugin v24.3 - https:\/\/yoast.com\/wordpress\/plugins\/seo\/ -->\n<title>Maksim Akbachev r\u00e1\u00f0inn yfir\u00fej\u00e1lfari handknattleiksdeildar - \u00cd\u00fer\u00f3ttaf\u00e9lagi\u00f0 Gr\u00f3tta<\/title>\n<meta name=\"robots\" content=\"index, follow, max-snippet:-1, max-image-preview:large, max-video-preview:-1\" \/>\n<link rel=\"canonical\" href=\"https:\/\/grotta.is\/en\/handknattleiksdeild\/maksim-akbachev-radinn-yfirthjalfari-handknattleiksdeildar\/\" \/>\n<meta property=\"og:locale\" content=\"en_US\" \/>\n<meta property=\"og:type\" content=\"article\" \/>\n<meta property=\"og:title\" content=\"Maksim Akbachev r\u00e1\u00f0inn yfir\u00fej\u00e1lfari handknattleiksdeildar - \u00cd\u00fer\u00f3ttaf\u00e9lagi\u00f0 Gr\u00f3tta\" \/>\n<meta property=\"og:description\" content=\"Maksim Akbachev hefur veri\u00f0 r\u00e1\u00f0inn yfir\u00fej\u00e1lfari Gr\u00f3ttu til n\u00e6stu tveggja \u00e1ra. Hann tekur vi\u00f0 \u00fev\u00ed \u00f6fluga starfi sem H\u00e1kon Bridde hefur sinnt undanfari\u00f0 \u00e1r vi\u00f0 a\u00f0 lei\u00f0a uppbyggingu handboltans \u00ed Gr\u00f3ttu, \u00ed samvinnu vi\u00f0 stj\u00f3rn og a\u00f0ra \u00fej\u00e1lfara.Maksim gekk til li\u00f0s vi\u00f0 Gr\u00f3ttu \u00e1ri\u00f0 2020 \u00feegar hann h\u00f3f a\u00f0 \u00fej\u00e1lfa 4. flokk karla og kvenna.\" \/>\n<meta property=\"og:url\" content=\"https:\/\/grotta.is\/en\/handknattleiksdeild\/maksim-akbachev-radinn-yfirthjalfari-handknattleiksdeildar\/\" \/>\n<meta property=\"og:site_name\" content=\"\u00cd\u00fer\u00f3ttaf\u00e9lagi\u00f0 Gr\u00f3tta\" \/>\n<meta property=\"article:publisher\" content=\"https:\/\/www.facebook.com\/grottasport\" \/>\n<meta property=\"article:published_time\" content=\"2021-04-08T12:17:34+00:00\" \/>\n<meta property=\"article:modified_time\" content=\"2021-04-08T12:17:42+00:00\" \/>\n<meta property=\"og:image\" content=\"https:\/\/grotta.is\/wp-content\/uploads\/2021\/04\/grotta_handbolti_2021_thjalfari.jpg\" \/>\n\t<meta property=\"og:image:width\" content=\"813\" \/>\n\t<meta property=\"og:image:height\" content=\"677\" \/>\n\t<meta property=\"og:image:type\" content=\"image\/jpeg\" \/>\n<meta name=\"author\" content=\"Grotta\" \/>\n<meta name=\"twitter:card\" content=\"summary_large_image\" \/>\n<meta name=\"twitter:label1\" content=\"Written by\" \/>\n\t<meta name=\"twitter:data1\" content=\"Grotta\" \/>\n\t<meta name=\"twitter:label2\" content=\"Est. reading time\" \/>\n\t<meta name=\"twitter:data2\" content=\"1 minute\" \/>\n<script type=\"application\/ld+json\" class=\"yoast-schema-graph\">{\"@context\":\"https:\/\/schema.org\",\"@graph\":[{\"@type\":\"Article\",\"@id\":\"https:\/\/grotta.is\/handknattleiksdeild\/maksim-akbachev-radinn-yfirthjalfari-handknattleiksdeildar\/#article\",\"isPartOf\":{\"@id\":\"https:\/\/grotta.is\/handknattleiksdeild\/maksim-akbachev-radinn-yfirthjalfari-handknattleiksdeildar\/\"},\"author\":{\"name\":\"Grotta\",\"@id\":\"https:\/\/grotta.is\/#\/schema\/person\/08ec57bf09ee925f1b6a01540c14a5ce\"},\"headline\":\"Maksim Akbachev r\u00e1\u00f0inn yfir\u00fej\u00e1lfari handknattleiksdeildar\",\"datePublished\":\"2021-04-08T12:17:34+00:00\",\"dateModified\":\"2021-04-08T12:17:42+00:00\",\"mainEntityOfPage\":{\"@id\":\"https:\/\/grotta.is\/handknattleiksdeild\/maksim-akbachev-radinn-yfirthjalfari-handknattleiksdeildar\/\"},\"wordCount\":260,\"publisher\":{\"@id\":\"https:\/\/grotta.is\/#organization\"},\"image\":{\"@id\":\"https:\/\/grotta.is\/handknattleiksdeild\/maksim-akbachev-radinn-yfirthjalfari-handknattleiksdeildar\/#primaryimage\"},\"thumbnailUrl\":\"https:\/\/grotta.is\/wp-content\/uploads\/2021\/04\/grotta_handbolti_2021_thjalfari.jpg\",\"keywords\":[\"Handbolti\",\"Yngri flokkar\",\"\u00dej\u00e1lfarar\"],\"articleSection\":[\"Handknattleiksdeild\"],\"inLanguage\":\"en-US\"},{\"@type\":\"WebPage\",\"@id\":\"https:\/\/grotta.is\/handknattleiksdeild\/maksim-akbachev-radinn-yfirthjalfari-handknattleiksdeildar\/\",\"url\":\"https:\/\/grotta.is\/handknattleiksdeild\/maksim-akbachev-radinn-yfirthjalfari-handknattleiksdeildar\/\",\"name\":\"Maksim Akbachev r\u00e1\u00f0inn yfir\u00fej\u00e1lfari handknattleiksdeildar - \u00cd\u00fer\u00f3ttaf\u00e9lagi\u00f0 Gr\u00f3tta\",\"isPartOf\":{\"@id\":\"https:\/\/grotta.is\/#website\"},\"primaryImageOfPage\":{\"@id\":\"https:\/\/grotta.is\/handknattleiksdeild\/maksim-akbachev-radinn-yfirthjalfari-handknattleiksdeildar\/#primaryimage\"},\"image\":{\"@id\":\"https:\/\/grotta.is\/handknattleiksdeild\/maksim-akbachev-radinn-yfirthjalfari-handknattleiksdeildar\/#primaryimage\"},\"thumbnailUrl\":\"https:\/\/grotta.is\/wp-content\/uploads\/2021\/04\/grotta_handbolti_2021_thjalfari.jpg\",\"datePublished\":\"2021-04-08T12:17:34+00:00\",\"dateModified\":\"2021-04-08T12:17:42+00:00\",\"breadcrumb\":{\"@id\":\"https:\/\/grotta.is\/handknattleiksdeild\/maksim-akbachev-radinn-yfirthjalfari-handknattleiksdeildar\/#breadcrumb\"},\"inLanguage\":\"en-US\",\"potentialAction\":[{\"@type\":\"ReadAction\",\"target\":[\"https:\/\/grotta.is\/handknattleiksdeild\/maksim-akbachev-radinn-yfirthjalfari-handknattleiksdeildar\/\"]}]},{\"@type\":\"ImageObject\",\"inLanguage\":\"en-US\",\"@id\":\"https:\/\/grotta.is\/handknattleiksdeild\/maksim-akbachev-radinn-yfirthjalfari-handknattleiksdeildar\/#primaryimage\",\"url\":\"https:\/\/grotta.is\/wp-content\/uploads\/2021\/04\/grotta_handbolti_2021_thjalfari.jpg\",\"contentUrl\":\"https:\/\/grotta.is\/wp-content\/uploads\/2021\/04\/grotta_handbolti_2021_thjalfari.jpg\",\"width\":813,\"height\":677},{\"@type\":\"BreadcrumbList\",\"@id\":\"https:\/\/grotta.is\/handknattleiksdeild\/maksim-akbachev-radinn-yfirthjalfari-handknattleiksdeildar\/#breadcrumb\",\"itemListElement\":[{\"@type\":\"ListItem\",\"position\":1,\"name\":\"Home\",\"item\":\"https:\/\/grotta.is\/\"},{\"@type\":\"ListItem\",\"position\":2,\"name\":\"Maksim Akbachev r\u00e1\u00f0inn yfir\u00fej\u00e1lfari handknattleiksdeildar\"}]},{\"@type\":\"WebSite\",\"@id\":\"https:\/\/grotta.is\/#website\",\"url\":\"https:\/\/grotta.is\/\",\"name\":\"\u00cd\u00fer\u00f3ttaf\u00e9lagi\u00f0 Gr\u00f3tta\",\"description\":\"\u00e1 Seltjarnarnesi\",\"publisher\":{\"@id\":\"https:\/\/grotta.is\/#organization\"},\"potentialAction\":[{\"@type\":\"SearchAction\",\"target\":{\"@type\":\"EntryPoint\",\"urlTemplate\":\"https:\/\/grotta.is\/?s={search_term_string}\"},\"query-input\":{\"@type\":\"PropertyValueSpecification\",\"valueRequired\":true,\"valueName\":\"search_term_string\"}}],\"inLanguage\":\"en-US\"},{\"@type\":\"Organization\",\"@id\":\"https:\/\/grotta.is\/#organization\",\"name\":\"\u00cd\u00fer\u00f3ttaf\u00e9lagi\u00f0 Gr\u00f3tta\",\"url\":\"https:\/\/grotta.is\/\",\"logo\":{\"@type\":\"ImageObject\",\"inLanguage\":\"en-US\",\"@id\":\"https:\/\/grotta.is\/#\/schema\/logo\/image\/\",\"url\":\"https:\/\/grotta.is\/wp-content\/uploads\/2020\/02\/ithrottafelagidgrotta_logo_512x512_transparent.png\",\"contentUrl\":\"https:\/\/grotta.is\/wp-content\/uploads\/2020\/02\/ithrottafelagidgrotta_logo_512x512_transparent.png\",\"width\":512,\"height\":512,\"caption\":\"\u00cd\u00fer\u00f3ttaf\u00e9lagi\u00f0 Gr\u00f3tta\"},\"image\":{\"@id\":\"https:\/\/grotta.is\/#\/schema\/logo\/image\/\"},\"sameAs\":[\"https:\/\/www.facebook.com\/grottasport\"]},{\"@type\":\"Person\",\"@id\":\"https:\/\/grotta.is\/#\/schema\/person\/08ec57bf09ee925f1b6a01540c14a5ce\",\"name\":\"Grotta\",\"url\":\"https:\/\/grotta.is\/en\/author\/inga\/\"}]}<\/script>\n<!-- \/ Yoast SEO plugin. -->","yoast_head_json":{"title":"Maksim Akbachev r\u00e1\u00f0inn yfir\u00fej\u00e1lfari handknattleiksdeildar - \u00cd\u00fer\u00f3ttaf\u00e9lagi\u00f0 Gr\u00f3tta","robots":{"index":"index","follow":"follow","max-snippet":"max-snippet:-1","max-image-preview":"max-image-preview:large","max-video-preview":"max-video-preview:-1"},"canonical":"https:\/\/grotta.is\/en\/handknattleiksdeild\/maksim-akbachev-radinn-yfirthjalfari-handknattleiksdeildar\/","og_locale":"en_US","og_type":"article","og_title":"Maksim Akbachev r\u00e1\u00f0inn yfir\u00fej\u00e1lfari handknattleiksdeildar - \u00cd\u00fer\u00f3ttaf\u00e9lagi\u00f0 Gr\u00f3tta","og_description":"Maksim Akbachev hefur veri\u00f0 r\u00e1\u00f0inn yfir\u00fej\u00e1lfari Gr\u00f3ttu til n\u00e6stu tveggja \u00e1ra. Hann tekur vi\u00f0 \u00fev\u00ed \u00f6fluga starfi sem H\u00e1kon Bridde hefur sinnt undanfari\u00f0 \u00e1r vi\u00f0 a\u00f0 lei\u00f0a uppbyggingu handboltans \u00ed Gr\u00f3ttu, \u00ed samvinnu vi\u00f0 stj\u00f3rn og a\u00f0ra \u00fej\u00e1lfara.Maksim gekk til li\u00f0s vi\u00f0 Gr\u00f3ttu \u00e1ri\u00f0 2020 \u00feegar hann h\u00f3f a\u00f0 \u00fej\u00e1lfa 4. flokk karla og kvenna.","og_url":"https:\/\/grotta.is\/en\/handknattleiksdeild\/maksim-akbachev-radinn-yfirthjalfari-handknattleiksdeildar\/","og_site_name":"\u00cd\u00fer\u00f3ttaf\u00e9lagi\u00f0 Gr\u00f3tta","article_publisher":"https:\/\/www.facebook.com\/grottasport","article_published_time":"2021-04-08T12:17:34+00:00","article_modified_time":"2021-04-08T12:17:42+00:00","og_image":[{"width":813,"height":677,"url":"https:\/\/grotta.is\/wp-content\/uploads\/2021\/04\/grotta_handbolti_2021_thjalfari.jpg","type":"image\/jpeg"}],"author":"Grotta","twitter_card":"summary_large_image","twitter_misc":{"Written by":"Grotta","Est. reading time":"1 minute"},"schema":{"@context":"https:\/\/schema.org","@graph":[{"@type":"Article","@id":"https:\/\/grotta.is\/handknattleiksdeild\/maksim-akbachev-radinn-yfirthjalfari-handknattleiksdeildar\/#article","isPartOf":{"@id":"https:\/\/grotta.is\/handknattleiksdeild\/maksim-akbachev-radinn-yfirthjalfari-handknattleiksdeildar\/"},"author":{"name":"Grotta","@id":"https:\/\/grotta.is\/#\/schema\/person\/08ec57bf09ee925f1b6a01540c14a5ce"},"headline":"Maksim Akbachev r\u00e1\u00f0inn yfir\u00fej\u00e1lfari handknattleiksdeildar","datePublished":"2021-04-08T12:17:34+00:00","dateModified":"2021-04-08T12:17:42+00:00","mainEntityOfPage":{"@id":"https:\/\/grotta.is\/handknattleiksdeild\/maksim-akbachev-radinn-yfirthjalfari-handknattleiksdeildar\/"},"wordCount":260,"publisher":{"@id":"https:\/\/grotta.is\/#organization"},"image":{"@id":"https:\/\/grotta.is\/handknattleiksdeild\/maksim-akbachev-radinn-yfirthjalfari-handknattleiksdeildar\/#primaryimage"},"thumbnailUrl":"https:\/\/grotta.is\/wp-content\/uploads\/2021\/04\/grotta_handbolti_2021_thjalfari.jpg","keywords":["Handbolti","Yngri flokkar","\u00dej\u00e1lfarar"],"articleSection":["Handknattleiksdeild"],"inLanguage":"en-US"},{"@type":"WebPage","@id":"https:\/\/grotta.is\/handknattleiksdeild\/maksim-akbachev-radinn-yfirthjalfari-handknattleiksdeildar\/","url":"https:\/\/grotta.is\/handknattleiksdeild\/maksim-akbachev-radinn-yfirthjalfari-handknattleiksdeildar\/","name":"Maksim Akbachev r\u00e1\u00f0inn yfir\u00fej\u00e1lfari handknattleiksdeildar - \u00cd\u00fer\u00f3ttaf\u00e9lagi\u00f0 Gr\u00f3tta","isPartOf":{"@id":"https:\/\/grotta.is\/#website"},"primaryImageOfPage":{"@id":"https:\/\/grotta.is\/handknattleiksdeild\/maksim-akbachev-radinn-yfirthjalfari-handknattleiksdeildar\/#primaryimage"},"image":{"@id":"https:\/\/grotta.is\/handknattleiksdeild\/maksim-akbachev-radinn-yfirthjalfari-handknattleiksdeildar\/#primaryimage"},"thumbnailUrl":"https:\/\/grotta.is\/wp-content\/uploads\/2021\/04\/grotta_handbolti_2021_thjalfari.jpg","datePublished":"2021-04-08T12:17:34+00:00","dateModified":"2021-04-08T12:17:42+00:00","breadcrumb":{"@id":"https:\/\/grotta.is\/handknattleiksdeild\/maksim-akbachev-radinn-yfirthjalfari-handknattleiksdeildar\/#breadcrumb"},"inLanguage":"en-US","potentialAction":[{"@type":"ReadAction","target":["https:\/\/grotta.is\/handknattleiksdeild\/maksim-akbachev-radinn-yfirthjalfari-handknattleiksdeildar\/"]}]},{"@type":"ImageObject","inLanguage":"en-US","@id":"https:\/\/grotta.is\/handknattleiksdeild\/maksim-akbachev-radinn-yfirthjalfari-handknattleiksdeildar\/#primaryimage","url":"https:\/\/grotta.is\/wp-content\/uploads\/2021\/04\/grotta_handbolti_2021_thjalfari.jpg","contentUrl":"https:\/\/grotta.is\/wp-content\/uploads\/2021\/04\/grotta_handbolti_2021_thjalfari.jpg","width":813,"height":677},{"@type":"BreadcrumbList","@id":"https:\/\/grotta.is\/handknattleiksdeild\/maksim-akbachev-radinn-yfirthjalfari-handknattleiksdeildar\/#breadcrumb","itemListElement":[{"@type":"ListItem","position":1,"name":"Home","item":"https:\/\/grotta.is\/"},{"@type":"ListItem","position":2,"name":"Maksim Akbachev r\u00e1\u00f0inn yfir\u00fej\u00e1lfari handknattleiksdeildar"}]},{"@type":"WebSite","@id":"https:\/\/grotta.is\/#website","url":"https:\/\/grotta.is\/","name":"\u00cd\u00fer\u00f3ttaf\u00e9lagi\u00f0 Gr\u00f3tta","description":"\u00e1 Seltjarnarnesi","publisher":{"@id":"https:\/\/grotta.is\/#organization"},"potentialAction":[{"@type":"SearchAction","target":{"@type":"EntryPoint","urlTemplate":"https:\/\/grotta.is\/?s={search_term_string}"},"query-input":{"@type":"PropertyValueSpecification","valueRequired":true,"valueName":"search_term_string"}}],"inLanguage":"en-US"},{"@type":"Organization","@id":"https:\/\/grotta.is\/#organization","name":"\u00cd\u00fer\u00f3ttaf\u00e9lagi\u00f0 Gr\u00f3tta","url":"https:\/\/grotta.is\/","logo":{"@type":"ImageObject","inLanguage":"en-US","@id":"https:\/\/grotta.is\/#\/schema\/logo\/image\/","url":"https:\/\/grotta.is\/wp-content\/uploads\/2020\/02\/ithrottafelagidgrotta_logo_512x512_transparent.png","contentUrl":"https:\/\/grotta.is\/wp-content\/uploads\/2020\/02\/ithrottafelagidgrotta_logo_512x512_transparent.png","width":512,"height":512,"caption":"\u00cd\u00fer\u00f3ttaf\u00e9lagi\u00f0 Gr\u00f3tta"},"image":{"@id":"https:\/\/grotta.is\/#\/schema\/logo\/image\/"},"sameAs":["https:\/\/www.facebook.com\/grottasport"]},{"@type":"Person","@id":"https:\/\/grotta.is\/#\/schema\/person\/08ec57bf09ee925f1b6a01540c14a5ce","name":"Grotta","url":"https:\/\/grotta.is\/en\/author\/inga\/"}]}},"_links":{"self":[{"href":"https:\/\/grotta.is\/en\/wp-json\/wp\/v2\/posts\/343985","targetHints":{"allow":["GET"]}}],"collection":[{"href":"https:\/\/grotta.is\/en\/wp-json\/wp\/v2\/posts"}],"about":[{"href":"https:\/\/grotta.is\/en\/wp-json\/wp\/v2\/types\/post"}],"author":[{"embeddable":true,"href":"https:\/\/grotta.is\/en\/wp-json\/wp\/v2\/users\/2"}],"replies":[{"embeddable":true,"href":"https:\/\/grotta.is\/en\/wp-json\/wp\/v2\/comments?post=343985"}],"version-history":[{"count":1,"href":"https:\/\/grotta.is\/en\/wp-json\/wp\/v2\/posts\/343985\/revisions"}],"predecessor-version":[{"id":343989,"href":"https:\/\/grotta.is\/en\/wp-json\/wp\/v2\/posts\/343985\/revisions\/343989"}],"wp:featuredmedia":[{"embeddable":true,"href":"https:\/\/grotta.is\/en\/wp-json\/wp\/v2\/media\/343988"}],"wp:attachment":[{"href":"https:\/\/grotta.is\/en\/wp-json\/wp\/v2\/media?parent=343985"}],"wp:term":[{"taxonomy":"category","embeddable":true,"href":"https:\/\/grotta.is\/en\/wp-json\/wp\/v2\/categories?post=343985"},{"taxonomy":"post_tag","embeddable":true,"href":"https:\/\/grotta.is\/en\/wp-json\/wp\/v2\/tags?post=343985"}],"curies":[{"name":"wp","href":"https:\/\/api.w.org\/{rel}","templated":true}]}}