{"id":342870,"date":"2021-03-24T18:09:24","date_gmt":"2021-03-24T18:09:24","guid":{"rendered":"https:\/\/grotta.is\/?p=342870"},"modified":"2021-03-24T18:10:28","modified_gmt":"2021-03-24T18:10:28","slug":"ithrottastarf-fellur-nidur-til-15-april","status":"publish","type":"post","link":"https:\/\/grotta.is\/en\/almennt\/ithrottastarf-fellur-nidur-til-15-april\/","title":{"rendered":"\u00cd\u00fer\u00f3ttastarf fellur ni\u00f0ur til 15. apr\u00edl"},"content":{"rendered":"<p>Eftir a\u00f0 fundi forsvarsmanna r\u00edkisstj\u00f3rnarinnar lauk n\u00fa r\u00e9tt \u00e1\u00f0an er lj\u00f3st a\u00f0 allt \u00ed\u00fer\u00f3ttastarf barna og fullor\u00f0inna mun liggja ni\u00f0ri fr\u00e1 og me\u00f0 morgundeginum og mun lokunin mun vara \u00ed a.m.k. \u00ferj\u00e1r vikur. \u00cd\u00fer\u00f3ttaf\u00e9lagi\u00f0 Gr\u00f3tta mun h\u00e9r eftir sem hinga\u00f0 til fara eftir \u00feeim reglum sem \u00ed gildi eru og leggja \u00fear me\u00f0 sitt af m\u00f6rkum til a\u00f0 a\u00f0 kve\u00f0a \u00feennan faraldur ni\u00f0ur.<\/p><p>N\u00fa er stutt \u00ed p\u00e1skafr\u00ed en deildirnar okkar hafa a\u00f0 mestu bo\u00f0a\u00f0 fr\u00ed fr\u00e1 \u00e6fingum \u00e1 me\u00f0an \u00e1 p\u00e1skafr\u00edi stendur. \u00dej\u00e1lfarar okkar munu \u00e1fram sinna fjar\u00fej\u00e1lfun sinna i\u00f0kenda eins og kostur er eftir a\u00f0 p\u00e1skafr\u00edi l\u00fdkur auk \u00feess sem a\u00f0alstj\u00f3rn mun leita lei\u00f0a til a\u00f0 \u00fej\u00f3nusta i\u00f0kendur, t.d. eins og gert var \u00ed s\u00ed\u00f0ustu lokun \u00ed haust me\u00f0 fr\u00e6\u00f0slufyrirlestrum sem birtir voru \u00e1 okkar mi\u00f0lum.<\/p><p>Skrifstofa Gr\u00f3ttu ver\u00f0ur opin en f\u00f3lk er be\u00f0i\u00f0 um a\u00f0 beina fyrirspurnum til skrifstofunnar \u00ed gegnum s\u00edma og\/e\u00f0a t\u00f6lvup\u00f3st \u00e1 me\u00f0an \u00e1 \u00feessu \u00e1standi varir.<\/p><p>Bestu kve\u00f0jur,<\/p><p>K\u00e1ri Gar\u00f0arsson, framkv\u00e6mdastj\u00f3ri \u00cd\u00fer\u00f3ttaf\u00e9lagsins Gr\u00f3ttu<\/p><p>S\u00edmi: 561-1135 | kari@grotta.is<\/p>","protected":false},"excerpt":{"rendered":"<p>Eftir a\u00f0 fundi forsvarsmanna r\u00edkisstj\u00f3rnarinnar lauk n\u00fa r\u00e9tt \u00e1\u00f0an er lj\u00f3st a\u00f0 allt \u00ed\u00fer\u00f3ttastarf barna og fullor\u00f0inna mun liggja ni\u00f0ri fr\u00e1 og me\u00f0 morgundeginum og mun lokunin mun vara \u00ed a.m.k. \u00ferj\u00e1r vikur. <\/p>","protected":false},"author":2,"featured_media":88035,"comment_status":"closed","ping_status":"closed","sticky":false,"template":"","format":"standard","meta":{"footnotes":""},"categories":[4],"tags":[],"class_list":["post-342870","post","type-post","status-publish","format-standard","has-post-thumbnail","hentry","category-almennt"],"yoast_head":"<!-- This site is optimized with the Yoast SEO plugin v24.3 - https:\/\/yoast.com\/wordpress\/plugins\/seo\/ -->\n<title>\u00cd\u00fer\u00f3ttastarf fellur ni\u00f0ur til 15. apr\u00edl - \u00cd\u00fer\u00f3ttaf\u00e9lagi\u00f0 Gr\u00f3tta<\/title>\n<meta name=\"robots\" content=\"index, follow, max-snippet:-1, max-image-preview:large, max-video-preview:-1\" \/>\n<link rel=\"canonical\" href=\"https:\/\/grotta.is\/en\/almennt\/ithrottastarf-fellur-nidur-til-15-april\/\" \/>\n<meta property=\"og:locale\" content=\"en_US\" \/>\n<meta property=\"og:type\" content=\"article\" \/>\n<meta property=\"og:title\" content=\"\u00cd\u00fer\u00f3ttastarf fellur ni\u00f0ur til 15. apr\u00edl - \u00cd\u00fer\u00f3ttaf\u00e9lagi\u00f0 Gr\u00f3tta\" \/>\n<meta property=\"og:description\" content=\"Eftir a\u00f0 fundi forsvarsmanna r\u00edkisstj\u00f3rnarinnar lauk n\u00fa r\u00e9tt \u00e1\u00f0an er lj\u00f3st a\u00f0 allt \u00ed\u00fer\u00f3ttastarf barna og fullor\u00f0inna mun liggja ni\u00f0ri fr\u00e1 og me\u00f0 morgundeginum og mun lokunin mun vara \u00ed a.m.k. \u00ferj\u00e1r vikur.\" \/>\n<meta property=\"og:url\" content=\"https:\/\/grotta.is\/en\/almennt\/ithrottastarf-fellur-nidur-til-15-april\/\" \/>\n<meta property=\"og:site_name\" content=\"\u00cd\u00fer\u00f3ttaf\u00e9lagi\u00f0 Gr\u00f3tta\" \/>\n<meta property=\"article:publisher\" content=\"https:\/\/www.facebook.com\/grottasport\" \/>\n<meta property=\"article:published_time\" content=\"2021-03-24T18:09:24+00:00\" \/>\n<meta property=\"article:modified_time\" content=\"2021-03-24T18:10:28+00:00\" \/>\n<meta property=\"og:image\" content=\"https:\/\/grotta.is\/wp-content\/uploads\/2020\/10\/Grotta_logo_2020_1920x1080.png\" \/>\n\t<meta property=\"og:image:width\" content=\"1920\" \/>\n\t<meta property=\"og:image:height\" content=\"1080\" \/>\n\t<meta property=\"og:image:type\" content=\"image\/png\" \/>\n<meta name=\"author\" content=\"Grotta\" \/>\n<meta name=\"twitter:card\" content=\"summary_large_image\" \/>\n<meta name=\"twitter:label1\" content=\"Written by\" \/>\n\t<meta name=\"twitter:data1\" content=\"Grotta\" \/>\n\t<meta name=\"twitter:label2\" content=\"Est. reading time\" \/>\n\t<meta name=\"twitter:data2\" content=\"1 minute\" \/>\n<script type=\"application\/ld+json\" class=\"yoast-schema-graph\">{\"@context\":\"https:\/\/schema.org\",\"@graph\":[{\"@type\":\"Article\",\"@id\":\"https:\/\/grotta.is\/almennt\/ithrottastarf-fellur-nidur-til-15-april\/#article\",\"isPartOf\":{\"@id\":\"https:\/\/grotta.is\/almennt\/ithrottastarf-fellur-nidur-til-15-april\/\"},\"author\":{\"name\":\"Grotta\",\"@id\":\"https:\/\/grotta.is\/#\/schema\/person\/08ec57bf09ee925f1b6a01540c14a5ce\"},\"headline\":\"\u00cd\u00fer\u00f3ttastarf fellur ni\u00f0ur til 15. apr\u00edl\",\"datePublished\":\"2021-03-24T18:09:24+00:00\",\"dateModified\":\"2021-03-24T18:10:28+00:00\",\"mainEntityOfPage\":{\"@id\":\"https:\/\/grotta.is\/almennt\/ithrottastarf-fellur-nidur-til-15-april\/\"},\"wordCount\":219,\"publisher\":{\"@id\":\"https:\/\/grotta.is\/#organization\"},\"image\":{\"@id\":\"https:\/\/grotta.is\/almennt\/ithrottastarf-fellur-nidur-til-15-april\/#primaryimage\"},\"thumbnailUrl\":\"https:\/\/grotta.is\/wp-content\/uploads\/2020\/10\/Grotta_logo_2020_1920x1080.png\",\"articleSection\":[\"Almennt\"],\"inLanguage\":\"en-US\"},{\"@type\":\"WebPage\",\"@id\":\"https:\/\/grotta.is\/almennt\/ithrottastarf-fellur-nidur-til-15-april\/\",\"url\":\"https:\/\/grotta.is\/almennt\/ithrottastarf-fellur-nidur-til-15-april\/\",\"name\":\"\u00cd\u00fer\u00f3ttastarf fellur ni\u00f0ur til 15. apr\u00edl - \u00cd\u00fer\u00f3ttaf\u00e9lagi\u00f0 Gr\u00f3tta\",\"isPartOf\":{\"@id\":\"https:\/\/grotta.is\/#website\"},\"primaryImageOfPage\":{\"@id\":\"https:\/\/grotta.is\/almennt\/ithrottastarf-fellur-nidur-til-15-april\/#primaryimage\"},\"image\":{\"@id\":\"https:\/\/grotta.is\/almennt\/ithrottastarf-fellur-nidur-til-15-april\/#primaryimage\"},\"thumbnailUrl\":\"https:\/\/grotta.is\/wp-content\/uploads\/2020\/10\/Grotta_logo_2020_1920x1080.png\",\"datePublished\":\"2021-03-24T18:09:24+00:00\",\"dateModified\":\"2021-03-24T18:10:28+00:00\",\"breadcrumb\":{\"@id\":\"https:\/\/grotta.is\/almennt\/ithrottastarf-fellur-nidur-til-15-april\/#breadcrumb\"},\"inLanguage\":\"en-US\",\"potentialAction\":[{\"@type\":\"ReadAction\",\"target\":[\"https:\/\/grotta.is\/almennt\/ithrottastarf-fellur-nidur-til-15-april\/\"]}]},{\"@type\":\"ImageObject\",\"inLanguage\":\"en-US\",\"@id\":\"https:\/\/grotta.is\/almennt\/ithrottastarf-fellur-nidur-til-15-april\/#primaryimage\",\"url\":\"https:\/\/grotta.is\/wp-content\/uploads\/2020\/10\/Grotta_logo_2020_1920x1080.png\",\"contentUrl\":\"https:\/\/grotta.is\/wp-content\/uploads\/2020\/10\/Grotta_logo_2020_1920x1080.png\",\"width\":1920,\"height\":1080},{\"@type\":\"BreadcrumbList\",\"@id\":\"https:\/\/grotta.is\/almennt\/ithrottastarf-fellur-nidur-til-15-april\/#breadcrumb\",\"itemListElement\":[{\"@type\":\"ListItem\",\"position\":1,\"name\":\"Home\",\"item\":\"https:\/\/grotta.is\/\"},{\"@type\":\"ListItem\",\"position\":2,\"name\":\"\u00cd\u00fer\u00f3ttastarf fellur ni\u00f0ur til 15. apr\u00edl\"}]},{\"@type\":\"WebSite\",\"@id\":\"https:\/\/grotta.is\/#website\",\"url\":\"https:\/\/grotta.is\/\",\"name\":\"\u00cd\u00fer\u00f3ttaf\u00e9lagi\u00f0 Gr\u00f3tta\",\"description\":\"\u00e1 Seltjarnarnesi\",\"publisher\":{\"@id\":\"https:\/\/grotta.is\/#organization\"},\"potentialAction\":[{\"@type\":\"SearchAction\",\"target\":{\"@type\":\"EntryPoint\",\"urlTemplate\":\"https:\/\/grotta.is\/?s={search_term_string}\"},\"query-input\":{\"@type\":\"PropertyValueSpecification\",\"valueRequired\":true,\"valueName\":\"search_term_string\"}}],\"inLanguage\":\"en-US\"},{\"@type\":\"Organization\",\"@id\":\"https:\/\/grotta.is\/#organization\",\"name\":\"\u00cd\u00fer\u00f3ttaf\u00e9lagi\u00f0 Gr\u00f3tta\",\"url\":\"https:\/\/grotta.is\/\",\"logo\":{\"@type\":\"ImageObject\",\"inLanguage\":\"en-US\",\"@id\":\"https:\/\/grotta.is\/#\/schema\/logo\/image\/\",\"url\":\"https:\/\/grotta.is\/wp-content\/uploads\/2020\/02\/ithrottafelagidgrotta_logo_512x512_transparent.png\",\"contentUrl\":\"https:\/\/grotta.is\/wp-content\/uploads\/2020\/02\/ithrottafelagidgrotta_logo_512x512_transparent.png\",\"width\":512,\"height\":512,\"caption\":\"\u00cd\u00fer\u00f3ttaf\u00e9lagi\u00f0 Gr\u00f3tta\"},\"image\":{\"@id\":\"https:\/\/grotta.is\/#\/schema\/logo\/image\/\"},\"sameAs\":[\"https:\/\/www.facebook.com\/grottasport\"]},{\"@type\":\"Person\",\"@id\":\"https:\/\/grotta.is\/#\/schema\/person\/08ec57bf09ee925f1b6a01540c14a5ce\",\"name\":\"Grotta\",\"url\":\"https:\/\/grotta.is\/en\/author\/inga\/\"}]}<\/script>\n<!-- \/ Yoast SEO plugin. -->","yoast_head_json":{"title":"\u00cd\u00fer\u00f3ttastarf fellur ni\u00f0ur til 15. apr\u00edl - \u00cd\u00fer\u00f3ttaf\u00e9lagi\u00f0 Gr\u00f3tta","robots":{"index":"index","follow":"follow","max-snippet":"max-snippet:-1","max-image-preview":"max-image-preview:large","max-video-preview":"max-video-preview:-1"},"canonical":"https:\/\/grotta.is\/en\/almennt\/ithrottastarf-fellur-nidur-til-15-april\/","og_locale":"en_US","og_type":"article","og_title":"\u00cd\u00fer\u00f3ttastarf fellur ni\u00f0ur til 15. apr\u00edl - \u00cd\u00fer\u00f3ttaf\u00e9lagi\u00f0 Gr\u00f3tta","og_description":"Eftir a\u00f0 fundi forsvarsmanna r\u00edkisstj\u00f3rnarinnar lauk n\u00fa r\u00e9tt \u00e1\u00f0an er lj\u00f3st a\u00f0 allt \u00ed\u00fer\u00f3ttastarf barna og fullor\u00f0inna mun liggja ni\u00f0ri fr\u00e1 og me\u00f0 morgundeginum og mun lokunin mun vara \u00ed a.m.k. \u00ferj\u00e1r vikur.","og_url":"https:\/\/grotta.is\/en\/almennt\/ithrottastarf-fellur-nidur-til-15-april\/","og_site_name":"\u00cd\u00fer\u00f3ttaf\u00e9lagi\u00f0 Gr\u00f3tta","article_publisher":"https:\/\/www.facebook.com\/grottasport","article_published_time":"2021-03-24T18:09:24+00:00","article_modified_time":"2021-03-24T18:10:28+00:00","og_image":[{"width":1920,"height":1080,"url":"https:\/\/grotta.is\/wp-content\/uploads\/2020\/10\/Grotta_logo_2020_1920x1080.png","type":"image\/png"}],"author":"Grotta","twitter_card":"summary_large_image","twitter_misc":{"Written by":"Grotta","Est. reading time":"1 minute"},"schema":{"@context":"https:\/\/schema.org","@graph":[{"@type":"Article","@id":"https:\/\/grotta.is\/almennt\/ithrottastarf-fellur-nidur-til-15-april\/#article","isPartOf":{"@id":"https:\/\/grotta.is\/almennt\/ithrottastarf-fellur-nidur-til-15-april\/"},"author":{"name":"Grotta","@id":"https:\/\/grotta.is\/#\/schema\/person\/08ec57bf09ee925f1b6a01540c14a5ce"},"headline":"\u00cd\u00fer\u00f3ttastarf fellur ni\u00f0ur til 15. apr\u00edl","datePublished":"2021-03-24T18:09:24+00:00","dateModified":"2021-03-24T18:10:28+00:00","mainEntityOfPage":{"@id":"https:\/\/grotta.is\/almennt\/ithrottastarf-fellur-nidur-til-15-april\/"},"wordCount":219,"publisher":{"@id":"https:\/\/grotta.is\/#organization"},"image":{"@id":"https:\/\/grotta.is\/almennt\/ithrottastarf-fellur-nidur-til-15-april\/#primaryimage"},"thumbnailUrl":"https:\/\/grotta.is\/wp-content\/uploads\/2020\/10\/Grotta_logo_2020_1920x1080.png","articleSection":["Almennt"],"inLanguage":"en-US"},{"@type":"WebPage","@id":"https:\/\/grotta.is\/almennt\/ithrottastarf-fellur-nidur-til-15-april\/","url":"https:\/\/grotta.is\/almennt\/ithrottastarf-fellur-nidur-til-15-april\/","name":"\u00cd\u00fer\u00f3ttastarf fellur ni\u00f0ur til 15. apr\u00edl - \u00cd\u00fer\u00f3ttaf\u00e9lagi\u00f0 Gr\u00f3tta","isPartOf":{"@id":"https:\/\/grotta.is\/#website"},"primaryImageOfPage":{"@id":"https:\/\/grotta.is\/almennt\/ithrottastarf-fellur-nidur-til-15-april\/#primaryimage"},"image":{"@id":"https:\/\/grotta.is\/almennt\/ithrottastarf-fellur-nidur-til-15-april\/#primaryimage"},"thumbnailUrl":"https:\/\/grotta.is\/wp-content\/uploads\/2020\/10\/Grotta_logo_2020_1920x1080.png","datePublished":"2021-03-24T18:09:24+00:00","dateModified":"2021-03-24T18:10:28+00:00","breadcrumb":{"@id":"https:\/\/grotta.is\/almennt\/ithrottastarf-fellur-nidur-til-15-april\/#breadcrumb"},"inLanguage":"en-US","potentialAction":[{"@type":"ReadAction","target":["https:\/\/grotta.is\/almennt\/ithrottastarf-fellur-nidur-til-15-april\/"]}]},{"@type":"ImageObject","inLanguage":"en-US","@id":"https:\/\/grotta.is\/almennt\/ithrottastarf-fellur-nidur-til-15-april\/#primaryimage","url":"https:\/\/grotta.is\/wp-content\/uploads\/2020\/10\/Grotta_logo_2020_1920x1080.png","contentUrl":"https:\/\/grotta.is\/wp-content\/uploads\/2020\/10\/Grotta_logo_2020_1920x1080.png","width":1920,"height":1080},{"@type":"BreadcrumbList","@id":"https:\/\/grotta.is\/almennt\/ithrottastarf-fellur-nidur-til-15-april\/#breadcrumb","itemListElement":[{"@type":"ListItem","position":1,"name":"Home","item":"https:\/\/grotta.is\/"},{"@type":"ListItem","position":2,"name":"\u00cd\u00fer\u00f3ttastarf fellur ni\u00f0ur til 15. apr\u00edl"}]},{"@type":"WebSite","@id":"https:\/\/grotta.is\/#website","url":"https:\/\/grotta.is\/","name":"\u00cd\u00fer\u00f3ttaf\u00e9lagi\u00f0 Gr\u00f3tta","description":"\u00e1 Seltjarnarnesi","publisher":{"@id":"https:\/\/grotta.is\/#organization"},"potentialAction":[{"@type":"SearchAction","target":{"@type":"EntryPoint","urlTemplate":"https:\/\/grotta.is\/?s={search_term_string}"},"query-input":{"@type":"PropertyValueSpecification","valueRequired":true,"valueName":"search_term_string"}}],"inLanguage":"en-US"},{"@type":"Organization","@id":"https:\/\/grotta.is\/#organization","name":"\u00cd\u00fer\u00f3ttaf\u00e9lagi\u00f0 Gr\u00f3tta","url":"https:\/\/grotta.is\/","logo":{"@type":"ImageObject","inLanguage":"en-US","@id":"https:\/\/grotta.is\/#\/schema\/logo\/image\/","url":"https:\/\/grotta.is\/wp-content\/uploads\/2020\/02\/ithrottafelagidgrotta_logo_512x512_transparent.png","contentUrl":"https:\/\/grotta.is\/wp-content\/uploads\/2020\/02\/ithrottafelagidgrotta_logo_512x512_transparent.png","width":512,"height":512,"caption":"\u00cd\u00fer\u00f3ttaf\u00e9lagi\u00f0 Gr\u00f3tta"},"image":{"@id":"https:\/\/grotta.is\/#\/schema\/logo\/image\/"},"sameAs":["https:\/\/www.facebook.com\/grottasport"]},{"@type":"Person","@id":"https:\/\/grotta.is\/#\/schema\/person\/08ec57bf09ee925f1b6a01540c14a5ce","name":"Grotta","url":"https:\/\/grotta.is\/en\/author\/inga\/"}]}},"_links":{"self":[{"href":"https:\/\/grotta.is\/en\/wp-json\/wp\/v2\/posts\/342870","targetHints":{"allow":["GET"]}}],"collection":[{"href":"https:\/\/grotta.is\/en\/wp-json\/wp\/v2\/posts"}],"about":[{"href":"https:\/\/grotta.is\/en\/wp-json\/wp\/v2\/types\/post"}],"author":[{"embeddable":true,"href":"https:\/\/grotta.is\/en\/wp-json\/wp\/v2\/users\/2"}],"replies":[{"embeddable":true,"href":"https:\/\/grotta.is\/en\/wp-json\/wp\/v2\/comments?post=342870"}],"version-history":[{"count":2,"href":"https:\/\/grotta.is\/en\/wp-json\/wp\/v2\/posts\/342870\/revisions"}],"predecessor-version":[{"id":342878,"href":"https:\/\/grotta.is\/en\/wp-json\/wp\/v2\/posts\/342870\/revisions\/342878"}],"wp:featuredmedia":[{"embeddable":true,"href":"https:\/\/grotta.is\/en\/wp-json\/wp\/v2\/media\/88035"}],"wp:attachment":[{"href":"https:\/\/grotta.is\/en\/wp-json\/wp\/v2\/media?parent=342870"}],"wp:term":[{"taxonomy":"category","embeddable":true,"href":"https:\/\/grotta.is\/en\/wp-json\/wp\/v2\/categories?post=342870"},{"taxonomy":"post_tag","embeddable":true,"href":"https:\/\/grotta.is\/en\/wp-json\/wp\/v2\/tags?post=342870"}],"curies":[{"name":"wp","href":"https:\/\/api.w.org\/{rel}","templated":true}]}}