{"id":342650,"date":"2021-03-21T16:57:30","date_gmt":"2021-03-21T16:57:30","guid":{"rendered":"https:\/\/grotta.is\/?p=342650"},"modified":"2021-03-21T17:01:37","modified_gmt":"2021-03-21T17:01:37","slug":"oliver-dagur-og-valtyr-mar-framlengja-vid-grottu","status":"publish","type":"post","link":"https:\/\/grotta.is\/en\/knattspyrnudeild\/oliver-dagur-og-valtyr-mar-framlengja-vid-grottu\/","title":{"rendered":"\u00d3liver Dagur og Valt\u00fdr M\u00e1r framlengja vi\u00f0 Gr\u00f3ttu"},"content":{"rendered":"<p>\u00d3liver Dagur Thorlacius og Valt\u00fdr M\u00e1r Michaelsson hafa framlengt samning sinn vi\u00f0 knattspyrnudeild Gr\u00f3ttu til tveggja \u00e1ra. Valt\u00fdr og \u00d3liver eru b\u00e1\u00f0ir uppaldir \u00ed Vesturb\u00e6num og stigu s\u00edn fyrstu skref me\u00f0 KR \u00ed Pepsi Max deildinni \u00e1\u00f0ur en \u00feeir komu yfir \u00ed Gr\u00f3ttu \u00e1ri\u00f0 2018 \u00fear sem \u00feeir hafa veri\u00f0 s\u00ed\u00f0an. \u00d3liver Dagur er 22 \u00e1ra mi\u00f0juma\u00f0ur sem hefur spila\u00f0 65 leiki fyrir Gr\u00f3ttu og skora\u00f0 \u00ed \u00feeim 20 m\u00f6rk. Valt\u00fdr M\u00e1r er 22 \u00e1ra mi\u00f0juma\u00f0ur sem \u00e1 a\u00f0 baki 39 leiki me\u00f0 Gr\u00f3ttu og hefur skora\u00f0 \u00ed \u00feeim 6 m\u00f6rk.<\/p><p>Samningarnir vi\u00f0 \u00d3liver og Valt\u00fdr eru miki\u00f0 fagna\u00f0arefni fyrir knattspyrnudeild Gr\u00f3ttu og alla stu\u00f0ningsmenn f\u00e9lagsins.<\/p><figure class=\"wp-block-image size-large\"><img fetchpriority=\"high\" decoding=\"async\" width=\"731\" height=\"1024\" src=\"https:\/\/grotta.is\/wp-content\/uploads\/2021\/03\/Stjarnan-Grotta-040-731x1024.jpg\" alt=\"\" class=\"wp-image-342653\" srcset=\"https:\/\/grotta.is\/wp-content\/uploads\/2021\/03\/Stjarnan-Grotta-040-731x1024.jpg 731w, https:\/\/grotta.is\/wp-content\/uploads\/2021\/03\/Stjarnan-Grotta-040-214x300.jpg 214w, https:\/\/grotta.is\/wp-content\/uploads\/2021\/03\/Stjarnan-Grotta-040-768x1075.jpg 768w, https:\/\/grotta.is\/wp-content\/uploads\/2021\/03\/Stjarnan-Grotta-040-9x12.jpg 9w, https:\/\/grotta.is\/wp-content\/uploads\/2021\/03\/Stjarnan-Grotta-040-600x840.jpg 600w, https:\/\/grotta.is\/wp-content\/uploads\/2021\/03\/Stjarnan-Grotta-040.jpg 907w\" sizes=\"(max-width: 731px) 100vw, 731px\" \/><\/figure>","protected":false},"excerpt":{"rendered":"<p>\u00d3liver Dagur Thorlacius og Valt\u00fdr M\u00e1r Michaelsson hafa framlengt samning sinn vi\u00f0 knattspyrnudeild Gr\u00f3ttu til tveggja \u00e1ra. Valt\u00fdr og \u00d3liver eru b\u00e1\u00f0ir uppaldir \u00ed Vesturb\u00e6num og stigu s\u00edn fyrstu skref [&hellip;]<\/p>","protected":false},"author":4,"featured_media":342653,"comment_status":"closed","ping_status":"closed","sticky":false,"template":"","format":"standard","meta":{"footnotes":""},"categories":[7],"tags":[],"class_list":["post-342650","post","type-post","status-publish","format-standard","has-post-thumbnail","hentry","category-knattspyrnudeild"],"yoast_head":"<!-- This site is optimized with the Yoast SEO plugin v24.3 - https:\/\/yoast.com\/wordpress\/plugins\/seo\/ -->\n<title>\u00d3liver Dagur og Valt\u00fdr M\u00e1r framlengja vi\u00f0 Gr\u00f3ttu - \u00cd\u00fer\u00f3ttaf\u00e9lagi\u00f0 Gr\u00f3tta<\/title>\n<meta name=\"robots\" content=\"index, follow, max-snippet:-1, max-image-preview:large, max-video-preview:-1\" \/>\n<link rel=\"canonical\" href=\"https:\/\/grotta.is\/en\/knattspyrnudeild\/oliver-dagur-og-valtyr-mar-framlengja-vid-grottu\/\" \/>\n<meta property=\"og:locale\" content=\"en_US\" \/>\n<meta property=\"og:type\" content=\"article\" \/>\n<meta property=\"og:title\" content=\"\u00d3liver Dagur og Valt\u00fdr M\u00e1r framlengja vi\u00f0 Gr\u00f3ttu - \u00cd\u00fer\u00f3ttaf\u00e9lagi\u00f0 Gr\u00f3tta\" \/>\n<meta property=\"og:description\" content=\"\u00d3liver Dagur Thorlacius og Valt\u00fdr M\u00e1r Michaelsson hafa framlengt samning sinn vi\u00f0 knattspyrnudeild Gr\u00f3ttu til tveggja \u00e1ra. Valt\u00fdr og \u00d3liver eru b\u00e1\u00f0ir uppaldir \u00ed Vesturb\u00e6num og stigu s\u00edn fyrstu skref [&hellip;]\" \/>\n<meta property=\"og:url\" content=\"https:\/\/grotta.is\/en\/knattspyrnudeild\/oliver-dagur-og-valtyr-mar-framlengja-vid-grottu\/\" \/>\n<meta property=\"og:site_name\" content=\"\u00cd\u00fer\u00f3ttaf\u00e9lagi\u00f0 Gr\u00f3tta\" \/>\n<meta property=\"article:publisher\" content=\"https:\/\/www.facebook.com\/grottasport\" \/>\n<meta property=\"article:published_time\" content=\"2021-03-21T16:57:30+00:00\" \/>\n<meta property=\"article:modified_time\" content=\"2021-03-21T17:01:37+00:00\" \/>\n<meta property=\"og:image\" content=\"https:\/\/grotta.is\/wp-content\/uploads\/2021\/03\/Stjarnan-Grotta-040.jpg\" \/>\n\t<meta property=\"og:image:width\" content=\"907\" \/>\n\t<meta property=\"og:image:height\" content=\"1270\" \/>\n\t<meta property=\"og:image:type\" content=\"image\/jpeg\" \/>\n<meta name=\"author\" content=\"J\u00f3runn M. \u00deorsteinsd\u00f3ttir\" \/>\n<meta name=\"twitter:card\" content=\"summary_large_image\" \/>\n<meta name=\"twitter:label1\" content=\"Written by\" \/>\n\t<meta name=\"twitter:data1\" content=\"J\u00f3runn M. \u00deorsteinsd\u00f3ttir\" \/>\n\t<meta name=\"twitter:label2\" content=\"Est. reading time\" \/>\n\t<meta name=\"twitter:data2\" content=\"1 minute\" \/>\n<script type=\"application\/ld+json\" class=\"yoast-schema-graph\">{\"@context\":\"https:\/\/schema.org\",\"@graph\":[{\"@type\":\"Article\",\"@id\":\"https:\/\/grotta.is\/knattspyrnudeild\/oliver-dagur-og-valtyr-mar-framlengja-vid-grottu\/#article\",\"isPartOf\":{\"@id\":\"https:\/\/grotta.is\/knattspyrnudeild\/oliver-dagur-og-valtyr-mar-framlengja-vid-grottu\/\"},\"author\":{\"name\":\"J\u00f3runn M. \u00deorsteinsd\u00f3ttir\",\"@id\":\"https:\/\/grotta.is\/#\/schema\/person\/f1fea6a85a554e8069771c3486efbd84\"},\"headline\":\"\u00d3liver Dagur og Valt\u00fdr M\u00e1r framlengja vi\u00f0 Gr\u00f3ttu\",\"datePublished\":\"2021-03-21T16:57:30+00:00\",\"dateModified\":\"2021-03-21T17:01:37+00:00\",\"mainEntityOfPage\":{\"@id\":\"https:\/\/grotta.is\/knattspyrnudeild\/oliver-dagur-og-valtyr-mar-framlengja-vid-grottu\/\"},\"wordCount\":128,\"publisher\":{\"@id\":\"https:\/\/grotta.is\/#organization\"},\"image\":{\"@id\":\"https:\/\/grotta.is\/knattspyrnudeild\/oliver-dagur-og-valtyr-mar-framlengja-vid-grottu\/#primaryimage\"},\"thumbnailUrl\":\"https:\/\/grotta.is\/wp-content\/uploads\/2021\/03\/Stjarnan-Grotta-040.jpg\",\"articleSection\":[\"Knattspyrnudeild\"],\"inLanguage\":\"en-US\"},{\"@type\":\"WebPage\",\"@id\":\"https:\/\/grotta.is\/knattspyrnudeild\/oliver-dagur-og-valtyr-mar-framlengja-vid-grottu\/\",\"url\":\"https:\/\/grotta.is\/knattspyrnudeild\/oliver-dagur-og-valtyr-mar-framlengja-vid-grottu\/\",\"name\":\"\u00d3liver Dagur og Valt\u00fdr M\u00e1r framlengja vi\u00f0 Gr\u00f3ttu - \u00cd\u00fer\u00f3ttaf\u00e9lagi\u00f0 Gr\u00f3tta\",\"isPartOf\":{\"@id\":\"https:\/\/grotta.is\/#website\"},\"primaryImageOfPage\":{\"@id\":\"https:\/\/grotta.is\/knattspyrnudeild\/oliver-dagur-og-valtyr-mar-framlengja-vid-grottu\/#primaryimage\"},\"image\":{\"@id\":\"https:\/\/grotta.is\/knattspyrnudeild\/oliver-dagur-og-valtyr-mar-framlengja-vid-grottu\/#primaryimage\"},\"thumbnailUrl\":\"https:\/\/grotta.is\/wp-content\/uploads\/2021\/03\/Stjarnan-Grotta-040.jpg\",\"datePublished\":\"2021-03-21T16:57:30+00:00\",\"dateModified\":\"2021-03-21T17:01:37+00:00\",\"breadcrumb\":{\"@id\":\"https:\/\/grotta.is\/knattspyrnudeild\/oliver-dagur-og-valtyr-mar-framlengja-vid-grottu\/#breadcrumb\"},\"inLanguage\":\"en-US\",\"potentialAction\":[{\"@type\":\"ReadAction\",\"target\":[\"https:\/\/grotta.is\/knattspyrnudeild\/oliver-dagur-og-valtyr-mar-framlengja-vid-grottu\/\"]}]},{\"@type\":\"ImageObject\",\"inLanguage\":\"en-US\",\"@id\":\"https:\/\/grotta.is\/knattspyrnudeild\/oliver-dagur-og-valtyr-mar-framlengja-vid-grottu\/#primaryimage\",\"url\":\"https:\/\/grotta.is\/wp-content\/uploads\/2021\/03\/Stjarnan-Grotta-040.jpg\",\"contentUrl\":\"https:\/\/grotta.is\/wp-content\/uploads\/2021\/03\/Stjarnan-Grotta-040.jpg\",\"width\":907,\"height\":1270},{\"@type\":\"BreadcrumbList\",\"@id\":\"https:\/\/grotta.is\/knattspyrnudeild\/oliver-dagur-og-valtyr-mar-framlengja-vid-grottu\/#breadcrumb\",\"itemListElement\":[{\"@type\":\"ListItem\",\"position\":1,\"name\":\"Home\",\"item\":\"https:\/\/grotta.is\/\"},{\"@type\":\"ListItem\",\"position\":2,\"name\":\"\u00d3liver Dagur og Valt\u00fdr M\u00e1r framlengja vi\u00f0 Gr\u00f3ttu\"}]},{\"@type\":\"WebSite\",\"@id\":\"https:\/\/grotta.is\/#website\",\"url\":\"https:\/\/grotta.is\/\",\"name\":\"\u00cd\u00fer\u00f3ttaf\u00e9lagi\u00f0 Gr\u00f3tta\",\"description\":\"\u00e1 Seltjarnarnesi\",\"publisher\":{\"@id\":\"https:\/\/grotta.is\/#organization\"},\"potentialAction\":[{\"@type\":\"SearchAction\",\"target\":{\"@type\":\"EntryPoint\",\"urlTemplate\":\"https:\/\/grotta.is\/?s={search_term_string}\"},\"query-input\":{\"@type\":\"PropertyValueSpecification\",\"valueRequired\":true,\"valueName\":\"search_term_string\"}}],\"inLanguage\":\"en-US\"},{\"@type\":\"Organization\",\"@id\":\"https:\/\/grotta.is\/#organization\",\"name\":\"\u00cd\u00fer\u00f3ttaf\u00e9lagi\u00f0 Gr\u00f3tta\",\"url\":\"https:\/\/grotta.is\/\",\"logo\":{\"@type\":\"ImageObject\",\"inLanguage\":\"en-US\",\"@id\":\"https:\/\/grotta.is\/#\/schema\/logo\/image\/\",\"url\":\"https:\/\/grotta.is\/wp-content\/uploads\/2020\/02\/ithrottafelagidgrotta_logo_512x512_transparent.png\",\"contentUrl\":\"https:\/\/grotta.is\/wp-content\/uploads\/2020\/02\/ithrottafelagidgrotta_logo_512x512_transparent.png\",\"width\":512,\"height\":512,\"caption\":\"\u00cd\u00fer\u00f3ttaf\u00e9lagi\u00f0 Gr\u00f3tta\"},\"image\":{\"@id\":\"https:\/\/grotta.is\/#\/schema\/logo\/image\/\"},\"sameAs\":[\"https:\/\/www.facebook.com\/grottasport\"]},{\"@type\":\"Person\",\"@id\":\"https:\/\/grotta.is\/#\/schema\/person\/f1fea6a85a554e8069771c3486efbd84\",\"name\":\"J\u00f3runn M. \u00deorsteinsd\u00f3ttir\",\"url\":\"https:\/\/grotta.is\/en\/author\/jorunn\/\"}]}<\/script>\n<!-- \/ Yoast SEO plugin. -->","yoast_head_json":{"title":"\u00d3liver Dagur og Valt\u00fdr M\u00e1r framlengja vi\u00f0 Gr\u00f3ttu - \u00cd\u00fer\u00f3ttaf\u00e9lagi\u00f0 Gr\u00f3tta","robots":{"index":"index","follow":"follow","max-snippet":"max-snippet:-1","max-image-preview":"max-image-preview:large","max-video-preview":"max-video-preview:-1"},"canonical":"https:\/\/grotta.is\/en\/knattspyrnudeild\/oliver-dagur-og-valtyr-mar-framlengja-vid-grottu\/","og_locale":"en_US","og_type":"article","og_title":"\u00d3liver Dagur og Valt\u00fdr M\u00e1r framlengja vi\u00f0 Gr\u00f3ttu - \u00cd\u00fer\u00f3ttaf\u00e9lagi\u00f0 Gr\u00f3tta","og_description":"\u00d3liver Dagur Thorlacius og Valt\u00fdr M\u00e1r Michaelsson hafa framlengt samning sinn vi\u00f0 knattspyrnudeild Gr\u00f3ttu til tveggja \u00e1ra. Valt\u00fdr og \u00d3liver eru b\u00e1\u00f0ir uppaldir \u00ed Vesturb\u00e6num og stigu s\u00edn fyrstu skref [&hellip;]","og_url":"https:\/\/grotta.is\/en\/knattspyrnudeild\/oliver-dagur-og-valtyr-mar-framlengja-vid-grottu\/","og_site_name":"\u00cd\u00fer\u00f3ttaf\u00e9lagi\u00f0 Gr\u00f3tta","article_publisher":"https:\/\/www.facebook.com\/grottasport","article_published_time":"2021-03-21T16:57:30+00:00","article_modified_time":"2021-03-21T17:01:37+00:00","og_image":[{"width":907,"height":1270,"url":"https:\/\/grotta.is\/wp-content\/uploads\/2021\/03\/Stjarnan-Grotta-040.jpg","type":"image\/jpeg"}],"author":"J\u00f3runn M. \u00deorsteinsd\u00f3ttir","twitter_card":"summary_large_image","twitter_misc":{"Written by":"J\u00f3runn M. \u00deorsteinsd\u00f3ttir","Est. reading time":"1 minute"},"schema":{"@context":"https:\/\/schema.org","@graph":[{"@type":"Article","@id":"https:\/\/grotta.is\/knattspyrnudeild\/oliver-dagur-og-valtyr-mar-framlengja-vid-grottu\/#article","isPartOf":{"@id":"https:\/\/grotta.is\/knattspyrnudeild\/oliver-dagur-og-valtyr-mar-framlengja-vid-grottu\/"},"author":{"name":"J\u00f3runn M. \u00deorsteinsd\u00f3ttir","@id":"https:\/\/grotta.is\/#\/schema\/person\/f1fea6a85a554e8069771c3486efbd84"},"headline":"\u00d3liver Dagur og Valt\u00fdr M\u00e1r framlengja vi\u00f0 Gr\u00f3ttu","datePublished":"2021-03-21T16:57:30+00:00","dateModified":"2021-03-21T17:01:37+00:00","mainEntityOfPage":{"@id":"https:\/\/grotta.is\/knattspyrnudeild\/oliver-dagur-og-valtyr-mar-framlengja-vid-grottu\/"},"wordCount":128,"publisher":{"@id":"https:\/\/grotta.is\/#organization"},"image":{"@id":"https:\/\/grotta.is\/knattspyrnudeild\/oliver-dagur-og-valtyr-mar-framlengja-vid-grottu\/#primaryimage"},"thumbnailUrl":"https:\/\/grotta.is\/wp-content\/uploads\/2021\/03\/Stjarnan-Grotta-040.jpg","articleSection":["Knattspyrnudeild"],"inLanguage":"en-US"},{"@type":"WebPage","@id":"https:\/\/grotta.is\/knattspyrnudeild\/oliver-dagur-og-valtyr-mar-framlengja-vid-grottu\/","url":"https:\/\/grotta.is\/knattspyrnudeild\/oliver-dagur-og-valtyr-mar-framlengja-vid-grottu\/","name":"\u00d3liver Dagur og Valt\u00fdr M\u00e1r framlengja vi\u00f0 Gr\u00f3ttu - \u00cd\u00fer\u00f3ttaf\u00e9lagi\u00f0 Gr\u00f3tta","isPartOf":{"@id":"https:\/\/grotta.is\/#website"},"primaryImageOfPage":{"@id":"https:\/\/grotta.is\/knattspyrnudeild\/oliver-dagur-og-valtyr-mar-framlengja-vid-grottu\/#primaryimage"},"image":{"@id":"https:\/\/grotta.is\/knattspyrnudeild\/oliver-dagur-og-valtyr-mar-framlengja-vid-grottu\/#primaryimage"},"thumbnailUrl":"https:\/\/grotta.is\/wp-content\/uploads\/2021\/03\/Stjarnan-Grotta-040.jpg","datePublished":"2021-03-21T16:57:30+00:00","dateModified":"2021-03-21T17:01:37+00:00","breadcrumb":{"@id":"https:\/\/grotta.is\/knattspyrnudeild\/oliver-dagur-og-valtyr-mar-framlengja-vid-grottu\/#breadcrumb"},"inLanguage":"en-US","potentialAction":[{"@type":"ReadAction","target":["https:\/\/grotta.is\/knattspyrnudeild\/oliver-dagur-og-valtyr-mar-framlengja-vid-grottu\/"]}]},{"@type":"ImageObject","inLanguage":"en-US","@id":"https:\/\/grotta.is\/knattspyrnudeild\/oliver-dagur-og-valtyr-mar-framlengja-vid-grottu\/#primaryimage","url":"https:\/\/grotta.is\/wp-content\/uploads\/2021\/03\/Stjarnan-Grotta-040.jpg","contentUrl":"https:\/\/grotta.is\/wp-content\/uploads\/2021\/03\/Stjarnan-Grotta-040.jpg","width":907,"height":1270},{"@type":"BreadcrumbList","@id":"https:\/\/grotta.is\/knattspyrnudeild\/oliver-dagur-og-valtyr-mar-framlengja-vid-grottu\/#breadcrumb","itemListElement":[{"@type":"ListItem","position":1,"name":"Home","item":"https:\/\/grotta.is\/"},{"@type":"ListItem","position":2,"name":"\u00d3liver Dagur og Valt\u00fdr M\u00e1r framlengja vi\u00f0 Gr\u00f3ttu"}]},{"@type":"WebSite","@id":"https:\/\/grotta.is\/#website","url":"https:\/\/grotta.is\/","name":"\u00cd\u00fer\u00f3ttaf\u00e9lagi\u00f0 Gr\u00f3tta","description":"\u00e1 Seltjarnarnesi","publisher":{"@id":"https:\/\/grotta.is\/#organization"},"potentialAction":[{"@type":"SearchAction","target":{"@type":"EntryPoint","urlTemplate":"https:\/\/grotta.is\/?s={search_term_string}"},"query-input":{"@type":"PropertyValueSpecification","valueRequired":true,"valueName":"search_term_string"}}],"inLanguage":"en-US"},{"@type":"Organization","@id":"https:\/\/grotta.is\/#organization","name":"\u00cd\u00fer\u00f3ttaf\u00e9lagi\u00f0 Gr\u00f3tta","url":"https:\/\/grotta.is\/","logo":{"@type":"ImageObject","inLanguage":"en-US","@id":"https:\/\/grotta.is\/#\/schema\/logo\/image\/","url":"https:\/\/grotta.is\/wp-content\/uploads\/2020\/02\/ithrottafelagidgrotta_logo_512x512_transparent.png","contentUrl":"https:\/\/grotta.is\/wp-content\/uploads\/2020\/02\/ithrottafelagidgrotta_logo_512x512_transparent.png","width":512,"height":512,"caption":"\u00cd\u00fer\u00f3ttaf\u00e9lagi\u00f0 Gr\u00f3tta"},"image":{"@id":"https:\/\/grotta.is\/#\/schema\/logo\/image\/"},"sameAs":["https:\/\/www.facebook.com\/grottasport"]},{"@type":"Person","@id":"https:\/\/grotta.is\/#\/schema\/person\/f1fea6a85a554e8069771c3486efbd84","name":"J\u00f3runn M. \u00deorsteinsd\u00f3ttir","url":"https:\/\/grotta.is\/en\/author\/jorunn\/"}]}},"_links":{"self":[{"href":"https:\/\/grotta.is\/en\/wp-json\/wp\/v2\/posts\/342650","targetHints":{"allow":["GET"]}}],"collection":[{"href":"https:\/\/grotta.is\/en\/wp-json\/wp\/v2\/posts"}],"about":[{"href":"https:\/\/grotta.is\/en\/wp-json\/wp\/v2\/types\/post"}],"author":[{"embeddable":true,"href":"https:\/\/grotta.is\/en\/wp-json\/wp\/v2\/users\/4"}],"replies":[{"embeddable":true,"href":"https:\/\/grotta.is\/en\/wp-json\/wp\/v2\/comments?post=342650"}],"version-history":[{"count":2,"href":"https:\/\/grotta.is\/en\/wp-json\/wp\/v2\/posts\/342650\/revisions"}],"predecessor-version":[{"id":342660,"href":"https:\/\/grotta.is\/en\/wp-json\/wp\/v2\/posts\/342650\/revisions\/342660"}],"wp:featuredmedia":[{"embeddable":true,"href":"https:\/\/grotta.is\/en\/wp-json\/wp\/v2\/media\/342653"}],"wp:attachment":[{"href":"https:\/\/grotta.is\/en\/wp-json\/wp\/v2\/media?parent=342650"}],"wp:term":[{"taxonomy":"category","embeddable":true,"href":"https:\/\/grotta.is\/en\/wp-json\/wp\/v2\/categories?post=342650"},{"taxonomy":"post_tag","embeddable":true,"href":"https:\/\/grotta.is\/en\/wp-json\/wp\/v2\/tags?post=342650"}],"curies":[{"name":"wp","href":"https:\/\/api.w.org\/{rel}","templated":true}]}}