{"id":342619,"date":"2021-03-20T16:35:00","date_gmt":"2021-03-20T16:35:00","guid":{"rendered":"https:\/\/grotta.is\/?p=342619"},"modified":"2021-03-20T16:37:06","modified_gmt":"2021-03-20T16:37:06","slug":"karen-gudmundsdottir-i-grottu","status":"publish","type":"post","link":"https:\/\/grotta.is\/en\/knattspyrnudeild\/karen-gudmundsdottir-i-grottu\/","title":{"rendered":"Karen Gu\u00f0mundsd\u00f3ttir \u00ed Gr\u00f3ttu"},"content":{"rendered":"<p>Hin 18 \u00e1ra gamla Karen Gu\u00f0mundsd\u00f3ttir er gengin til li\u00f0s vi\u00f0 Gr\u00f3ttu \u00e1 l\u00e1ni fr\u00e1 Val. Karen, sem er s\u00f3kndjarfur mi\u00f0juma\u00f0ur, \u00e1 a\u00f0 baki tvo meistaraflokksleiki fyrir Val en h\u00fan gl\u00edmdi vi\u00f0 erfi\u00f0 mei\u00f0sli allt s\u00ed\u00f0asta \u00e1r. \u00c1ri\u00f0 2019 l\u00e9k Karen \u00ferj\u00e1 leiki me\u00f0 U16 \u00e1ra landsli\u00f0inu og var\u00f0 m.a. bikarmeistari \u00ed 2. flokki \u00e1samt Eddu Bj\u00f6rg og Sign\u00fdju sem leika me\u00f0 Gr\u00f3ttu \u00ed dag.&nbsp;<\/p><p>P\u00e9tur R\u00f6gnvaldsson, annar \u00fej\u00e1lfara Gr\u00f3ttu, fagnar komu Karenar \u00e1 Nesi\u00f0:&nbsp;\u201e\u00dea\u00f0 eru fr\u00e1b\u00e6r t\u00ed\u00f0indi fyrir Gr\u00f3ttu a\u00f0 Karen s\u00e9 gengin til li\u00f0s vi\u00f0 f\u00e9lagi\u00f0. Karen er fj\u00f6lh\u00e6fur mi\u00f0juma\u00f0ur sem kemur me\u00f0 aukin g\u00e6\u00f0i og kraft inn\u00ed h\u00f3pinn okkar. H\u00fan mun \u00e1n efa styrkja li\u00f0i\u00f0 og hj\u00e1lpa okkur \u00ed komandi \u00e1t\u00f6kum \u00ed Lengjudeildinni.<\/p><p>Karen kva\u00f0st spennt fyrir t\u00edmabilinu me\u00f0 Gr\u00f3ttu:\u00a0\u201eM\u00e9r l\u00edst mj\u00f6g vel \u00e1 Gr\u00f3ttu. H\u00e9r er g\u00f3\u00f0 umgj\u00f6r\u00f0 og li\u00f0i\u00f0 hefur gert spennandi hluti s\u00ed\u00f0ustu \u00e1r. \u00c9g hlakka til a\u00f0 komast aftur \u00e1 fullt eftir erfi\u00f0 mei\u00f0sli og \u00e9g er viss um a\u00f0 \u00fea\u00f0 s\u00e9 spennandi t\u00edmabil framundan \u00ed Gr\u00f3ttu.&#8220;<\/p><figure class=\"wp-block-image size-large\"><img fetchpriority=\"high\" decoding=\"async\" width=\"829\" height=\"1024\" src=\"https:\/\/grotta.is\/wp-content\/uploads\/2021\/03\/IMG_2693-829x1024.jpg\" alt=\"\" class=\"wp-image-342622\" srcset=\"https:\/\/grotta.is\/wp-content\/uploads\/2021\/03\/IMG_2693-829x1024.jpg 829w, https:\/\/grotta.is\/wp-content\/uploads\/2021\/03\/IMG_2693-243x300.jpg 243w, https:\/\/grotta.is\/wp-content\/uploads\/2021\/03\/IMG_2693-768x948.jpg 768w, https:\/\/grotta.is\/wp-content\/uploads\/2021\/03\/IMG_2693-1244x1536.jpg 1244w, https:\/\/grotta.is\/wp-content\/uploads\/2021\/03\/IMG_2693-1659x2048.jpg 1659w, https:\/\/grotta.is\/wp-content\/uploads\/2021\/03\/IMG_2693-10x12.jpg 10w, https:\/\/grotta.is\/wp-content\/uploads\/2021\/03\/IMG_2693-600x741.jpg 600w\" sizes=\"(max-width: 829px) 100vw, 829px\" \/><\/figure>","protected":false},"excerpt":{"rendered":"<p>Hin 18 \u00e1ra gamla Karen Gu\u00f0mundsd\u00f3ttir er gengin til li\u00f0s vi\u00f0 Gr\u00f3ttu \u00e1 l\u00e1ni fr\u00e1 Val. Karen, sem er s\u00f3kndjarfur mi\u00f0juma\u00f0ur, \u00e1 a\u00f0 baki tvo meistaraflokksleiki fyrir Val en h\u00fan [&hellip;]<\/p>","protected":false},"author":4,"featured_media":342622,"comment_status":"closed","ping_status":"closed","sticky":false,"template":"","format":"standard","meta":{"footnotes":""},"categories":[7],"tags":[],"class_list":["post-342619","post","type-post","status-publish","format-standard","has-post-thumbnail","hentry","category-knattspyrnudeild"],"yoast_head":"<!-- This site is optimized with the Yoast SEO plugin v24.3 - https:\/\/yoast.com\/wordpress\/plugins\/seo\/ -->\n<title>Karen Gu\u00f0mundsd\u00f3ttir \u00ed Gr\u00f3ttu - \u00cd\u00fer\u00f3ttaf\u00e9lagi\u00f0 Gr\u00f3tta<\/title>\n<meta name=\"robots\" content=\"index, follow, max-snippet:-1, max-image-preview:large, max-video-preview:-1\" \/>\n<link rel=\"canonical\" href=\"https:\/\/grotta.is\/en\/knattspyrnudeild\/karen-gudmundsdottir-i-grottu\/\" \/>\n<meta property=\"og:locale\" content=\"en_US\" \/>\n<meta property=\"og:type\" content=\"article\" \/>\n<meta property=\"og:title\" content=\"Karen Gu\u00f0mundsd\u00f3ttir \u00ed Gr\u00f3ttu - \u00cd\u00fer\u00f3ttaf\u00e9lagi\u00f0 Gr\u00f3tta\" \/>\n<meta property=\"og:description\" content=\"Hin 18 \u00e1ra gamla Karen Gu\u00f0mundsd\u00f3ttir er gengin til li\u00f0s vi\u00f0 Gr\u00f3ttu \u00e1 l\u00e1ni fr\u00e1 Val. Karen, sem er s\u00f3kndjarfur mi\u00f0juma\u00f0ur, \u00e1 a\u00f0 baki tvo meistaraflokksleiki fyrir Val en h\u00fan [&hellip;]\" \/>\n<meta property=\"og:url\" content=\"https:\/\/grotta.is\/en\/knattspyrnudeild\/karen-gudmundsdottir-i-grottu\/\" \/>\n<meta property=\"og:site_name\" content=\"\u00cd\u00fer\u00f3ttaf\u00e9lagi\u00f0 Gr\u00f3tta\" \/>\n<meta property=\"article:publisher\" content=\"https:\/\/www.facebook.com\/grottasport\" \/>\n<meta property=\"article:published_time\" content=\"2021-03-20T16:35:00+00:00\" \/>\n<meta property=\"article:modified_time\" content=\"2021-03-20T16:37:06+00:00\" \/>\n<meta property=\"og:image\" content=\"https:\/\/grotta.is\/wp-content\/uploads\/2021\/03\/IMG_2693-scaled.jpg\" \/>\n\t<meta property=\"og:image:width\" content=\"2073\" \/>\n\t<meta property=\"og:image:height\" content=\"2560\" \/>\n\t<meta property=\"og:image:type\" content=\"image\/jpeg\" \/>\n<meta name=\"author\" content=\"J\u00f3runn M. \u00deorsteinsd\u00f3ttir\" \/>\n<meta name=\"twitter:card\" content=\"summary_large_image\" \/>\n<meta name=\"twitter:label1\" content=\"Written by\" \/>\n\t<meta name=\"twitter:data1\" content=\"J\u00f3runn M. \u00deorsteinsd\u00f3ttir\" \/>\n\t<meta name=\"twitter:label2\" content=\"Est. reading time\" \/>\n\t<meta name=\"twitter:data2\" content=\"1 minute\" \/>\n<script type=\"application\/ld+json\" class=\"yoast-schema-graph\">{\"@context\":\"https:\/\/schema.org\",\"@graph\":[{\"@type\":\"Article\",\"@id\":\"https:\/\/grotta.is\/knattspyrnudeild\/karen-gudmundsdottir-i-grottu\/#article\",\"isPartOf\":{\"@id\":\"https:\/\/grotta.is\/knattspyrnudeild\/karen-gudmundsdottir-i-grottu\/\"},\"author\":{\"name\":\"J\u00f3runn M. \u00deorsteinsd\u00f3ttir\",\"@id\":\"https:\/\/grotta.is\/#\/schema\/person\/f1fea6a85a554e8069771c3486efbd84\"},\"headline\":\"Karen Gu\u00f0mundsd\u00f3ttir \u00ed Gr\u00f3ttu\",\"datePublished\":\"2021-03-20T16:35:00+00:00\",\"dateModified\":\"2021-03-20T16:37:06+00:00\",\"mainEntityOfPage\":{\"@id\":\"https:\/\/grotta.is\/knattspyrnudeild\/karen-gudmundsdottir-i-grottu\/\"},\"wordCount\":213,\"publisher\":{\"@id\":\"https:\/\/grotta.is\/#organization\"},\"image\":{\"@id\":\"https:\/\/grotta.is\/knattspyrnudeild\/karen-gudmundsdottir-i-grottu\/#primaryimage\"},\"thumbnailUrl\":\"https:\/\/grotta.is\/wp-content\/uploads\/2021\/03\/IMG_2693-scaled.jpg\",\"articleSection\":[\"Knattspyrnudeild\"],\"inLanguage\":\"en-US\"},{\"@type\":\"WebPage\",\"@id\":\"https:\/\/grotta.is\/knattspyrnudeild\/karen-gudmundsdottir-i-grottu\/\",\"url\":\"https:\/\/grotta.is\/knattspyrnudeild\/karen-gudmundsdottir-i-grottu\/\",\"name\":\"Karen Gu\u00f0mundsd\u00f3ttir \u00ed Gr\u00f3ttu - \u00cd\u00fer\u00f3ttaf\u00e9lagi\u00f0 Gr\u00f3tta\",\"isPartOf\":{\"@id\":\"https:\/\/grotta.is\/#website\"},\"primaryImageOfPage\":{\"@id\":\"https:\/\/grotta.is\/knattspyrnudeild\/karen-gudmundsdottir-i-grottu\/#primaryimage\"},\"image\":{\"@id\":\"https:\/\/grotta.is\/knattspyrnudeild\/karen-gudmundsdottir-i-grottu\/#primaryimage\"},\"thumbnailUrl\":\"https:\/\/grotta.is\/wp-content\/uploads\/2021\/03\/IMG_2693-scaled.jpg\",\"datePublished\":\"2021-03-20T16:35:00+00:00\",\"dateModified\":\"2021-03-20T16:37:06+00:00\",\"breadcrumb\":{\"@id\":\"https:\/\/grotta.is\/knattspyrnudeild\/karen-gudmundsdottir-i-grottu\/#breadcrumb\"},\"inLanguage\":\"en-US\",\"potentialAction\":[{\"@type\":\"ReadAction\",\"target\":[\"https:\/\/grotta.is\/knattspyrnudeild\/karen-gudmundsdottir-i-grottu\/\"]}]},{\"@type\":\"ImageObject\",\"inLanguage\":\"en-US\",\"@id\":\"https:\/\/grotta.is\/knattspyrnudeild\/karen-gudmundsdottir-i-grottu\/#primaryimage\",\"url\":\"https:\/\/grotta.is\/wp-content\/uploads\/2021\/03\/IMG_2693-scaled.jpg\",\"contentUrl\":\"https:\/\/grotta.is\/wp-content\/uploads\/2021\/03\/IMG_2693-scaled.jpg\",\"width\":2073,\"height\":2560},{\"@type\":\"BreadcrumbList\",\"@id\":\"https:\/\/grotta.is\/knattspyrnudeild\/karen-gudmundsdottir-i-grottu\/#breadcrumb\",\"itemListElement\":[{\"@type\":\"ListItem\",\"position\":1,\"name\":\"Home\",\"item\":\"https:\/\/grotta.is\/\"},{\"@type\":\"ListItem\",\"position\":2,\"name\":\"Karen Gu\u00f0mundsd\u00f3ttir \u00ed Gr\u00f3ttu\"}]},{\"@type\":\"WebSite\",\"@id\":\"https:\/\/grotta.is\/#website\",\"url\":\"https:\/\/grotta.is\/\",\"name\":\"\u00cd\u00fer\u00f3ttaf\u00e9lagi\u00f0 Gr\u00f3tta\",\"description\":\"\u00e1 Seltjarnarnesi\",\"publisher\":{\"@id\":\"https:\/\/grotta.is\/#organization\"},\"potentialAction\":[{\"@type\":\"SearchAction\",\"target\":{\"@type\":\"EntryPoint\",\"urlTemplate\":\"https:\/\/grotta.is\/?s={search_term_string}\"},\"query-input\":{\"@type\":\"PropertyValueSpecification\",\"valueRequired\":true,\"valueName\":\"search_term_string\"}}],\"inLanguage\":\"en-US\"},{\"@type\":\"Organization\",\"@id\":\"https:\/\/grotta.is\/#organization\",\"name\":\"\u00cd\u00fer\u00f3ttaf\u00e9lagi\u00f0 Gr\u00f3tta\",\"url\":\"https:\/\/grotta.is\/\",\"logo\":{\"@type\":\"ImageObject\",\"inLanguage\":\"en-US\",\"@id\":\"https:\/\/grotta.is\/#\/schema\/logo\/image\/\",\"url\":\"https:\/\/grotta.is\/wp-content\/uploads\/2020\/02\/ithrottafelagidgrotta_logo_512x512_transparent.png\",\"contentUrl\":\"https:\/\/grotta.is\/wp-content\/uploads\/2020\/02\/ithrottafelagidgrotta_logo_512x512_transparent.png\",\"width\":512,\"height\":512,\"caption\":\"\u00cd\u00fer\u00f3ttaf\u00e9lagi\u00f0 Gr\u00f3tta\"},\"image\":{\"@id\":\"https:\/\/grotta.is\/#\/schema\/logo\/image\/\"},\"sameAs\":[\"https:\/\/www.facebook.com\/grottasport\"]},{\"@type\":\"Person\",\"@id\":\"https:\/\/grotta.is\/#\/schema\/person\/f1fea6a85a554e8069771c3486efbd84\",\"name\":\"J\u00f3runn M. \u00deorsteinsd\u00f3ttir\",\"url\":\"https:\/\/grotta.is\/en\/author\/jorunn\/\"}]}<\/script>\n<!-- \/ Yoast SEO plugin. -->","yoast_head_json":{"title":"Karen Gu\u00f0mundsd\u00f3ttir \u00ed Gr\u00f3ttu - \u00cd\u00fer\u00f3ttaf\u00e9lagi\u00f0 Gr\u00f3tta","robots":{"index":"index","follow":"follow","max-snippet":"max-snippet:-1","max-image-preview":"max-image-preview:large","max-video-preview":"max-video-preview:-1"},"canonical":"https:\/\/grotta.is\/en\/knattspyrnudeild\/karen-gudmundsdottir-i-grottu\/","og_locale":"en_US","og_type":"article","og_title":"Karen Gu\u00f0mundsd\u00f3ttir \u00ed Gr\u00f3ttu - \u00cd\u00fer\u00f3ttaf\u00e9lagi\u00f0 Gr\u00f3tta","og_description":"Hin 18 \u00e1ra gamla Karen Gu\u00f0mundsd\u00f3ttir er gengin til li\u00f0s vi\u00f0 Gr\u00f3ttu \u00e1 l\u00e1ni fr\u00e1 Val. Karen, sem er s\u00f3kndjarfur mi\u00f0juma\u00f0ur, \u00e1 a\u00f0 baki tvo meistaraflokksleiki fyrir Val en h\u00fan [&hellip;]","og_url":"https:\/\/grotta.is\/en\/knattspyrnudeild\/karen-gudmundsdottir-i-grottu\/","og_site_name":"\u00cd\u00fer\u00f3ttaf\u00e9lagi\u00f0 Gr\u00f3tta","article_publisher":"https:\/\/www.facebook.com\/grottasport","article_published_time":"2021-03-20T16:35:00+00:00","article_modified_time":"2021-03-20T16:37:06+00:00","og_image":[{"width":2073,"height":2560,"url":"https:\/\/grotta.is\/wp-content\/uploads\/2021\/03\/IMG_2693-scaled.jpg","type":"image\/jpeg"}],"author":"J\u00f3runn M. \u00deorsteinsd\u00f3ttir","twitter_card":"summary_large_image","twitter_misc":{"Written by":"J\u00f3runn M. \u00deorsteinsd\u00f3ttir","Est. reading time":"1 minute"},"schema":{"@context":"https:\/\/schema.org","@graph":[{"@type":"Article","@id":"https:\/\/grotta.is\/knattspyrnudeild\/karen-gudmundsdottir-i-grottu\/#article","isPartOf":{"@id":"https:\/\/grotta.is\/knattspyrnudeild\/karen-gudmundsdottir-i-grottu\/"},"author":{"name":"J\u00f3runn M. \u00deorsteinsd\u00f3ttir","@id":"https:\/\/grotta.is\/#\/schema\/person\/f1fea6a85a554e8069771c3486efbd84"},"headline":"Karen Gu\u00f0mundsd\u00f3ttir \u00ed Gr\u00f3ttu","datePublished":"2021-03-20T16:35:00+00:00","dateModified":"2021-03-20T16:37:06+00:00","mainEntityOfPage":{"@id":"https:\/\/grotta.is\/knattspyrnudeild\/karen-gudmundsdottir-i-grottu\/"},"wordCount":213,"publisher":{"@id":"https:\/\/grotta.is\/#organization"},"image":{"@id":"https:\/\/grotta.is\/knattspyrnudeild\/karen-gudmundsdottir-i-grottu\/#primaryimage"},"thumbnailUrl":"https:\/\/grotta.is\/wp-content\/uploads\/2021\/03\/IMG_2693-scaled.jpg","articleSection":["Knattspyrnudeild"],"inLanguage":"en-US"},{"@type":"WebPage","@id":"https:\/\/grotta.is\/knattspyrnudeild\/karen-gudmundsdottir-i-grottu\/","url":"https:\/\/grotta.is\/knattspyrnudeild\/karen-gudmundsdottir-i-grottu\/","name":"Karen Gu\u00f0mundsd\u00f3ttir \u00ed Gr\u00f3ttu - \u00cd\u00fer\u00f3ttaf\u00e9lagi\u00f0 Gr\u00f3tta","isPartOf":{"@id":"https:\/\/grotta.is\/#website"},"primaryImageOfPage":{"@id":"https:\/\/grotta.is\/knattspyrnudeild\/karen-gudmundsdottir-i-grottu\/#primaryimage"},"image":{"@id":"https:\/\/grotta.is\/knattspyrnudeild\/karen-gudmundsdottir-i-grottu\/#primaryimage"},"thumbnailUrl":"https:\/\/grotta.is\/wp-content\/uploads\/2021\/03\/IMG_2693-scaled.jpg","datePublished":"2021-03-20T16:35:00+00:00","dateModified":"2021-03-20T16:37:06+00:00","breadcrumb":{"@id":"https:\/\/grotta.is\/knattspyrnudeild\/karen-gudmundsdottir-i-grottu\/#breadcrumb"},"inLanguage":"en-US","potentialAction":[{"@type":"ReadAction","target":["https:\/\/grotta.is\/knattspyrnudeild\/karen-gudmundsdottir-i-grottu\/"]}]},{"@type":"ImageObject","inLanguage":"en-US","@id":"https:\/\/grotta.is\/knattspyrnudeild\/karen-gudmundsdottir-i-grottu\/#primaryimage","url":"https:\/\/grotta.is\/wp-content\/uploads\/2021\/03\/IMG_2693-scaled.jpg","contentUrl":"https:\/\/grotta.is\/wp-content\/uploads\/2021\/03\/IMG_2693-scaled.jpg","width":2073,"height":2560},{"@type":"BreadcrumbList","@id":"https:\/\/grotta.is\/knattspyrnudeild\/karen-gudmundsdottir-i-grottu\/#breadcrumb","itemListElement":[{"@type":"ListItem","position":1,"name":"Home","item":"https:\/\/grotta.is\/"},{"@type":"ListItem","position":2,"name":"Karen Gu\u00f0mundsd\u00f3ttir \u00ed Gr\u00f3ttu"}]},{"@type":"WebSite","@id":"https:\/\/grotta.is\/#website","url":"https:\/\/grotta.is\/","name":"\u00cd\u00fer\u00f3ttaf\u00e9lagi\u00f0 Gr\u00f3tta","description":"\u00e1 Seltjarnarnesi","publisher":{"@id":"https:\/\/grotta.is\/#organization"},"potentialAction":[{"@type":"SearchAction","target":{"@type":"EntryPoint","urlTemplate":"https:\/\/grotta.is\/?s={search_term_string}"},"query-input":{"@type":"PropertyValueSpecification","valueRequired":true,"valueName":"search_term_string"}}],"inLanguage":"en-US"},{"@type":"Organization","@id":"https:\/\/grotta.is\/#organization","name":"\u00cd\u00fer\u00f3ttaf\u00e9lagi\u00f0 Gr\u00f3tta","url":"https:\/\/grotta.is\/","logo":{"@type":"ImageObject","inLanguage":"en-US","@id":"https:\/\/grotta.is\/#\/schema\/logo\/image\/","url":"https:\/\/grotta.is\/wp-content\/uploads\/2020\/02\/ithrottafelagidgrotta_logo_512x512_transparent.png","contentUrl":"https:\/\/grotta.is\/wp-content\/uploads\/2020\/02\/ithrottafelagidgrotta_logo_512x512_transparent.png","width":512,"height":512,"caption":"\u00cd\u00fer\u00f3ttaf\u00e9lagi\u00f0 Gr\u00f3tta"},"image":{"@id":"https:\/\/grotta.is\/#\/schema\/logo\/image\/"},"sameAs":["https:\/\/www.facebook.com\/grottasport"]},{"@type":"Person","@id":"https:\/\/grotta.is\/#\/schema\/person\/f1fea6a85a554e8069771c3486efbd84","name":"J\u00f3runn M. \u00deorsteinsd\u00f3ttir","url":"https:\/\/grotta.is\/en\/author\/jorunn\/"}]}},"_links":{"self":[{"href":"https:\/\/grotta.is\/en\/wp-json\/wp\/v2\/posts\/342619","targetHints":{"allow":["GET"]}}],"collection":[{"href":"https:\/\/grotta.is\/en\/wp-json\/wp\/v2\/posts"}],"about":[{"href":"https:\/\/grotta.is\/en\/wp-json\/wp\/v2\/types\/post"}],"author":[{"embeddable":true,"href":"https:\/\/grotta.is\/en\/wp-json\/wp\/v2\/users\/4"}],"replies":[{"embeddable":true,"href":"https:\/\/grotta.is\/en\/wp-json\/wp\/v2\/comments?post=342619"}],"version-history":[{"count":2,"href":"https:\/\/grotta.is\/en\/wp-json\/wp\/v2\/posts\/342619\/revisions"}],"predecessor-version":[{"id":342627,"href":"https:\/\/grotta.is\/en\/wp-json\/wp\/v2\/posts\/342619\/revisions\/342627"}],"wp:featuredmedia":[{"embeddable":true,"href":"https:\/\/grotta.is\/en\/wp-json\/wp\/v2\/media\/342622"}],"wp:attachment":[{"href":"https:\/\/grotta.is\/en\/wp-json\/wp\/v2\/media?parent=342619"}],"wp:term":[{"taxonomy":"category","embeddable":true,"href":"https:\/\/grotta.is\/en\/wp-json\/wp\/v2\/categories?post=342619"},{"taxonomy":"post_tag","embeddable":true,"href":"https:\/\/grotta.is\/en\/wp-json\/wp\/v2\/tags?post=342619"}],"curies":[{"name":"wp","href":"https:\/\/api.w.org\/{rel}","templated":true}]}}