{"id":342612,"date":"2021-03-20T16:31:31","date_gmt":"2021-03-20T16:31:31","guid":{"rendered":"https:\/\/grotta.is\/?p=342612"},"modified":"2021-03-20T16:31:32","modified_gmt":"2021-03-20T16:31:32","slug":"kjartan-kari-i-aefingahop-u19-ara-landslidsins","status":"publish","type":"post","link":"https:\/\/grotta.is\/en\/knattspyrnudeild\/kjartan-kari-i-aefingahop-u19-ara-landslidsins\/","title":{"rendered":"Kjartan K\u00e1ri \u00ed \u00e6fingah\u00f3p U19 \u00e1ra landsli\u00f0sins"},"content":{"rendered":"<p>Gr\u00f3ttuma\u00f0urinn Kjartan K\u00e1ri Halld\u00f3rsson er \u00ed \u00e6fingah\u00f3p U19 \u00e1ra landsli\u00f0sins. \u00d3lafur Ingi Sk\u00falason, landsli\u00f0s\u00fej\u00e1lfari U19 karla, hefur vali\u00f0 23 leikmenn fr\u00e1 12 f\u00e9l\u00f6gum til \u00e6finga 25.-28. mars, en \u00e6fingarnar fara fram \u00ed Skessunni \u00ed Hafnarfir\u00f0i.<br>Til hamingju Kjartan! ??<\/p><figure class=\"wp-block-image size-large\"><img fetchpriority=\"high\" decoding=\"async\" width=\"731\" height=\"1024\" src=\"https:\/\/grotta.is\/wp-content\/uploads\/2021\/03\/kjartan-731x1024.jpg\" alt=\"\" class=\"wp-image-342615\" srcset=\"https:\/\/grotta.is\/wp-content\/uploads\/2021\/03\/kjartan-731x1024.jpg 731w, https:\/\/grotta.is\/wp-content\/uploads\/2021\/03\/kjartan-214x300.jpg 214w, https:\/\/grotta.is\/wp-content\/uploads\/2021\/03\/kjartan-768x1075.jpg 768w, https:\/\/grotta.is\/wp-content\/uploads\/2021\/03\/kjartan-9x12.jpg 9w, https:\/\/grotta.is\/wp-content\/uploads\/2021\/03\/kjartan-600x840.jpg 600w, https:\/\/grotta.is\/wp-content\/uploads\/2021\/03\/kjartan.jpg 907w\" sizes=\"(max-width: 731px) 100vw, 731px\" \/><\/figure>","protected":false},"excerpt":{"rendered":"<p>Gr\u00f3ttuma\u00f0urinn Kjartan K\u00e1ri Halld\u00f3rsson er \u00ed \u00e6fingah\u00f3p U19 \u00e1ra landsli\u00f0sins. \u00d3lafur Ingi Sk\u00falason, landsli\u00f0s\u00fej\u00e1lfari U19 karla, hefur vali\u00f0 23 leikmenn fr\u00e1 12 f\u00e9l\u00f6gum til \u00e6finga 25.-28. mars, en \u00e6fingarnar fara [&hellip;]<\/p>","protected":false},"author":4,"featured_media":342615,"comment_status":"closed","ping_status":"closed","sticky":false,"template":"","format":"standard","meta":{"footnotes":""},"categories":[7],"tags":[],"class_list":["post-342612","post","type-post","status-publish","format-standard","has-post-thumbnail","hentry","category-knattspyrnudeild"],"yoast_head":"<!-- This site is optimized with the Yoast SEO plugin v24.3 - https:\/\/yoast.com\/wordpress\/plugins\/seo\/ -->\n<title>Kjartan K\u00e1ri \u00ed \u00e6fingah\u00f3p U19 \u00e1ra landsli\u00f0sins - \u00cd\u00fer\u00f3ttaf\u00e9lagi\u00f0 Gr\u00f3tta<\/title>\n<meta name=\"robots\" content=\"index, follow, max-snippet:-1, max-image-preview:large, max-video-preview:-1\" \/>\n<link rel=\"canonical\" href=\"https:\/\/grotta.is\/en\/knattspyrnudeild\/kjartan-kari-i-aefingahop-u19-ara-landslidsins\/\" \/>\n<meta property=\"og:locale\" content=\"en_US\" \/>\n<meta property=\"og:type\" content=\"article\" \/>\n<meta property=\"og:title\" content=\"Kjartan K\u00e1ri \u00ed \u00e6fingah\u00f3p U19 \u00e1ra landsli\u00f0sins - \u00cd\u00fer\u00f3ttaf\u00e9lagi\u00f0 Gr\u00f3tta\" \/>\n<meta property=\"og:description\" content=\"Gr\u00f3ttuma\u00f0urinn Kjartan K\u00e1ri Halld\u00f3rsson er \u00ed \u00e6fingah\u00f3p U19 \u00e1ra landsli\u00f0sins. \u00d3lafur Ingi Sk\u00falason, landsli\u00f0s\u00fej\u00e1lfari U19 karla, hefur vali\u00f0 23 leikmenn fr\u00e1 12 f\u00e9l\u00f6gum til \u00e6finga 25.-28. mars, en \u00e6fingarnar fara [&hellip;]\" \/>\n<meta property=\"og:url\" content=\"https:\/\/grotta.is\/en\/knattspyrnudeild\/kjartan-kari-i-aefingahop-u19-ara-landslidsins\/\" \/>\n<meta property=\"og:site_name\" content=\"\u00cd\u00fer\u00f3ttaf\u00e9lagi\u00f0 Gr\u00f3tta\" \/>\n<meta property=\"article:publisher\" content=\"https:\/\/www.facebook.com\/grottasport\" \/>\n<meta property=\"article:published_time\" content=\"2021-03-20T16:31:31+00:00\" \/>\n<meta property=\"article:modified_time\" content=\"2021-03-20T16:31:32+00:00\" \/>\n<meta property=\"og:image\" content=\"https:\/\/grotta.is\/wp-content\/uploads\/2021\/03\/kjartan.jpg\" \/>\n\t<meta property=\"og:image:width\" content=\"907\" \/>\n\t<meta property=\"og:image:height\" content=\"1270\" \/>\n\t<meta property=\"og:image:type\" content=\"image\/jpeg\" \/>\n<meta name=\"author\" content=\"J\u00f3runn M. \u00deorsteinsd\u00f3ttir\" \/>\n<meta name=\"twitter:card\" content=\"summary_large_image\" \/>\n<meta name=\"twitter:label1\" content=\"Written by\" \/>\n\t<meta name=\"twitter:data1\" content=\"J\u00f3runn M. \u00deorsteinsd\u00f3ttir\" \/>\n\t<meta name=\"twitter:label2\" content=\"Est. reading time\" \/>\n\t<meta name=\"twitter:data2\" content=\"1 minute\" \/>\n<script type=\"application\/ld+json\" class=\"yoast-schema-graph\">{\"@context\":\"https:\/\/schema.org\",\"@graph\":[{\"@type\":\"Article\",\"@id\":\"https:\/\/grotta.is\/knattspyrnudeild\/kjartan-kari-i-aefingahop-u19-ara-landslidsins\/#article\",\"isPartOf\":{\"@id\":\"https:\/\/grotta.is\/knattspyrnudeild\/kjartan-kari-i-aefingahop-u19-ara-landslidsins\/\"},\"author\":{\"name\":\"J\u00f3runn M. \u00deorsteinsd\u00f3ttir\",\"@id\":\"https:\/\/grotta.is\/#\/schema\/person\/f1fea6a85a554e8069771c3486efbd84\"},\"headline\":\"Kjartan K\u00e1ri \u00ed \u00e6fingah\u00f3p U19 \u00e1ra landsli\u00f0sins\",\"datePublished\":\"2021-03-20T16:31:31+00:00\",\"dateModified\":\"2021-03-20T16:31:32+00:00\",\"mainEntityOfPage\":{\"@id\":\"https:\/\/grotta.is\/knattspyrnudeild\/kjartan-kari-i-aefingahop-u19-ara-landslidsins\/\"},\"wordCount\":55,\"publisher\":{\"@id\":\"https:\/\/grotta.is\/#organization\"},\"image\":{\"@id\":\"https:\/\/grotta.is\/knattspyrnudeild\/kjartan-kari-i-aefingahop-u19-ara-landslidsins\/#primaryimage\"},\"thumbnailUrl\":\"https:\/\/grotta.is\/wp-content\/uploads\/2021\/03\/kjartan.jpg\",\"articleSection\":[\"Knattspyrnudeild\"],\"inLanguage\":\"en-US\"},{\"@type\":\"WebPage\",\"@id\":\"https:\/\/grotta.is\/knattspyrnudeild\/kjartan-kari-i-aefingahop-u19-ara-landslidsins\/\",\"url\":\"https:\/\/grotta.is\/knattspyrnudeild\/kjartan-kari-i-aefingahop-u19-ara-landslidsins\/\",\"name\":\"Kjartan K\u00e1ri \u00ed \u00e6fingah\u00f3p U19 \u00e1ra landsli\u00f0sins - \u00cd\u00fer\u00f3ttaf\u00e9lagi\u00f0 Gr\u00f3tta\",\"isPartOf\":{\"@id\":\"https:\/\/grotta.is\/#website\"},\"primaryImageOfPage\":{\"@id\":\"https:\/\/grotta.is\/knattspyrnudeild\/kjartan-kari-i-aefingahop-u19-ara-landslidsins\/#primaryimage\"},\"image\":{\"@id\":\"https:\/\/grotta.is\/knattspyrnudeild\/kjartan-kari-i-aefingahop-u19-ara-landslidsins\/#primaryimage\"},\"thumbnailUrl\":\"https:\/\/grotta.is\/wp-content\/uploads\/2021\/03\/kjartan.jpg\",\"datePublished\":\"2021-03-20T16:31:31+00:00\",\"dateModified\":\"2021-03-20T16:31:32+00:00\",\"breadcrumb\":{\"@id\":\"https:\/\/grotta.is\/knattspyrnudeild\/kjartan-kari-i-aefingahop-u19-ara-landslidsins\/#breadcrumb\"},\"inLanguage\":\"en-US\",\"potentialAction\":[{\"@type\":\"ReadAction\",\"target\":[\"https:\/\/grotta.is\/knattspyrnudeild\/kjartan-kari-i-aefingahop-u19-ara-landslidsins\/\"]}]},{\"@type\":\"ImageObject\",\"inLanguage\":\"en-US\",\"@id\":\"https:\/\/grotta.is\/knattspyrnudeild\/kjartan-kari-i-aefingahop-u19-ara-landslidsins\/#primaryimage\",\"url\":\"https:\/\/grotta.is\/wp-content\/uploads\/2021\/03\/kjartan.jpg\",\"contentUrl\":\"https:\/\/grotta.is\/wp-content\/uploads\/2021\/03\/kjartan.jpg\",\"width\":907,\"height\":1270},{\"@type\":\"BreadcrumbList\",\"@id\":\"https:\/\/grotta.is\/knattspyrnudeild\/kjartan-kari-i-aefingahop-u19-ara-landslidsins\/#breadcrumb\",\"itemListElement\":[{\"@type\":\"ListItem\",\"position\":1,\"name\":\"Home\",\"item\":\"https:\/\/grotta.is\/\"},{\"@type\":\"ListItem\",\"position\":2,\"name\":\"Kjartan K\u00e1ri \u00ed \u00e6fingah\u00f3p U19 \u00e1ra landsli\u00f0sins\"}]},{\"@type\":\"WebSite\",\"@id\":\"https:\/\/grotta.is\/#website\",\"url\":\"https:\/\/grotta.is\/\",\"name\":\"\u00cd\u00fer\u00f3ttaf\u00e9lagi\u00f0 Gr\u00f3tta\",\"description\":\"\u00e1 Seltjarnarnesi\",\"publisher\":{\"@id\":\"https:\/\/grotta.is\/#organization\"},\"potentialAction\":[{\"@type\":\"SearchAction\",\"target\":{\"@type\":\"EntryPoint\",\"urlTemplate\":\"https:\/\/grotta.is\/?s={search_term_string}\"},\"query-input\":{\"@type\":\"PropertyValueSpecification\",\"valueRequired\":true,\"valueName\":\"search_term_string\"}}],\"inLanguage\":\"en-US\"},{\"@type\":\"Organization\",\"@id\":\"https:\/\/grotta.is\/#organization\",\"name\":\"\u00cd\u00fer\u00f3ttaf\u00e9lagi\u00f0 Gr\u00f3tta\",\"url\":\"https:\/\/grotta.is\/\",\"logo\":{\"@type\":\"ImageObject\",\"inLanguage\":\"en-US\",\"@id\":\"https:\/\/grotta.is\/#\/schema\/logo\/image\/\",\"url\":\"https:\/\/grotta.is\/wp-content\/uploads\/2020\/02\/ithrottafelagidgrotta_logo_512x512_transparent.png\",\"contentUrl\":\"https:\/\/grotta.is\/wp-content\/uploads\/2020\/02\/ithrottafelagidgrotta_logo_512x512_transparent.png\",\"width\":512,\"height\":512,\"caption\":\"\u00cd\u00fer\u00f3ttaf\u00e9lagi\u00f0 Gr\u00f3tta\"},\"image\":{\"@id\":\"https:\/\/grotta.is\/#\/schema\/logo\/image\/\"},\"sameAs\":[\"https:\/\/www.facebook.com\/grottasport\"]},{\"@type\":\"Person\",\"@id\":\"https:\/\/grotta.is\/#\/schema\/person\/f1fea6a85a554e8069771c3486efbd84\",\"name\":\"J\u00f3runn M. \u00deorsteinsd\u00f3ttir\",\"url\":\"https:\/\/grotta.is\/en\/author\/jorunn\/\"}]}<\/script>\n<!-- \/ Yoast SEO plugin. -->","yoast_head_json":{"title":"Kjartan K\u00e1ri \u00ed \u00e6fingah\u00f3p U19 \u00e1ra landsli\u00f0sins - \u00cd\u00fer\u00f3ttaf\u00e9lagi\u00f0 Gr\u00f3tta","robots":{"index":"index","follow":"follow","max-snippet":"max-snippet:-1","max-image-preview":"max-image-preview:large","max-video-preview":"max-video-preview:-1"},"canonical":"https:\/\/grotta.is\/en\/knattspyrnudeild\/kjartan-kari-i-aefingahop-u19-ara-landslidsins\/","og_locale":"en_US","og_type":"article","og_title":"Kjartan K\u00e1ri \u00ed \u00e6fingah\u00f3p U19 \u00e1ra landsli\u00f0sins - \u00cd\u00fer\u00f3ttaf\u00e9lagi\u00f0 Gr\u00f3tta","og_description":"Gr\u00f3ttuma\u00f0urinn Kjartan K\u00e1ri Halld\u00f3rsson er \u00ed \u00e6fingah\u00f3p U19 \u00e1ra landsli\u00f0sins. \u00d3lafur Ingi Sk\u00falason, landsli\u00f0s\u00fej\u00e1lfari U19 karla, hefur vali\u00f0 23 leikmenn fr\u00e1 12 f\u00e9l\u00f6gum til \u00e6finga 25.-28. mars, en \u00e6fingarnar fara [&hellip;]","og_url":"https:\/\/grotta.is\/en\/knattspyrnudeild\/kjartan-kari-i-aefingahop-u19-ara-landslidsins\/","og_site_name":"\u00cd\u00fer\u00f3ttaf\u00e9lagi\u00f0 Gr\u00f3tta","article_publisher":"https:\/\/www.facebook.com\/grottasport","article_published_time":"2021-03-20T16:31:31+00:00","article_modified_time":"2021-03-20T16:31:32+00:00","og_image":[{"width":907,"height":1270,"url":"https:\/\/grotta.is\/wp-content\/uploads\/2021\/03\/kjartan.jpg","type":"image\/jpeg"}],"author":"J\u00f3runn M. \u00deorsteinsd\u00f3ttir","twitter_card":"summary_large_image","twitter_misc":{"Written by":"J\u00f3runn M. \u00deorsteinsd\u00f3ttir","Est. reading time":"1 minute"},"schema":{"@context":"https:\/\/schema.org","@graph":[{"@type":"Article","@id":"https:\/\/grotta.is\/knattspyrnudeild\/kjartan-kari-i-aefingahop-u19-ara-landslidsins\/#article","isPartOf":{"@id":"https:\/\/grotta.is\/knattspyrnudeild\/kjartan-kari-i-aefingahop-u19-ara-landslidsins\/"},"author":{"name":"J\u00f3runn M. \u00deorsteinsd\u00f3ttir","@id":"https:\/\/grotta.is\/#\/schema\/person\/f1fea6a85a554e8069771c3486efbd84"},"headline":"Kjartan K\u00e1ri \u00ed \u00e6fingah\u00f3p U19 \u00e1ra landsli\u00f0sins","datePublished":"2021-03-20T16:31:31+00:00","dateModified":"2021-03-20T16:31:32+00:00","mainEntityOfPage":{"@id":"https:\/\/grotta.is\/knattspyrnudeild\/kjartan-kari-i-aefingahop-u19-ara-landslidsins\/"},"wordCount":55,"publisher":{"@id":"https:\/\/grotta.is\/#organization"},"image":{"@id":"https:\/\/grotta.is\/knattspyrnudeild\/kjartan-kari-i-aefingahop-u19-ara-landslidsins\/#primaryimage"},"thumbnailUrl":"https:\/\/grotta.is\/wp-content\/uploads\/2021\/03\/kjartan.jpg","articleSection":["Knattspyrnudeild"],"inLanguage":"en-US"},{"@type":"WebPage","@id":"https:\/\/grotta.is\/knattspyrnudeild\/kjartan-kari-i-aefingahop-u19-ara-landslidsins\/","url":"https:\/\/grotta.is\/knattspyrnudeild\/kjartan-kari-i-aefingahop-u19-ara-landslidsins\/","name":"Kjartan K\u00e1ri \u00ed \u00e6fingah\u00f3p U19 \u00e1ra landsli\u00f0sins - \u00cd\u00fer\u00f3ttaf\u00e9lagi\u00f0 Gr\u00f3tta","isPartOf":{"@id":"https:\/\/grotta.is\/#website"},"primaryImageOfPage":{"@id":"https:\/\/grotta.is\/knattspyrnudeild\/kjartan-kari-i-aefingahop-u19-ara-landslidsins\/#primaryimage"},"image":{"@id":"https:\/\/grotta.is\/knattspyrnudeild\/kjartan-kari-i-aefingahop-u19-ara-landslidsins\/#primaryimage"},"thumbnailUrl":"https:\/\/grotta.is\/wp-content\/uploads\/2021\/03\/kjartan.jpg","datePublished":"2021-03-20T16:31:31+00:00","dateModified":"2021-03-20T16:31:32+00:00","breadcrumb":{"@id":"https:\/\/grotta.is\/knattspyrnudeild\/kjartan-kari-i-aefingahop-u19-ara-landslidsins\/#breadcrumb"},"inLanguage":"en-US","potentialAction":[{"@type":"ReadAction","target":["https:\/\/grotta.is\/knattspyrnudeild\/kjartan-kari-i-aefingahop-u19-ara-landslidsins\/"]}]},{"@type":"ImageObject","inLanguage":"en-US","@id":"https:\/\/grotta.is\/knattspyrnudeild\/kjartan-kari-i-aefingahop-u19-ara-landslidsins\/#primaryimage","url":"https:\/\/grotta.is\/wp-content\/uploads\/2021\/03\/kjartan.jpg","contentUrl":"https:\/\/grotta.is\/wp-content\/uploads\/2021\/03\/kjartan.jpg","width":907,"height":1270},{"@type":"BreadcrumbList","@id":"https:\/\/grotta.is\/knattspyrnudeild\/kjartan-kari-i-aefingahop-u19-ara-landslidsins\/#breadcrumb","itemListElement":[{"@type":"ListItem","position":1,"name":"Home","item":"https:\/\/grotta.is\/"},{"@type":"ListItem","position":2,"name":"Kjartan K\u00e1ri \u00ed \u00e6fingah\u00f3p U19 \u00e1ra landsli\u00f0sins"}]},{"@type":"WebSite","@id":"https:\/\/grotta.is\/#website","url":"https:\/\/grotta.is\/","name":"\u00cd\u00fer\u00f3ttaf\u00e9lagi\u00f0 Gr\u00f3tta","description":"\u00e1 Seltjarnarnesi","publisher":{"@id":"https:\/\/grotta.is\/#organization"},"potentialAction":[{"@type":"SearchAction","target":{"@type":"EntryPoint","urlTemplate":"https:\/\/grotta.is\/?s={search_term_string}"},"query-input":{"@type":"PropertyValueSpecification","valueRequired":true,"valueName":"search_term_string"}}],"inLanguage":"en-US"},{"@type":"Organization","@id":"https:\/\/grotta.is\/#organization","name":"\u00cd\u00fer\u00f3ttaf\u00e9lagi\u00f0 Gr\u00f3tta","url":"https:\/\/grotta.is\/","logo":{"@type":"ImageObject","inLanguage":"en-US","@id":"https:\/\/grotta.is\/#\/schema\/logo\/image\/","url":"https:\/\/grotta.is\/wp-content\/uploads\/2020\/02\/ithrottafelagidgrotta_logo_512x512_transparent.png","contentUrl":"https:\/\/grotta.is\/wp-content\/uploads\/2020\/02\/ithrottafelagidgrotta_logo_512x512_transparent.png","width":512,"height":512,"caption":"\u00cd\u00fer\u00f3ttaf\u00e9lagi\u00f0 Gr\u00f3tta"},"image":{"@id":"https:\/\/grotta.is\/#\/schema\/logo\/image\/"},"sameAs":["https:\/\/www.facebook.com\/grottasport"]},{"@type":"Person","@id":"https:\/\/grotta.is\/#\/schema\/person\/f1fea6a85a554e8069771c3486efbd84","name":"J\u00f3runn M. \u00deorsteinsd\u00f3ttir","url":"https:\/\/grotta.is\/en\/author\/jorunn\/"}]}},"_links":{"self":[{"href":"https:\/\/grotta.is\/en\/wp-json\/wp\/v2\/posts\/342612","targetHints":{"allow":["GET"]}}],"collection":[{"href":"https:\/\/grotta.is\/en\/wp-json\/wp\/v2\/posts"}],"about":[{"href":"https:\/\/grotta.is\/en\/wp-json\/wp\/v2\/types\/post"}],"author":[{"embeddable":true,"href":"https:\/\/grotta.is\/en\/wp-json\/wp\/v2\/users\/4"}],"replies":[{"embeddable":true,"href":"https:\/\/grotta.is\/en\/wp-json\/wp\/v2\/comments?post=342612"}],"version-history":[{"count":1,"href":"https:\/\/grotta.is\/en\/wp-json\/wp\/v2\/posts\/342612\/revisions"}],"predecessor-version":[{"id":342616,"href":"https:\/\/grotta.is\/en\/wp-json\/wp\/v2\/posts\/342612\/revisions\/342616"}],"wp:featuredmedia":[{"embeddable":true,"href":"https:\/\/grotta.is\/en\/wp-json\/wp\/v2\/media\/342615"}],"wp:attachment":[{"href":"https:\/\/grotta.is\/en\/wp-json\/wp\/v2\/media?parent=342612"}],"wp:term":[{"taxonomy":"category","embeddable":true,"href":"https:\/\/grotta.is\/en\/wp-json\/wp\/v2\/categories?post=342612"},{"taxonomy":"post_tag","embeddable":true,"href":"https:\/\/grotta.is\/en\/wp-json\/wp\/v2\/tags?post=342612"}],"curies":[{"name":"wp","href":"https:\/\/api.w.org\/{rel}","templated":true}]}}