{"id":342609,"date":"2021-03-20T16:29:36","date_gmt":"2021-03-20T16:29:36","guid":{"rendered":"https:\/\/grotta.is\/?p=342609"},"modified":"2021-03-20T16:29:40","modified_gmt":"2021-03-20T16:29:40","slug":"hakon-a-leidinni-a-em-med-u21-ara-landslidinu","status":"publish","type":"post","link":"https:\/\/grotta.is\/en\/knattspyrnudeild\/hakon-a-leidinni-a-em-med-u21-ara-landslidinu\/","title":{"rendered":"H\u00e1kon \u00e1 lei\u00f0inni \u00e1 EM me\u00f0 U21 \u00e1ra landsli\u00f0inu"},"content":{"rendered":"<p>H\u00e1kon Rafn Valdimarsson, markma\u00f0ur Gr\u00f3ttu, er \u00ed h\u00f3p U21 \u00e1rs landsli\u00f0sins fyrir EM 2021. M\u00f3ti\u00f0 er tv\u00edskipt, en ri\u00f0lakeppnin fer fram n\u00fana \u00ed mars og 8-li\u00f0a \u00farslit, undan\u00farslit og \u00farslit \u00ed sumar. \u00cdsland er \u00ed ri\u00f0li me\u00f0 R\u00fasslandi, Danm\u00f6rku og Frakklandi og leikur alla leiki s\u00edna \u00ed Gy\u00f6r \u00ed Ungverjalandi. Leikirnir \u00fer\u00edr ver\u00f0a \u00ed beinni \u00fatsendingu \u00e1 R\u00daV. Str\u00e1karnir hefja leik gegn R\u00fasslandi 25. mars, m\u00e6ta D\u00f6num 28. mars og enda svo ri\u00f0lakeppnina \u00e1 leik gegn Fr\u00f6kkum 31. mars.<br>Til hamingju H\u00e1kon! ??<\/p><figure class=\"wp-block-image size-large\"><img fetchpriority=\"high\" decoding=\"async\" width=\"682\" height=\"1024\" src=\"https:\/\/grotta.is\/wp-content\/uploads\/2021\/03\/ha\u0301kon-em-682x1024.jpg\" alt=\"\" class=\"wp-image-342610\" srcset=\"https:\/\/grotta.is\/wp-content\/uploads\/2021\/03\/ha\u0301kon-em-682x1024.jpg 682w, https:\/\/grotta.is\/wp-content\/uploads\/2021\/03\/ha\u0301kon-em-200x300.jpg 200w, https:\/\/grotta.is\/wp-content\/uploads\/2021\/03\/ha\u0301kon-em-768x1153.jpg 768w, https:\/\/grotta.is\/wp-content\/uploads\/2021\/03\/ha\u0301kon-em-8x12.jpg 8w, https:\/\/grotta.is\/wp-content\/uploads\/2021\/03\/ha\u0301kon-em-600x901.jpg 600w, https:\/\/grotta.is\/wp-content\/uploads\/2021\/03\/ha\u0301kon-em.jpg 922w\" sizes=\"(max-width: 682px) 100vw, 682px\" \/><\/figure>","protected":false},"excerpt":{"rendered":"<p>H\u00e1kon Rafn Valdimarsson, markma\u00f0ur Gr\u00f3ttu, er \u00ed h\u00f3p U21 \u00e1rs landsli\u00f0sins fyrir EM 2021. M\u00f3ti\u00f0 er tv\u00edskipt, en ri\u00f0lakeppnin fer fram n\u00fana \u00ed mars og 8-li\u00f0a \u00farslit, undan\u00farslit og \u00farslit [&hellip;]<\/p>","protected":false},"author":4,"featured_media":342610,"comment_status":"closed","ping_status":"closed","sticky":false,"template":"","format":"standard","meta":{"footnotes":""},"categories":[7],"tags":[],"class_list":["post-342609","post","type-post","status-publish","format-standard","has-post-thumbnail","hentry","category-knattspyrnudeild"],"yoast_head":"<!-- This site is optimized with the Yoast SEO plugin v24.3 - https:\/\/yoast.com\/wordpress\/plugins\/seo\/ -->\n<title>H\u00e1kon \u00e1 lei\u00f0inni \u00e1 EM me\u00f0 U21 \u00e1ra landsli\u00f0inu - \u00cd\u00fer\u00f3ttaf\u00e9lagi\u00f0 Gr\u00f3tta<\/title>\n<meta name=\"robots\" content=\"index, follow, max-snippet:-1, max-image-preview:large, max-video-preview:-1\" \/>\n<link rel=\"canonical\" href=\"https:\/\/grotta.is\/en\/knattspyrnudeild\/hakon-a-leidinni-a-em-med-u21-ara-landslidinu\/\" \/>\n<meta property=\"og:locale\" content=\"en_US\" \/>\n<meta property=\"og:type\" content=\"article\" \/>\n<meta property=\"og:title\" content=\"H\u00e1kon \u00e1 lei\u00f0inni \u00e1 EM me\u00f0 U21 \u00e1ra landsli\u00f0inu - \u00cd\u00fer\u00f3ttaf\u00e9lagi\u00f0 Gr\u00f3tta\" \/>\n<meta property=\"og:description\" content=\"H\u00e1kon Rafn Valdimarsson, markma\u00f0ur Gr\u00f3ttu, er \u00ed h\u00f3p U21 \u00e1rs landsli\u00f0sins fyrir EM 2021. M\u00f3ti\u00f0 er tv\u00edskipt, en ri\u00f0lakeppnin fer fram n\u00fana \u00ed mars og 8-li\u00f0a \u00farslit, undan\u00farslit og \u00farslit [&hellip;]\" \/>\n<meta property=\"og:url\" content=\"https:\/\/grotta.is\/en\/knattspyrnudeild\/hakon-a-leidinni-a-em-med-u21-ara-landslidinu\/\" \/>\n<meta property=\"og:site_name\" content=\"\u00cd\u00fer\u00f3ttaf\u00e9lagi\u00f0 Gr\u00f3tta\" \/>\n<meta property=\"article:publisher\" content=\"https:\/\/www.facebook.com\/grottasport\" \/>\n<meta property=\"article:published_time\" content=\"2021-03-20T16:29:36+00:00\" \/>\n<meta property=\"article:modified_time\" content=\"2021-03-20T16:29:40+00:00\" \/>\n<meta property=\"og:image\" content=\"https:\/\/grotta.is\/wp-content\/uploads\/2021\/03\/ha\u0301kon-em.jpg\" \/>\n\t<meta property=\"og:image:width\" content=\"922\" \/>\n\t<meta property=\"og:image:height\" content=\"1384\" \/>\n\t<meta property=\"og:image:type\" content=\"image\/jpeg\" \/>\n<meta name=\"author\" content=\"J\u00f3runn M. \u00deorsteinsd\u00f3ttir\" \/>\n<meta name=\"twitter:card\" content=\"summary_large_image\" \/>\n<meta name=\"twitter:label1\" content=\"Written by\" \/>\n\t<meta name=\"twitter:data1\" content=\"J\u00f3runn M. \u00deorsteinsd\u00f3ttir\" \/>\n\t<meta name=\"twitter:label2\" content=\"Est. reading time\" \/>\n\t<meta name=\"twitter:data2\" content=\"1 minute\" \/>\n<script type=\"application\/ld+json\" class=\"yoast-schema-graph\">{\"@context\":\"https:\/\/schema.org\",\"@graph\":[{\"@type\":\"Article\",\"@id\":\"https:\/\/grotta.is\/knattspyrnudeild\/hakon-a-leidinni-a-em-med-u21-ara-landslidinu\/#article\",\"isPartOf\":{\"@id\":\"https:\/\/grotta.is\/knattspyrnudeild\/hakon-a-leidinni-a-em-med-u21-ara-landslidinu\/\"},\"author\":{\"name\":\"J\u00f3runn M. \u00deorsteinsd\u00f3ttir\",\"@id\":\"https:\/\/grotta.is\/#\/schema\/person\/f1fea6a85a554e8069771c3486efbd84\"},\"headline\":\"H\u00e1kon \u00e1 lei\u00f0inni \u00e1 EM me\u00f0 U21 \u00e1ra landsli\u00f0inu\",\"datePublished\":\"2021-03-20T16:29:36+00:00\",\"dateModified\":\"2021-03-20T16:29:40+00:00\",\"mainEntityOfPage\":{\"@id\":\"https:\/\/grotta.is\/knattspyrnudeild\/hakon-a-leidinni-a-em-med-u21-ara-landslidinu\/\"},\"wordCount\":105,\"publisher\":{\"@id\":\"https:\/\/grotta.is\/#organization\"},\"image\":{\"@id\":\"https:\/\/grotta.is\/knattspyrnudeild\/hakon-a-leidinni-a-em-med-u21-ara-landslidinu\/#primaryimage\"},\"thumbnailUrl\":\"https:\/\/grotta.is\/wp-content\/uploads\/2021\/03\/ha\u0301kon-em.jpg\",\"articleSection\":[\"Knattspyrnudeild\"],\"inLanguage\":\"en-US\"},{\"@type\":\"WebPage\",\"@id\":\"https:\/\/grotta.is\/knattspyrnudeild\/hakon-a-leidinni-a-em-med-u21-ara-landslidinu\/\",\"url\":\"https:\/\/grotta.is\/knattspyrnudeild\/hakon-a-leidinni-a-em-med-u21-ara-landslidinu\/\",\"name\":\"H\u00e1kon \u00e1 lei\u00f0inni \u00e1 EM me\u00f0 U21 \u00e1ra landsli\u00f0inu - \u00cd\u00fer\u00f3ttaf\u00e9lagi\u00f0 Gr\u00f3tta\",\"isPartOf\":{\"@id\":\"https:\/\/grotta.is\/#website\"},\"primaryImageOfPage\":{\"@id\":\"https:\/\/grotta.is\/knattspyrnudeild\/hakon-a-leidinni-a-em-med-u21-ara-landslidinu\/#primaryimage\"},\"image\":{\"@id\":\"https:\/\/grotta.is\/knattspyrnudeild\/hakon-a-leidinni-a-em-med-u21-ara-landslidinu\/#primaryimage\"},\"thumbnailUrl\":\"https:\/\/grotta.is\/wp-content\/uploads\/2021\/03\/ha\u0301kon-em.jpg\",\"datePublished\":\"2021-03-20T16:29:36+00:00\",\"dateModified\":\"2021-03-20T16:29:40+00:00\",\"breadcrumb\":{\"@id\":\"https:\/\/grotta.is\/knattspyrnudeild\/hakon-a-leidinni-a-em-med-u21-ara-landslidinu\/#breadcrumb\"},\"inLanguage\":\"en-US\",\"potentialAction\":[{\"@type\":\"ReadAction\",\"target\":[\"https:\/\/grotta.is\/knattspyrnudeild\/hakon-a-leidinni-a-em-med-u21-ara-landslidinu\/\"]}]},{\"@type\":\"ImageObject\",\"inLanguage\":\"en-US\",\"@id\":\"https:\/\/grotta.is\/knattspyrnudeild\/hakon-a-leidinni-a-em-med-u21-ara-landslidinu\/#primaryimage\",\"url\":\"https:\/\/grotta.is\/wp-content\/uploads\/2021\/03\/ha\u0301kon-em.jpg\",\"contentUrl\":\"https:\/\/grotta.is\/wp-content\/uploads\/2021\/03\/ha\u0301kon-em.jpg\",\"width\":922,\"height\":1384},{\"@type\":\"BreadcrumbList\",\"@id\":\"https:\/\/grotta.is\/knattspyrnudeild\/hakon-a-leidinni-a-em-med-u21-ara-landslidinu\/#breadcrumb\",\"itemListElement\":[{\"@type\":\"ListItem\",\"position\":1,\"name\":\"Home\",\"item\":\"https:\/\/grotta.is\/\"},{\"@type\":\"ListItem\",\"position\":2,\"name\":\"H\u00e1kon \u00e1 lei\u00f0inni \u00e1 EM me\u00f0 U21 \u00e1ra landsli\u00f0inu\"}]},{\"@type\":\"WebSite\",\"@id\":\"https:\/\/grotta.is\/#website\",\"url\":\"https:\/\/grotta.is\/\",\"name\":\"\u00cd\u00fer\u00f3ttaf\u00e9lagi\u00f0 Gr\u00f3tta\",\"description\":\"\u00e1 Seltjarnarnesi\",\"publisher\":{\"@id\":\"https:\/\/grotta.is\/#organization\"},\"potentialAction\":[{\"@type\":\"SearchAction\",\"target\":{\"@type\":\"EntryPoint\",\"urlTemplate\":\"https:\/\/grotta.is\/?s={search_term_string}\"},\"query-input\":{\"@type\":\"PropertyValueSpecification\",\"valueRequired\":true,\"valueName\":\"search_term_string\"}}],\"inLanguage\":\"en-US\"},{\"@type\":\"Organization\",\"@id\":\"https:\/\/grotta.is\/#organization\",\"name\":\"\u00cd\u00fer\u00f3ttaf\u00e9lagi\u00f0 Gr\u00f3tta\",\"url\":\"https:\/\/grotta.is\/\",\"logo\":{\"@type\":\"ImageObject\",\"inLanguage\":\"en-US\",\"@id\":\"https:\/\/grotta.is\/#\/schema\/logo\/image\/\",\"url\":\"https:\/\/grotta.is\/wp-content\/uploads\/2020\/02\/ithrottafelagidgrotta_logo_512x512_transparent.png\",\"contentUrl\":\"https:\/\/grotta.is\/wp-content\/uploads\/2020\/02\/ithrottafelagidgrotta_logo_512x512_transparent.png\",\"width\":512,\"height\":512,\"caption\":\"\u00cd\u00fer\u00f3ttaf\u00e9lagi\u00f0 Gr\u00f3tta\"},\"image\":{\"@id\":\"https:\/\/grotta.is\/#\/schema\/logo\/image\/\"},\"sameAs\":[\"https:\/\/www.facebook.com\/grottasport\"]},{\"@type\":\"Person\",\"@id\":\"https:\/\/grotta.is\/#\/schema\/person\/f1fea6a85a554e8069771c3486efbd84\",\"name\":\"J\u00f3runn M. \u00deorsteinsd\u00f3ttir\",\"url\":\"https:\/\/grotta.is\/en\/author\/jorunn\/\"}]}<\/script>\n<!-- \/ Yoast SEO plugin. -->","yoast_head_json":{"title":"H\u00e1kon \u00e1 lei\u00f0inni \u00e1 EM me\u00f0 U21 \u00e1ra landsli\u00f0inu - \u00cd\u00fer\u00f3ttaf\u00e9lagi\u00f0 Gr\u00f3tta","robots":{"index":"index","follow":"follow","max-snippet":"max-snippet:-1","max-image-preview":"max-image-preview:large","max-video-preview":"max-video-preview:-1"},"canonical":"https:\/\/grotta.is\/en\/knattspyrnudeild\/hakon-a-leidinni-a-em-med-u21-ara-landslidinu\/","og_locale":"en_US","og_type":"article","og_title":"H\u00e1kon \u00e1 lei\u00f0inni \u00e1 EM me\u00f0 U21 \u00e1ra landsli\u00f0inu - \u00cd\u00fer\u00f3ttaf\u00e9lagi\u00f0 Gr\u00f3tta","og_description":"H\u00e1kon Rafn Valdimarsson, markma\u00f0ur Gr\u00f3ttu, er \u00ed h\u00f3p U21 \u00e1rs landsli\u00f0sins fyrir EM 2021. M\u00f3ti\u00f0 er tv\u00edskipt, en ri\u00f0lakeppnin fer fram n\u00fana \u00ed mars og 8-li\u00f0a \u00farslit, undan\u00farslit og \u00farslit [&hellip;]","og_url":"https:\/\/grotta.is\/en\/knattspyrnudeild\/hakon-a-leidinni-a-em-med-u21-ara-landslidinu\/","og_site_name":"\u00cd\u00fer\u00f3ttaf\u00e9lagi\u00f0 Gr\u00f3tta","article_publisher":"https:\/\/www.facebook.com\/grottasport","article_published_time":"2021-03-20T16:29:36+00:00","article_modified_time":"2021-03-20T16:29:40+00:00","og_image":[{"width":922,"height":1384,"url":"https:\/\/grotta.is\/wp-content\/uploads\/2021\/03\/ha\u0301kon-em.jpg","type":"image\/jpeg"}],"author":"J\u00f3runn M. \u00deorsteinsd\u00f3ttir","twitter_card":"summary_large_image","twitter_misc":{"Written by":"J\u00f3runn M. \u00deorsteinsd\u00f3ttir","Est. reading time":"1 minute"},"schema":{"@context":"https:\/\/schema.org","@graph":[{"@type":"Article","@id":"https:\/\/grotta.is\/knattspyrnudeild\/hakon-a-leidinni-a-em-med-u21-ara-landslidinu\/#article","isPartOf":{"@id":"https:\/\/grotta.is\/knattspyrnudeild\/hakon-a-leidinni-a-em-med-u21-ara-landslidinu\/"},"author":{"name":"J\u00f3runn M. \u00deorsteinsd\u00f3ttir","@id":"https:\/\/grotta.is\/#\/schema\/person\/f1fea6a85a554e8069771c3486efbd84"},"headline":"H\u00e1kon \u00e1 lei\u00f0inni \u00e1 EM me\u00f0 U21 \u00e1ra landsli\u00f0inu","datePublished":"2021-03-20T16:29:36+00:00","dateModified":"2021-03-20T16:29:40+00:00","mainEntityOfPage":{"@id":"https:\/\/grotta.is\/knattspyrnudeild\/hakon-a-leidinni-a-em-med-u21-ara-landslidinu\/"},"wordCount":105,"publisher":{"@id":"https:\/\/grotta.is\/#organization"},"image":{"@id":"https:\/\/grotta.is\/knattspyrnudeild\/hakon-a-leidinni-a-em-med-u21-ara-landslidinu\/#primaryimage"},"thumbnailUrl":"https:\/\/grotta.is\/wp-content\/uploads\/2021\/03\/ha\u0301kon-em.jpg","articleSection":["Knattspyrnudeild"],"inLanguage":"en-US"},{"@type":"WebPage","@id":"https:\/\/grotta.is\/knattspyrnudeild\/hakon-a-leidinni-a-em-med-u21-ara-landslidinu\/","url":"https:\/\/grotta.is\/knattspyrnudeild\/hakon-a-leidinni-a-em-med-u21-ara-landslidinu\/","name":"H\u00e1kon \u00e1 lei\u00f0inni \u00e1 EM me\u00f0 U21 \u00e1ra landsli\u00f0inu - \u00cd\u00fer\u00f3ttaf\u00e9lagi\u00f0 Gr\u00f3tta","isPartOf":{"@id":"https:\/\/grotta.is\/#website"},"primaryImageOfPage":{"@id":"https:\/\/grotta.is\/knattspyrnudeild\/hakon-a-leidinni-a-em-med-u21-ara-landslidinu\/#primaryimage"},"image":{"@id":"https:\/\/grotta.is\/knattspyrnudeild\/hakon-a-leidinni-a-em-med-u21-ara-landslidinu\/#primaryimage"},"thumbnailUrl":"https:\/\/grotta.is\/wp-content\/uploads\/2021\/03\/ha\u0301kon-em.jpg","datePublished":"2021-03-20T16:29:36+00:00","dateModified":"2021-03-20T16:29:40+00:00","breadcrumb":{"@id":"https:\/\/grotta.is\/knattspyrnudeild\/hakon-a-leidinni-a-em-med-u21-ara-landslidinu\/#breadcrumb"},"inLanguage":"en-US","potentialAction":[{"@type":"ReadAction","target":["https:\/\/grotta.is\/knattspyrnudeild\/hakon-a-leidinni-a-em-med-u21-ara-landslidinu\/"]}]},{"@type":"ImageObject","inLanguage":"en-US","@id":"https:\/\/grotta.is\/knattspyrnudeild\/hakon-a-leidinni-a-em-med-u21-ara-landslidinu\/#primaryimage","url":"https:\/\/grotta.is\/wp-content\/uploads\/2021\/03\/ha\u0301kon-em.jpg","contentUrl":"https:\/\/grotta.is\/wp-content\/uploads\/2021\/03\/ha\u0301kon-em.jpg","width":922,"height":1384},{"@type":"BreadcrumbList","@id":"https:\/\/grotta.is\/knattspyrnudeild\/hakon-a-leidinni-a-em-med-u21-ara-landslidinu\/#breadcrumb","itemListElement":[{"@type":"ListItem","position":1,"name":"Home","item":"https:\/\/grotta.is\/"},{"@type":"ListItem","position":2,"name":"H\u00e1kon \u00e1 lei\u00f0inni \u00e1 EM me\u00f0 U21 \u00e1ra landsli\u00f0inu"}]},{"@type":"WebSite","@id":"https:\/\/grotta.is\/#website","url":"https:\/\/grotta.is\/","name":"\u00cd\u00fer\u00f3ttaf\u00e9lagi\u00f0 Gr\u00f3tta","description":"\u00e1 Seltjarnarnesi","publisher":{"@id":"https:\/\/grotta.is\/#organization"},"potentialAction":[{"@type":"SearchAction","target":{"@type":"EntryPoint","urlTemplate":"https:\/\/grotta.is\/?s={search_term_string}"},"query-input":{"@type":"PropertyValueSpecification","valueRequired":true,"valueName":"search_term_string"}}],"inLanguage":"en-US"},{"@type":"Organization","@id":"https:\/\/grotta.is\/#organization","name":"\u00cd\u00fer\u00f3ttaf\u00e9lagi\u00f0 Gr\u00f3tta","url":"https:\/\/grotta.is\/","logo":{"@type":"ImageObject","inLanguage":"en-US","@id":"https:\/\/grotta.is\/#\/schema\/logo\/image\/","url":"https:\/\/grotta.is\/wp-content\/uploads\/2020\/02\/ithrottafelagidgrotta_logo_512x512_transparent.png","contentUrl":"https:\/\/grotta.is\/wp-content\/uploads\/2020\/02\/ithrottafelagidgrotta_logo_512x512_transparent.png","width":512,"height":512,"caption":"\u00cd\u00fer\u00f3ttaf\u00e9lagi\u00f0 Gr\u00f3tta"},"image":{"@id":"https:\/\/grotta.is\/#\/schema\/logo\/image\/"},"sameAs":["https:\/\/www.facebook.com\/grottasport"]},{"@type":"Person","@id":"https:\/\/grotta.is\/#\/schema\/person\/f1fea6a85a554e8069771c3486efbd84","name":"J\u00f3runn M. \u00deorsteinsd\u00f3ttir","url":"https:\/\/grotta.is\/en\/author\/jorunn\/"}]}},"_links":{"self":[{"href":"https:\/\/grotta.is\/en\/wp-json\/wp\/v2\/posts\/342609","targetHints":{"allow":["GET"]}}],"collection":[{"href":"https:\/\/grotta.is\/en\/wp-json\/wp\/v2\/posts"}],"about":[{"href":"https:\/\/grotta.is\/en\/wp-json\/wp\/v2\/types\/post"}],"author":[{"embeddable":true,"href":"https:\/\/grotta.is\/en\/wp-json\/wp\/v2\/users\/4"}],"replies":[{"embeddable":true,"href":"https:\/\/grotta.is\/en\/wp-json\/wp\/v2\/comments?post=342609"}],"version-history":[{"count":1,"href":"https:\/\/grotta.is\/en\/wp-json\/wp\/v2\/posts\/342609\/revisions"}],"predecessor-version":[{"id":342611,"href":"https:\/\/grotta.is\/en\/wp-json\/wp\/v2\/posts\/342609\/revisions\/342611"}],"wp:featuredmedia":[{"embeddable":true,"href":"https:\/\/grotta.is\/en\/wp-json\/wp\/v2\/media\/342610"}],"wp:attachment":[{"href":"https:\/\/grotta.is\/en\/wp-json\/wp\/v2\/media?parent=342609"}],"wp:term":[{"taxonomy":"category","embeddable":true,"href":"https:\/\/grotta.is\/en\/wp-json\/wp\/v2\/categories?post=342609"},{"taxonomy":"post_tag","embeddable":true,"href":"https:\/\/grotta.is\/en\/wp-json\/wp\/v2\/tags?post=342609"}],"curies":[{"name":"wp","href":"https:\/\/api.w.org\/{rel}","templated":true}]}}