{"id":342576,"date":"2021-03-19T15:29:32","date_gmt":"2021-03-19T15:29:32","guid":{"rendered":"https:\/\/grotta.is\/?p=342576"},"modified":"2021-03-19T15:29:40","modified_gmt":"2021-03-19T15:29:40","slug":"14-leikmenn-grottu-bodadir-a-landslidsaefingar-a-dogunum","status":"publish","type":"post","link":"https:\/\/grotta.is\/en\/handknattleiksdeild\/14-leikmenn-grottu-bodadir-a-landslidsaefingar-a-dogunum\/","title":{"rendered":"14 leikmenn Gr\u00f3ttu bo\u00f0a\u00f0ir \u00e1 landsli\u00f0s\u00e6fingar \u00e1 d\u00f6gunum"},"content":{"rendered":"<p>N\u00edu drengir voru bo\u00f0a\u00f0ir \u00e1 landsli\u00f0s\u00e6fingar hj\u00e1 fj\u00f3rum landsli\u00f0um og fimm st\u00falkur hj\u00e1 tveimur landsli\u00f0um. \u00d3lafur Brim Stef\u00e1nsson leikma\u00f0ur meistaraflokks karla var valinn \u00ed \u00e6fingah\u00f3p hj\u00e1 U-21 landsli\u00f0sh\u00f3pnum en \u00fe\u00e6r \u00e6fingar f\u00e9llu ni\u00f0ur s\u00f6kum \u00feess a\u00f0 verkefni U-21 \u00e1rs landsli\u00f0sins sem framundan var \u00ed sumar hefur veri\u00f0 afl\u00fdst s\u00f6kum heimsfaraldurs. Ari P\u00e9tur Eir\u00edksson leikma\u00f0ur 3.flokks og meistaraflokks \u00e6f\u00f0i me\u00f0 U-19 \u00e1ra landsli\u00f0inu. \u00der\u00edr leikmenn \u00e6f\u00f0u me\u00f0 U-17 \u00e1ra li\u00f0inu, \u00feeir Birgir \u00d6rn Arnarsson, Gabr\u00edel \u00d6rtenblad Bergmann og Hilmir \u00d6rn Nielsen en tveir s\u00ed\u00f0ar nefndu eru leikmenn \u00ed 4.flokki. Alex K\u00e1ri \u00de\u00f3rhallsson, Antoine \u00d3skar Pantano, Hannes P\u00e9tur Hauksson og Hrafn Ingi J\u00f3hannson \u00e6f\u00f0u me\u00f0 U-15 \u00e1ra landsli\u00f0inu allir eru \u00feeir \u00e1 yngri \u00e1ri \u00ed 4.flokki. <\/p><p>Um komandi helgi munu \u00fe\u00e6r, Hrafnhildur Hekla Gr\u00edmsd\u00f3ttir, Katr\u00edn Helga Sigurbergsd\u00f3ttir og Patricia D\u00faa Thompson \u00e6fa me\u00f0 U-21 landsli\u00f0inu og \u00e1 me\u00f0an munu \u00fe\u00e6r Katr\u00edn Anna \u00c1smundsd\u00f3ttir og Joanna Marianova Siarova \u00e6fa me\u00f0 U-17 \u00e1ra landsli\u00f0inu. Allar eru \u00fe\u00e6r \u00ed meistaraflokki Gr\u00f3ttu auk \u00feess a\u00f0 leika me\u00f0 yngri flokkum f\u00e9lagsins.<\/p><p><\/p>","protected":false},"excerpt":{"rendered":"<p>N\u00edu drengir voru bo\u00f0a\u00f0ir \u00e1 landsli\u00f0s\u00e6fingar hj\u00e1 fj\u00f3rum landsli\u00f0um og fimm st\u00falkur hj\u00e1 tveimur landsli\u00f0um. \u00d3lafur Brim Stef\u00e1nsson leikma\u00f0ur meistaraflokks karla var valinn \u00ed \u00e6fingah\u00f3p hj\u00e1 U-21 landsli\u00f0sh\u00f3pnum en \u00fe\u00e6r [&hellip;]<\/p>","protected":false},"author":2,"featured_media":342573,"comment_status":"closed","ping_status":"closed","sticky":false,"template":"","format":"standard","meta":{"footnotes":""},"categories":[12],"tags":[],"class_list":["post-342576","post","type-post","status-publish","format-standard","has-post-thumbnail","hentry","category-handknattleiksdeild"],"yoast_head":"<!-- This site is optimized with the Yoast SEO plugin v24.3 - https:\/\/yoast.com\/wordpress\/plugins\/seo\/ -->\n<title>14 leikmenn Gr\u00f3ttu bo\u00f0a\u00f0ir \u00e1 landsli\u00f0s\u00e6fingar \u00e1 d\u00f6gunum - \u00cd\u00fer\u00f3ttaf\u00e9lagi\u00f0 Gr\u00f3tta<\/title>\n<meta name=\"robots\" content=\"index, follow, max-snippet:-1, max-image-preview:large, max-video-preview:-1\" \/>\n<link rel=\"canonical\" href=\"https:\/\/grotta.is\/en\/handknattleiksdeild\/14-leikmenn-grottu-bodadir-a-landslidsaefingar-a-dogunum\/\" \/>\n<meta property=\"og:locale\" content=\"en_US\" \/>\n<meta property=\"og:type\" content=\"article\" \/>\n<meta property=\"og:title\" content=\"14 leikmenn Gr\u00f3ttu bo\u00f0a\u00f0ir \u00e1 landsli\u00f0s\u00e6fingar \u00e1 d\u00f6gunum - \u00cd\u00fer\u00f3ttaf\u00e9lagi\u00f0 Gr\u00f3tta\" \/>\n<meta property=\"og:description\" content=\"N\u00edu drengir voru bo\u00f0a\u00f0ir \u00e1 landsli\u00f0s\u00e6fingar hj\u00e1 fj\u00f3rum landsli\u00f0um og fimm st\u00falkur hj\u00e1 tveimur landsli\u00f0um. \u00d3lafur Brim Stef\u00e1nsson leikma\u00f0ur meistaraflokks karla var valinn \u00ed \u00e6fingah\u00f3p hj\u00e1 U-21 landsli\u00f0sh\u00f3pnum en \u00fe\u00e6r [&hellip;]\" \/>\n<meta property=\"og:url\" content=\"https:\/\/grotta.is\/en\/handknattleiksdeild\/14-leikmenn-grottu-bodadir-a-landslidsaefingar-a-dogunum\/\" \/>\n<meta property=\"og:site_name\" content=\"\u00cd\u00fer\u00f3ttaf\u00e9lagi\u00f0 Gr\u00f3tta\" \/>\n<meta property=\"article:publisher\" content=\"https:\/\/www.facebook.com\/grottasport\" \/>\n<meta property=\"article:published_time\" content=\"2021-03-19T15:29:32+00:00\" \/>\n<meta property=\"article:modified_time\" content=\"2021-03-19T15:29:40+00:00\" \/>\n<meta property=\"og:image\" content=\"https:\/\/grotta.is\/wp-content\/uploads\/2021\/03\/landslidsstrakar.handbolti.mars_.2021.jpg\" \/>\n\t<meta property=\"og:image:width\" content=\"2048\" \/>\n\t<meta property=\"og:image:height\" content=\"1536\" \/>\n\t<meta property=\"og:image:type\" content=\"image\/jpeg\" \/>\n<meta name=\"author\" content=\"Grotta\" \/>\n<meta name=\"twitter:card\" content=\"summary_large_image\" \/>\n<meta name=\"twitter:label1\" content=\"Written by\" \/>\n\t<meta name=\"twitter:data1\" content=\"Grotta\" \/>\n\t<meta name=\"twitter:label2\" content=\"Est. reading time\" \/>\n\t<meta name=\"twitter:data2\" content=\"1 minute\" \/>\n<script type=\"application\/ld+json\" class=\"yoast-schema-graph\">{\"@context\":\"https:\/\/schema.org\",\"@graph\":[{\"@type\":\"Article\",\"@id\":\"https:\/\/grotta.is\/handknattleiksdeild\/14-leikmenn-grottu-bodadir-a-landslidsaefingar-a-dogunum\/#article\",\"isPartOf\":{\"@id\":\"https:\/\/grotta.is\/handknattleiksdeild\/14-leikmenn-grottu-bodadir-a-landslidsaefingar-a-dogunum\/\"},\"author\":{\"name\":\"Grotta\",\"@id\":\"https:\/\/grotta.is\/#\/schema\/person\/08ec57bf09ee925f1b6a01540c14a5ce\"},\"headline\":\"14 leikmenn Gr\u00f3ttu bo\u00f0a\u00f0ir \u00e1 landsli\u00f0s\u00e6fingar \u00e1 d\u00f6gunum\",\"datePublished\":\"2021-03-19T15:29:32+00:00\",\"dateModified\":\"2021-03-19T15:29:40+00:00\",\"mainEntityOfPage\":{\"@id\":\"https:\/\/grotta.is\/handknattleiksdeild\/14-leikmenn-grottu-bodadir-a-landslidsaefingar-a-dogunum\/\"},\"wordCount\":214,\"publisher\":{\"@id\":\"https:\/\/grotta.is\/#organization\"},\"image\":{\"@id\":\"https:\/\/grotta.is\/handknattleiksdeild\/14-leikmenn-grottu-bodadir-a-landslidsaefingar-a-dogunum\/#primaryimage\"},\"thumbnailUrl\":\"https:\/\/grotta.is\/wp-content\/uploads\/2021\/03\/landslidsstrakar.handbolti.mars_.2021.jpg\",\"articleSection\":[\"Handknattleiksdeild\"],\"inLanguage\":\"en-US\"},{\"@type\":\"WebPage\",\"@id\":\"https:\/\/grotta.is\/handknattleiksdeild\/14-leikmenn-grottu-bodadir-a-landslidsaefingar-a-dogunum\/\",\"url\":\"https:\/\/grotta.is\/handknattleiksdeild\/14-leikmenn-grottu-bodadir-a-landslidsaefingar-a-dogunum\/\",\"name\":\"14 leikmenn Gr\u00f3ttu bo\u00f0a\u00f0ir \u00e1 landsli\u00f0s\u00e6fingar \u00e1 d\u00f6gunum - \u00cd\u00fer\u00f3ttaf\u00e9lagi\u00f0 Gr\u00f3tta\",\"isPartOf\":{\"@id\":\"https:\/\/grotta.is\/#website\"},\"primaryImageOfPage\":{\"@id\":\"https:\/\/grotta.is\/handknattleiksdeild\/14-leikmenn-grottu-bodadir-a-landslidsaefingar-a-dogunum\/#primaryimage\"},\"image\":{\"@id\":\"https:\/\/grotta.is\/handknattleiksdeild\/14-leikmenn-grottu-bodadir-a-landslidsaefingar-a-dogunum\/#primaryimage\"},\"thumbnailUrl\":\"https:\/\/grotta.is\/wp-content\/uploads\/2021\/03\/landslidsstrakar.handbolti.mars_.2021.jpg\",\"datePublished\":\"2021-03-19T15:29:32+00:00\",\"dateModified\":\"2021-03-19T15:29:40+00:00\",\"breadcrumb\":{\"@id\":\"https:\/\/grotta.is\/handknattleiksdeild\/14-leikmenn-grottu-bodadir-a-landslidsaefingar-a-dogunum\/#breadcrumb\"},\"inLanguage\":\"en-US\",\"potentialAction\":[{\"@type\":\"ReadAction\",\"target\":[\"https:\/\/grotta.is\/handknattleiksdeild\/14-leikmenn-grottu-bodadir-a-landslidsaefingar-a-dogunum\/\"]}]},{\"@type\":\"ImageObject\",\"inLanguage\":\"en-US\",\"@id\":\"https:\/\/grotta.is\/handknattleiksdeild\/14-leikmenn-grottu-bodadir-a-landslidsaefingar-a-dogunum\/#primaryimage\",\"url\":\"https:\/\/grotta.is\/wp-content\/uploads\/2021\/03\/landslidsstrakar.handbolti.mars_.2021.jpg\",\"contentUrl\":\"https:\/\/grotta.is\/wp-content\/uploads\/2021\/03\/landslidsstrakar.handbolti.mars_.2021.jpg\",\"width\":2048,\"height\":1536},{\"@type\":\"BreadcrumbList\",\"@id\":\"https:\/\/grotta.is\/handknattleiksdeild\/14-leikmenn-grottu-bodadir-a-landslidsaefingar-a-dogunum\/#breadcrumb\",\"itemListElement\":[{\"@type\":\"ListItem\",\"position\":1,\"name\":\"Home\",\"item\":\"https:\/\/grotta.is\/\"},{\"@type\":\"ListItem\",\"position\":2,\"name\":\"14 leikmenn Gr\u00f3ttu bo\u00f0a\u00f0ir \u00e1 landsli\u00f0s\u00e6fingar \u00e1 d\u00f6gunum\"}]},{\"@type\":\"WebSite\",\"@id\":\"https:\/\/grotta.is\/#website\",\"url\":\"https:\/\/grotta.is\/\",\"name\":\"\u00cd\u00fer\u00f3ttaf\u00e9lagi\u00f0 Gr\u00f3tta\",\"description\":\"\u00e1 Seltjarnarnesi\",\"publisher\":{\"@id\":\"https:\/\/grotta.is\/#organization\"},\"potentialAction\":[{\"@type\":\"SearchAction\",\"target\":{\"@type\":\"EntryPoint\",\"urlTemplate\":\"https:\/\/grotta.is\/?s={search_term_string}\"},\"query-input\":{\"@type\":\"PropertyValueSpecification\",\"valueRequired\":true,\"valueName\":\"search_term_string\"}}],\"inLanguage\":\"en-US\"},{\"@type\":\"Organization\",\"@id\":\"https:\/\/grotta.is\/#organization\",\"name\":\"\u00cd\u00fer\u00f3ttaf\u00e9lagi\u00f0 Gr\u00f3tta\",\"url\":\"https:\/\/grotta.is\/\",\"logo\":{\"@type\":\"ImageObject\",\"inLanguage\":\"en-US\",\"@id\":\"https:\/\/grotta.is\/#\/schema\/logo\/image\/\",\"url\":\"https:\/\/grotta.is\/wp-content\/uploads\/2020\/02\/ithrottafelagidgrotta_logo_512x512_transparent.png\",\"contentUrl\":\"https:\/\/grotta.is\/wp-content\/uploads\/2020\/02\/ithrottafelagidgrotta_logo_512x512_transparent.png\",\"width\":512,\"height\":512,\"caption\":\"\u00cd\u00fer\u00f3ttaf\u00e9lagi\u00f0 Gr\u00f3tta\"},\"image\":{\"@id\":\"https:\/\/grotta.is\/#\/schema\/logo\/image\/\"},\"sameAs\":[\"https:\/\/www.facebook.com\/grottasport\"]},{\"@type\":\"Person\",\"@id\":\"https:\/\/grotta.is\/#\/schema\/person\/08ec57bf09ee925f1b6a01540c14a5ce\",\"name\":\"Grotta\",\"url\":\"https:\/\/grotta.is\/en\/author\/inga\/\"}]}<\/script>\n<!-- \/ Yoast SEO plugin. -->","yoast_head_json":{"title":"14 leikmenn Gr\u00f3ttu bo\u00f0a\u00f0ir \u00e1 landsli\u00f0s\u00e6fingar \u00e1 d\u00f6gunum - \u00cd\u00fer\u00f3ttaf\u00e9lagi\u00f0 Gr\u00f3tta","robots":{"index":"index","follow":"follow","max-snippet":"max-snippet:-1","max-image-preview":"max-image-preview:large","max-video-preview":"max-video-preview:-1"},"canonical":"https:\/\/grotta.is\/en\/handknattleiksdeild\/14-leikmenn-grottu-bodadir-a-landslidsaefingar-a-dogunum\/","og_locale":"en_US","og_type":"article","og_title":"14 leikmenn Gr\u00f3ttu bo\u00f0a\u00f0ir \u00e1 landsli\u00f0s\u00e6fingar \u00e1 d\u00f6gunum - \u00cd\u00fer\u00f3ttaf\u00e9lagi\u00f0 Gr\u00f3tta","og_description":"N\u00edu drengir voru bo\u00f0a\u00f0ir \u00e1 landsli\u00f0s\u00e6fingar hj\u00e1 fj\u00f3rum landsli\u00f0um og fimm st\u00falkur hj\u00e1 tveimur landsli\u00f0um. \u00d3lafur Brim Stef\u00e1nsson leikma\u00f0ur meistaraflokks karla var valinn \u00ed \u00e6fingah\u00f3p hj\u00e1 U-21 landsli\u00f0sh\u00f3pnum en \u00fe\u00e6r [&hellip;]","og_url":"https:\/\/grotta.is\/en\/handknattleiksdeild\/14-leikmenn-grottu-bodadir-a-landslidsaefingar-a-dogunum\/","og_site_name":"\u00cd\u00fer\u00f3ttaf\u00e9lagi\u00f0 Gr\u00f3tta","article_publisher":"https:\/\/www.facebook.com\/grottasport","article_published_time":"2021-03-19T15:29:32+00:00","article_modified_time":"2021-03-19T15:29:40+00:00","og_image":[{"width":2048,"height":1536,"url":"https:\/\/grotta.is\/wp-content\/uploads\/2021\/03\/landslidsstrakar.handbolti.mars_.2021.jpg","type":"image\/jpeg"}],"author":"Grotta","twitter_card":"summary_large_image","twitter_misc":{"Written by":"Grotta","Est. reading time":"1 minute"},"schema":{"@context":"https:\/\/schema.org","@graph":[{"@type":"Article","@id":"https:\/\/grotta.is\/handknattleiksdeild\/14-leikmenn-grottu-bodadir-a-landslidsaefingar-a-dogunum\/#article","isPartOf":{"@id":"https:\/\/grotta.is\/handknattleiksdeild\/14-leikmenn-grottu-bodadir-a-landslidsaefingar-a-dogunum\/"},"author":{"name":"Grotta","@id":"https:\/\/grotta.is\/#\/schema\/person\/08ec57bf09ee925f1b6a01540c14a5ce"},"headline":"14 leikmenn Gr\u00f3ttu bo\u00f0a\u00f0ir \u00e1 landsli\u00f0s\u00e6fingar \u00e1 d\u00f6gunum","datePublished":"2021-03-19T15:29:32+00:00","dateModified":"2021-03-19T15:29:40+00:00","mainEntityOfPage":{"@id":"https:\/\/grotta.is\/handknattleiksdeild\/14-leikmenn-grottu-bodadir-a-landslidsaefingar-a-dogunum\/"},"wordCount":214,"publisher":{"@id":"https:\/\/grotta.is\/#organization"},"image":{"@id":"https:\/\/grotta.is\/handknattleiksdeild\/14-leikmenn-grottu-bodadir-a-landslidsaefingar-a-dogunum\/#primaryimage"},"thumbnailUrl":"https:\/\/grotta.is\/wp-content\/uploads\/2021\/03\/landslidsstrakar.handbolti.mars_.2021.jpg","articleSection":["Handknattleiksdeild"],"inLanguage":"en-US"},{"@type":"WebPage","@id":"https:\/\/grotta.is\/handknattleiksdeild\/14-leikmenn-grottu-bodadir-a-landslidsaefingar-a-dogunum\/","url":"https:\/\/grotta.is\/handknattleiksdeild\/14-leikmenn-grottu-bodadir-a-landslidsaefingar-a-dogunum\/","name":"14 leikmenn Gr\u00f3ttu bo\u00f0a\u00f0ir \u00e1 landsli\u00f0s\u00e6fingar \u00e1 d\u00f6gunum - \u00cd\u00fer\u00f3ttaf\u00e9lagi\u00f0 Gr\u00f3tta","isPartOf":{"@id":"https:\/\/grotta.is\/#website"},"primaryImageOfPage":{"@id":"https:\/\/grotta.is\/handknattleiksdeild\/14-leikmenn-grottu-bodadir-a-landslidsaefingar-a-dogunum\/#primaryimage"},"image":{"@id":"https:\/\/grotta.is\/handknattleiksdeild\/14-leikmenn-grottu-bodadir-a-landslidsaefingar-a-dogunum\/#primaryimage"},"thumbnailUrl":"https:\/\/grotta.is\/wp-content\/uploads\/2021\/03\/landslidsstrakar.handbolti.mars_.2021.jpg","datePublished":"2021-03-19T15:29:32+00:00","dateModified":"2021-03-19T15:29:40+00:00","breadcrumb":{"@id":"https:\/\/grotta.is\/handknattleiksdeild\/14-leikmenn-grottu-bodadir-a-landslidsaefingar-a-dogunum\/#breadcrumb"},"inLanguage":"en-US","potentialAction":[{"@type":"ReadAction","target":["https:\/\/grotta.is\/handknattleiksdeild\/14-leikmenn-grottu-bodadir-a-landslidsaefingar-a-dogunum\/"]}]},{"@type":"ImageObject","inLanguage":"en-US","@id":"https:\/\/grotta.is\/handknattleiksdeild\/14-leikmenn-grottu-bodadir-a-landslidsaefingar-a-dogunum\/#primaryimage","url":"https:\/\/grotta.is\/wp-content\/uploads\/2021\/03\/landslidsstrakar.handbolti.mars_.2021.jpg","contentUrl":"https:\/\/grotta.is\/wp-content\/uploads\/2021\/03\/landslidsstrakar.handbolti.mars_.2021.jpg","width":2048,"height":1536},{"@type":"BreadcrumbList","@id":"https:\/\/grotta.is\/handknattleiksdeild\/14-leikmenn-grottu-bodadir-a-landslidsaefingar-a-dogunum\/#breadcrumb","itemListElement":[{"@type":"ListItem","position":1,"name":"Home","item":"https:\/\/grotta.is\/"},{"@type":"ListItem","position":2,"name":"14 leikmenn Gr\u00f3ttu bo\u00f0a\u00f0ir \u00e1 landsli\u00f0s\u00e6fingar \u00e1 d\u00f6gunum"}]},{"@type":"WebSite","@id":"https:\/\/grotta.is\/#website","url":"https:\/\/grotta.is\/","name":"\u00cd\u00fer\u00f3ttaf\u00e9lagi\u00f0 Gr\u00f3tta","description":"\u00e1 Seltjarnarnesi","publisher":{"@id":"https:\/\/grotta.is\/#organization"},"potentialAction":[{"@type":"SearchAction","target":{"@type":"EntryPoint","urlTemplate":"https:\/\/grotta.is\/?s={search_term_string}"},"query-input":{"@type":"PropertyValueSpecification","valueRequired":true,"valueName":"search_term_string"}}],"inLanguage":"en-US"},{"@type":"Organization","@id":"https:\/\/grotta.is\/#organization","name":"\u00cd\u00fer\u00f3ttaf\u00e9lagi\u00f0 Gr\u00f3tta","url":"https:\/\/grotta.is\/","logo":{"@type":"ImageObject","inLanguage":"en-US","@id":"https:\/\/grotta.is\/#\/schema\/logo\/image\/","url":"https:\/\/grotta.is\/wp-content\/uploads\/2020\/02\/ithrottafelagidgrotta_logo_512x512_transparent.png","contentUrl":"https:\/\/grotta.is\/wp-content\/uploads\/2020\/02\/ithrottafelagidgrotta_logo_512x512_transparent.png","width":512,"height":512,"caption":"\u00cd\u00fer\u00f3ttaf\u00e9lagi\u00f0 Gr\u00f3tta"},"image":{"@id":"https:\/\/grotta.is\/#\/schema\/logo\/image\/"},"sameAs":["https:\/\/www.facebook.com\/grottasport"]},{"@type":"Person","@id":"https:\/\/grotta.is\/#\/schema\/person\/08ec57bf09ee925f1b6a01540c14a5ce","name":"Grotta","url":"https:\/\/grotta.is\/en\/author\/inga\/"}]}},"_links":{"self":[{"href":"https:\/\/grotta.is\/en\/wp-json\/wp\/v2\/posts\/342576","targetHints":{"allow":["GET"]}}],"collection":[{"href":"https:\/\/grotta.is\/en\/wp-json\/wp\/v2\/posts"}],"about":[{"href":"https:\/\/grotta.is\/en\/wp-json\/wp\/v2\/types\/post"}],"author":[{"embeddable":true,"href":"https:\/\/grotta.is\/en\/wp-json\/wp\/v2\/users\/2"}],"replies":[{"embeddable":true,"href":"https:\/\/grotta.is\/en\/wp-json\/wp\/v2\/comments?post=342576"}],"version-history":[{"count":1,"href":"https:\/\/grotta.is\/en\/wp-json\/wp\/v2\/posts\/342576\/revisions"}],"predecessor-version":[{"id":342577,"href":"https:\/\/grotta.is\/en\/wp-json\/wp\/v2\/posts\/342576\/revisions\/342577"}],"wp:featuredmedia":[{"embeddable":true,"href":"https:\/\/grotta.is\/en\/wp-json\/wp\/v2\/media\/342573"}],"wp:attachment":[{"href":"https:\/\/grotta.is\/en\/wp-json\/wp\/v2\/media?parent=342576"}],"wp:term":[{"taxonomy":"category","embeddable":true,"href":"https:\/\/grotta.is\/en\/wp-json\/wp\/v2\/categories?post=342576"},{"taxonomy":"post_tag","embeddable":true,"href":"https:\/\/grotta.is\/en\/wp-json\/wp\/v2\/tags?post=342576"}],"curies":[{"name":"wp","href":"https:\/\/api.w.org\/{rel}","templated":true}]}}