{"id":342341,"date":"2021-03-16T11:20:11","date_gmt":"2021-03-16T11:20:11","guid":{"rendered":"https:\/\/grotta.is\/?p=342341"},"modified":"2021-03-24T16:46:46","modified_gmt":"2021-03-24T16:46:46","slug":"handboltanamskeid-i-dymbilvikunni","status":"publish","type":"post","link":"https:\/\/grotta.is\/en\/handknattleiksdeild\/handboltanamskeid-i-dymbilvikunni\/","title":{"rendered":"Handboltan\u00e1mskei\u00f0 \u00ed dymbilvikunni &#8211; FELLUR NI\u00d0UR"},"content":{"rendered":"<p>ATHUGI\u00d0 &#8211; N\u00e1mskei\u00f0 hafa veri\u00f0 felld ni\u00f0ur vegna s\u00f3ttvarnara\u00f0ger\u00f0a. Vinsamlegast hafi\u00f0 samband vi\u00f0 Gittu fj\u00e1rm\u00e1lastj\u00f3ra Gr\u00f3ttu var\u00f0andi endurgrei\u00f0slu \u00e1 \u00fe\u00e1ttt\u00f6kugjaldi. T\u00f6lvup\u00f3stfang kristin@grotta.is og s\u00edmi 561-1145.<\/p><p>Meistaraflokkar handknattleiksdeildar Gr\u00f3ttu \u00e6tla a\u00f0 halda gl\u00e6sileg n\u00e1mskei\u00f0 \u00ed dymbilvikunni, dagana 29.-31. mars. \u00cd bo\u00f0i ver\u00f0a tv\u00f6 a\u00f0skilin n\u00e1mskei\u00f0, anna\u00f0 \u00e6tla\u00f0 1.-4.bekk (2014-2011) og hitt \u00e6tla\u00f0 5.-8.bekk (2010-2007). N\u00e1mskei\u00f0in fara fram \u00ed Hertz h\u00f6llinni og kostar hver dagur 2.200 kr<\/p><p><strong>P\u00e1skahandboltask\u00f3li Gr\u00f3ttu er \u00e6tla\u00f0ur yngri h\u00f3p e\u00f0a 1.-4.bekk.<\/strong>&nbsp;\u00dej\u00e1lfarar \u00e1 n\u00e1mskei\u00f0inu eru leikmenn meistaraflokka Gr\u00f3ttu. <br>N\u00e1mskei\u00f0i\u00f0 fer fram alla dagana fr\u00e1 kl. 9:00-12:00 en i\u00f0kendur \u00feurfa a\u00f0 taka me\u00f0 s\u00e9r hollt og gott nesti.<\/p><p><strong>Afreksn\u00e1mskei\u00f0 Gr\u00f3ttu \u00e6tla\u00f0 eldri h\u00f3p e\u00f0a 5.-8.bekk.<\/strong>&nbsp;\u00dej\u00e1lfarar \u00e1 n\u00e1mskei\u00f0inu ver\u00f0a leikmenn meistaraflokka Gr\u00f3ttu \u00e1samt \u00fev\u00ed a\u00f0 meistaraflokks\u00fej\u00e1lfarar okkar \u00feeir Arnar Da\u00f0i og K\u00e1ri munu k\u00edkja vi\u00f0 og gefa g\u00f3\u00f0 r\u00e1\u00f0. N\u00e1mskei\u00f0i\u00f0 fer fram fr\u00e1 kl. 11:00 \u2013 13:00, byrja\u00f0 ver\u00f0ur \u00ed litla salnum \u00fear sem fari\u00f0 ver\u00f0ur \u00ed t\u00e6kni\u00e6fingar og svo fr\u00e1 kl. 12:00 \u2013 13:00 f\u00e6rum vi\u00f0 okkur yfir \u00ed st\u00f3ra sal og kl\u00e1rum \u00e6finguna \u00fear.<\/p><div class=\"wp-block-buttons is-layout-flex wp-block-buttons-is-layout-flex\"><div class=\"wp-block-button\"><a class=\"wp-block-button__link\" href=\"https:\/\/www.sportabler.com\/shop\/grotta\" target=\"_blank\" rel=\"noreferrer noopener\">Skr\u00e1ning fer fram \u00ed gegnum Sportabler H\u00c9R<\/a><\/div><\/div><p>Frekari uppl\u00fdsingar gefur H\u00e1kon Hermannsson Bridde yfir\u00fej\u00e1lfari \u00ed s\u00edma 662-2001 e\u00f0a hakonb11@gmail.com<\/p>","protected":false},"excerpt":{"rendered":"<p>Meistaraflokkar handknattleiksdeildar Gr\u00f3ttu \u00e6tla a\u00f0 halda gl\u00e6sileg n\u00e1mskei\u00f0 \u00ed dymbilvikunni, dagana 29-31. mars. \u00cd bo\u00f0i ver\u00f0a tvo a\u00f0skilin n\u00e1mskei\u00f0, anna\u00f0 \u00e6tla\u00f0 1-4.bekk (2014-2011) og hitt \u00e6tla\u00f0 5-8.bekk (2010-2007).<\/p>","protected":false},"author":2,"featured_media":186718,"comment_status":"closed","ping_status":"closed","sticky":false,"template":"","format":"standard","meta":{"footnotes":""},"categories":[12],"tags":[13,15],"class_list":["post-342341","post","type-post","status-publish","format-standard","has-post-thumbnail","hentry","category-handknattleiksdeild","tag-handbolti","tag-yngri-flokkar"],"yoast_head":"<!-- This site is optimized with the Yoast SEO plugin v24.3 - https:\/\/yoast.com\/wordpress\/plugins\/seo\/ -->\n<title>Handboltan\u00e1mskei\u00f0 \u00ed dymbilvikunni - FELLUR NI\u00d0UR - \u00cd\u00fer\u00f3ttaf\u00e9lagi\u00f0 Gr\u00f3tta<\/title>\n<meta name=\"robots\" content=\"index, follow, max-snippet:-1, max-image-preview:large, max-video-preview:-1\" \/>\n<link rel=\"canonical\" href=\"https:\/\/grotta.is\/en\/handknattleiksdeild\/handboltanamskeid-i-dymbilvikunni\/\" \/>\n<meta property=\"og:locale\" content=\"en_US\" \/>\n<meta property=\"og:type\" content=\"article\" \/>\n<meta property=\"og:title\" content=\"Handboltan\u00e1mskei\u00f0 \u00ed dymbilvikunni - FELLUR NI\u00d0UR - \u00cd\u00fer\u00f3ttaf\u00e9lagi\u00f0 Gr\u00f3tta\" \/>\n<meta property=\"og:description\" content=\"Meistaraflokkar handknattleiksdeildar Gr\u00f3ttu \u00e6tla a\u00f0 halda gl\u00e6sileg n\u00e1mskei\u00f0 \u00ed dymbilvikunni, dagana 29-31. mars. \u00cd bo\u00f0i ver\u00f0a tvo a\u00f0skilin n\u00e1mskei\u00f0, anna\u00f0 \u00e6tla\u00f0 1-4.bekk (2014-2011) og hitt \u00e6tla\u00f0 5-8.bekk (2010-2007).\" \/>\n<meta property=\"og:url\" content=\"https:\/\/grotta.is\/en\/handknattleiksdeild\/handboltanamskeid-i-dymbilvikunni\/\" \/>\n<meta property=\"og:site_name\" content=\"\u00cd\u00fer\u00f3ttaf\u00e9lagi\u00f0 Gr\u00f3tta\" \/>\n<meta property=\"article:publisher\" content=\"https:\/\/www.facebook.com\/grottasport\" \/>\n<meta property=\"article:published_time\" content=\"2021-03-16T11:20:11+00:00\" \/>\n<meta property=\"article:modified_time\" content=\"2021-03-24T16:46:46+00:00\" \/>\n<meta property=\"og:image\" content=\"https:\/\/grotta.is\/wp-content\/uploads\/2020\/11\/ithrottafelagid_grotta_frettir.007.jpg\" \/>\n\t<meta property=\"og:image:width\" content=\"2048\" \/>\n\t<meta property=\"og:image:height\" content=\"1365\" \/>\n\t<meta property=\"og:image:type\" content=\"image\/jpeg\" \/>\n<meta name=\"author\" content=\"Grotta\" \/>\n<meta name=\"twitter:card\" content=\"summary_large_image\" \/>\n<meta name=\"twitter:label1\" content=\"Written by\" \/>\n\t<meta name=\"twitter:data1\" content=\"Grotta\" \/>\n\t<meta name=\"twitter:label2\" content=\"Est. reading time\" \/>\n\t<meta name=\"twitter:data2\" content=\"1 minute\" \/>\n<script type=\"application\/ld+json\" class=\"yoast-schema-graph\">{\"@context\":\"https:\/\/schema.org\",\"@graph\":[{\"@type\":\"Article\",\"@id\":\"https:\/\/grotta.is\/en\/handknattleiksdeild\/handboltanamskeid-i-dymbilvikunni\/#article\",\"isPartOf\":{\"@id\":\"https:\/\/grotta.is\/en\/handknattleiksdeild\/handboltanamskeid-i-dymbilvikunni\/\"},\"author\":{\"name\":\"Grotta\",\"@id\":\"https:\/\/grotta.is\/#\/schema\/person\/08ec57bf09ee925f1b6a01540c14a5ce\"},\"headline\":\"Handboltan\u00e1mskei\u00f0 \u00ed dymbilvikunni &#8211; FELLUR NI\u00d0UR\",\"datePublished\":\"2021-03-16T11:20:11+00:00\",\"dateModified\":\"2021-03-24T16:46:46+00:00\",\"mainEntityOfPage\":{\"@id\":\"https:\/\/grotta.is\/en\/handknattleiksdeild\/handboltanamskeid-i-dymbilvikunni\/\"},\"wordCount\":255,\"publisher\":{\"@id\":\"https:\/\/grotta.is\/#organization\"},\"image\":{\"@id\":\"https:\/\/grotta.is\/en\/handknattleiksdeild\/handboltanamskeid-i-dymbilvikunni\/#primaryimage\"},\"thumbnailUrl\":\"https:\/\/grotta.is\/wp-content\/uploads\/2020\/11\/ithrottafelagid_grotta_frettir.007.jpg\",\"keywords\":[\"Handbolti\",\"Yngri flokkar\"],\"articleSection\":[\"Handknattleiksdeild\"],\"inLanguage\":\"en-US\"},{\"@type\":\"WebPage\",\"@id\":\"https:\/\/grotta.is\/en\/handknattleiksdeild\/handboltanamskeid-i-dymbilvikunni\/\",\"url\":\"https:\/\/grotta.is\/en\/handknattleiksdeild\/handboltanamskeid-i-dymbilvikunni\/\",\"name\":\"Handboltan\u00e1mskei\u00f0 \u00ed dymbilvikunni - FELLUR NI\u00d0UR - \u00cd\u00fer\u00f3ttaf\u00e9lagi\u00f0 Gr\u00f3tta\",\"isPartOf\":{\"@id\":\"https:\/\/grotta.is\/#website\"},\"primaryImageOfPage\":{\"@id\":\"https:\/\/grotta.is\/en\/handknattleiksdeild\/handboltanamskeid-i-dymbilvikunni\/#primaryimage\"},\"image\":{\"@id\":\"https:\/\/grotta.is\/en\/handknattleiksdeild\/handboltanamskeid-i-dymbilvikunni\/#primaryimage\"},\"thumbnailUrl\":\"https:\/\/grotta.is\/wp-content\/uploads\/2020\/11\/ithrottafelagid_grotta_frettir.007.jpg\",\"datePublished\":\"2021-03-16T11:20:11+00:00\",\"dateModified\":\"2021-03-24T16:46:46+00:00\",\"breadcrumb\":{\"@id\":\"https:\/\/grotta.is\/en\/handknattleiksdeild\/handboltanamskeid-i-dymbilvikunni\/#breadcrumb\"},\"inLanguage\":\"en-US\",\"potentialAction\":[{\"@type\":\"ReadAction\",\"target\":[\"https:\/\/grotta.is\/en\/handknattleiksdeild\/handboltanamskeid-i-dymbilvikunni\/\"]}]},{\"@type\":\"ImageObject\",\"inLanguage\":\"en-US\",\"@id\":\"https:\/\/grotta.is\/en\/handknattleiksdeild\/handboltanamskeid-i-dymbilvikunni\/#primaryimage\",\"url\":\"https:\/\/grotta.is\/wp-content\/uploads\/2020\/11\/ithrottafelagid_grotta_frettir.007.jpg\",\"contentUrl\":\"https:\/\/grotta.is\/wp-content\/uploads\/2020\/11\/ithrottafelagid_grotta_frettir.007.jpg\",\"width\":2048,\"height\":1365},{\"@type\":\"BreadcrumbList\",\"@id\":\"https:\/\/grotta.is\/en\/handknattleiksdeild\/handboltanamskeid-i-dymbilvikunni\/#breadcrumb\",\"itemListElement\":[{\"@type\":\"ListItem\",\"position\":1,\"name\":\"Home\",\"item\":\"https:\/\/grotta.is\/\"},{\"@type\":\"ListItem\",\"position\":2,\"name\":\"Handboltan\u00e1mskei\u00f0 \u00ed dymbilvikunni &#8211; FELLUR NI\u00d0UR\"}]},{\"@type\":\"WebSite\",\"@id\":\"https:\/\/grotta.is\/#website\",\"url\":\"https:\/\/grotta.is\/\",\"name\":\"\u00cd\u00fer\u00f3ttaf\u00e9lagi\u00f0 Gr\u00f3tta\",\"description\":\"\u00e1 Seltjarnarnesi\",\"publisher\":{\"@id\":\"https:\/\/grotta.is\/#organization\"},\"potentialAction\":[{\"@type\":\"SearchAction\",\"target\":{\"@type\":\"EntryPoint\",\"urlTemplate\":\"https:\/\/grotta.is\/?s={search_term_string}\"},\"query-input\":{\"@type\":\"PropertyValueSpecification\",\"valueRequired\":true,\"valueName\":\"search_term_string\"}}],\"inLanguage\":\"en-US\"},{\"@type\":\"Organization\",\"@id\":\"https:\/\/grotta.is\/#organization\",\"name\":\"\u00cd\u00fer\u00f3ttaf\u00e9lagi\u00f0 Gr\u00f3tta\",\"url\":\"https:\/\/grotta.is\/\",\"logo\":{\"@type\":\"ImageObject\",\"inLanguage\":\"en-US\",\"@id\":\"https:\/\/grotta.is\/#\/schema\/logo\/image\/\",\"url\":\"https:\/\/grotta.is\/wp-content\/uploads\/2020\/02\/ithrottafelagidgrotta_logo_512x512_transparent.png\",\"contentUrl\":\"https:\/\/grotta.is\/wp-content\/uploads\/2020\/02\/ithrottafelagidgrotta_logo_512x512_transparent.png\",\"width\":512,\"height\":512,\"caption\":\"\u00cd\u00fer\u00f3ttaf\u00e9lagi\u00f0 Gr\u00f3tta\"},\"image\":{\"@id\":\"https:\/\/grotta.is\/#\/schema\/logo\/image\/\"},\"sameAs\":[\"https:\/\/www.facebook.com\/grottasport\"]},{\"@type\":\"Person\",\"@id\":\"https:\/\/grotta.is\/#\/schema\/person\/08ec57bf09ee925f1b6a01540c14a5ce\",\"name\":\"Grotta\",\"url\":\"https:\/\/grotta.is\/en\/author\/inga\/\"}]}<\/script>\n<!-- \/ Yoast SEO plugin. -->","yoast_head_json":{"title":"Handboltan\u00e1mskei\u00f0 \u00ed dymbilvikunni - FELLUR NI\u00d0UR - \u00cd\u00fer\u00f3ttaf\u00e9lagi\u00f0 Gr\u00f3tta","robots":{"index":"index","follow":"follow","max-snippet":"max-snippet:-1","max-image-preview":"max-image-preview:large","max-video-preview":"max-video-preview:-1"},"canonical":"https:\/\/grotta.is\/en\/handknattleiksdeild\/handboltanamskeid-i-dymbilvikunni\/","og_locale":"en_US","og_type":"article","og_title":"Handboltan\u00e1mskei\u00f0 \u00ed dymbilvikunni - FELLUR NI\u00d0UR - \u00cd\u00fer\u00f3ttaf\u00e9lagi\u00f0 Gr\u00f3tta","og_description":"Meistaraflokkar handknattleiksdeildar Gr\u00f3ttu \u00e6tla a\u00f0 halda gl\u00e6sileg n\u00e1mskei\u00f0 \u00ed dymbilvikunni, dagana 29-31. mars. \u00cd bo\u00f0i ver\u00f0a tvo a\u00f0skilin n\u00e1mskei\u00f0, anna\u00f0 \u00e6tla\u00f0 1-4.bekk (2014-2011) og hitt \u00e6tla\u00f0 5-8.bekk (2010-2007).","og_url":"https:\/\/grotta.is\/en\/handknattleiksdeild\/handboltanamskeid-i-dymbilvikunni\/","og_site_name":"\u00cd\u00fer\u00f3ttaf\u00e9lagi\u00f0 Gr\u00f3tta","article_publisher":"https:\/\/www.facebook.com\/grottasport","article_published_time":"2021-03-16T11:20:11+00:00","article_modified_time":"2021-03-24T16:46:46+00:00","og_image":[{"width":2048,"height":1365,"url":"https:\/\/grotta.is\/wp-content\/uploads\/2020\/11\/ithrottafelagid_grotta_frettir.007.jpg","type":"image\/jpeg"}],"author":"Grotta","twitter_card":"summary_large_image","twitter_misc":{"Written by":"Grotta","Est. reading time":"1 minute"},"schema":{"@context":"https:\/\/schema.org","@graph":[{"@type":"Article","@id":"https:\/\/grotta.is\/en\/handknattleiksdeild\/handboltanamskeid-i-dymbilvikunni\/#article","isPartOf":{"@id":"https:\/\/grotta.is\/en\/handknattleiksdeild\/handboltanamskeid-i-dymbilvikunni\/"},"author":{"name":"Grotta","@id":"https:\/\/grotta.is\/#\/schema\/person\/08ec57bf09ee925f1b6a01540c14a5ce"},"headline":"Handboltan\u00e1mskei\u00f0 \u00ed dymbilvikunni &#8211; FELLUR NI\u00d0UR","datePublished":"2021-03-16T11:20:11+00:00","dateModified":"2021-03-24T16:46:46+00:00","mainEntityOfPage":{"@id":"https:\/\/grotta.is\/en\/handknattleiksdeild\/handboltanamskeid-i-dymbilvikunni\/"},"wordCount":255,"publisher":{"@id":"https:\/\/grotta.is\/#organization"},"image":{"@id":"https:\/\/grotta.is\/en\/handknattleiksdeild\/handboltanamskeid-i-dymbilvikunni\/#primaryimage"},"thumbnailUrl":"https:\/\/grotta.is\/wp-content\/uploads\/2020\/11\/ithrottafelagid_grotta_frettir.007.jpg","keywords":["Handbolti","Yngri flokkar"],"articleSection":["Handknattleiksdeild"],"inLanguage":"en-US"},{"@type":"WebPage","@id":"https:\/\/grotta.is\/en\/handknattleiksdeild\/handboltanamskeid-i-dymbilvikunni\/","url":"https:\/\/grotta.is\/en\/handknattleiksdeild\/handboltanamskeid-i-dymbilvikunni\/","name":"Handboltan\u00e1mskei\u00f0 \u00ed dymbilvikunni - FELLUR NI\u00d0UR - \u00cd\u00fer\u00f3ttaf\u00e9lagi\u00f0 Gr\u00f3tta","isPartOf":{"@id":"https:\/\/grotta.is\/#website"},"primaryImageOfPage":{"@id":"https:\/\/grotta.is\/en\/handknattleiksdeild\/handboltanamskeid-i-dymbilvikunni\/#primaryimage"},"image":{"@id":"https:\/\/grotta.is\/en\/handknattleiksdeild\/handboltanamskeid-i-dymbilvikunni\/#primaryimage"},"thumbnailUrl":"https:\/\/grotta.is\/wp-content\/uploads\/2020\/11\/ithrottafelagid_grotta_frettir.007.jpg","datePublished":"2021-03-16T11:20:11+00:00","dateModified":"2021-03-24T16:46:46+00:00","breadcrumb":{"@id":"https:\/\/grotta.is\/en\/handknattleiksdeild\/handboltanamskeid-i-dymbilvikunni\/#breadcrumb"},"inLanguage":"en-US","potentialAction":[{"@type":"ReadAction","target":["https:\/\/grotta.is\/en\/handknattleiksdeild\/handboltanamskeid-i-dymbilvikunni\/"]}]},{"@type":"ImageObject","inLanguage":"en-US","@id":"https:\/\/grotta.is\/en\/handknattleiksdeild\/handboltanamskeid-i-dymbilvikunni\/#primaryimage","url":"https:\/\/grotta.is\/wp-content\/uploads\/2020\/11\/ithrottafelagid_grotta_frettir.007.jpg","contentUrl":"https:\/\/grotta.is\/wp-content\/uploads\/2020\/11\/ithrottafelagid_grotta_frettir.007.jpg","width":2048,"height":1365},{"@type":"BreadcrumbList","@id":"https:\/\/grotta.is\/en\/handknattleiksdeild\/handboltanamskeid-i-dymbilvikunni\/#breadcrumb","itemListElement":[{"@type":"ListItem","position":1,"name":"Home","item":"https:\/\/grotta.is\/"},{"@type":"ListItem","position":2,"name":"Handboltan\u00e1mskei\u00f0 \u00ed dymbilvikunni &#8211; FELLUR NI\u00d0UR"}]},{"@type":"WebSite","@id":"https:\/\/grotta.is\/#website","url":"https:\/\/grotta.is\/","name":"\u00cd\u00fer\u00f3ttaf\u00e9lagi\u00f0 Gr\u00f3tta","description":"\u00e1 Seltjarnarnesi","publisher":{"@id":"https:\/\/grotta.is\/#organization"},"potentialAction":[{"@type":"SearchAction","target":{"@type":"EntryPoint","urlTemplate":"https:\/\/grotta.is\/?s={search_term_string}"},"query-input":{"@type":"PropertyValueSpecification","valueRequired":true,"valueName":"search_term_string"}}],"inLanguage":"en-US"},{"@type":"Organization","@id":"https:\/\/grotta.is\/#organization","name":"\u00cd\u00fer\u00f3ttaf\u00e9lagi\u00f0 Gr\u00f3tta","url":"https:\/\/grotta.is\/","logo":{"@type":"ImageObject","inLanguage":"en-US","@id":"https:\/\/grotta.is\/#\/schema\/logo\/image\/","url":"https:\/\/grotta.is\/wp-content\/uploads\/2020\/02\/ithrottafelagidgrotta_logo_512x512_transparent.png","contentUrl":"https:\/\/grotta.is\/wp-content\/uploads\/2020\/02\/ithrottafelagidgrotta_logo_512x512_transparent.png","width":512,"height":512,"caption":"\u00cd\u00fer\u00f3ttaf\u00e9lagi\u00f0 Gr\u00f3tta"},"image":{"@id":"https:\/\/grotta.is\/#\/schema\/logo\/image\/"},"sameAs":["https:\/\/www.facebook.com\/grottasport"]},{"@type":"Person","@id":"https:\/\/grotta.is\/#\/schema\/person\/08ec57bf09ee925f1b6a01540c14a5ce","name":"Grotta","url":"https:\/\/grotta.is\/en\/author\/inga\/"}]}},"_links":{"self":[{"href":"https:\/\/grotta.is\/en\/wp-json\/wp\/v2\/posts\/342341","targetHints":{"allow":["GET"]}}],"collection":[{"href":"https:\/\/grotta.is\/en\/wp-json\/wp\/v2\/posts"}],"about":[{"href":"https:\/\/grotta.is\/en\/wp-json\/wp\/v2\/types\/post"}],"author":[{"embeddable":true,"href":"https:\/\/grotta.is\/en\/wp-json\/wp\/v2\/users\/2"}],"replies":[{"embeddable":true,"href":"https:\/\/grotta.is\/en\/wp-json\/wp\/v2\/comments?post=342341"}],"version-history":[{"count":5,"href":"https:\/\/grotta.is\/en\/wp-json\/wp\/v2\/posts\/342341\/revisions"}],"predecessor-version":[{"id":342768,"href":"https:\/\/grotta.is\/en\/wp-json\/wp\/v2\/posts\/342341\/revisions\/342768"}],"wp:featuredmedia":[{"embeddable":true,"href":"https:\/\/grotta.is\/en\/wp-json\/wp\/v2\/media\/186718"}],"wp:attachment":[{"href":"https:\/\/grotta.is\/en\/wp-json\/wp\/v2\/media?parent=342341"}],"wp:term":[{"taxonomy":"category","embeddable":true,"href":"https:\/\/grotta.is\/en\/wp-json\/wp\/v2\/categories?post=342341"},{"taxonomy":"post_tag","embeddable":true,"href":"https:\/\/grotta.is\/en\/wp-json\/wp\/v2\/tags?post=342341"}],"curies":[{"name":"wp","href":"https:\/\/api.w.org\/{rel}","templated":true}]}}