{"id":342249,"date":"2021-03-15T09:06:08","date_gmt":"2021-03-15T09:06:08","guid":{"rendered":"https:\/\/grotta.is\/?p=342249"},"modified":"2021-03-24T16:47:36","modified_gmt":"2021-03-24T16:47:36","slug":"fimleikafjor-i-dymbilvikunni","status":"publish","type":"post","link":"https:\/\/grotta.is\/en\/almennt\/fimleikafjor-i-dymbilvikunni\/","title":{"rendered":"Fimleikafj\u00f6r \u00ed dymbilvikunni &#8211; FELLUR NI\u00d0UR"},"content":{"rendered":"<p>ATHUGI\u00d0 &#8211; N\u00e1mskei\u00f0 heftur veri\u00f0 fellt ni\u00f0ur vegna s\u00f3ttvarnara\u00f0ger\u00f0a. Vinsamlegast hafi\u00f0 samband vi\u00f0 \u00d3l\u00f6fu framkv\u00e6mdastj\u00f3ra fimleikadeildar Gr\u00f3ttu var\u00f0andi endurgrei\u00f0slu \u00e1 \u00fe\u00e1ttt\u00f6kugjaldi. T\u00f6lvup\u00f3stfang fimleikadeild@grotta.is og s\u00edmi 561-1137.<\/p><p>Fimleikadeild Gr\u00f3ttu \u00e6tlar a\u00f0 bj\u00f3\u00f0a upp \u00e1 Fimleikafj\u00f6r dagana 29., 30. og 31. mars fyrir krakka \u00e1 aldrinum 7 \u2013 10 \u00e1ra (2011-2014).<\/p><p>Fimleikasalurinn er opinn og fari\u00f0 ver\u00f0ur \u00ed fimleika\u00e6fingar, leiki og frj\u00e1lsan leik. H\u00e6gt ver\u00f0ur a\u00f0 lita og perla ef fimleikaorkan kl\u00e1rast.<\/p><p>Fj\u00f6ri\u00f0 er fr\u00e1 kl. 09:00 \u2013 12:00. Krakkarnir \u00feurfa a\u00f0 taka me\u00f0 s\u00e9r hollt og gott nesti.<\/p><p>Hver dagur kostar 2700 kr. Skr\u00e1ning og grei\u00f0sla fer fram \u00ed gegnum https:\/\/www.sportabler.com\/shop\/grotta.<\/p><p>ATH: \u00dea\u00f0 er takmarka\u00f0ur fj\u00f6ldi \u00fe\u00e1tttakenda.<\/p>","protected":false},"excerpt":{"rendered":"<p>ATHUGI\u00d0 &#8211; N\u00e1mskei\u00f0 heftur veri\u00f0 fellt ni\u00f0ur vegna s\u00f3ttvarnara\u00f0ger\u00f0a. Vinsamlegast hafi\u00f0 samband vi\u00f0 \u00d3l\u00f6fu framkv\u00e6mdastj\u00f3ra fimleikadeildar Gr\u00f3ttu var\u00f0andi endurgrei\u00f0slu \u00e1 \u00fe\u00e1ttt\u00f6kugjaldi. T\u00f6lvup\u00f3stfang fimleikadeild@grotta.is og s\u00edmi 561-1137. Fimleikadeild Gr\u00f3ttu \u00e6tlar a\u00f0 [&hellip;]<\/p>","protected":false},"author":2,"featured_media":342250,"comment_status":"closed","ping_status":"closed","sticky":false,"template":"","format":"standard","meta":{"footnotes":""},"categories":[4],"tags":[],"class_list":["post-342249","post","type-post","status-publish","format-standard","has-post-thumbnail","hentry","category-almennt"],"yoast_head":"<!-- This site is optimized with the Yoast SEO plugin v24.3 - https:\/\/yoast.com\/wordpress\/plugins\/seo\/ -->\n<title>Fimleikafj\u00f6r \u00ed dymbilvikunni - FELLUR NI\u00d0UR - \u00cd\u00fer\u00f3ttaf\u00e9lagi\u00f0 Gr\u00f3tta<\/title>\n<meta name=\"robots\" content=\"index, follow, max-snippet:-1, max-image-preview:large, max-video-preview:-1\" \/>\n<link rel=\"canonical\" href=\"https:\/\/grotta.is\/en\/almennt\/fimleikafjor-i-dymbilvikunni\/\" \/>\n<meta property=\"og:locale\" content=\"en_US\" \/>\n<meta property=\"og:type\" content=\"article\" \/>\n<meta property=\"og:title\" content=\"Fimleikafj\u00f6r \u00ed dymbilvikunni - FELLUR NI\u00d0UR - \u00cd\u00fer\u00f3ttaf\u00e9lagi\u00f0 Gr\u00f3tta\" \/>\n<meta property=\"og:description\" content=\"ATHUGI\u00d0 &#8211; N\u00e1mskei\u00f0 heftur veri\u00f0 fellt ni\u00f0ur vegna s\u00f3ttvarnara\u00f0ger\u00f0a. Vinsamlegast hafi\u00f0 samband vi\u00f0 \u00d3l\u00f6fu framkv\u00e6mdastj\u00f3ra fimleikadeildar Gr\u00f3ttu var\u00f0andi endurgrei\u00f0slu \u00e1 \u00fe\u00e1ttt\u00f6kugjaldi. T\u00f6lvup\u00f3stfang fimleikadeild@grotta.is og s\u00edmi 561-1137. Fimleikadeild Gr\u00f3ttu \u00e6tlar a\u00f0 [&hellip;]\" \/>\n<meta property=\"og:url\" content=\"https:\/\/grotta.is\/en\/almennt\/fimleikafjor-i-dymbilvikunni\/\" \/>\n<meta property=\"og:site_name\" content=\"\u00cd\u00fer\u00f3ttaf\u00e9lagi\u00f0 Gr\u00f3tta\" \/>\n<meta property=\"article:publisher\" content=\"https:\/\/www.facebook.com\/grottasport\" \/>\n<meta property=\"article:published_time\" content=\"2021-03-15T09:06:08+00:00\" \/>\n<meta property=\"article:modified_time\" content=\"2021-03-24T16:47:36+00:00\" \/>\n<meta property=\"og:image\" content=\"https:\/\/grotta.is\/wp-content\/uploads\/2021\/03\/Sprettur-og-Sveifla-Dymbilvika.png\" \/>\n\t<meta property=\"og:image:width\" content=\"2910\" \/>\n\t<meta property=\"og:image:height\" content=\"1828\" \/>\n\t<meta property=\"og:image:type\" content=\"image\/png\" \/>\n<meta name=\"author\" content=\"Grotta\" \/>\n<meta name=\"twitter:card\" content=\"summary_large_image\" \/>\n<meta name=\"twitter:label1\" content=\"Written by\" \/>\n\t<meta name=\"twitter:data1\" content=\"Grotta\" \/>\n\t<meta name=\"twitter:label2\" content=\"Est. reading time\" \/>\n\t<meta name=\"twitter:data2\" content=\"1 minute\" \/>\n<script type=\"application\/ld+json\" class=\"yoast-schema-graph\">{\"@context\":\"https:\/\/schema.org\",\"@graph\":[{\"@type\":\"Article\",\"@id\":\"https:\/\/grotta.is\/almennt\/fimleikafjor-i-dymbilvikunni\/#article\",\"isPartOf\":{\"@id\":\"https:\/\/grotta.is\/almennt\/fimleikafjor-i-dymbilvikunni\/\"},\"author\":{\"name\":\"Grotta\",\"@id\":\"https:\/\/grotta.is\/#\/schema\/person\/08ec57bf09ee925f1b6a01540c14a5ce\"},\"headline\":\"Fimleikafj\u00f6r \u00ed dymbilvikunni &#8211; FELLUR NI\u00d0UR\",\"datePublished\":\"2021-03-15T09:06:08+00:00\",\"dateModified\":\"2021-03-24T16:47:36+00:00\",\"mainEntityOfPage\":{\"@id\":\"https:\/\/grotta.is\/almennt\/fimleikafjor-i-dymbilvikunni\/\"},\"wordCount\":135,\"publisher\":{\"@id\":\"https:\/\/grotta.is\/#organization\"},\"image\":{\"@id\":\"https:\/\/grotta.is\/almennt\/fimleikafjor-i-dymbilvikunni\/#primaryimage\"},\"thumbnailUrl\":\"https:\/\/grotta.is\/wp-content\/uploads\/2021\/03\/Sprettur-og-Sveifla-Dymbilvika.png\",\"articleSection\":[\"Almennt\"],\"inLanguage\":\"en-US\"},{\"@type\":\"WebPage\",\"@id\":\"https:\/\/grotta.is\/almennt\/fimleikafjor-i-dymbilvikunni\/\",\"url\":\"https:\/\/grotta.is\/almennt\/fimleikafjor-i-dymbilvikunni\/\",\"name\":\"Fimleikafj\u00f6r \u00ed dymbilvikunni - FELLUR NI\u00d0UR - \u00cd\u00fer\u00f3ttaf\u00e9lagi\u00f0 Gr\u00f3tta\",\"isPartOf\":{\"@id\":\"https:\/\/grotta.is\/#website\"},\"primaryImageOfPage\":{\"@id\":\"https:\/\/grotta.is\/almennt\/fimleikafjor-i-dymbilvikunni\/#primaryimage\"},\"image\":{\"@id\":\"https:\/\/grotta.is\/almennt\/fimleikafjor-i-dymbilvikunni\/#primaryimage\"},\"thumbnailUrl\":\"https:\/\/grotta.is\/wp-content\/uploads\/2021\/03\/Sprettur-og-Sveifla-Dymbilvika.png\",\"datePublished\":\"2021-03-15T09:06:08+00:00\",\"dateModified\":\"2021-03-24T16:47:36+00:00\",\"breadcrumb\":{\"@id\":\"https:\/\/grotta.is\/almennt\/fimleikafjor-i-dymbilvikunni\/#breadcrumb\"},\"inLanguage\":\"en-US\",\"potentialAction\":[{\"@type\":\"ReadAction\",\"target\":[\"https:\/\/grotta.is\/almennt\/fimleikafjor-i-dymbilvikunni\/\"]}]},{\"@type\":\"ImageObject\",\"inLanguage\":\"en-US\",\"@id\":\"https:\/\/grotta.is\/almennt\/fimleikafjor-i-dymbilvikunni\/#primaryimage\",\"url\":\"https:\/\/grotta.is\/wp-content\/uploads\/2021\/03\/Sprettur-og-Sveifla-Dymbilvika.png\",\"contentUrl\":\"https:\/\/grotta.is\/wp-content\/uploads\/2021\/03\/Sprettur-og-Sveifla-Dymbilvika.png\",\"width\":2910,\"height\":1828},{\"@type\":\"BreadcrumbList\",\"@id\":\"https:\/\/grotta.is\/almennt\/fimleikafjor-i-dymbilvikunni\/#breadcrumb\",\"itemListElement\":[{\"@type\":\"ListItem\",\"position\":1,\"name\":\"Home\",\"item\":\"https:\/\/grotta.is\/\"},{\"@type\":\"ListItem\",\"position\":2,\"name\":\"Fimleikafj\u00f6r \u00ed dymbilvikunni &#8211; FELLUR NI\u00d0UR\"}]},{\"@type\":\"WebSite\",\"@id\":\"https:\/\/grotta.is\/#website\",\"url\":\"https:\/\/grotta.is\/\",\"name\":\"\u00cd\u00fer\u00f3ttaf\u00e9lagi\u00f0 Gr\u00f3tta\",\"description\":\"\u00e1 Seltjarnarnesi\",\"publisher\":{\"@id\":\"https:\/\/grotta.is\/#organization\"},\"potentialAction\":[{\"@type\":\"SearchAction\",\"target\":{\"@type\":\"EntryPoint\",\"urlTemplate\":\"https:\/\/grotta.is\/?s={search_term_string}\"},\"query-input\":{\"@type\":\"PropertyValueSpecification\",\"valueRequired\":true,\"valueName\":\"search_term_string\"}}],\"inLanguage\":\"en-US\"},{\"@type\":\"Organization\",\"@id\":\"https:\/\/grotta.is\/#organization\",\"name\":\"\u00cd\u00fer\u00f3ttaf\u00e9lagi\u00f0 Gr\u00f3tta\",\"url\":\"https:\/\/grotta.is\/\",\"logo\":{\"@type\":\"ImageObject\",\"inLanguage\":\"en-US\",\"@id\":\"https:\/\/grotta.is\/#\/schema\/logo\/image\/\",\"url\":\"https:\/\/grotta.is\/wp-content\/uploads\/2020\/02\/ithrottafelagidgrotta_logo_512x512_transparent.png\",\"contentUrl\":\"https:\/\/grotta.is\/wp-content\/uploads\/2020\/02\/ithrottafelagidgrotta_logo_512x512_transparent.png\",\"width\":512,\"height\":512,\"caption\":\"\u00cd\u00fer\u00f3ttaf\u00e9lagi\u00f0 Gr\u00f3tta\"},\"image\":{\"@id\":\"https:\/\/grotta.is\/#\/schema\/logo\/image\/\"},\"sameAs\":[\"https:\/\/www.facebook.com\/grottasport\"]},{\"@type\":\"Person\",\"@id\":\"https:\/\/grotta.is\/#\/schema\/person\/08ec57bf09ee925f1b6a01540c14a5ce\",\"name\":\"Grotta\",\"url\":\"https:\/\/grotta.is\/en\/author\/inga\/\"}]}<\/script>\n<!-- \/ Yoast SEO plugin. -->","yoast_head_json":{"title":"Fimleikafj\u00f6r \u00ed dymbilvikunni - FELLUR NI\u00d0UR - \u00cd\u00fer\u00f3ttaf\u00e9lagi\u00f0 Gr\u00f3tta","robots":{"index":"index","follow":"follow","max-snippet":"max-snippet:-1","max-image-preview":"max-image-preview:large","max-video-preview":"max-video-preview:-1"},"canonical":"https:\/\/grotta.is\/en\/almennt\/fimleikafjor-i-dymbilvikunni\/","og_locale":"en_US","og_type":"article","og_title":"Fimleikafj\u00f6r \u00ed dymbilvikunni - FELLUR NI\u00d0UR - \u00cd\u00fer\u00f3ttaf\u00e9lagi\u00f0 Gr\u00f3tta","og_description":"ATHUGI\u00d0 &#8211; N\u00e1mskei\u00f0 heftur veri\u00f0 fellt ni\u00f0ur vegna s\u00f3ttvarnara\u00f0ger\u00f0a. Vinsamlegast hafi\u00f0 samband vi\u00f0 \u00d3l\u00f6fu framkv\u00e6mdastj\u00f3ra fimleikadeildar Gr\u00f3ttu var\u00f0andi endurgrei\u00f0slu \u00e1 \u00fe\u00e1ttt\u00f6kugjaldi. T\u00f6lvup\u00f3stfang fimleikadeild@grotta.is og s\u00edmi 561-1137. Fimleikadeild Gr\u00f3ttu \u00e6tlar a\u00f0 [&hellip;]","og_url":"https:\/\/grotta.is\/en\/almennt\/fimleikafjor-i-dymbilvikunni\/","og_site_name":"\u00cd\u00fer\u00f3ttaf\u00e9lagi\u00f0 Gr\u00f3tta","article_publisher":"https:\/\/www.facebook.com\/grottasport","article_published_time":"2021-03-15T09:06:08+00:00","article_modified_time":"2021-03-24T16:47:36+00:00","og_image":[{"width":2910,"height":1828,"url":"https:\/\/grotta.is\/wp-content\/uploads\/2021\/03\/Sprettur-og-Sveifla-Dymbilvika.png","type":"image\/png"}],"author":"Grotta","twitter_card":"summary_large_image","twitter_misc":{"Written by":"Grotta","Est. reading time":"1 minute"},"schema":{"@context":"https:\/\/schema.org","@graph":[{"@type":"Article","@id":"https:\/\/grotta.is\/almennt\/fimleikafjor-i-dymbilvikunni\/#article","isPartOf":{"@id":"https:\/\/grotta.is\/almennt\/fimleikafjor-i-dymbilvikunni\/"},"author":{"name":"Grotta","@id":"https:\/\/grotta.is\/#\/schema\/person\/08ec57bf09ee925f1b6a01540c14a5ce"},"headline":"Fimleikafj\u00f6r \u00ed dymbilvikunni &#8211; FELLUR NI\u00d0UR","datePublished":"2021-03-15T09:06:08+00:00","dateModified":"2021-03-24T16:47:36+00:00","mainEntityOfPage":{"@id":"https:\/\/grotta.is\/almennt\/fimleikafjor-i-dymbilvikunni\/"},"wordCount":135,"publisher":{"@id":"https:\/\/grotta.is\/#organization"},"image":{"@id":"https:\/\/grotta.is\/almennt\/fimleikafjor-i-dymbilvikunni\/#primaryimage"},"thumbnailUrl":"https:\/\/grotta.is\/wp-content\/uploads\/2021\/03\/Sprettur-og-Sveifla-Dymbilvika.png","articleSection":["Almennt"],"inLanguage":"en-US"},{"@type":"WebPage","@id":"https:\/\/grotta.is\/almennt\/fimleikafjor-i-dymbilvikunni\/","url":"https:\/\/grotta.is\/almennt\/fimleikafjor-i-dymbilvikunni\/","name":"Fimleikafj\u00f6r \u00ed dymbilvikunni - FELLUR NI\u00d0UR - \u00cd\u00fer\u00f3ttaf\u00e9lagi\u00f0 Gr\u00f3tta","isPartOf":{"@id":"https:\/\/grotta.is\/#website"},"primaryImageOfPage":{"@id":"https:\/\/grotta.is\/almennt\/fimleikafjor-i-dymbilvikunni\/#primaryimage"},"image":{"@id":"https:\/\/grotta.is\/almennt\/fimleikafjor-i-dymbilvikunni\/#primaryimage"},"thumbnailUrl":"https:\/\/grotta.is\/wp-content\/uploads\/2021\/03\/Sprettur-og-Sveifla-Dymbilvika.png","datePublished":"2021-03-15T09:06:08+00:00","dateModified":"2021-03-24T16:47:36+00:00","breadcrumb":{"@id":"https:\/\/grotta.is\/almennt\/fimleikafjor-i-dymbilvikunni\/#breadcrumb"},"inLanguage":"en-US","potentialAction":[{"@type":"ReadAction","target":["https:\/\/grotta.is\/almennt\/fimleikafjor-i-dymbilvikunni\/"]}]},{"@type":"ImageObject","inLanguage":"en-US","@id":"https:\/\/grotta.is\/almennt\/fimleikafjor-i-dymbilvikunni\/#primaryimage","url":"https:\/\/grotta.is\/wp-content\/uploads\/2021\/03\/Sprettur-og-Sveifla-Dymbilvika.png","contentUrl":"https:\/\/grotta.is\/wp-content\/uploads\/2021\/03\/Sprettur-og-Sveifla-Dymbilvika.png","width":2910,"height":1828},{"@type":"BreadcrumbList","@id":"https:\/\/grotta.is\/almennt\/fimleikafjor-i-dymbilvikunni\/#breadcrumb","itemListElement":[{"@type":"ListItem","position":1,"name":"Home","item":"https:\/\/grotta.is\/"},{"@type":"ListItem","position":2,"name":"Fimleikafj\u00f6r \u00ed dymbilvikunni &#8211; FELLUR NI\u00d0UR"}]},{"@type":"WebSite","@id":"https:\/\/grotta.is\/#website","url":"https:\/\/grotta.is\/","name":"\u00cd\u00fer\u00f3ttaf\u00e9lagi\u00f0 Gr\u00f3tta","description":"\u00e1 Seltjarnarnesi","publisher":{"@id":"https:\/\/grotta.is\/#organization"},"potentialAction":[{"@type":"SearchAction","target":{"@type":"EntryPoint","urlTemplate":"https:\/\/grotta.is\/?s={search_term_string}"},"query-input":{"@type":"PropertyValueSpecification","valueRequired":true,"valueName":"search_term_string"}}],"inLanguage":"en-US"},{"@type":"Organization","@id":"https:\/\/grotta.is\/#organization","name":"\u00cd\u00fer\u00f3ttaf\u00e9lagi\u00f0 Gr\u00f3tta","url":"https:\/\/grotta.is\/","logo":{"@type":"ImageObject","inLanguage":"en-US","@id":"https:\/\/grotta.is\/#\/schema\/logo\/image\/","url":"https:\/\/grotta.is\/wp-content\/uploads\/2020\/02\/ithrottafelagidgrotta_logo_512x512_transparent.png","contentUrl":"https:\/\/grotta.is\/wp-content\/uploads\/2020\/02\/ithrottafelagidgrotta_logo_512x512_transparent.png","width":512,"height":512,"caption":"\u00cd\u00fer\u00f3ttaf\u00e9lagi\u00f0 Gr\u00f3tta"},"image":{"@id":"https:\/\/grotta.is\/#\/schema\/logo\/image\/"},"sameAs":["https:\/\/www.facebook.com\/grottasport"]},{"@type":"Person","@id":"https:\/\/grotta.is\/#\/schema\/person\/08ec57bf09ee925f1b6a01540c14a5ce","name":"Grotta","url":"https:\/\/grotta.is\/en\/author\/inga\/"}]}},"_links":{"self":[{"href":"https:\/\/grotta.is\/en\/wp-json\/wp\/v2\/posts\/342249","targetHints":{"allow":["GET"]}}],"collection":[{"href":"https:\/\/grotta.is\/en\/wp-json\/wp\/v2\/posts"}],"about":[{"href":"https:\/\/grotta.is\/en\/wp-json\/wp\/v2\/types\/post"}],"author":[{"embeddable":true,"href":"https:\/\/grotta.is\/en\/wp-json\/wp\/v2\/users\/2"}],"replies":[{"embeddable":true,"href":"https:\/\/grotta.is\/en\/wp-json\/wp\/v2\/comments?post=342249"}],"version-history":[{"count":5,"href":"https:\/\/grotta.is\/en\/wp-json\/wp\/v2\/posts\/342249\/revisions"}],"predecessor-version":[{"id":342764,"href":"https:\/\/grotta.is\/en\/wp-json\/wp\/v2\/posts\/342249\/revisions\/342764"}],"wp:featuredmedia":[{"embeddable":true,"href":"https:\/\/grotta.is\/en\/wp-json\/wp\/v2\/media\/342250"}],"wp:attachment":[{"href":"https:\/\/grotta.is\/en\/wp-json\/wp\/v2\/media?parent=342249"}],"wp:term":[{"taxonomy":"category","embeddable":true,"href":"https:\/\/grotta.is\/en\/wp-json\/wp\/v2\/categories?post=342249"},{"taxonomy":"post_tag","embeddable":true,"href":"https:\/\/grotta.is\/en\/wp-json\/wp\/v2\/tags?post=342249"}],"curies":[{"name":"wp","href":"https:\/\/api.w.org\/{rel}","templated":true}]}}