{"id":342233,"date":"2021-03-14T18:06:28","date_gmt":"2021-03-14T18:06:28","guid":{"rendered":"https:\/\/grotta.is\/?p=342233"},"modified":"2021-03-14T18:06:32","modified_gmt":"2021-03-14T18:06:32","slug":"maggie-smither-i-grottu","status":"publish","type":"post","link":"https:\/\/grotta.is\/en\/knattspyrnudeild\/maggie-smither-i-grottu\/","title":{"rendered":"Maggie Smither \u00ed Gr\u00f3ttu"},"content":{"rendered":"<p>Hin 23 \u00e1ra gamla Maggie Smither mun verja mark Gr\u00f3ttu \u00ed sumar. Maggie hefur \u00e1 ferli s\u00ednum leiki\u00f0 me\u00f0 South Dakota State \u00ed bandar\u00edska h\u00e1sk\u00f3laboltanum og me\u00f0 tveimur li\u00f0um \u00ed WPSL sumardeildinni.<\/p><p>Maggie, sem kemur til landsins \u00ed lok mars, kve\u00f0st spennt fyrir \u00fev\u00ed a\u00f0 spila f\u00f3tbolta \u00e1 \u00cdslandi:&nbsp;<br>\u201e\u00c9g er mj\u00f6g \u00feakkl\u00e1t fyrir t\u00e6kif\u00e6ri\u00f0 a\u00f0 spila me\u00f0 Gr\u00f3ttu \u00ed sumar. \u00dea\u00f0 ver\u00f0ur spennandi fyrir mig a\u00f0 spila \u00ed n\u00fdju landi og \u00e9g er viss um \u00e9g geti b\u00e6tt mig sem leikma\u00f0ur hj\u00e1 f\u00e9laginu. \u00c9g hlakka til a\u00f0 vinna me\u00f0 Magn\u00fasi og P\u00e9tri sem virka mj\u00f6g vel \u00e1 mig sem \u00fej\u00e1lfarar.&#8220;<\/p><p>Magn\u00fas \u00d6rn Helgason, annar \u00fej\u00e1lfara Gr\u00f3ttu, fagnar komu Maggie Smither og hlakkar til a\u00f0 f\u00e1 hana inn \u00ed h\u00f3pinn:&nbsp;<br>\u201e\u00deetta eru fr\u00e1b\u00e6r t\u00ed\u00f0indi fyrir Gr\u00f3ttu. Vi\u00f0 l\u00f6g\u00f0um miki\u00f0 \u00ed a\u00f0 finna sterkan markv\u00f6r\u00f0 \u00ed sta\u00f0inn fyrir Tinnu (Br\u00e1 Magn\u00fasd\u00f3ttur) og held vi\u00f0 s\u00e9um heppin a\u00f0 f\u00e1 Maggie \u00ed okkar li\u00f0. H\u00fan er \u00f6flugur leikma\u00f0ur og hennar fyrrum \u00fej\u00e1lfarar \u00ed Bandar\u00edkjunum bera henni vel s\u00f6guna. Vi\u00f0 vonum a\u00f0 Gr\u00f3ttuf\u00f3lk og a\u00f0rir Seltirningar taki vel \u00e1 m\u00f3ti Maggie og hj\u00e1lpi henni a\u00f0 a\u00f0lagast n\u00fdju umhverfi&#8220;&nbsp;<\/p><p>Vi\u00f0 bj\u00f3\u00f0um Maggie hjartanlega velkomna \u00ed Gr\u00f3ttu og hl\u00f6kkum til a\u00f0 sj\u00e1 hana spila strax \u00ed apr\u00edl.<\/p><figure class=\"wp-block-image size-large\"><img decoding=\"async\" src=\"blob:https:\/\/grotta.is\/433d63b2-70dc-41c6-aca3-1fa3b0c461fb\" alt=\"\"\/><\/figure>","protected":false},"excerpt":{"rendered":"<p>Hin 23 \u00e1ra gamla Maggie Smither mun verja mark Gr\u00f3ttu \u00ed sumar. Maggie hefur \u00e1 ferli s\u00ednum leiki\u00f0 me\u00f0 South Dakota State \u00ed bandar\u00edska h\u00e1sk\u00f3laboltanum og me\u00f0 tveimur li\u00f0um \u00ed [&hellip;]<\/p>","protected":false},"author":4,"featured_media":342234,"comment_status":"closed","ping_status":"closed","sticky":false,"template":"","format":"standard","meta":{"footnotes":""},"categories":[7],"tags":[],"class_list":["post-342233","post","type-post","status-publish","format-standard","has-post-thumbnail","hentry","category-knattspyrnudeild"],"yoast_head":"<!-- This site is optimized with the Yoast SEO plugin v24.3 - https:\/\/yoast.com\/wordpress\/plugins\/seo\/ -->\n<title>Maggie Smither \u00ed Gr\u00f3ttu - \u00cd\u00fer\u00f3ttaf\u00e9lagi\u00f0 Gr\u00f3tta<\/title>\n<meta name=\"robots\" content=\"index, follow, max-snippet:-1, max-image-preview:large, max-video-preview:-1\" \/>\n<link rel=\"canonical\" href=\"https:\/\/grotta.is\/en\/knattspyrnudeild\/maggie-smither-i-grottu\/\" \/>\n<meta property=\"og:locale\" content=\"en_US\" \/>\n<meta property=\"og:type\" content=\"article\" \/>\n<meta property=\"og:title\" content=\"Maggie Smither \u00ed Gr\u00f3ttu - \u00cd\u00fer\u00f3ttaf\u00e9lagi\u00f0 Gr\u00f3tta\" \/>\n<meta property=\"og:description\" content=\"Hin 23 \u00e1ra gamla Maggie Smither mun verja mark Gr\u00f3ttu \u00ed sumar. Maggie hefur \u00e1 ferli s\u00ednum leiki\u00f0 me\u00f0 South Dakota State \u00ed bandar\u00edska h\u00e1sk\u00f3laboltanum og me\u00f0 tveimur li\u00f0um \u00ed [&hellip;]\" \/>\n<meta property=\"og:url\" content=\"https:\/\/grotta.is\/en\/knattspyrnudeild\/maggie-smither-i-grottu\/\" \/>\n<meta property=\"og:site_name\" content=\"\u00cd\u00fer\u00f3ttaf\u00e9lagi\u00f0 Gr\u00f3tta\" \/>\n<meta property=\"article:publisher\" content=\"https:\/\/www.facebook.com\/grottasport\" \/>\n<meta property=\"article:published_time\" content=\"2021-03-14T18:06:28+00:00\" \/>\n<meta property=\"article:modified_time\" content=\"2021-03-14T18:06:32+00:00\" \/>\n<meta property=\"og:image\" content=\"https:\/\/grotta.is\/wp-content\/uploads\/2021\/03\/signing-scaled.jpg\" \/>\n\t<meta property=\"og:image:width\" content=\"2510\" \/>\n\t<meta property=\"og:image:height\" content=\"2560\" \/>\n\t<meta property=\"og:image:type\" content=\"image\/jpeg\" \/>\n<meta name=\"author\" content=\"J\u00f3runn M. \u00deorsteinsd\u00f3ttir\" \/>\n<meta name=\"twitter:card\" content=\"summary_large_image\" \/>\n<meta name=\"twitter:label1\" content=\"Written by\" \/>\n\t<meta name=\"twitter:data1\" content=\"J\u00f3runn M. \u00deorsteinsd\u00f3ttir\" \/>\n\t<meta name=\"twitter:label2\" content=\"Est. reading time\" \/>\n\t<meta name=\"twitter:data2\" content=\"2 minutes\" \/>\n<script type=\"application\/ld+json\" class=\"yoast-schema-graph\">{\"@context\":\"https:\/\/schema.org\",\"@graph\":[{\"@type\":\"Article\",\"@id\":\"https:\/\/grotta.is\/knattspyrnudeild\/maggie-smither-i-grottu\/#article\",\"isPartOf\":{\"@id\":\"https:\/\/grotta.is\/knattspyrnudeild\/maggie-smither-i-grottu\/\"},\"author\":{\"name\":\"J\u00f3runn M. \u00deorsteinsd\u00f3ttir\",\"@id\":\"https:\/\/grotta.is\/#\/schema\/person\/f1fea6a85a554e8069771c3486efbd84\"},\"headline\":\"Maggie Smither \u00ed Gr\u00f3ttu\",\"datePublished\":\"2021-03-14T18:06:28+00:00\",\"dateModified\":\"2021-03-14T18:06:32+00:00\",\"mainEntityOfPage\":{\"@id\":\"https:\/\/grotta.is\/knattspyrnudeild\/maggie-smither-i-grottu\/\"},\"wordCount\":243,\"publisher\":{\"@id\":\"https:\/\/grotta.is\/#organization\"},\"image\":{\"@id\":\"https:\/\/grotta.is\/knattspyrnudeild\/maggie-smither-i-grottu\/#primaryimage\"},\"thumbnailUrl\":\"https:\/\/grotta.is\/wp-content\/uploads\/2021\/03\/signing-scaled.jpg\",\"articleSection\":[\"Knattspyrnudeild\"],\"inLanguage\":\"en-US\"},{\"@type\":\"WebPage\",\"@id\":\"https:\/\/grotta.is\/knattspyrnudeild\/maggie-smither-i-grottu\/\",\"url\":\"https:\/\/grotta.is\/knattspyrnudeild\/maggie-smither-i-grottu\/\",\"name\":\"Maggie Smither \u00ed Gr\u00f3ttu - \u00cd\u00fer\u00f3ttaf\u00e9lagi\u00f0 Gr\u00f3tta\",\"isPartOf\":{\"@id\":\"https:\/\/grotta.is\/#website\"},\"primaryImageOfPage\":{\"@id\":\"https:\/\/grotta.is\/knattspyrnudeild\/maggie-smither-i-grottu\/#primaryimage\"},\"image\":{\"@id\":\"https:\/\/grotta.is\/knattspyrnudeild\/maggie-smither-i-grottu\/#primaryimage\"},\"thumbnailUrl\":\"https:\/\/grotta.is\/wp-content\/uploads\/2021\/03\/signing-scaled.jpg\",\"datePublished\":\"2021-03-14T18:06:28+00:00\",\"dateModified\":\"2021-03-14T18:06:32+00:00\",\"breadcrumb\":{\"@id\":\"https:\/\/grotta.is\/knattspyrnudeild\/maggie-smither-i-grottu\/#breadcrumb\"},\"inLanguage\":\"en-US\",\"potentialAction\":[{\"@type\":\"ReadAction\",\"target\":[\"https:\/\/grotta.is\/knattspyrnudeild\/maggie-smither-i-grottu\/\"]}]},{\"@type\":\"ImageObject\",\"inLanguage\":\"en-US\",\"@id\":\"https:\/\/grotta.is\/knattspyrnudeild\/maggie-smither-i-grottu\/#primaryimage\",\"url\":\"https:\/\/grotta.is\/wp-content\/uploads\/2021\/03\/signing-scaled.jpg\",\"contentUrl\":\"https:\/\/grotta.is\/wp-content\/uploads\/2021\/03\/signing-scaled.jpg\",\"width\":2510,\"height\":2560},{\"@type\":\"BreadcrumbList\",\"@id\":\"https:\/\/grotta.is\/knattspyrnudeild\/maggie-smither-i-grottu\/#breadcrumb\",\"itemListElement\":[{\"@type\":\"ListItem\",\"position\":1,\"name\":\"Home\",\"item\":\"https:\/\/grotta.is\/\"},{\"@type\":\"ListItem\",\"position\":2,\"name\":\"Maggie Smither \u00ed Gr\u00f3ttu\"}]},{\"@type\":\"WebSite\",\"@id\":\"https:\/\/grotta.is\/#website\",\"url\":\"https:\/\/grotta.is\/\",\"name\":\"\u00cd\u00fer\u00f3ttaf\u00e9lagi\u00f0 Gr\u00f3tta\",\"description\":\"\u00e1 Seltjarnarnesi\",\"publisher\":{\"@id\":\"https:\/\/grotta.is\/#organization\"},\"potentialAction\":[{\"@type\":\"SearchAction\",\"target\":{\"@type\":\"EntryPoint\",\"urlTemplate\":\"https:\/\/grotta.is\/?s={search_term_string}\"},\"query-input\":{\"@type\":\"PropertyValueSpecification\",\"valueRequired\":true,\"valueName\":\"search_term_string\"}}],\"inLanguage\":\"en-US\"},{\"@type\":\"Organization\",\"@id\":\"https:\/\/grotta.is\/#organization\",\"name\":\"\u00cd\u00fer\u00f3ttaf\u00e9lagi\u00f0 Gr\u00f3tta\",\"url\":\"https:\/\/grotta.is\/\",\"logo\":{\"@type\":\"ImageObject\",\"inLanguage\":\"en-US\",\"@id\":\"https:\/\/grotta.is\/#\/schema\/logo\/image\/\",\"url\":\"https:\/\/grotta.is\/wp-content\/uploads\/2020\/02\/ithrottafelagidgrotta_logo_512x512_transparent.png\",\"contentUrl\":\"https:\/\/grotta.is\/wp-content\/uploads\/2020\/02\/ithrottafelagidgrotta_logo_512x512_transparent.png\",\"width\":512,\"height\":512,\"caption\":\"\u00cd\u00fer\u00f3ttaf\u00e9lagi\u00f0 Gr\u00f3tta\"},\"image\":{\"@id\":\"https:\/\/grotta.is\/#\/schema\/logo\/image\/\"},\"sameAs\":[\"https:\/\/www.facebook.com\/grottasport\"]},{\"@type\":\"Person\",\"@id\":\"https:\/\/grotta.is\/#\/schema\/person\/f1fea6a85a554e8069771c3486efbd84\",\"name\":\"J\u00f3runn M. \u00deorsteinsd\u00f3ttir\",\"url\":\"https:\/\/grotta.is\/en\/author\/jorunn\/\"}]}<\/script>\n<!-- \/ Yoast SEO plugin. -->","yoast_head_json":{"title":"Maggie Smither \u00ed Gr\u00f3ttu - \u00cd\u00fer\u00f3ttaf\u00e9lagi\u00f0 Gr\u00f3tta","robots":{"index":"index","follow":"follow","max-snippet":"max-snippet:-1","max-image-preview":"max-image-preview:large","max-video-preview":"max-video-preview:-1"},"canonical":"https:\/\/grotta.is\/en\/knattspyrnudeild\/maggie-smither-i-grottu\/","og_locale":"en_US","og_type":"article","og_title":"Maggie Smither \u00ed Gr\u00f3ttu - \u00cd\u00fer\u00f3ttaf\u00e9lagi\u00f0 Gr\u00f3tta","og_description":"Hin 23 \u00e1ra gamla Maggie Smither mun verja mark Gr\u00f3ttu \u00ed sumar. Maggie hefur \u00e1 ferli s\u00ednum leiki\u00f0 me\u00f0 South Dakota State \u00ed bandar\u00edska h\u00e1sk\u00f3laboltanum og me\u00f0 tveimur li\u00f0um \u00ed [&hellip;]","og_url":"https:\/\/grotta.is\/en\/knattspyrnudeild\/maggie-smither-i-grottu\/","og_site_name":"\u00cd\u00fer\u00f3ttaf\u00e9lagi\u00f0 Gr\u00f3tta","article_publisher":"https:\/\/www.facebook.com\/grottasport","article_published_time":"2021-03-14T18:06:28+00:00","article_modified_time":"2021-03-14T18:06:32+00:00","og_image":[{"width":2510,"height":2560,"url":"https:\/\/grotta.is\/wp-content\/uploads\/2021\/03\/signing-scaled.jpg","type":"image\/jpeg"}],"author":"J\u00f3runn M. \u00deorsteinsd\u00f3ttir","twitter_card":"summary_large_image","twitter_misc":{"Written by":"J\u00f3runn M. \u00deorsteinsd\u00f3ttir","Est. reading time":"2 minutes"},"schema":{"@context":"https:\/\/schema.org","@graph":[{"@type":"Article","@id":"https:\/\/grotta.is\/knattspyrnudeild\/maggie-smither-i-grottu\/#article","isPartOf":{"@id":"https:\/\/grotta.is\/knattspyrnudeild\/maggie-smither-i-grottu\/"},"author":{"name":"J\u00f3runn M. \u00deorsteinsd\u00f3ttir","@id":"https:\/\/grotta.is\/#\/schema\/person\/f1fea6a85a554e8069771c3486efbd84"},"headline":"Maggie Smither \u00ed Gr\u00f3ttu","datePublished":"2021-03-14T18:06:28+00:00","dateModified":"2021-03-14T18:06:32+00:00","mainEntityOfPage":{"@id":"https:\/\/grotta.is\/knattspyrnudeild\/maggie-smither-i-grottu\/"},"wordCount":243,"publisher":{"@id":"https:\/\/grotta.is\/#organization"},"image":{"@id":"https:\/\/grotta.is\/knattspyrnudeild\/maggie-smither-i-grottu\/#primaryimage"},"thumbnailUrl":"https:\/\/grotta.is\/wp-content\/uploads\/2021\/03\/signing-scaled.jpg","articleSection":["Knattspyrnudeild"],"inLanguage":"en-US"},{"@type":"WebPage","@id":"https:\/\/grotta.is\/knattspyrnudeild\/maggie-smither-i-grottu\/","url":"https:\/\/grotta.is\/knattspyrnudeild\/maggie-smither-i-grottu\/","name":"Maggie Smither \u00ed Gr\u00f3ttu - \u00cd\u00fer\u00f3ttaf\u00e9lagi\u00f0 Gr\u00f3tta","isPartOf":{"@id":"https:\/\/grotta.is\/#website"},"primaryImageOfPage":{"@id":"https:\/\/grotta.is\/knattspyrnudeild\/maggie-smither-i-grottu\/#primaryimage"},"image":{"@id":"https:\/\/grotta.is\/knattspyrnudeild\/maggie-smither-i-grottu\/#primaryimage"},"thumbnailUrl":"https:\/\/grotta.is\/wp-content\/uploads\/2021\/03\/signing-scaled.jpg","datePublished":"2021-03-14T18:06:28+00:00","dateModified":"2021-03-14T18:06:32+00:00","breadcrumb":{"@id":"https:\/\/grotta.is\/knattspyrnudeild\/maggie-smither-i-grottu\/#breadcrumb"},"inLanguage":"en-US","potentialAction":[{"@type":"ReadAction","target":["https:\/\/grotta.is\/knattspyrnudeild\/maggie-smither-i-grottu\/"]}]},{"@type":"ImageObject","inLanguage":"en-US","@id":"https:\/\/grotta.is\/knattspyrnudeild\/maggie-smither-i-grottu\/#primaryimage","url":"https:\/\/grotta.is\/wp-content\/uploads\/2021\/03\/signing-scaled.jpg","contentUrl":"https:\/\/grotta.is\/wp-content\/uploads\/2021\/03\/signing-scaled.jpg","width":2510,"height":2560},{"@type":"BreadcrumbList","@id":"https:\/\/grotta.is\/knattspyrnudeild\/maggie-smither-i-grottu\/#breadcrumb","itemListElement":[{"@type":"ListItem","position":1,"name":"Home","item":"https:\/\/grotta.is\/"},{"@type":"ListItem","position":2,"name":"Maggie Smither \u00ed Gr\u00f3ttu"}]},{"@type":"WebSite","@id":"https:\/\/grotta.is\/#website","url":"https:\/\/grotta.is\/","name":"\u00cd\u00fer\u00f3ttaf\u00e9lagi\u00f0 Gr\u00f3tta","description":"\u00e1 Seltjarnarnesi","publisher":{"@id":"https:\/\/grotta.is\/#organization"},"potentialAction":[{"@type":"SearchAction","target":{"@type":"EntryPoint","urlTemplate":"https:\/\/grotta.is\/?s={search_term_string}"},"query-input":{"@type":"PropertyValueSpecification","valueRequired":true,"valueName":"search_term_string"}}],"inLanguage":"en-US"},{"@type":"Organization","@id":"https:\/\/grotta.is\/#organization","name":"\u00cd\u00fer\u00f3ttaf\u00e9lagi\u00f0 Gr\u00f3tta","url":"https:\/\/grotta.is\/","logo":{"@type":"ImageObject","inLanguage":"en-US","@id":"https:\/\/grotta.is\/#\/schema\/logo\/image\/","url":"https:\/\/grotta.is\/wp-content\/uploads\/2020\/02\/ithrottafelagidgrotta_logo_512x512_transparent.png","contentUrl":"https:\/\/grotta.is\/wp-content\/uploads\/2020\/02\/ithrottafelagidgrotta_logo_512x512_transparent.png","width":512,"height":512,"caption":"\u00cd\u00fer\u00f3ttaf\u00e9lagi\u00f0 Gr\u00f3tta"},"image":{"@id":"https:\/\/grotta.is\/#\/schema\/logo\/image\/"},"sameAs":["https:\/\/www.facebook.com\/grottasport"]},{"@type":"Person","@id":"https:\/\/grotta.is\/#\/schema\/person\/f1fea6a85a554e8069771c3486efbd84","name":"J\u00f3runn M. \u00deorsteinsd\u00f3ttir","url":"https:\/\/grotta.is\/en\/author\/jorunn\/"}]}},"_links":{"self":[{"href":"https:\/\/grotta.is\/en\/wp-json\/wp\/v2\/posts\/342233","targetHints":{"allow":["GET"]}}],"collection":[{"href":"https:\/\/grotta.is\/en\/wp-json\/wp\/v2\/posts"}],"about":[{"href":"https:\/\/grotta.is\/en\/wp-json\/wp\/v2\/types\/post"}],"author":[{"embeddable":true,"href":"https:\/\/grotta.is\/en\/wp-json\/wp\/v2\/users\/4"}],"replies":[{"embeddable":true,"href":"https:\/\/grotta.is\/en\/wp-json\/wp\/v2\/comments?post=342233"}],"version-history":[{"count":2,"href":"https:\/\/grotta.is\/en\/wp-json\/wp\/v2\/posts\/342233\/revisions"}],"predecessor-version":[{"id":342236,"href":"https:\/\/grotta.is\/en\/wp-json\/wp\/v2\/posts\/342233\/revisions\/342236"}],"wp:featuredmedia":[{"embeddable":true,"href":"https:\/\/grotta.is\/en\/wp-json\/wp\/v2\/media\/342234"}],"wp:attachment":[{"href":"https:\/\/grotta.is\/en\/wp-json\/wp\/v2\/media?parent=342233"}],"wp:term":[{"taxonomy":"category","embeddable":true,"href":"https:\/\/grotta.is\/en\/wp-json\/wp\/v2\/categories?post=342233"},{"taxonomy":"post_tag","embeddable":true,"href":"https:\/\/grotta.is\/en\/wp-json\/wp\/v2\/tags?post=342233"}],"curies":[{"name":"wp","href":"https:\/\/api.w.org\/{rel}","templated":true}]}}