{"id":342,"date":"2019-09-25T19:36:00","date_gmt":"2019-09-25T19:36:00","guid":{"rendered":"https:\/\/grotta.is\/?p=342"},"modified":"2020-02-17T19:39:21","modified_gmt":"2020-02-17T19:39:21","slug":"2-flokkur-kvenna-i-3-saeti-islandsmotsins","status":"publish","type":"post","link":"https:\/\/grotta.is\/en\/knattspyrnudeild\/2-flokkur-kvenna-i-3-saeti-islandsmotsins\/","title":{"rendered":"2. flokkur kvenna \u00ed 3. s\u00e6ti \u00cdslandsm\u00f3tsins"},"content":{"rendered":"<p>2. flokkur kvenna lauk n\u00fdveri\u00f0 keppni \u00ed \u00cdslandsm\u00f3tinu og endu\u00f0u \u00fe\u00e6r \u00ed 3. s\u00e6ti m\u00f3tsins. Stelpurnar spilu\u00f0u 14 leiki og unnu 10 \u00feeirra og endu\u00f0u me\u00f0 30 stig, l\u00edkt og FH sem var \u00ed 2. s\u00e6ti en Hafnfir\u00f0ingarnir voru me\u00f0 betri markat\u00f6lu. \u00der\u00e1tt fyrir a\u00f0 hafa ekki \u00e6ft miki\u00f0 saman \u00fear sem leikmennirnir \u00e6f\u00f0u flestir \u00ed sitthvoru lagi me\u00f0 meistaraflokkum Gr\u00f3ttu og KR, \u00fe\u00e1 gekk sumari\u00f0 mj\u00f6g vel hj\u00e1 stelpunum. Vi\u00f0 \u00f3skum stelpunum til hamingju me\u00f0 \u00feennan gl\u00e6sta \u00e1rangur ??<\/p>","protected":false},"excerpt":{"rendered":"<p>2. flokkur kvenna lauk n\u00fdveri\u00f0 keppni \u00ed \u00cdslandsm\u00f3tinu og endu\u00f0u \u00fe\u00e6r \u00ed 3. s\u00e6ti m\u00f3tsins. <\/p>","protected":false},"author":2,"featured_media":343,"comment_status":"closed","ping_status":"closed","sticky":false,"template":"","format":"standard","meta":{"footnotes":""},"categories":[7],"tags":[6,21,10],"class_list":["post-342","post","type-post","status-publish","format-standard","has-post-thumbnail","hentry","category-knattspyrnudeild","tag-knattspyrna","tag-mot","tag-verdlaun"],"yoast_head":"<!-- This site is optimized with the Yoast SEO plugin v24.3 - https:\/\/yoast.com\/wordpress\/plugins\/seo\/ -->\n<title>2. flokkur kvenna \u00ed 3. s\u00e6ti \u00cdslandsm\u00f3tsins - \u00cd\u00fer\u00f3ttaf\u00e9lagi\u00f0 Gr\u00f3tta<\/title>\n<meta name=\"robots\" content=\"index, follow, max-snippet:-1, max-image-preview:large, max-video-preview:-1\" \/>\n<link rel=\"canonical\" href=\"https:\/\/grotta.is\/en\/knattspyrnudeild\/2-flokkur-kvenna-i-3-saeti-islandsmotsins\/\" \/>\n<meta property=\"og:locale\" content=\"en_US\" \/>\n<meta property=\"og:type\" content=\"article\" \/>\n<meta property=\"og:title\" content=\"2. flokkur kvenna \u00ed 3. s\u00e6ti \u00cdslandsm\u00f3tsins - \u00cd\u00fer\u00f3ttaf\u00e9lagi\u00f0 Gr\u00f3tta\" \/>\n<meta property=\"og:description\" content=\"2. flokkur kvenna lauk n\u00fdveri\u00f0 keppni \u00ed \u00cdslandsm\u00f3tinu og endu\u00f0u \u00fe\u00e6r \u00ed 3. s\u00e6ti m\u00f3tsins.\" \/>\n<meta property=\"og:url\" content=\"https:\/\/grotta.is\/en\/knattspyrnudeild\/2-flokkur-kvenna-i-3-saeti-islandsmotsins\/\" \/>\n<meta property=\"og:site_name\" content=\"\u00cd\u00fer\u00f3ttaf\u00e9lagi\u00f0 Gr\u00f3tta\" \/>\n<meta property=\"article:publisher\" content=\"https:\/\/www.facebook.com\/grottasport\" \/>\n<meta property=\"article:published_time\" content=\"2019-09-25T19:36:00+00:00\" \/>\n<meta property=\"article:modified_time\" content=\"2020-02-17T19:39:21+00:00\" \/>\n<meta property=\"og:image\" content=\"https:\/\/grotta.is\/wp-content\/uploads\/2020\/02\/Knattspyrnudeild_grotta_Frettir_leikmenn_21.jpg\" \/>\n\t<meta property=\"og:image:width\" content=\"461\" \/>\n\t<meta property=\"og:image:height\" content=\"308\" \/>\n\t<meta property=\"og:image:type\" content=\"image\/jpeg\" \/>\n<meta name=\"author\" content=\"Grotta\" \/>\n<meta name=\"twitter:card\" content=\"summary_large_image\" \/>\n<meta name=\"twitter:label1\" content=\"Written by\" \/>\n\t<meta name=\"twitter:data1\" content=\"Grotta\" \/>\n<script type=\"application\/ld+json\" class=\"yoast-schema-graph\">{\"@context\":\"https:\/\/schema.org\",\"@graph\":[{\"@type\":\"Article\",\"@id\":\"https:\/\/grotta.is\/knattspyrnudeild\/2-flokkur-kvenna-i-3-saeti-islandsmotsins\/#article\",\"isPartOf\":{\"@id\":\"https:\/\/grotta.is\/knattspyrnudeild\/2-flokkur-kvenna-i-3-saeti-islandsmotsins\/\"},\"author\":{\"name\":\"Grotta\",\"@id\":\"https:\/\/grotta.is\/#\/schema\/person\/08ec57bf09ee925f1b6a01540c14a5ce\"},\"headline\":\"2. flokkur kvenna \u00ed 3. s\u00e6ti \u00cdslandsm\u00f3tsins\",\"datePublished\":\"2019-09-25T19:36:00+00:00\",\"dateModified\":\"2020-02-17T19:39:21+00:00\",\"mainEntityOfPage\":{\"@id\":\"https:\/\/grotta.is\/knattspyrnudeild\/2-flokkur-kvenna-i-3-saeti-islandsmotsins\/\"},\"wordCount\":90,\"publisher\":{\"@id\":\"https:\/\/grotta.is\/#organization\"},\"image\":{\"@id\":\"https:\/\/grotta.is\/knattspyrnudeild\/2-flokkur-kvenna-i-3-saeti-islandsmotsins\/#primaryimage\"},\"thumbnailUrl\":\"https:\/\/grotta.is\/wp-content\/uploads\/2020\/02\/Knattspyrnudeild_grotta_Frettir_leikmenn_21.jpg\",\"keywords\":[\"Knattspyrna\",\"M\u00f3t\",\"Ver\u00f0laun\"],\"articleSection\":[\"Knattspyrnudeild\"],\"inLanguage\":\"en-US\"},{\"@type\":\"WebPage\",\"@id\":\"https:\/\/grotta.is\/knattspyrnudeild\/2-flokkur-kvenna-i-3-saeti-islandsmotsins\/\",\"url\":\"https:\/\/grotta.is\/knattspyrnudeild\/2-flokkur-kvenna-i-3-saeti-islandsmotsins\/\",\"name\":\"2. flokkur kvenna \u00ed 3. s\u00e6ti \u00cdslandsm\u00f3tsins - \u00cd\u00fer\u00f3ttaf\u00e9lagi\u00f0 Gr\u00f3tta\",\"isPartOf\":{\"@id\":\"https:\/\/grotta.is\/#website\"},\"primaryImageOfPage\":{\"@id\":\"https:\/\/grotta.is\/knattspyrnudeild\/2-flokkur-kvenna-i-3-saeti-islandsmotsins\/#primaryimage\"},\"image\":{\"@id\":\"https:\/\/grotta.is\/knattspyrnudeild\/2-flokkur-kvenna-i-3-saeti-islandsmotsins\/#primaryimage\"},\"thumbnailUrl\":\"https:\/\/grotta.is\/wp-content\/uploads\/2020\/02\/Knattspyrnudeild_grotta_Frettir_leikmenn_21.jpg\",\"datePublished\":\"2019-09-25T19:36:00+00:00\",\"dateModified\":\"2020-02-17T19:39:21+00:00\",\"breadcrumb\":{\"@id\":\"https:\/\/grotta.is\/knattspyrnudeild\/2-flokkur-kvenna-i-3-saeti-islandsmotsins\/#breadcrumb\"},\"inLanguage\":\"en-US\",\"potentialAction\":[{\"@type\":\"ReadAction\",\"target\":[\"https:\/\/grotta.is\/knattspyrnudeild\/2-flokkur-kvenna-i-3-saeti-islandsmotsins\/\"]}]},{\"@type\":\"ImageObject\",\"inLanguage\":\"en-US\",\"@id\":\"https:\/\/grotta.is\/knattspyrnudeild\/2-flokkur-kvenna-i-3-saeti-islandsmotsins\/#primaryimage\",\"url\":\"https:\/\/grotta.is\/wp-content\/uploads\/2020\/02\/Knattspyrnudeild_grotta_Frettir_leikmenn_21.jpg\",\"contentUrl\":\"https:\/\/grotta.is\/wp-content\/uploads\/2020\/02\/Knattspyrnudeild_grotta_Frettir_leikmenn_21.jpg\",\"width\":461,\"height\":308},{\"@type\":\"BreadcrumbList\",\"@id\":\"https:\/\/grotta.is\/knattspyrnudeild\/2-flokkur-kvenna-i-3-saeti-islandsmotsins\/#breadcrumb\",\"itemListElement\":[{\"@type\":\"ListItem\",\"position\":1,\"name\":\"Home\",\"item\":\"https:\/\/grotta.is\/\"},{\"@type\":\"ListItem\",\"position\":2,\"name\":\"2. flokkur kvenna \u00ed 3. s\u00e6ti \u00cdslandsm\u00f3tsins\"}]},{\"@type\":\"WebSite\",\"@id\":\"https:\/\/grotta.is\/#website\",\"url\":\"https:\/\/grotta.is\/\",\"name\":\"\u00cd\u00fer\u00f3ttaf\u00e9lagi\u00f0 Gr\u00f3tta\",\"description\":\"\u00e1 Seltjarnarnesi\",\"publisher\":{\"@id\":\"https:\/\/grotta.is\/#organization\"},\"potentialAction\":[{\"@type\":\"SearchAction\",\"target\":{\"@type\":\"EntryPoint\",\"urlTemplate\":\"https:\/\/grotta.is\/?s={search_term_string}\"},\"query-input\":{\"@type\":\"PropertyValueSpecification\",\"valueRequired\":true,\"valueName\":\"search_term_string\"}}],\"inLanguage\":\"en-US\"},{\"@type\":\"Organization\",\"@id\":\"https:\/\/grotta.is\/#organization\",\"name\":\"\u00cd\u00fer\u00f3ttaf\u00e9lagi\u00f0 Gr\u00f3tta\",\"url\":\"https:\/\/grotta.is\/\",\"logo\":{\"@type\":\"ImageObject\",\"inLanguage\":\"en-US\",\"@id\":\"https:\/\/grotta.is\/#\/schema\/logo\/image\/\",\"url\":\"https:\/\/grotta.is\/wp-content\/uploads\/2020\/02\/ithrottafelagidgrotta_logo_512x512_transparent.png\",\"contentUrl\":\"https:\/\/grotta.is\/wp-content\/uploads\/2020\/02\/ithrottafelagidgrotta_logo_512x512_transparent.png\",\"width\":512,\"height\":512,\"caption\":\"\u00cd\u00fer\u00f3ttaf\u00e9lagi\u00f0 Gr\u00f3tta\"},\"image\":{\"@id\":\"https:\/\/grotta.is\/#\/schema\/logo\/image\/\"},\"sameAs\":[\"https:\/\/www.facebook.com\/grottasport\"]},{\"@type\":\"Person\",\"@id\":\"https:\/\/grotta.is\/#\/schema\/person\/08ec57bf09ee925f1b6a01540c14a5ce\",\"name\":\"Grotta\",\"url\":\"https:\/\/grotta.is\/en\/author\/inga\/\"}]}<\/script>\n<!-- \/ Yoast SEO plugin. -->","yoast_head_json":{"title":"2. flokkur kvenna \u00ed 3. s\u00e6ti \u00cdslandsm\u00f3tsins - \u00cd\u00fer\u00f3ttaf\u00e9lagi\u00f0 Gr\u00f3tta","robots":{"index":"index","follow":"follow","max-snippet":"max-snippet:-1","max-image-preview":"max-image-preview:large","max-video-preview":"max-video-preview:-1"},"canonical":"https:\/\/grotta.is\/en\/knattspyrnudeild\/2-flokkur-kvenna-i-3-saeti-islandsmotsins\/","og_locale":"en_US","og_type":"article","og_title":"2. flokkur kvenna \u00ed 3. s\u00e6ti \u00cdslandsm\u00f3tsins - \u00cd\u00fer\u00f3ttaf\u00e9lagi\u00f0 Gr\u00f3tta","og_description":"2. flokkur kvenna lauk n\u00fdveri\u00f0 keppni \u00ed \u00cdslandsm\u00f3tinu og endu\u00f0u \u00fe\u00e6r \u00ed 3. s\u00e6ti m\u00f3tsins.","og_url":"https:\/\/grotta.is\/en\/knattspyrnudeild\/2-flokkur-kvenna-i-3-saeti-islandsmotsins\/","og_site_name":"\u00cd\u00fer\u00f3ttaf\u00e9lagi\u00f0 Gr\u00f3tta","article_publisher":"https:\/\/www.facebook.com\/grottasport","article_published_time":"2019-09-25T19:36:00+00:00","article_modified_time":"2020-02-17T19:39:21+00:00","og_image":[{"width":461,"height":308,"url":"https:\/\/grotta.is\/wp-content\/uploads\/2020\/02\/Knattspyrnudeild_grotta_Frettir_leikmenn_21.jpg","type":"image\/jpeg"}],"author":"Grotta","twitter_card":"summary_large_image","twitter_misc":{"Written by":"Grotta"},"schema":{"@context":"https:\/\/schema.org","@graph":[{"@type":"Article","@id":"https:\/\/grotta.is\/knattspyrnudeild\/2-flokkur-kvenna-i-3-saeti-islandsmotsins\/#article","isPartOf":{"@id":"https:\/\/grotta.is\/knattspyrnudeild\/2-flokkur-kvenna-i-3-saeti-islandsmotsins\/"},"author":{"name":"Grotta","@id":"https:\/\/grotta.is\/#\/schema\/person\/08ec57bf09ee925f1b6a01540c14a5ce"},"headline":"2. flokkur kvenna \u00ed 3. s\u00e6ti \u00cdslandsm\u00f3tsins","datePublished":"2019-09-25T19:36:00+00:00","dateModified":"2020-02-17T19:39:21+00:00","mainEntityOfPage":{"@id":"https:\/\/grotta.is\/knattspyrnudeild\/2-flokkur-kvenna-i-3-saeti-islandsmotsins\/"},"wordCount":90,"publisher":{"@id":"https:\/\/grotta.is\/#organization"},"image":{"@id":"https:\/\/grotta.is\/knattspyrnudeild\/2-flokkur-kvenna-i-3-saeti-islandsmotsins\/#primaryimage"},"thumbnailUrl":"https:\/\/grotta.is\/wp-content\/uploads\/2020\/02\/Knattspyrnudeild_grotta_Frettir_leikmenn_21.jpg","keywords":["Knattspyrna","M\u00f3t","Ver\u00f0laun"],"articleSection":["Knattspyrnudeild"],"inLanguage":"en-US"},{"@type":"WebPage","@id":"https:\/\/grotta.is\/knattspyrnudeild\/2-flokkur-kvenna-i-3-saeti-islandsmotsins\/","url":"https:\/\/grotta.is\/knattspyrnudeild\/2-flokkur-kvenna-i-3-saeti-islandsmotsins\/","name":"2. flokkur kvenna \u00ed 3. s\u00e6ti \u00cdslandsm\u00f3tsins - \u00cd\u00fer\u00f3ttaf\u00e9lagi\u00f0 Gr\u00f3tta","isPartOf":{"@id":"https:\/\/grotta.is\/#website"},"primaryImageOfPage":{"@id":"https:\/\/grotta.is\/knattspyrnudeild\/2-flokkur-kvenna-i-3-saeti-islandsmotsins\/#primaryimage"},"image":{"@id":"https:\/\/grotta.is\/knattspyrnudeild\/2-flokkur-kvenna-i-3-saeti-islandsmotsins\/#primaryimage"},"thumbnailUrl":"https:\/\/grotta.is\/wp-content\/uploads\/2020\/02\/Knattspyrnudeild_grotta_Frettir_leikmenn_21.jpg","datePublished":"2019-09-25T19:36:00+00:00","dateModified":"2020-02-17T19:39:21+00:00","breadcrumb":{"@id":"https:\/\/grotta.is\/knattspyrnudeild\/2-flokkur-kvenna-i-3-saeti-islandsmotsins\/#breadcrumb"},"inLanguage":"en-US","potentialAction":[{"@type":"ReadAction","target":["https:\/\/grotta.is\/knattspyrnudeild\/2-flokkur-kvenna-i-3-saeti-islandsmotsins\/"]}]},{"@type":"ImageObject","inLanguage":"en-US","@id":"https:\/\/grotta.is\/knattspyrnudeild\/2-flokkur-kvenna-i-3-saeti-islandsmotsins\/#primaryimage","url":"https:\/\/grotta.is\/wp-content\/uploads\/2020\/02\/Knattspyrnudeild_grotta_Frettir_leikmenn_21.jpg","contentUrl":"https:\/\/grotta.is\/wp-content\/uploads\/2020\/02\/Knattspyrnudeild_grotta_Frettir_leikmenn_21.jpg","width":461,"height":308},{"@type":"BreadcrumbList","@id":"https:\/\/grotta.is\/knattspyrnudeild\/2-flokkur-kvenna-i-3-saeti-islandsmotsins\/#breadcrumb","itemListElement":[{"@type":"ListItem","position":1,"name":"Home","item":"https:\/\/grotta.is\/"},{"@type":"ListItem","position":2,"name":"2. flokkur kvenna \u00ed 3. s\u00e6ti \u00cdslandsm\u00f3tsins"}]},{"@type":"WebSite","@id":"https:\/\/grotta.is\/#website","url":"https:\/\/grotta.is\/","name":"\u00cd\u00fer\u00f3ttaf\u00e9lagi\u00f0 Gr\u00f3tta","description":"\u00e1 Seltjarnarnesi","publisher":{"@id":"https:\/\/grotta.is\/#organization"},"potentialAction":[{"@type":"SearchAction","target":{"@type":"EntryPoint","urlTemplate":"https:\/\/grotta.is\/?s={search_term_string}"},"query-input":{"@type":"PropertyValueSpecification","valueRequired":true,"valueName":"search_term_string"}}],"inLanguage":"en-US"},{"@type":"Organization","@id":"https:\/\/grotta.is\/#organization","name":"\u00cd\u00fer\u00f3ttaf\u00e9lagi\u00f0 Gr\u00f3tta","url":"https:\/\/grotta.is\/","logo":{"@type":"ImageObject","inLanguage":"en-US","@id":"https:\/\/grotta.is\/#\/schema\/logo\/image\/","url":"https:\/\/grotta.is\/wp-content\/uploads\/2020\/02\/ithrottafelagidgrotta_logo_512x512_transparent.png","contentUrl":"https:\/\/grotta.is\/wp-content\/uploads\/2020\/02\/ithrottafelagidgrotta_logo_512x512_transparent.png","width":512,"height":512,"caption":"\u00cd\u00fer\u00f3ttaf\u00e9lagi\u00f0 Gr\u00f3tta"},"image":{"@id":"https:\/\/grotta.is\/#\/schema\/logo\/image\/"},"sameAs":["https:\/\/www.facebook.com\/grottasport"]},{"@type":"Person","@id":"https:\/\/grotta.is\/#\/schema\/person\/08ec57bf09ee925f1b6a01540c14a5ce","name":"Grotta","url":"https:\/\/grotta.is\/en\/author\/inga\/"}]}},"_links":{"self":[{"href":"https:\/\/grotta.is\/en\/wp-json\/wp\/v2\/posts\/342","targetHints":{"allow":["GET"]}}],"collection":[{"href":"https:\/\/grotta.is\/en\/wp-json\/wp\/v2\/posts"}],"about":[{"href":"https:\/\/grotta.is\/en\/wp-json\/wp\/v2\/types\/post"}],"author":[{"embeddable":true,"href":"https:\/\/grotta.is\/en\/wp-json\/wp\/v2\/users\/2"}],"replies":[{"embeddable":true,"href":"https:\/\/grotta.is\/en\/wp-json\/wp\/v2\/comments?post=342"}],"version-history":[{"count":0,"href":"https:\/\/grotta.is\/en\/wp-json\/wp\/v2\/posts\/342\/revisions"}],"wp:featuredmedia":[{"embeddable":true,"href":"https:\/\/grotta.is\/en\/wp-json\/wp\/v2\/media\/343"}],"wp:attachment":[{"href":"https:\/\/grotta.is\/en\/wp-json\/wp\/v2\/media?parent=342"}],"wp:term":[{"taxonomy":"category","embeddable":true,"href":"https:\/\/grotta.is\/en\/wp-json\/wp\/v2\/categories?post=342"},{"taxonomy":"post_tag","embeddable":true,"href":"https:\/\/grotta.is\/en\/wp-json\/wp\/v2\/tags?post=342"}],"curies":[{"name":"wp","href":"https:\/\/api.w.org\/{rel}","templated":true}]}}