{"id":3408,"date":"2020-05-04T09:52:52","date_gmt":"2020-05-04T09:52:52","guid":{"rendered":"https:\/\/grotta.is\/?p=3408"},"modified":"2020-05-04T09:52:53","modified_gmt":"2020-05-04T09:52:53","slug":"hakon-bridde-radinn-yfirthjalfari","status":"publish","type":"post","link":"https:\/\/grotta.is\/en\/handknattleiksdeild\/hakon-bridde-radinn-yfirthjalfari\/","title":{"rendered":"H\u00e1kon Bridde r\u00e1\u00f0inn yfir\u00fej\u00e1lfari"},"content":{"rendered":"<p>H\u00e1kon Hermannsson Bridde hefur veri\u00f0 r\u00e1\u00f0inn yfir\u00fej\u00e1lfari handknattleiksdeildar Gr\u00f3ttu til n\u00e6stu 3ja \u00e1ra. Hann mun einnig st\u00fdra 5.flokki karla og 7. og 8. flokki karla \u00e1 n\u00e6stkomandi keppnist\u00edmabili.<\/p><p>H\u00e1kon sem er 36 \u00e1ra gamall \u00e1 a\u00f0 baki langan \u00fej\u00e1lfaraferil sem n\u00e6r aftur til \u00e1rsins 2002 en \u00fe\u00e1 byrja\u00f0i hann reyndar sem f\u00f3tbolta\u00fej\u00e1lfari hj\u00e1 HK og \u00fej\u00e1lfa\u00f0i f\u00f3tbolta \u00ed 2 \u00e1r. \u00c1ri\u00f0 2004 sn\u00e9ri hann s\u00e9 a\u00f0 handbolta\u00fej\u00e1lfun hj\u00e1 HK \u00fear sem hann \u00fej\u00e1lfa\u00f0i \u00ed 14 \u00e1r, b\u00e6\u00f0i sem yngri flokka \u00fej\u00e1lfari, styrktar\u00fej\u00e1lfari, meistaraflokks \u00fej\u00e1lfari og yfir\u00fej\u00e1lfari.<\/p><p>\u00c1ri\u00f0 2018 h\u00e9lt H\u00e1kon til Noregs \u00fear sem hann hefur veri\u00f0 a\u00f0al\u00fej\u00e1lfari b\u00e6\u00f0i meistaraflokks kvenna og karla hj\u00e1 Flor\u00f8 SK auk \u00feess a\u00f0 koma a\u00f0 yngri flokka \u00fej\u00e1lfun og kennslu \u00ed menntask\u00f3lanum \u00ed Flora.<\/p><p>Auk mikillar reynslu \u00far \u00fej\u00e1lfun er H\u00e1kon einnig gr\u00ed\u00f0arlega vel mennta\u00f0ur \u00e1 svi\u00f0um \u00ed\u00fer\u00f3tta en hann er me\u00f0 Bs gr\u00e1\u00f0u \u00ed \u00ed\u00fer\u00f3ttafr\u00e6\u00f0um fr\u00e1 H\u00e1sk\u00f3lanum \u00ed Reykjav\u00edk og masters gr\u00e1\u00f0u \u00ed \u00fej\u00e1lfun og kennslu fr\u00e1 sama sk\u00f3la og auk \u00feess hefur H\u00e1kon seti\u00f0 tugi n\u00e1mskei\u00f0a um \u00fej\u00e1lfun, b\u00e6\u00f0i styrktar\u00fej\u00e1lfun og handbolta\u00fej\u00e1lfun.<\/p><p>H\u00e1kon hefur eins og \u00e1\u00f0ur segir skrifa\u00f0 undir 3ja \u00e1ra samning sem yfir\u00fej\u00e1lfari vi\u00f0 f\u00e9lagi\u00f0 og mun einnig sinna \u00fej\u00e1lfun 5.flokks karla og 7. og 8.flokks karla t\u00edmabili\u00f0 2020-2021. H\u00e1kon mun sem yfir\u00fej\u00e1lfari f\u00e1 \u00fea\u00f0 verkefni a\u00f0 lei\u00f0a \u00fe\u00e1 uppbyggingu sem deildin stendur n\u00fa frammi fyrir \u00ed samvinnu vi\u00f0 stj\u00f3rn og a\u00f0ra \u00fej\u00e1lfara deildarinnar en stj\u00f3rnin stefnir \u00ed st\u00f3rs\u00f3kn \u00ed yngri flokkum f\u00e9lagsins sem h\u00fan s\u00fdnir \u00ed verki me\u00f0 r\u00e1\u00f0ningu \u00e1 jafn \u00f6flugum a\u00f0ila og H\u00e1koni.<\/p><p>Vi\u00f0 bj\u00f3\u00f0um H\u00e1kon hjartanlega velkominn til f\u00e9lagsins og hl\u00f6kkum til a\u00f0 fylgjast me\u00f0 honum \u00ed \u00feessu krefjandi starfi sem hann tekur n\u00fa vi\u00f0!<\/p><p>\u00c1fram Gr\u00f3tta!<\/p>","protected":false},"excerpt":{"rendered":"<p>H\u00e1kon Hermannsson Bridde hefur veri\u00f0 r\u00e1\u00f0inn yfir\u00fej\u00e1lfari handknattleiksdeildar Gr\u00f3ttu til n\u00e6stu 3ja \u00e1ra. Hann mun einnig st\u00fdra 5.flokki karla og 7. og 8. flokki karla \u00e1 n\u00e6stkomandi keppnist\u00edmabili.<\/p>","protected":false},"author":2,"featured_media":3417,"comment_status":"closed","ping_status":"closed","sticky":false,"template":"","format":"standard","meta":{"footnotes":""},"categories":[12],"tags":[13,15,33],"class_list":["post-3408","post","type-post","status-publish","format-standard","has-post-thumbnail","hentry","category-handknattleiksdeild","tag-handbolti","tag-yngri-flokkar","tag-thjalfarar"],"yoast_head":"<!-- This site is optimized with the Yoast SEO plugin v24.3 - https:\/\/yoast.com\/wordpress\/plugins\/seo\/ -->\n<title>H\u00e1kon Bridde r\u00e1\u00f0inn yfir\u00fej\u00e1lfari - \u00cd\u00fer\u00f3ttaf\u00e9lagi\u00f0 Gr\u00f3tta<\/title>\n<meta name=\"robots\" content=\"index, follow, max-snippet:-1, max-image-preview:large, max-video-preview:-1\" \/>\n<link rel=\"canonical\" href=\"https:\/\/grotta.is\/en\/handknattleiksdeild\/hakon-bridde-radinn-yfirthjalfari\/\" \/>\n<meta property=\"og:locale\" content=\"en_US\" \/>\n<meta property=\"og:type\" content=\"article\" \/>\n<meta property=\"og:title\" content=\"H\u00e1kon Bridde r\u00e1\u00f0inn yfir\u00fej\u00e1lfari - \u00cd\u00fer\u00f3ttaf\u00e9lagi\u00f0 Gr\u00f3tta\" \/>\n<meta property=\"og:description\" content=\"H\u00e1kon Hermannsson Bridde hefur veri\u00f0 r\u00e1\u00f0inn yfir\u00fej\u00e1lfari handknattleiksdeildar Gr\u00f3ttu til n\u00e6stu 3ja \u00e1ra. Hann mun einnig st\u00fdra 5.flokki karla og 7. og 8. flokki karla \u00e1 n\u00e6stkomandi keppnist\u00edmabili.\" \/>\n<meta property=\"og:url\" content=\"https:\/\/grotta.is\/en\/handknattleiksdeild\/hakon-bridde-radinn-yfirthjalfari\/\" \/>\n<meta property=\"og:site_name\" content=\"\u00cd\u00fer\u00f3ttaf\u00e9lagi\u00f0 Gr\u00f3tta\" \/>\n<meta property=\"article:publisher\" content=\"https:\/\/www.facebook.com\/grottasport\" \/>\n<meta property=\"article:published_time\" content=\"2020-05-04T09:52:52+00:00\" \/>\n<meta property=\"article:modified_time\" content=\"2020-05-04T09:52:53+00:00\" \/>\n<meta property=\"og:image\" content=\"https:\/\/grotta.is\/wp-content\/uploads\/2020\/05\/Hakon_bridde_thjalfari_handbolti.jpg\" \/>\n\t<meta property=\"og:image:width\" content=\"1080\" \/>\n\t<meta property=\"og:image:height\" content=\"608\" \/>\n\t<meta property=\"og:image:type\" content=\"image\/jpeg\" \/>\n<meta name=\"author\" content=\"Grotta\" \/>\n<meta name=\"twitter:card\" content=\"summary_large_image\" \/>\n<meta name=\"twitter:label1\" content=\"Written by\" \/>\n\t<meta name=\"twitter:data1\" content=\"Grotta\" \/>\n\t<meta name=\"twitter:label2\" content=\"Est. reading time\" \/>\n\t<meta name=\"twitter:data2\" content=\"2 minutes\" \/>\n<script type=\"application\/ld+json\" class=\"yoast-schema-graph\">{\"@context\":\"https:\/\/schema.org\",\"@graph\":[{\"@type\":\"Article\",\"@id\":\"https:\/\/grotta.is\/handknattleiksdeild\/hakon-bridde-radinn-yfirthjalfari\/#article\",\"isPartOf\":{\"@id\":\"https:\/\/grotta.is\/handknattleiksdeild\/hakon-bridde-radinn-yfirthjalfari\/\"},\"author\":{\"name\":\"Grotta\",\"@id\":\"https:\/\/grotta.is\/#\/schema\/person\/08ec57bf09ee925f1b6a01540c14a5ce\"},\"headline\":\"H\u00e1kon Bridde r\u00e1\u00f0inn yfir\u00fej\u00e1lfari\",\"datePublished\":\"2020-05-04T09:52:52+00:00\",\"dateModified\":\"2020-05-04T09:52:53+00:00\",\"mainEntityOfPage\":{\"@id\":\"https:\/\/grotta.is\/handknattleiksdeild\/hakon-bridde-radinn-yfirthjalfari\/\"},\"wordCount\":342,\"publisher\":{\"@id\":\"https:\/\/grotta.is\/#organization\"},\"image\":{\"@id\":\"https:\/\/grotta.is\/handknattleiksdeild\/hakon-bridde-radinn-yfirthjalfari\/#primaryimage\"},\"thumbnailUrl\":\"https:\/\/grotta.is\/wp-content\/uploads\/2020\/05\/Hakon_bridde_thjalfari_handbolti.jpg\",\"keywords\":[\"Handbolti\",\"Yngri flokkar\",\"\u00dej\u00e1lfarar\"],\"articleSection\":[\"Handknattleiksdeild\"],\"inLanguage\":\"en-US\"},{\"@type\":\"WebPage\",\"@id\":\"https:\/\/grotta.is\/handknattleiksdeild\/hakon-bridde-radinn-yfirthjalfari\/\",\"url\":\"https:\/\/grotta.is\/handknattleiksdeild\/hakon-bridde-radinn-yfirthjalfari\/\",\"name\":\"H\u00e1kon Bridde r\u00e1\u00f0inn yfir\u00fej\u00e1lfari - \u00cd\u00fer\u00f3ttaf\u00e9lagi\u00f0 Gr\u00f3tta\",\"isPartOf\":{\"@id\":\"https:\/\/grotta.is\/#website\"},\"primaryImageOfPage\":{\"@id\":\"https:\/\/grotta.is\/handknattleiksdeild\/hakon-bridde-radinn-yfirthjalfari\/#primaryimage\"},\"image\":{\"@id\":\"https:\/\/grotta.is\/handknattleiksdeild\/hakon-bridde-radinn-yfirthjalfari\/#primaryimage\"},\"thumbnailUrl\":\"https:\/\/grotta.is\/wp-content\/uploads\/2020\/05\/Hakon_bridde_thjalfari_handbolti.jpg\",\"datePublished\":\"2020-05-04T09:52:52+00:00\",\"dateModified\":\"2020-05-04T09:52:53+00:00\",\"breadcrumb\":{\"@id\":\"https:\/\/grotta.is\/handknattleiksdeild\/hakon-bridde-radinn-yfirthjalfari\/#breadcrumb\"},\"inLanguage\":\"en-US\",\"potentialAction\":[{\"@type\":\"ReadAction\",\"target\":[\"https:\/\/grotta.is\/handknattleiksdeild\/hakon-bridde-radinn-yfirthjalfari\/\"]}]},{\"@type\":\"ImageObject\",\"inLanguage\":\"en-US\",\"@id\":\"https:\/\/grotta.is\/handknattleiksdeild\/hakon-bridde-radinn-yfirthjalfari\/#primaryimage\",\"url\":\"https:\/\/grotta.is\/wp-content\/uploads\/2020\/05\/Hakon_bridde_thjalfari_handbolti.jpg\",\"contentUrl\":\"https:\/\/grotta.is\/wp-content\/uploads\/2020\/05\/Hakon_bridde_thjalfari_handbolti.jpg\",\"width\":1080,\"height\":608},{\"@type\":\"BreadcrumbList\",\"@id\":\"https:\/\/grotta.is\/handknattleiksdeild\/hakon-bridde-radinn-yfirthjalfari\/#breadcrumb\",\"itemListElement\":[{\"@type\":\"ListItem\",\"position\":1,\"name\":\"Home\",\"item\":\"https:\/\/grotta.is\/\"},{\"@type\":\"ListItem\",\"position\":2,\"name\":\"H\u00e1kon Bridde r\u00e1\u00f0inn yfir\u00fej\u00e1lfari\"}]},{\"@type\":\"WebSite\",\"@id\":\"https:\/\/grotta.is\/#website\",\"url\":\"https:\/\/grotta.is\/\",\"name\":\"\u00cd\u00fer\u00f3ttaf\u00e9lagi\u00f0 Gr\u00f3tta\",\"description\":\"\u00e1 Seltjarnarnesi\",\"publisher\":{\"@id\":\"https:\/\/grotta.is\/#organization\"},\"potentialAction\":[{\"@type\":\"SearchAction\",\"target\":{\"@type\":\"EntryPoint\",\"urlTemplate\":\"https:\/\/grotta.is\/?s={search_term_string}\"},\"query-input\":{\"@type\":\"PropertyValueSpecification\",\"valueRequired\":true,\"valueName\":\"search_term_string\"}}],\"inLanguage\":\"en-US\"},{\"@type\":\"Organization\",\"@id\":\"https:\/\/grotta.is\/#organization\",\"name\":\"\u00cd\u00fer\u00f3ttaf\u00e9lagi\u00f0 Gr\u00f3tta\",\"url\":\"https:\/\/grotta.is\/\",\"logo\":{\"@type\":\"ImageObject\",\"inLanguage\":\"en-US\",\"@id\":\"https:\/\/grotta.is\/#\/schema\/logo\/image\/\",\"url\":\"https:\/\/grotta.is\/wp-content\/uploads\/2020\/02\/ithrottafelagidgrotta_logo_512x512_transparent.png\",\"contentUrl\":\"https:\/\/grotta.is\/wp-content\/uploads\/2020\/02\/ithrottafelagidgrotta_logo_512x512_transparent.png\",\"width\":512,\"height\":512,\"caption\":\"\u00cd\u00fer\u00f3ttaf\u00e9lagi\u00f0 Gr\u00f3tta\"},\"image\":{\"@id\":\"https:\/\/grotta.is\/#\/schema\/logo\/image\/\"},\"sameAs\":[\"https:\/\/www.facebook.com\/grottasport\"]},{\"@type\":\"Person\",\"@id\":\"https:\/\/grotta.is\/#\/schema\/person\/08ec57bf09ee925f1b6a01540c14a5ce\",\"name\":\"Grotta\",\"url\":\"https:\/\/grotta.is\/en\/author\/inga\/\"}]}<\/script>\n<!-- \/ Yoast SEO plugin. -->","yoast_head_json":{"title":"H\u00e1kon Bridde r\u00e1\u00f0inn yfir\u00fej\u00e1lfari - \u00cd\u00fer\u00f3ttaf\u00e9lagi\u00f0 Gr\u00f3tta","robots":{"index":"index","follow":"follow","max-snippet":"max-snippet:-1","max-image-preview":"max-image-preview:large","max-video-preview":"max-video-preview:-1"},"canonical":"https:\/\/grotta.is\/en\/handknattleiksdeild\/hakon-bridde-radinn-yfirthjalfari\/","og_locale":"en_US","og_type":"article","og_title":"H\u00e1kon Bridde r\u00e1\u00f0inn yfir\u00fej\u00e1lfari - \u00cd\u00fer\u00f3ttaf\u00e9lagi\u00f0 Gr\u00f3tta","og_description":"H\u00e1kon Hermannsson Bridde hefur veri\u00f0 r\u00e1\u00f0inn yfir\u00fej\u00e1lfari handknattleiksdeildar Gr\u00f3ttu til n\u00e6stu 3ja \u00e1ra. Hann mun einnig st\u00fdra 5.flokki karla og 7. og 8. flokki karla \u00e1 n\u00e6stkomandi keppnist\u00edmabili.","og_url":"https:\/\/grotta.is\/en\/handknattleiksdeild\/hakon-bridde-radinn-yfirthjalfari\/","og_site_name":"\u00cd\u00fer\u00f3ttaf\u00e9lagi\u00f0 Gr\u00f3tta","article_publisher":"https:\/\/www.facebook.com\/grottasport","article_published_time":"2020-05-04T09:52:52+00:00","article_modified_time":"2020-05-04T09:52:53+00:00","og_image":[{"width":1080,"height":608,"url":"https:\/\/grotta.is\/wp-content\/uploads\/2020\/05\/Hakon_bridde_thjalfari_handbolti.jpg","type":"image\/jpeg"}],"author":"Grotta","twitter_card":"summary_large_image","twitter_misc":{"Written by":"Grotta","Est. reading time":"2 minutes"},"schema":{"@context":"https:\/\/schema.org","@graph":[{"@type":"Article","@id":"https:\/\/grotta.is\/handknattleiksdeild\/hakon-bridde-radinn-yfirthjalfari\/#article","isPartOf":{"@id":"https:\/\/grotta.is\/handknattleiksdeild\/hakon-bridde-radinn-yfirthjalfari\/"},"author":{"name":"Grotta","@id":"https:\/\/grotta.is\/#\/schema\/person\/08ec57bf09ee925f1b6a01540c14a5ce"},"headline":"H\u00e1kon Bridde r\u00e1\u00f0inn yfir\u00fej\u00e1lfari","datePublished":"2020-05-04T09:52:52+00:00","dateModified":"2020-05-04T09:52:53+00:00","mainEntityOfPage":{"@id":"https:\/\/grotta.is\/handknattleiksdeild\/hakon-bridde-radinn-yfirthjalfari\/"},"wordCount":342,"publisher":{"@id":"https:\/\/grotta.is\/#organization"},"image":{"@id":"https:\/\/grotta.is\/handknattleiksdeild\/hakon-bridde-radinn-yfirthjalfari\/#primaryimage"},"thumbnailUrl":"https:\/\/grotta.is\/wp-content\/uploads\/2020\/05\/Hakon_bridde_thjalfari_handbolti.jpg","keywords":["Handbolti","Yngri flokkar","\u00dej\u00e1lfarar"],"articleSection":["Handknattleiksdeild"],"inLanguage":"en-US"},{"@type":"WebPage","@id":"https:\/\/grotta.is\/handknattleiksdeild\/hakon-bridde-radinn-yfirthjalfari\/","url":"https:\/\/grotta.is\/handknattleiksdeild\/hakon-bridde-radinn-yfirthjalfari\/","name":"H\u00e1kon Bridde r\u00e1\u00f0inn yfir\u00fej\u00e1lfari - \u00cd\u00fer\u00f3ttaf\u00e9lagi\u00f0 Gr\u00f3tta","isPartOf":{"@id":"https:\/\/grotta.is\/#website"},"primaryImageOfPage":{"@id":"https:\/\/grotta.is\/handknattleiksdeild\/hakon-bridde-radinn-yfirthjalfari\/#primaryimage"},"image":{"@id":"https:\/\/grotta.is\/handknattleiksdeild\/hakon-bridde-radinn-yfirthjalfari\/#primaryimage"},"thumbnailUrl":"https:\/\/grotta.is\/wp-content\/uploads\/2020\/05\/Hakon_bridde_thjalfari_handbolti.jpg","datePublished":"2020-05-04T09:52:52+00:00","dateModified":"2020-05-04T09:52:53+00:00","breadcrumb":{"@id":"https:\/\/grotta.is\/handknattleiksdeild\/hakon-bridde-radinn-yfirthjalfari\/#breadcrumb"},"inLanguage":"en-US","potentialAction":[{"@type":"ReadAction","target":["https:\/\/grotta.is\/handknattleiksdeild\/hakon-bridde-radinn-yfirthjalfari\/"]}]},{"@type":"ImageObject","inLanguage":"en-US","@id":"https:\/\/grotta.is\/handknattleiksdeild\/hakon-bridde-radinn-yfirthjalfari\/#primaryimage","url":"https:\/\/grotta.is\/wp-content\/uploads\/2020\/05\/Hakon_bridde_thjalfari_handbolti.jpg","contentUrl":"https:\/\/grotta.is\/wp-content\/uploads\/2020\/05\/Hakon_bridde_thjalfari_handbolti.jpg","width":1080,"height":608},{"@type":"BreadcrumbList","@id":"https:\/\/grotta.is\/handknattleiksdeild\/hakon-bridde-radinn-yfirthjalfari\/#breadcrumb","itemListElement":[{"@type":"ListItem","position":1,"name":"Home","item":"https:\/\/grotta.is\/"},{"@type":"ListItem","position":2,"name":"H\u00e1kon Bridde r\u00e1\u00f0inn yfir\u00fej\u00e1lfari"}]},{"@type":"WebSite","@id":"https:\/\/grotta.is\/#website","url":"https:\/\/grotta.is\/","name":"\u00cd\u00fer\u00f3ttaf\u00e9lagi\u00f0 Gr\u00f3tta","description":"\u00e1 Seltjarnarnesi","publisher":{"@id":"https:\/\/grotta.is\/#organization"},"potentialAction":[{"@type":"SearchAction","target":{"@type":"EntryPoint","urlTemplate":"https:\/\/grotta.is\/?s={search_term_string}"},"query-input":{"@type":"PropertyValueSpecification","valueRequired":true,"valueName":"search_term_string"}}],"inLanguage":"en-US"},{"@type":"Organization","@id":"https:\/\/grotta.is\/#organization","name":"\u00cd\u00fer\u00f3ttaf\u00e9lagi\u00f0 Gr\u00f3tta","url":"https:\/\/grotta.is\/","logo":{"@type":"ImageObject","inLanguage":"en-US","@id":"https:\/\/grotta.is\/#\/schema\/logo\/image\/","url":"https:\/\/grotta.is\/wp-content\/uploads\/2020\/02\/ithrottafelagidgrotta_logo_512x512_transparent.png","contentUrl":"https:\/\/grotta.is\/wp-content\/uploads\/2020\/02\/ithrottafelagidgrotta_logo_512x512_transparent.png","width":512,"height":512,"caption":"\u00cd\u00fer\u00f3ttaf\u00e9lagi\u00f0 Gr\u00f3tta"},"image":{"@id":"https:\/\/grotta.is\/#\/schema\/logo\/image\/"},"sameAs":["https:\/\/www.facebook.com\/grottasport"]},{"@type":"Person","@id":"https:\/\/grotta.is\/#\/schema\/person\/08ec57bf09ee925f1b6a01540c14a5ce","name":"Grotta","url":"https:\/\/grotta.is\/en\/author\/inga\/"}]}},"_links":{"self":[{"href":"https:\/\/grotta.is\/en\/wp-json\/wp\/v2\/posts\/3408","targetHints":{"allow":["GET"]}}],"collection":[{"href":"https:\/\/grotta.is\/en\/wp-json\/wp\/v2\/posts"}],"about":[{"href":"https:\/\/grotta.is\/en\/wp-json\/wp\/v2\/types\/post"}],"author":[{"embeddable":true,"href":"https:\/\/grotta.is\/en\/wp-json\/wp\/v2\/users\/2"}],"replies":[{"embeddable":true,"href":"https:\/\/grotta.is\/en\/wp-json\/wp\/v2\/comments?post=3408"}],"version-history":[{"count":2,"href":"https:\/\/grotta.is\/en\/wp-json\/wp\/v2\/posts\/3408\/revisions"}],"predecessor-version":[{"id":3418,"href":"https:\/\/grotta.is\/en\/wp-json\/wp\/v2\/posts\/3408\/revisions\/3418"}],"wp:featuredmedia":[{"embeddable":true,"href":"https:\/\/grotta.is\/en\/wp-json\/wp\/v2\/media\/3417"}],"wp:attachment":[{"href":"https:\/\/grotta.is\/en\/wp-json\/wp\/v2\/media?parent=3408"}],"wp:term":[{"taxonomy":"category","embeddable":true,"href":"https:\/\/grotta.is\/en\/wp-json\/wp\/v2\/categories?post=3408"},{"taxonomy":"post_tag","embeddable":true,"href":"https:\/\/grotta.is\/en\/wp-json\/wp\/v2\/tags?post=3408"}],"curies":[{"name":"wp","href":"https:\/\/api.w.org\/{rel}","templated":true}]}}