{"id":32945,"date":"2020-09-18T09:48:46","date_gmt":"2020-09-18T09:48:46","guid":{"rendered":"https:\/\/grotta.is\/?p=32945"},"modified":"2020-10-01T09:25:42","modified_gmt":"2020-10-01T09:25:42","slug":"fullordinsfimleika-namskeid","status":"publish","type":"post","link":"https:\/\/grotta.is\/en\/fimleikadeild\/fullordinsfimleika-namskeid\/","title":{"rendered":"Fullor\u00f0insfimleika n\u00e1mskei\u00f0"},"content":{"rendered":"<p>Fimleikadeild Gr\u00f3ttu \u00e6tlar a\u00f0 bj\u00f3\u00f0a upp \u00e1 8 vikna n\u00e1mskei\u00f0 \u00ed fullor\u00f0insfimleikum fr\u00e1 16.september-9.n\u00f3vember.<\/p><p>Kennt ver\u00f0ur \u00e1 m\u00e1nudags-, og mi\u00f0vikudagskv\u00f6ldum fr\u00e1 klukkan 20:15-21:30 \u00ed fimleikasal Gr\u00f3ttu.<\/p><p>\u00c1 n\u00e1mskei\u00f0inu eru tv\u00e6r \u00e6fingar \u00e1 viku \u00fear sem l\u00f6g\u00f0 ver\u00f0ur \u00e1hersla \u00e1 styrk og \u00ferek annan daginn og fimleika\u00e6fingar hinn daginn.<\/p><p>Fyrsta \u00e6fingin \u00e1 n\u00e1mskei\u00f0inu ver\u00f0ur haldin mi\u00f0vikudaginn 16.september og \u00fe\u00e1 eru allir velkomnir a\u00f0 koma og pr\u00f3fa.<\/p><p>Fullor\u00f0insfimleikar er fr\u00e1b\u00e6r hreyfing og g\u00f3\u00f0 skemmtun fyrir alla og \u00fea\u00f0 \u00fearf engan bakgrunn til \u00feess a\u00f0 vera me\u00f0.<\/p><p>N\u00e1mskei\u00f0i\u00f0 kostar 25.600 kr, skr\u00e1ning og grei\u00f0sla fer fram \u00ed gegnum skr\u00e1ningarkerfi N\u00f3ra (<a href=\"https:\/\/grotta.felog.is\/\">https:\/\/grotta.felog.is\/<\/a>). Athugi\u00f0 a\u00f0 einungis er h\u00e6gt er a\u00f0 skr\u00e1 sig 2 x \u00ed viku og ef \u00fea\u00f0 n\u00e6st ekki n\u00e6g \u00fe\u00e1tttaka \u00fe\u00e1 fellur n\u00e1mskei\u00f0i\u00f0 ni\u00f0ur.<\/p><p>\u00dej\u00e1lfari n\u00e1mskei\u00f0sins er Hrafnhildur Sigurj\u00f3nsd\u00f3ttir<\/p><figure class=\"wp-block-image size-large\"><img fetchpriority=\"high\" decoding=\"async\" width=\"576\" height=\"1024\" src=\"https:\/\/grotta.is\/wp-content\/uploads\/2020\/09\/Fullordinsfimleikar--576x1024.jpg\" alt=\"\" class=\"wp-image-32954\" srcset=\"https:\/\/grotta.is\/wp-content\/uploads\/2020\/09\/Fullordinsfimleikar--576x1024.jpg 576w, https:\/\/grotta.is\/wp-content\/uploads\/2020\/09\/Fullordinsfimleikar--169x300.jpg 169w, https:\/\/grotta.is\/wp-content\/uploads\/2020\/09\/Fullordinsfimleikar--768x1365.jpg 768w, https:\/\/grotta.is\/wp-content\/uploads\/2020\/09\/Fullordinsfimleikar--864x1536.jpg 864w, https:\/\/grotta.is\/wp-content\/uploads\/2020\/09\/Fullordinsfimleikar--600x1067.jpg 600w, https:\/\/grotta.is\/wp-content\/uploads\/2020\/09\/Fullordinsfimleikar-.jpg 1152w\" sizes=\"(max-width: 576px) 100vw, 576px\" \/><\/figure>","protected":false},"excerpt":{"rendered":"<p>Fimleikadeild Gr\u00f3ttu \u00e6tlar a\u00f0 bj\u00f3\u00f0a upp \u00e1 8 vikna n\u00e1mskei\u00f0 \u00ed fullor\u00f0insfimleikum fr\u00e1 16.september-9.n\u00f3vember. Kennt ver\u00f0ur \u00e1 m\u00e1nudags-, og mi\u00f0vikudagskv\u00f6ldum fr\u00e1 klukkan 20:15-21:30 \u00ed fimleikasal Gr\u00f3ttu. \u00c1 n\u00e1mskei\u00f0inu eru tv\u00e6r [&hellip;]<\/p>","protected":false},"author":2,"featured_media":33005,"comment_status":"closed","ping_status":"closed","sticky":false,"template":"","format":"standard","meta":{"footnotes":""},"categories":[9],"tags":[],"class_list":["post-32945","post","type-post","status-publish","format-standard","has-post-thumbnail","hentry","category-fimleikadeild"],"yoast_head":"<!-- This site is optimized with the Yoast SEO plugin v24.3 - https:\/\/yoast.com\/wordpress\/plugins\/seo\/ -->\n<title>Fullor\u00f0insfimleika n\u00e1mskei\u00f0 - \u00cd\u00fer\u00f3ttaf\u00e9lagi\u00f0 Gr\u00f3tta<\/title>\n<meta name=\"robots\" content=\"index, follow, max-snippet:-1, max-image-preview:large, max-video-preview:-1\" \/>\n<link rel=\"canonical\" href=\"https:\/\/grotta.is\/en\/fimleikadeild\/fullordinsfimleika-namskeid\/\" \/>\n<meta property=\"og:locale\" content=\"en_US\" \/>\n<meta property=\"og:type\" content=\"article\" \/>\n<meta property=\"og:title\" content=\"Fullor\u00f0insfimleika n\u00e1mskei\u00f0 - \u00cd\u00fer\u00f3ttaf\u00e9lagi\u00f0 Gr\u00f3tta\" \/>\n<meta property=\"og:description\" content=\"Fimleikadeild Gr\u00f3ttu \u00e6tlar a\u00f0 bj\u00f3\u00f0a upp \u00e1 8 vikna n\u00e1mskei\u00f0 \u00ed fullor\u00f0insfimleikum fr\u00e1 16.september-9.n\u00f3vember. Kennt ver\u00f0ur \u00e1 m\u00e1nudags-, og mi\u00f0vikudagskv\u00f6ldum fr\u00e1 klukkan 20:15-21:30 \u00ed fimleikasal Gr\u00f3ttu. \u00c1 n\u00e1mskei\u00f0inu eru tv\u00e6r [&hellip;]\" \/>\n<meta property=\"og:url\" content=\"https:\/\/grotta.is\/en\/fimleikadeild\/fullordinsfimleika-namskeid\/\" \/>\n<meta property=\"og:site_name\" content=\"\u00cd\u00fer\u00f3ttaf\u00e9lagi\u00f0 Gr\u00f3tta\" \/>\n<meta property=\"article:publisher\" content=\"https:\/\/www.facebook.com\/grottasport\" \/>\n<meta property=\"article:published_time\" content=\"2020-09-18T09:48:46+00:00\" \/>\n<meta property=\"article:modified_time\" content=\"2020-10-01T09:25:42+00:00\" \/>\n<meta property=\"og:image\" content=\"https:\/\/grotta.is\/wp-content\/uploads\/2020\/09\/Fullordinsfimleikar-1-1.jpg\" \/>\n\t<meta property=\"og:image:width\" content=\"1152\" \/>\n\t<meta property=\"og:image:height\" content=\"2048\" \/>\n\t<meta property=\"og:image:type\" content=\"image\/jpeg\" \/>\n<meta name=\"author\" content=\"Grotta\" \/>\n<meta name=\"twitter:card\" content=\"summary_large_image\" \/>\n<meta name=\"twitter:label1\" content=\"Written by\" \/>\n\t<meta name=\"twitter:data1\" content=\"Grotta\" \/>\n\t<meta name=\"twitter:label2\" content=\"Est. reading time\" \/>\n\t<meta name=\"twitter:data2\" content=\"1 minute\" \/>\n<script type=\"application\/ld+json\" class=\"yoast-schema-graph\">{\"@context\":\"https:\/\/schema.org\",\"@graph\":[{\"@type\":\"Article\",\"@id\":\"https:\/\/grotta.is\/en\/fimleikadeild\/fullordinsfimleika-namskeid\/#article\",\"isPartOf\":{\"@id\":\"https:\/\/grotta.is\/en\/fimleikadeild\/fullordinsfimleika-namskeid\/\"},\"author\":{\"name\":\"Grotta\",\"@id\":\"https:\/\/grotta.is\/#\/schema\/person\/08ec57bf09ee925f1b6a01540c14a5ce\"},\"headline\":\"Fullor\u00f0insfimleika n\u00e1mskei\u00f0\",\"datePublished\":\"2020-09-18T09:48:46+00:00\",\"dateModified\":\"2020-10-01T09:25:42+00:00\",\"mainEntityOfPage\":{\"@id\":\"https:\/\/grotta.is\/en\/fimleikadeild\/fullordinsfimleika-namskeid\/\"},\"wordCount\":161,\"publisher\":{\"@id\":\"https:\/\/grotta.is\/#organization\"},\"image\":{\"@id\":\"https:\/\/grotta.is\/en\/fimleikadeild\/fullordinsfimleika-namskeid\/#primaryimage\"},\"thumbnailUrl\":\"https:\/\/grotta.is\/wp-content\/uploads\/2020\/09\/Fullordinsfimleikar-1-1.jpg\",\"articleSection\":[\"Fimleikadeild\"],\"inLanguage\":\"en-US\"},{\"@type\":\"WebPage\",\"@id\":\"https:\/\/grotta.is\/en\/fimleikadeild\/fullordinsfimleika-namskeid\/\",\"url\":\"https:\/\/grotta.is\/en\/fimleikadeild\/fullordinsfimleika-namskeid\/\",\"name\":\"Fullor\u00f0insfimleika n\u00e1mskei\u00f0 - \u00cd\u00fer\u00f3ttaf\u00e9lagi\u00f0 Gr\u00f3tta\",\"isPartOf\":{\"@id\":\"https:\/\/grotta.is\/#website\"},\"primaryImageOfPage\":{\"@id\":\"https:\/\/grotta.is\/en\/fimleikadeild\/fullordinsfimleika-namskeid\/#primaryimage\"},\"image\":{\"@id\":\"https:\/\/grotta.is\/en\/fimleikadeild\/fullordinsfimleika-namskeid\/#primaryimage\"},\"thumbnailUrl\":\"https:\/\/grotta.is\/wp-content\/uploads\/2020\/09\/Fullordinsfimleikar-1-1.jpg\",\"datePublished\":\"2020-09-18T09:48:46+00:00\",\"dateModified\":\"2020-10-01T09:25:42+00:00\",\"breadcrumb\":{\"@id\":\"https:\/\/grotta.is\/en\/fimleikadeild\/fullordinsfimleika-namskeid\/#breadcrumb\"},\"inLanguage\":\"en-US\",\"potentialAction\":[{\"@type\":\"ReadAction\",\"target\":[\"https:\/\/grotta.is\/en\/fimleikadeild\/fullordinsfimleika-namskeid\/\"]}]},{\"@type\":\"ImageObject\",\"inLanguage\":\"en-US\",\"@id\":\"https:\/\/grotta.is\/en\/fimleikadeild\/fullordinsfimleika-namskeid\/#primaryimage\",\"url\":\"https:\/\/grotta.is\/wp-content\/uploads\/2020\/09\/Fullordinsfimleikar-1-1.jpg\",\"contentUrl\":\"https:\/\/grotta.is\/wp-content\/uploads\/2020\/09\/Fullordinsfimleikar-1-1.jpg\",\"width\":1152,\"height\":2048},{\"@type\":\"BreadcrumbList\",\"@id\":\"https:\/\/grotta.is\/en\/fimleikadeild\/fullordinsfimleika-namskeid\/#breadcrumb\",\"itemListElement\":[{\"@type\":\"ListItem\",\"position\":1,\"name\":\"Home\",\"item\":\"https:\/\/grotta.is\/\"},{\"@type\":\"ListItem\",\"position\":2,\"name\":\"Fullor\u00f0insfimleika n\u00e1mskei\u00f0\"}]},{\"@type\":\"WebSite\",\"@id\":\"https:\/\/grotta.is\/#website\",\"url\":\"https:\/\/grotta.is\/\",\"name\":\"\u00cd\u00fer\u00f3ttaf\u00e9lagi\u00f0 Gr\u00f3tta\",\"description\":\"\u00e1 Seltjarnarnesi\",\"publisher\":{\"@id\":\"https:\/\/grotta.is\/#organization\"},\"potentialAction\":[{\"@type\":\"SearchAction\",\"target\":{\"@type\":\"EntryPoint\",\"urlTemplate\":\"https:\/\/grotta.is\/?s={search_term_string}\"},\"query-input\":{\"@type\":\"PropertyValueSpecification\",\"valueRequired\":true,\"valueName\":\"search_term_string\"}}],\"inLanguage\":\"en-US\"},{\"@type\":\"Organization\",\"@id\":\"https:\/\/grotta.is\/#organization\",\"name\":\"\u00cd\u00fer\u00f3ttaf\u00e9lagi\u00f0 Gr\u00f3tta\",\"url\":\"https:\/\/grotta.is\/\",\"logo\":{\"@type\":\"ImageObject\",\"inLanguage\":\"en-US\",\"@id\":\"https:\/\/grotta.is\/#\/schema\/logo\/image\/\",\"url\":\"https:\/\/grotta.is\/wp-content\/uploads\/2020\/02\/ithrottafelagidgrotta_logo_512x512_transparent.png\",\"contentUrl\":\"https:\/\/grotta.is\/wp-content\/uploads\/2020\/02\/ithrottafelagidgrotta_logo_512x512_transparent.png\",\"width\":512,\"height\":512,\"caption\":\"\u00cd\u00fer\u00f3ttaf\u00e9lagi\u00f0 Gr\u00f3tta\"},\"image\":{\"@id\":\"https:\/\/grotta.is\/#\/schema\/logo\/image\/\"},\"sameAs\":[\"https:\/\/www.facebook.com\/grottasport\"]},{\"@type\":\"Person\",\"@id\":\"https:\/\/grotta.is\/#\/schema\/person\/08ec57bf09ee925f1b6a01540c14a5ce\",\"name\":\"Grotta\",\"url\":\"https:\/\/grotta.is\/en\/author\/inga\/\"}]}<\/script>\n<!-- \/ Yoast SEO plugin. -->","yoast_head_json":{"title":"Fullor\u00f0insfimleika n\u00e1mskei\u00f0 - \u00cd\u00fer\u00f3ttaf\u00e9lagi\u00f0 Gr\u00f3tta","robots":{"index":"index","follow":"follow","max-snippet":"max-snippet:-1","max-image-preview":"max-image-preview:large","max-video-preview":"max-video-preview:-1"},"canonical":"https:\/\/grotta.is\/en\/fimleikadeild\/fullordinsfimleika-namskeid\/","og_locale":"en_US","og_type":"article","og_title":"Fullor\u00f0insfimleika n\u00e1mskei\u00f0 - \u00cd\u00fer\u00f3ttaf\u00e9lagi\u00f0 Gr\u00f3tta","og_description":"Fimleikadeild Gr\u00f3ttu \u00e6tlar a\u00f0 bj\u00f3\u00f0a upp \u00e1 8 vikna n\u00e1mskei\u00f0 \u00ed fullor\u00f0insfimleikum fr\u00e1 16.september-9.n\u00f3vember. Kennt ver\u00f0ur \u00e1 m\u00e1nudags-, og mi\u00f0vikudagskv\u00f6ldum fr\u00e1 klukkan 20:15-21:30 \u00ed fimleikasal Gr\u00f3ttu. \u00c1 n\u00e1mskei\u00f0inu eru tv\u00e6r [&hellip;]","og_url":"https:\/\/grotta.is\/en\/fimleikadeild\/fullordinsfimleika-namskeid\/","og_site_name":"\u00cd\u00fer\u00f3ttaf\u00e9lagi\u00f0 Gr\u00f3tta","article_publisher":"https:\/\/www.facebook.com\/grottasport","article_published_time":"2020-09-18T09:48:46+00:00","article_modified_time":"2020-10-01T09:25:42+00:00","og_image":[{"width":1152,"height":2048,"url":"https:\/\/grotta.is\/wp-content\/uploads\/2020\/09\/Fullordinsfimleikar-1-1.jpg","type":"image\/jpeg"}],"author":"Grotta","twitter_card":"summary_large_image","twitter_misc":{"Written by":"Grotta","Est. reading time":"1 minute"},"schema":{"@context":"https:\/\/schema.org","@graph":[{"@type":"Article","@id":"https:\/\/grotta.is\/en\/fimleikadeild\/fullordinsfimleika-namskeid\/#article","isPartOf":{"@id":"https:\/\/grotta.is\/en\/fimleikadeild\/fullordinsfimleika-namskeid\/"},"author":{"name":"Grotta","@id":"https:\/\/grotta.is\/#\/schema\/person\/08ec57bf09ee925f1b6a01540c14a5ce"},"headline":"Fullor\u00f0insfimleika n\u00e1mskei\u00f0","datePublished":"2020-09-18T09:48:46+00:00","dateModified":"2020-10-01T09:25:42+00:00","mainEntityOfPage":{"@id":"https:\/\/grotta.is\/en\/fimleikadeild\/fullordinsfimleika-namskeid\/"},"wordCount":161,"publisher":{"@id":"https:\/\/grotta.is\/#organization"},"image":{"@id":"https:\/\/grotta.is\/en\/fimleikadeild\/fullordinsfimleika-namskeid\/#primaryimage"},"thumbnailUrl":"https:\/\/grotta.is\/wp-content\/uploads\/2020\/09\/Fullordinsfimleikar-1-1.jpg","articleSection":["Fimleikadeild"],"inLanguage":"en-US"},{"@type":"WebPage","@id":"https:\/\/grotta.is\/en\/fimleikadeild\/fullordinsfimleika-namskeid\/","url":"https:\/\/grotta.is\/en\/fimleikadeild\/fullordinsfimleika-namskeid\/","name":"Fullor\u00f0insfimleika n\u00e1mskei\u00f0 - \u00cd\u00fer\u00f3ttaf\u00e9lagi\u00f0 Gr\u00f3tta","isPartOf":{"@id":"https:\/\/grotta.is\/#website"},"primaryImageOfPage":{"@id":"https:\/\/grotta.is\/en\/fimleikadeild\/fullordinsfimleika-namskeid\/#primaryimage"},"image":{"@id":"https:\/\/grotta.is\/en\/fimleikadeild\/fullordinsfimleika-namskeid\/#primaryimage"},"thumbnailUrl":"https:\/\/grotta.is\/wp-content\/uploads\/2020\/09\/Fullordinsfimleikar-1-1.jpg","datePublished":"2020-09-18T09:48:46+00:00","dateModified":"2020-10-01T09:25:42+00:00","breadcrumb":{"@id":"https:\/\/grotta.is\/en\/fimleikadeild\/fullordinsfimleika-namskeid\/#breadcrumb"},"inLanguage":"en-US","potentialAction":[{"@type":"ReadAction","target":["https:\/\/grotta.is\/en\/fimleikadeild\/fullordinsfimleika-namskeid\/"]}]},{"@type":"ImageObject","inLanguage":"en-US","@id":"https:\/\/grotta.is\/en\/fimleikadeild\/fullordinsfimleika-namskeid\/#primaryimage","url":"https:\/\/grotta.is\/wp-content\/uploads\/2020\/09\/Fullordinsfimleikar-1-1.jpg","contentUrl":"https:\/\/grotta.is\/wp-content\/uploads\/2020\/09\/Fullordinsfimleikar-1-1.jpg","width":1152,"height":2048},{"@type":"BreadcrumbList","@id":"https:\/\/grotta.is\/en\/fimleikadeild\/fullordinsfimleika-namskeid\/#breadcrumb","itemListElement":[{"@type":"ListItem","position":1,"name":"Home","item":"https:\/\/grotta.is\/"},{"@type":"ListItem","position":2,"name":"Fullor\u00f0insfimleika n\u00e1mskei\u00f0"}]},{"@type":"WebSite","@id":"https:\/\/grotta.is\/#website","url":"https:\/\/grotta.is\/","name":"\u00cd\u00fer\u00f3ttaf\u00e9lagi\u00f0 Gr\u00f3tta","description":"\u00e1 Seltjarnarnesi","publisher":{"@id":"https:\/\/grotta.is\/#organization"},"potentialAction":[{"@type":"SearchAction","target":{"@type":"EntryPoint","urlTemplate":"https:\/\/grotta.is\/?s={search_term_string}"},"query-input":{"@type":"PropertyValueSpecification","valueRequired":true,"valueName":"search_term_string"}}],"inLanguage":"en-US"},{"@type":"Organization","@id":"https:\/\/grotta.is\/#organization","name":"\u00cd\u00fer\u00f3ttaf\u00e9lagi\u00f0 Gr\u00f3tta","url":"https:\/\/grotta.is\/","logo":{"@type":"ImageObject","inLanguage":"en-US","@id":"https:\/\/grotta.is\/#\/schema\/logo\/image\/","url":"https:\/\/grotta.is\/wp-content\/uploads\/2020\/02\/ithrottafelagidgrotta_logo_512x512_transparent.png","contentUrl":"https:\/\/grotta.is\/wp-content\/uploads\/2020\/02\/ithrottafelagidgrotta_logo_512x512_transparent.png","width":512,"height":512,"caption":"\u00cd\u00fer\u00f3ttaf\u00e9lagi\u00f0 Gr\u00f3tta"},"image":{"@id":"https:\/\/grotta.is\/#\/schema\/logo\/image\/"},"sameAs":["https:\/\/www.facebook.com\/grottasport"]},{"@type":"Person","@id":"https:\/\/grotta.is\/#\/schema\/person\/08ec57bf09ee925f1b6a01540c14a5ce","name":"Grotta","url":"https:\/\/grotta.is\/en\/author\/inga\/"}]}},"_links":{"self":[{"href":"https:\/\/grotta.is\/en\/wp-json\/wp\/v2\/posts\/32945","targetHints":{"allow":["GET"]}}],"collection":[{"href":"https:\/\/grotta.is\/en\/wp-json\/wp\/v2\/posts"}],"about":[{"href":"https:\/\/grotta.is\/en\/wp-json\/wp\/v2\/types\/post"}],"author":[{"embeddable":true,"href":"https:\/\/grotta.is\/en\/wp-json\/wp\/v2\/users\/2"}],"replies":[{"embeddable":true,"href":"https:\/\/grotta.is\/en\/wp-json\/wp\/v2\/comments?post=32945"}],"version-history":[{"count":1,"href":"https:\/\/grotta.is\/en\/wp-json\/wp\/v2\/posts\/32945\/revisions"}],"predecessor-version":[{"id":32955,"href":"https:\/\/grotta.is\/en\/wp-json\/wp\/v2\/posts\/32945\/revisions\/32955"}],"wp:featuredmedia":[{"embeddable":true,"href":"https:\/\/grotta.is\/en\/wp-json\/wp\/v2\/media\/33005"}],"wp:attachment":[{"href":"https:\/\/grotta.is\/en\/wp-json\/wp\/v2\/media?parent=32945"}],"wp:term":[{"taxonomy":"category","embeddable":true,"href":"https:\/\/grotta.is\/en\/wp-json\/wp\/v2\/categories?post=32945"},{"taxonomy":"post_tag","embeddable":true,"href":"https:\/\/grotta.is\/en\/wp-json\/wp\/v2\/tags?post=32945"}],"curies":[{"name":"wp","href":"https:\/\/api.w.org\/{rel}","templated":true}]}}