{"id":314697,"date":"2021-02-16T12:54:58","date_gmt":"2021-02-16T12:54:58","guid":{"rendered":"https:\/\/grotta.is\/?p=314697"},"modified":"2021-02-16T12:55:05","modified_gmt":"2021-02-16T12:55:05","slug":"bjorn-axel-og-birkir-semja-vid-grottu","status":"publish","type":"post","link":"https:\/\/grotta.is\/en\/knattspyrnudeild\/bjorn-axel-og-birkir-semja-vid-grottu\/","title":{"rendered":"Bj\u00f6rn Axel og Birkir semja vi\u00f0 Gr\u00f3ttu"},"content":{"rendered":"<p>Bj\u00f6rn Axel hefur sn\u00fai\u00f0 aftur \u00ed sitt uppeldisf\u00e9lag en hann skrifa\u00f0i \u00e1 d\u00f6gunum undir samning um a\u00f0 leika me\u00f0 Gr\u00f3ttu \u00e1 komandi keppnist\u00edmabili. Bj\u00f6rn Axel er 26 \u00e1ra s\u00f3knarma\u00f0ur sem \u00e1 a\u00f0 baki 73 leiki \u00ed meistaraflokki og hefur skora\u00f0 \u00ed \u00feeim 35 m\u00f6rk, \u00fear af 20 leiki fyrir Gr\u00f3ttu. Bj\u00f6rn Axel spila\u00f0i me\u00f0 Gr\u00f3ttu \u00e1rin 2015, 2018 og 2019 en hann hefur einnig spila\u00f0 me\u00f0 KV, Njar\u00f0v\u00edk, KFR og KFS. <\/p><p>Hinn 19 \u00e1ra Birkir Rafnsson skrifa\u00f0i undir tveggja \u00e1ra samning vi\u00f0 Gr\u00f3ttu n\u00fa \u00e1 d\u00f6gunum. Birkir er uppalinn Gr\u00f3ttuma\u00f0ur en me\u00f0fram \u00fev\u00ed a\u00f0 spila me\u00f0 2. flokki \u00e1 s\u00ed\u00f0asta \u00e1ri l\u00e9k hann einnig me\u00f0 Kr\u00edu. \u00dear spila\u00f0i Birkir 15 leiki og skora\u00f0i \u00ed \u00feeim \u00ferj\u00fa m\u00f6rk. <\/p><p>Knattspyrnudeild Gr\u00f3ttu fagnar \u00fev\u00ed a\u00f0 f\u00e1 Bj\u00f6rn Axel aftur \u00ed f\u00e9lagi\u00f0 og \u00fev\u00ed a\u00f0 hafa sami\u00f0 vi\u00f0 Birki.<\/p><figure class=\"wp-block-image size-large\"><img fetchpriority=\"high\" decoding=\"async\" width=\"1024\" height=\"498\" src=\"https:\/\/grotta.is\/wp-content\/uploads\/2021\/02\/20210212_171746-1024x498.jpg\" alt=\"\" class=\"wp-image-314704\" srcset=\"https:\/\/grotta.is\/wp-content\/uploads\/2021\/02\/20210212_171746-1024x498.jpg 1024w, https:\/\/grotta.is\/wp-content\/uploads\/2021\/02\/20210212_171746-300x146.jpg 300w, https:\/\/grotta.is\/wp-content\/uploads\/2021\/02\/20210212_171746-768x373.jpg 768w, https:\/\/grotta.is\/wp-content\/uploads\/2021\/02\/20210212_171746-1536x747.jpg 1536w, https:\/\/grotta.is\/wp-content\/uploads\/2021\/02\/20210212_171746-2048x996.jpg 2048w, https:\/\/grotta.is\/wp-content\/uploads\/2021\/02\/20210212_171746-16x8.jpg 16w, https:\/\/grotta.is\/wp-content\/uploads\/2021\/02\/20210212_171746-600x292.jpg 600w\" sizes=\"(max-width: 1024px) 100vw, 1024px\" \/><\/figure>","protected":false},"excerpt":{"rendered":"<p>Bj\u00f6rn Axel hefur sn\u00fai\u00f0 aftur \u00ed sitt uppeldisf\u00e9lag en hann skrifa\u00f0i \u00e1 d\u00f6gunum undir samning um a\u00f0 leika me\u00f0 Gr\u00f3ttu \u00e1 komandi keppnist\u00edmabili. Bj\u00f6rn Axel er 26 \u00e1ra s\u00f3knarma\u00f0ur sem [&hellip;]<\/p>","protected":false},"author":4,"featured_media":314704,"comment_status":"closed","ping_status":"closed","sticky":false,"template":"","format":"standard","meta":{"footnotes":""},"categories":[7],"tags":[],"class_list":["post-314697","post","type-post","status-publish","format-standard","has-post-thumbnail","hentry","category-knattspyrnudeild"],"yoast_head":"<!-- This site is optimized with the Yoast SEO plugin v24.3 - https:\/\/yoast.com\/wordpress\/plugins\/seo\/ -->\n<title>Bj\u00f6rn Axel og Birkir semja vi\u00f0 Gr\u00f3ttu - \u00cd\u00fer\u00f3ttaf\u00e9lagi\u00f0 Gr\u00f3tta<\/title>\n<meta name=\"robots\" content=\"index, follow, max-snippet:-1, max-image-preview:large, max-video-preview:-1\" \/>\n<link rel=\"canonical\" href=\"https:\/\/grotta.is\/en\/knattspyrnudeild\/bjorn-axel-og-birkir-semja-vid-grottu\/\" \/>\n<meta property=\"og:locale\" content=\"en_US\" \/>\n<meta property=\"og:type\" content=\"article\" \/>\n<meta property=\"og:title\" content=\"Bj\u00f6rn Axel og Birkir semja vi\u00f0 Gr\u00f3ttu - \u00cd\u00fer\u00f3ttaf\u00e9lagi\u00f0 Gr\u00f3tta\" \/>\n<meta property=\"og:description\" content=\"Bj\u00f6rn Axel hefur sn\u00fai\u00f0 aftur \u00ed sitt uppeldisf\u00e9lag en hann skrifa\u00f0i \u00e1 d\u00f6gunum undir samning um a\u00f0 leika me\u00f0 Gr\u00f3ttu \u00e1 komandi keppnist\u00edmabili. Bj\u00f6rn Axel er 26 \u00e1ra s\u00f3knarma\u00f0ur sem [&hellip;]\" \/>\n<meta property=\"og:url\" content=\"https:\/\/grotta.is\/en\/knattspyrnudeild\/bjorn-axel-og-birkir-semja-vid-grottu\/\" \/>\n<meta property=\"og:site_name\" content=\"\u00cd\u00fer\u00f3ttaf\u00e9lagi\u00f0 Gr\u00f3tta\" \/>\n<meta property=\"article:publisher\" content=\"https:\/\/www.facebook.com\/grottasport\" \/>\n<meta property=\"article:published_time\" content=\"2021-02-16T12:54:58+00:00\" \/>\n<meta property=\"article:modified_time\" content=\"2021-02-16T12:55:05+00:00\" \/>\n<meta property=\"og:image\" content=\"https:\/\/grotta.is\/wp-content\/uploads\/2021\/02\/20210212_171746-scaled.jpg\" \/>\n\t<meta property=\"og:image:width\" content=\"2560\" \/>\n\t<meta property=\"og:image:height\" content=\"1244\" \/>\n\t<meta property=\"og:image:type\" content=\"image\/jpeg\" \/>\n<meta name=\"author\" content=\"J\u00f3runn M. \u00deorsteinsd\u00f3ttir\" \/>\n<meta name=\"twitter:card\" content=\"summary_large_image\" \/>\n<meta name=\"twitter:label1\" content=\"Written by\" \/>\n\t<meta name=\"twitter:data1\" content=\"J\u00f3runn M. \u00deorsteinsd\u00f3ttir\" \/>\n\t<meta name=\"twitter:label2\" content=\"Est. reading time\" \/>\n\t<meta name=\"twitter:data2\" content=\"1 minute\" \/>\n<script type=\"application\/ld+json\" class=\"yoast-schema-graph\">{\"@context\":\"https:\/\/schema.org\",\"@graph\":[{\"@type\":\"Article\",\"@id\":\"https:\/\/grotta.is\/knattspyrnudeild\/bjorn-axel-og-birkir-semja-vid-grottu\/#article\",\"isPartOf\":{\"@id\":\"https:\/\/grotta.is\/knattspyrnudeild\/bjorn-axel-og-birkir-semja-vid-grottu\/\"},\"author\":{\"name\":\"J\u00f3runn M. \u00deorsteinsd\u00f3ttir\",\"@id\":\"https:\/\/grotta.is\/#\/schema\/person\/f1fea6a85a554e8069771c3486efbd84\"},\"headline\":\"Bj\u00f6rn Axel og Birkir semja vi\u00f0 Gr\u00f3ttu\",\"datePublished\":\"2021-02-16T12:54:58+00:00\",\"dateModified\":\"2021-02-16T12:55:05+00:00\",\"mainEntityOfPage\":{\"@id\":\"https:\/\/grotta.is\/knattspyrnudeild\/bjorn-axel-og-birkir-semja-vid-grottu\/\"},\"wordCount\":156,\"publisher\":{\"@id\":\"https:\/\/grotta.is\/#organization\"},\"image\":{\"@id\":\"https:\/\/grotta.is\/knattspyrnudeild\/bjorn-axel-og-birkir-semja-vid-grottu\/#primaryimage\"},\"thumbnailUrl\":\"https:\/\/grotta.is\/wp-content\/uploads\/2021\/02\/20210212_171746-scaled.jpg\",\"articleSection\":[\"Knattspyrnudeild\"],\"inLanguage\":\"en-US\"},{\"@type\":\"WebPage\",\"@id\":\"https:\/\/grotta.is\/knattspyrnudeild\/bjorn-axel-og-birkir-semja-vid-grottu\/\",\"url\":\"https:\/\/grotta.is\/knattspyrnudeild\/bjorn-axel-og-birkir-semja-vid-grottu\/\",\"name\":\"Bj\u00f6rn Axel og Birkir semja vi\u00f0 Gr\u00f3ttu - \u00cd\u00fer\u00f3ttaf\u00e9lagi\u00f0 Gr\u00f3tta\",\"isPartOf\":{\"@id\":\"https:\/\/grotta.is\/#website\"},\"primaryImageOfPage\":{\"@id\":\"https:\/\/grotta.is\/knattspyrnudeild\/bjorn-axel-og-birkir-semja-vid-grottu\/#primaryimage\"},\"image\":{\"@id\":\"https:\/\/grotta.is\/knattspyrnudeild\/bjorn-axel-og-birkir-semja-vid-grottu\/#primaryimage\"},\"thumbnailUrl\":\"https:\/\/grotta.is\/wp-content\/uploads\/2021\/02\/20210212_171746-scaled.jpg\",\"datePublished\":\"2021-02-16T12:54:58+00:00\",\"dateModified\":\"2021-02-16T12:55:05+00:00\",\"breadcrumb\":{\"@id\":\"https:\/\/grotta.is\/knattspyrnudeild\/bjorn-axel-og-birkir-semja-vid-grottu\/#breadcrumb\"},\"inLanguage\":\"en-US\",\"potentialAction\":[{\"@type\":\"ReadAction\",\"target\":[\"https:\/\/grotta.is\/knattspyrnudeild\/bjorn-axel-og-birkir-semja-vid-grottu\/\"]}]},{\"@type\":\"ImageObject\",\"inLanguage\":\"en-US\",\"@id\":\"https:\/\/grotta.is\/knattspyrnudeild\/bjorn-axel-og-birkir-semja-vid-grottu\/#primaryimage\",\"url\":\"https:\/\/grotta.is\/wp-content\/uploads\/2021\/02\/20210212_171746-scaled.jpg\",\"contentUrl\":\"https:\/\/grotta.is\/wp-content\/uploads\/2021\/02\/20210212_171746-scaled.jpg\",\"width\":2560,\"height\":1244},{\"@type\":\"BreadcrumbList\",\"@id\":\"https:\/\/grotta.is\/knattspyrnudeild\/bjorn-axel-og-birkir-semja-vid-grottu\/#breadcrumb\",\"itemListElement\":[{\"@type\":\"ListItem\",\"position\":1,\"name\":\"Home\",\"item\":\"https:\/\/grotta.is\/\"},{\"@type\":\"ListItem\",\"position\":2,\"name\":\"Bj\u00f6rn Axel og Birkir semja vi\u00f0 Gr\u00f3ttu\"}]},{\"@type\":\"WebSite\",\"@id\":\"https:\/\/grotta.is\/#website\",\"url\":\"https:\/\/grotta.is\/\",\"name\":\"\u00cd\u00fer\u00f3ttaf\u00e9lagi\u00f0 Gr\u00f3tta\",\"description\":\"\u00e1 Seltjarnarnesi\",\"publisher\":{\"@id\":\"https:\/\/grotta.is\/#organization\"},\"potentialAction\":[{\"@type\":\"SearchAction\",\"target\":{\"@type\":\"EntryPoint\",\"urlTemplate\":\"https:\/\/grotta.is\/?s={search_term_string}\"},\"query-input\":{\"@type\":\"PropertyValueSpecification\",\"valueRequired\":true,\"valueName\":\"search_term_string\"}}],\"inLanguage\":\"en-US\"},{\"@type\":\"Organization\",\"@id\":\"https:\/\/grotta.is\/#organization\",\"name\":\"\u00cd\u00fer\u00f3ttaf\u00e9lagi\u00f0 Gr\u00f3tta\",\"url\":\"https:\/\/grotta.is\/\",\"logo\":{\"@type\":\"ImageObject\",\"inLanguage\":\"en-US\",\"@id\":\"https:\/\/grotta.is\/#\/schema\/logo\/image\/\",\"url\":\"https:\/\/grotta.is\/wp-content\/uploads\/2020\/02\/ithrottafelagidgrotta_logo_512x512_transparent.png\",\"contentUrl\":\"https:\/\/grotta.is\/wp-content\/uploads\/2020\/02\/ithrottafelagidgrotta_logo_512x512_transparent.png\",\"width\":512,\"height\":512,\"caption\":\"\u00cd\u00fer\u00f3ttaf\u00e9lagi\u00f0 Gr\u00f3tta\"},\"image\":{\"@id\":\"https:\/\/grotta.is\/#\/schema\/logo\/image\/\"},\"sameAs\":[\"https:\/\/www.facebook.com\/grottasport\"]},{\"@type\":\"Person\",\"@id\":\"https:\/\/grotta.is\/#\/schema\/person\/f1fea6a85a554e8069771c3486efbd84\",\"name\":\"J\u00f3runn M. \u00deorsteinsd\u00f3ttir\",\"url\":\"https:\/\/grotta.is\/en\/author\/jorunn\/\"}]}<\/script>\n<!-- \/ Yoast SEO plugin. -->","yoast_head_json":{"title":"Bj\u00f6rn Axel og Birkir semja vi\u00f0 Gr\u00f3ttu - \u00cd\u00fer\u00f3ttaf\u00e9lagi\u00f0 Gr\u00f3tta","robots":{"index":"index","follow":"follow","max-snippet":"max-snippet:-1","max-image-preview":"max-image-preview:large","max-video-preview":"max-video-preview:-1"},"canonical":"https:\/\/grotta.is\/en\/knattspyrnudeild\/bjorn-axel-og-birkir-semja-vid-grottu\/","og_locale":"en_US","og_type":"article","og_title":"Bj\u00f6rn Axel og Birkir semja vi\u00f0 Gr\u00f3ttu - \u00cd\u00fer\u00f3ttaf\u00e9lagi\u00f0 Gr\u00f3tta","og_description":"Bj\u00f6rn Axel hefur sn\u00fai\u00f0 aftur \u00ed sitt uppeldisf\u00e9lag en hann skrifa\u00f0i \u00e1 d\u00f6gunum undir samning um a\u00f0 leika me\u00f0 Gr\u00f3ttu \u00e1 komandi keppnist\u00edmabili. Bj\u00f6rn Axel er 26 \u00e1ra s\u00f3knarma\u00f0ur sem [&hellip;]","og_url":"https:\/\/grotta.is\/en\/knattspyrnudeild\/bjorn-axel-og-birkir-semja-vid-grottu\/","og_site_name":"\u00cd\u00fer\u00f3ttaf\u00e9lagi\u00f0 Gr\u00f3tta","article_publisher":"https:\/\/www.facebook.com\/grottasport","article_published_time":"2021-02-16T12:54:58+00:00","article_modified_time":"2021-02-16T12:55:05+00:00","og_image":[{"width":2560,"height":1244,"url":"https:\/\/grotta.is\/wp-content\/uploads\/2021\/02\/20210212_171746-scaled.jpg","type":"image\/jpeg"}],"author":"J\u00f3runn M. \u00deorsteinsd\u00f3ttir","twitter_card":"summary_large_image","twitter_misc":{"Written by":"J\u00f3runn M. \u00deorsteinsd\u00f3ttir","Est. reading time":"1 minute"},"schema":{"@context":"https:\/\/schema.org","@graph":[{"@type":"Article","@id":"https:\/\/grotta.is\/knattspyrnudeild\/bjorn-axel-og-birkir-semja-vid-grottu\/#article","isPartOf":{"@id":"https:\/\/grotta.is\/knattspyrnudeild\/bjorn-axel-og-birkir-semja-vid-grottu\/"},"author":{"name":"J\u00f3runn M. \u00deorsteinsd\u00f3ttir","@id":"https:\/\/grotta.is\/#\/schema\/person\/f1fea6a85a554e8069771c3486efbd84"},"headline":"Bj\u00f6rn Axel og Birkir semja vi\u00f0 Gr\u00f3ttu","datePublished":"2021-02-16T12:54:58+00:00","dateModified":"2021-02-16T12:55:05+00:00","mainEntityOfPage":{"@id":"https:\/\/grotta.is\/knattspyrnudeild\/bjorn-axel-og-birkir-semja-vid-grottu\/"},"wordCount":156,"publisher":{"@id":"https:\/\/grotta.is\/#organization"},"image":{"@id":"https:\/\/grotta.is\/knattspyrnudeild\/bjorn-axel-og-birkir-semja-vid-grottu\/#primaryimage"},"thumbnailUrl":"https:\/\/grotta.is\/wp-content\/uploads\/2021\/02\/20210212_171746-scaled.jpg","articleSection":["Knattspyrnudeild"],"inLanguage":"en-US"},{"@type":"WebPage","@id":"https:\/\/grotta.is\/knattspyrnudeild\/bjorn-axel-og-birkir-semja-vid-grottu\/","url":"https:\/\/grotta.is\/knattspyrnudeild\/bjorn-axel-og-birkir-semja-vid-grottu\/","name":"Bj\u00f6rn Axel og Birkir semja vi\u00f0 Gr\u00f3ttu - \u00cd\u00fer\u00f3ttaf\u00e9lagi\u00f0 Gr\u00f3tta","isPartOf":{"@id":"https:\/\/grotta.is\/#website"},"primaryImageOfPage":{"@id":"https:\/\/grotta.is\/knattspyrnudeild\/bjorn-axel-og-birkir-semja-vid-grottu\/#primaryimage"},"image":{"@id":"https:\/\/grotta.is\/knattspyrnudeild\/bjorn-axel-og-birkir-semja-vid-grottu\/#primaryimage"},"thumbnailUrl":"https:\/\/grotta.is\/wp-content\/uploads\/2021\/02\/20210212_171746-scaled.jpg","datePublished":"2021-02-16T12:54:58+00:00","dateModified":"2021-02-16T12:55:05+00:00","breadcrumb":{"@id":"https:\/\/grotta.is\/knattspyrnudeild\/bjorn-axel-og-birkir-semja-vid-grottu\/#breadcrumb"},"inLanguage":"en-US","potentialAction":[{"@type":"ReadAction","target":["https:\/\/grotta.is\/knattspyrnudeild\/bjorn-axel-og-birkir-semja-vid-grottu\/"]}]},{"@type":"ImageObject","inLanguage":"en-US","@id":"https:\/\/grotta.is\/knattspyrnudeild\/bjorn-axel-og-birkir-semja-vid-grottu\/#primaryimage","url":"https:\/\/grotta.is\/wp-content\/uploads\/2021\/02\/20210212_171746-scaled.jpg","contentUrl":"https:\/\/grotta.is\/wp-content\/uploads\/2021\/02\/20210212_171746-scaled.jpg","width":2560,"height":1244},{"@type":"BreadcrumbList","@id":"https:\/\/grotta.is\/knattspyrnudeild\/bjorn-axel-og-birkir-semja-vid-grottu\/#breadcrumb","itemListElement":[{"@type":"ListItem","position":1,"name":"Home","item":"https:\/\/grotta.is\/"},{"@type":"ListItem","position":2,"name":"Bj\u00f6rn Axel og Birkir semja vi\u00f0 Gr\u00f3ttu"}]},{"@type":"WebSite","@id":"https:\/\/grotta.is\/#website","url":"https:\/\/grotta.is\/","name":"\u00cd\u00fer\u00f3ttaf\u00e9lagi\u00f0 Gr\u00f3tta","description":"\u00e1 Seltjarnarnesi","publisher":{"@id":"https:\/\/grotta.is\/#organization"},"potentialAction":[{"@type":"SearchAction","target":{"@type":"EntryPoint","urlTemplate":"https:\/\/grotta.is\/?s={search_term_string}"},"query-input":{"@type":"PropertyValueSpecification","valueRequired":true,"valueName":"search_term_string"}}],"inLanguage":"en-US"},{"@type":"Organization","@id":"https:\/\/grotta.is\/#organization","name":"\u00cd\u00fer\u00f3ttaf\u00e9lagi\u00f0 Gr\u00f3tta","url":"https:\/\/grotta.is\/","logo":{"@type":"ImageObject","inLanguage":"en-US","@id":"https:\/\/grotta.is\/#\/schema\/logo\/image\/","url":"https:\/\/grotta.is\/wp-content\/uploads\/2020\/02\/ithrottafelagidgrotta_logo_512x512_transparent.png","contentUrl":"https:\/\/grotta.is\/wp-content\/uploads\/2020\/02\/ithrottafelagidgrotta_logo_512x512_transparent.png","width":512,"height":512,"caption":"\u00cd\u00fer\u00f3ttaf\u00e9lagi\u00f0 Gr\u00f3tta"},"image":{"@id":"https:\/\/grotta.is\/#\/schema\/logo\/image\/"},"sameAs":["https:\/\/www.facebook.com\/grottasport"]},{"@type":"Person","@id":"https:\/\/grotta.is\/#\/schema\/person\/f1fea6a85a554e8069771c3486efbd84","name":"J\u00f3runn M. \u00deorsteinsd\u00f3ttir","url":"https:\/\/grotta.is\/en\/author\/jorunn\/"}]}},"_links":{"self":[{"href":"https:\/\/grotta.is\/en\/wp-json\/wp\/v2\/posts\/314697","targetHints":{"allow":["GET"]}}],"collection":[{"href":"https:\/\/grotta.is\/en\/wp-json\/wp\/v2\/posts"}],"about":[{"href":"https:\/\/grotta.is\/en\/wp-json\/wp\/v2\/types\/post"}],"author":[{"embeddable":true,"href":"https:\/\/grotta.is\/en\/wp-json\/wp\/v2\/users\/4"}],"replies":[{"embeddable":true,"href":"https:\/\/grotta.is\/en\/wp-json\/wp\/v2\/comments?post=314697"}],"version-history":[{"count":1,"href":"https:\/\/grotta.is\/en\/wp-json\/wp\/v2\/posts\/314697\/revisions"}],"predecessor-version":[{"id":314705,"href":"https:\/\/grotta.is\/en\/wp-json\/wp\/v2\/posts\/314697\/revisions\/314705"}],"wp:featuredmedia":[{"embeddable":true,"href":"https:\/\/grotta.is\/en\/wp-json\/wp\/v2\/media\/314704"}],"wp:attachment":[{"href":"https:\/\/grotta.is\/en\/wp-json\/wp\/v2\/media?parent=314697"}],"wp:term":[{"taxonomy":"category","embeddable":true,"href":"https:\/\/grotta.is\/en\/wp-json\/wp\/v2\/categories?post=314697"},{"taxonomy":"post_tag","embeddable":true,"href":"https:\/\/grotta.is\/en\/wp-json\/wp\/v2\/tags?post=314697"}],"curies":[{"name":"wp","href":"https:\/\/api.w.org\/{rel}","templated":true}]}}