{"id":313127,"date":"2021-02-15T17:37:16","date_gmt":"2021-02-15T17:37:16","guid":{"rendered":"https:\/\/grotta.is\/?p=313127"},"modified":"2021-02-15T17:37:21","modified_gmt":"2021-02-15T17:37:21","slug":"yngra-arid-i-5-flokki-kvenna-stod-sig-vel","status":"publish","type":"post","link":"https:\/\/grotta.is\/en\/handknattleiksdeild\/yngra-arid-i-5-flokki-kvenna-stod-sig-vel\/","title":{"rendered":"Yngra \u00e1ri\u00f0 \u00ed 5.flokki kvenna st\u00f3\u00f0 sig vel"},"content":{"rendered":"<p>Yngra \u00e1ri\u00f0 \u00ed 5.flokki kvenna skr\u00e1\u00f0i tv\u00f6 li\u00f0 til leiks um s\u00ed\u00f0ustu helgi og voru b\u00e6\u00f0i li\u00f0 saman \u00ed ri\u00f0li en Stjanan 2 og Haukar 1 voru einnig me\u00f0 okkar li\u00f0um \u00ed ri\u00f0li. \u00dea\u00f0 var virkilega skemmtilegt a\u00f0 sj\u00e1 b\u00e6\u00f0i li\u00f0 spila og flottir taktar hj\u00e1 okkar st\u00falkum. Li\u00f0 1 spila\u00f0i afar vel og vann deildina me\u00f0 fullt h\u00fas stiga. <\/p><p>Flottur \u00e1rangur hj\u00e1 \u00feeim og var mikill st\u00edgandi \u00ed \u00feeirra spilamennsku og miklar framfarir. Li\u00f0 2 spilu\u00f0u einnig mj\u00f6g vel \u00fer\u00e1tt fyrir tap \u00ed \u00f6llum leikjunum. Hins vegar m\u00e1 nefna a\u00f0 mikil spenna var \u00ed leikjum li\u00f0sins gegn Stj\u00f6rnunni og Haukum og g\u00e1tu okkar stelpur h\u00e6glega unni\u00f0 \u00fe\u00e1 leiki. <\/p><p>B\u00e1\u00f0ir leikir endu\u00f0u me\u00f0 tveggja marka tapi en \u00fea\u00f0 m\u00e1 sj\u00e1 hversu miklar framfarir voru leikjum hj\u00e1 li\u00f0i 2. \u00dea\u00f0 ver\u00f0ur \u00fev\u00ed mj\u00f6g spennandi a\u00f0 fylgjast me\u00f0 stelpunum \u00e1 n\u00e6sta m\u00f3ti.<\/p><p>\u00c1fram Gr\u00f3tta<\/p><figure class=\"wp-block-image size-large\"><img fetchpriority=\"high\" decoding=\"async\" width=\"720\" height=\"960\" src=\"https:\/\/grotta.is\/wp-content\/uploads\/2021\/02\/grotta_handbolti_5fl_yngri_2.jpg\" alt=\"\" class=\"wp-image-313179\" srcset=\"https:\/\/grotta.is\/wp-content\/uploads\/2021\/02\/grotta_handbolti_5fl_yngri_2.jpg 720w, https:\/\/grotta.is\/wp-content\/uploads\/2021\/02\/grotta_handbolti_5fl_yngri_2-225x300.jpg 225w, https:\/\/grotta.is\/wp-content\/uploads\/2021\/02\/grotta_handbolti_5fl_yngri_2-9x12.jpg 9w, https:\/\/grotta.is\/wp-content\/uploads\/2021\/02\/grotta_handbolti_5fl_yngri_2-600x800.jpg 600w\" sizes=\"(max-width: 720px) 100vw, 720px\" \/><\/figure>","protected":false},"excerpt":{"rendered":"<p>Yngra \u00e1ri\u00f0 \u00ed 5.flokki kvenna skr\u00e1\u00f0i tv\u00f6 li\u00f0 til leiks um s\u00ed\u00f0ustu helgi og voru b\u00e6\u00f0i li\u00f0 saman \u00ed ri\u00f0li en Stjanan 2 og Haukar 1 voru einnig me\u00f0 okkar li\u00f0um \u00ed ri\u00f0li. \u00dea\u00f0 var virkilega skemmtilegt a\u00f0 sj\u00e1 b\u00e6\u00f0i li\u00f0 spila og flottir taktar hj\u00e1 okkar st\u00falkum. <\/p>","protected":false},"author":2,"featured_media":313180,"comment_status":"closed","ping_status":"closed","sticky":false,"template":"","format":"standard","meta":{"footnotes":""},"categories":[12],"tags":[13,21,15],"class_list":["post-313127","post","type-post","status-publish","format-standard","has-post-thumbnail","hentry","category-handknattleiksdeild","tag-handbolti","tag-mot","tag-yngri-flokkar"],"yoast_head":"<!-- This site is optimized with the Yoast SEO plugin v24.3 - https:\/\/yoast.com\/wordpress\/plugins\/seo\/ -->\n<title>Yngra \u00e1ri\u00f0 \u00ed 5.flokki kvenna st\u00f3\u00f0 sig vel - \u00cd\u00fer\u00f3ttaf\u00e9lagi\u00f0 Gr\u00f3tta<\/title>\n<meta name=\"robots\" content=\"index, follow, max-snippet:-1, max-image-preview:large, max-video-preview:-1\" \/>\n<link rel=\"canonical\" href=\"https:\/\/grotta.is\/en\/handknattleiksdeild\/yngra-arid-i-5-flokki-kvenna-stod-sig-vel\/\" \/>\n<meta property=\"og:locale\" content=\"en_US\" \/>\n<meta property=\"og:type\" content=\"article\" \/>\n<meta property=\"og:title\" content=\"Yngra \u00e1ri\u00f0 \u00ed 5.flokki kvenna st\u00f3\u00f0 sig vel - \u00cd\u00fer\u00f3ttaf\u00e9lagi\u00f0 Gr\u00f3tta\" \/>\n<meta property=\"og:description\" content=\"Yngra \u00e1ri\u00f0 \u00ed 5.flokki kvenna skr\u00e1\u00f0i tv\u00f6 li\u00f0 til leiks um s\u00ed\u00f0ustu helgi og voru b\u00e6\u00f0i li\u00f0 saman \u00ed ri\u00f0li en Stjanan 2 og Haukar 1 voru einnig me\u00f0 okkar li\u00f0um \u00ed ri\u00f0li. \u00dea\u00f0 var virkilega skemmtilegt a\u00f0 sj\u00e1 b\u00e6\u00f0i li\u00f0 spila og flottir taktar hj\u00e1 okkar st\u00falkum.\" \/>\n<meta property=\"og:url\" content=\"https:\/\/grotta.is\/en\/handknattleiksdeild\/yngra-arid-i-5-flokki-kvenna-stod-sig-vel\/\" \/>\n<meta property=\"og:site_name\" content=\"\u00cd\u00fer\u00f3ttaf\u00e9lagi\u00f0 Gr\u00f3tta\" \/>\n<meta property=\"article:publisher\" content=\"https:\/\/www.facebook.com\/grottasport\" \/>\n<meta property=\"article:published_time\" content=\"2021-02-15T17:37:16+00:00\" \/>\n<meta property=\"article:modified_time\" content=\"2021-02-15T17:37:21+00:00\" \/>\n<meta property=\"og:image\" content=\"https:\/\/grotta.is\/wp-content\/uploads\/2021\/02\/grotta_handbolti_5fl_yngri_1.jpg\" \/>\n\t<meta property=\"og:image:width\" content=\"717\" \/>\n\t<meta property=\"og:image:height\" content=\"528\" \/>\n\t<meta property=\"og:image:type\" content=\"image\/jpeg\" \/>\n<meta name=\"author\" content=\"Grotta\" \/>\n<meta name=\"twitter:card\" content=\"summary_large_image\" \/>\n<meta name=\"twitter:label1\" content=\"Written by\" \/>\n\t<meta name=\"twitter:data1\" content=\"Grotta\" \/>\n\t<meta name=\"twitter:label2\" content=\"Est. reading time\" \/>\n\t<meta name=\"twitter:data2\" content=\"1 minute\" \/>\n<script type=\"application\/ld+json\" class=\"yoast-schema-graph\">{\"@context\":\"https:\/\/schema.org\",\"@graph\":[{\"@type\":\"Article\",\"@id\":\"https:\/\/grotta.is\/handknattleiksdeild\/yngra-arid-i-5-flokki-kvenna-stod-sig-vel\/#article\",\"isPartOf\":{\"@id\":\"https:\/\/grotta.is\/handknattleiksdeild\/yngra-arid-i-5-flokki-kvenna-stod-sig-vel\/\"},\"author\":{\"name\":\"Grotta\",\"@id\":\"https:\/\/grotta.is\/#\/schema\/person\/08ec57bf09ee925f1b6a01540c14a5ce\"},\"headline\":\"Yngra \u00e1ri\u00f0 \u00ed 5.flokki kvenna st\u00f3\u00f0 sig vel\",\"datePublished\":\"2021-02-15T17:37:16+00:00\",\"dateModified\":\"2021-02-15T17:37:21+00:00\",\"mainEntityOfPage\":{\"@id\":\"https:\/\/grotta.is\/handknattleiksdeild\/yngra-arid-i-5-flokki-kvenna-stod-sig-vel\/\"},\"wordCount\":162,\"publisher\":{\"@id\":\"https:\/\/grotta.is\/#organization\"},\"image\":{\"@id\":\"https:\/\/grotta.is\/handknattleiksdeild\/yngra-arid-i-5-flokki-kvenna-stod-sig-vel\/#primaryimage\"},\"thumbnailUrl\":\"https:\/\/grotta.is\/wp-content\/uploads\/2021\/02\/grotta_handbolti_5fl_yngri_1.jpg\",\"keywords\":[\"Handbolti\",\"M\u00f3t\",\"Yngri flokkar\"],\"articleSection\":[\"Handknattleiksdeild\"],\"inLanguage\":\"en-US\"},{\"@type\":\"WebPage\",\"@id\":\"https:\/\/grotta.is\/handknattleiksdeild\/yngra-arid-i-5-flokki-kvenna-stod-sig-vel\/\",\"url\":\"https:\/\/grotta.is\/handknattleiksdeild\/yngra-arid-i-5-flokki-kvenna-stod-sig-vel\/\",\"name\":\"Yngra \u00e1ri\u00f0 \u00ed 5.flokki kvenna st\u00f3\u00f0 sig vel - \u00cd\u00fer\u00f3ttaf\u00e9lagi\u00f0 Gr\u00f3tta\",\"isPartOf\":{\"@id\":\"https:\/\/grotta.is\/#website\"},\"primaryImageOfPage\":{\"@id\":\"https:\/\/grotta.is\/handknattleiksdeild\/yngra-arid-i-5-flokki-kvenna-stod-sig-vel\/#primaryimage\"},\"image\":{\"@id\":\"https:\/\/grotta.is\/handknattleiksdeild\/yngra-arid-i-5-flokki-kvenna-stod-sig-vel\/#primaryimage\"},\"thumbnailUrl\":\"https:\/\/grotta.is\/wp-content\/uploads\/2021\/02\/grotta_handbolti_5fl_yngri_1.jpg\",\"datePublished\":\"2021-02-15T17:37:16+00:00\",\"dateModified\":\"2021-02-15T17:37:21+00:00\",\"breadcrumb\":{\"@id\":\"https:\/\/grotta.is\/handknattleiksdeild\/yngra-arid-i-5-flokki-kvenna-stod-sig-vel\/#breadcrumb\"},\"inLanguage\":\"en-US\",\"potentialAction\":[{\"@type\":\"ReadAction\",\"target\":[\"https:\/\/grotta.is\/handknattleiksdeild\/yngra-arid-i-5-flokki-kvenna-stod-sig-vel\/\"]}]},{\"@type\":\"ImageObject\",\"inLanguage\":\"en-US\",\"@id\":\"https:\/\/grotta.is\/handknattleiksdeild\/yngra-arid-i-5-flokki-kvenna-stod-sig-vel\/#primaryimage\",\"url\":\"https:\/\/grotta.is\/wp-content\/uploads\/2021\/02\/grotta_handbolti_5fl_yngri_1.jpg\",\"contentUrl\":\"https:\/\/grotta.is\/wp-content\/uploads\/2021\/02\/grotta_handbolti_5fl_yngri_1.jpg\",\"width\":717,\"height\":528},{\"@type\":\"BreadcrumbList\",\"@id\":\"https:\/\/grotta.is\/handknattleiksdeild\/yngra-arid-i-5-flokki-kvenna-stod-sig-vel\/#breadcrumb\",\"itemListElement\":[{\"@type\":\"ListItem\",\"position\":1,\"name\":\"Home\",\"item\":\"https:\/\/grotta.is\/\"},{\"@type\":\"ListItem\",\"position\":2,\"name\":\"Yngra \u00e1ri\u00f0 \u00ed 5.flokki kvenna st\u00f3\u00f0 sig vel\"}]},{\"@type\":\"WebSite\",\"@id\":\"https:\/\/grotta.is\/#website\",\"url\":\"https:\/\/grotta.is\/\",\"name\":\"\u00cd\u00fer\u00f3ttaf\u00e9lagi\u00f0 Gr\u00f3tta\",\"description\":\"\u00e1 Seltjarnarnesi\",\"publisher\":{\"@id\":\"https:\/\/grotta.is\/#organization\"},\"potentialAction\":[{\"@type\":\"SearchAction\",\"target\":{\"@type\":\"EntryPoint\",\"urlTemplate\":\"https:\/\/grotta.is\/?s={search_term_string}\"},\"query-input\":{\"@type\":\"PropertyValueSpecification\",\"valueRequired\":true,\"valueName\":\"search_term_string\"}}],\"inLanguage\":\"en-US\"},{\"@type\":\"Organization\",\"@id\":\"https:\/\/grotta.is\/#organization\",\"name\":\"\u00cd\u00fer\u00f3ttaf\u00e9lagi\u00f0 Gr\u00f3tta\",\"url\":\"https:\/\/grotta.is\/\",\"logo\":{\"@type\":\"ImageObject\",\"inLanguage\":\"en-US\",\"@id\":\"https:\/\/grotta.is\/#\/schema\/logo\/image\/\",\"url\":\"https:\/\/grotta.is\/wp-content\/uploads\/2020\/02\/ithrottafelagidgrotta_logo_512x512_transparent.png\",\"contentUrl\":\"https:\/\/grotta.is\/wp-content\/uploads\/2020\/02\/ithrottafelagidgrotta_logo_512x512_transparent.png\",\"width\":512,\"height\":512,\"caption\":\"\u00cd\u00fer\u00f3ttaf\u00e9lagi\u00f0 Gr\u00f3tta\"},\"image\":{\"@id\":\"https:\/\/grotta.is\/#\/schema\/logo\/image\/\"},\"sameAs\":[\"https:\/\/www.facebook.com\/grottasport\"]},{\"@type\":\"Person\",\"@id\":\"https:\/\/grotta.is\/#\/schema\/person\/08ec57bf09ee925f1b6a01540c14a5ce\",\"name\":\"Grotta\",\"url\":\"https:\/\/grotta.is\/en\/author\/inga\/\"}]}<\/script>\n<!-- \/ Yoast SEO plugin. -->","yoast_head_json":{"title":"Yngra \u00e1ri\u00f0 \u00ed 5.flokki kvenna st\u00f3\u00f0 sig vel - \u00cd\u00fer\u00f3ttaf\u00e9lagi\u00f0 Gr\u00f3tta","robots":{"index":"index","follow":"follow","max-snippet":"max-snippet:-1","max-image-preview":"max-image-preview:large","max-video-preview":"max-video-preview:-1"},"canonical":"https:\/\/grotta.is\/en\/handknattleiksdeild\/yngra-arid-i-5-flokki-kvenna-stod-sig-vel\/","og_locale":"en_US","og_type":"article","og_title":"Yngra \u00e1ri\u00f0 \u00ed 5.flokki kvenna st\u00f3\u00f0 sig vel - \u00cd\u00fer\u00f3ttaf\u00e9lagi\u00f0 Gr\u00f3tta","og_description":"Yngra \u00e1ri\u00f0 \u00ed 5.flokki kvenna skr\u00e1\u00f0i tv\u00f6 li\u00f0 til leiks um s\u00ed\u00f0ustu helgi og voru b\u00e6\u00f0i li\u00f0 saman \u00ed ri\u00f0li en Stjanan 2 og Haukar 1 voru einnig me\u00f0 okkar li\u00f0um \u00ed ri\u00f0li. \u00dea\u00f0 var virkilega skemmtilegt a\u00f0 sj\u00e1 b\u00e6\u00f0i li\u00f0 spila og flottir taktar hj\u00e1 okkar st\u00falkum.","og_url":"https:\/\/grotta.is\/en\/handknattleiksdeild\/yngra-arid-i-5-flokki-kvenna-stod-sig-vel\/","og_site_name":"\u00cd\u00fer\u00f3ttaf\u00e9lagi\u00f0 Gr\u00f3tta","article_publisher":"https:\/\/www.facebook.com\/grottasport","article_published_time":"2021-02-15T17:37:16+00:00","article_modified_time":"2021-02-15T17:37:21+00:00","og_image":[{"width":717,"height":528,"url":"https:\/\/grotta.is\/wp-content\/uploads\/2021\/02\/grotta_handbolti_5fl_yngri_1.jpg","type":"image\/jpeg"}],"author":"Grotta","twitter_card":"summary_large_image","twitter_misc":{"Written by":"Grotta","Est. reading time":"1 minute"},"schema":{"@context":"https:\/\/schema.org","@graph":[{"@type":"Article","@id":"https:\/\/grotta.is\/handknattleiksdeild\/yngra-arid-i-5-flokki-kvenna-stod-sig-vel\/#article","isPartOf":{"@id":"https:\/\/grotta.is\/handknattleiksdeild\/yngra-arid-i-5-flokki-kvenna-stod-sig-vel\/"},"author":{"name":"Grotta","@id":"https:\/\/grotta.is\/#\/schema\/person\/08ec57bf09ee925f1b6a01540c14a5ce"},"headline":"Yngra \u00e1ri\u00f0 \u00ed 5.flokki kvenna st\u00f3\u00f0 sig vel","datePublished":"2021-02-15T17:37:16+00:00","dateModified":"2021-02-15T17:37:21+00:00","mainEntityOfPage":{"@id":"https:\/\/grotta.is\/handknattleiksdeild\/yngra-arid-i-5-flokki-kvenna-stod-sig-vel\/"},"wordCount":162,"publisher":{"@id":"https:\/\/grotta.is\/#organization"},"image":{"@id":"https:\/\/grotta.is\/handknattleiksdeild\/yngra-arid-i-5-flokki-kvenna-stod-sig-vel\/#primaryimage"},"thumbnailUrl":"https:\/\/grotta.is\/wp-content\/uploads\/2021\/02\/grotta_handbolti_5fl_yngri_1.jpg","keywords":["Handbolti","M\u00f3t","Yngri flokkar"],"articleSection":["Handknattleiksdeild"],"inLanguage":"en-US"},{"@type":"WebPage","@id":"https:\/\/grotta.is\/handknattleiksdeild\/yngra-arid-i-5-flokki-kvenna-stod-sig-vel\/","url":"https:\/\/grotta.is\/handknattleiksdeild\/yngra-arid-i-5-flokki-kvenna-stod-sig-vel\/","name":"Yngra \u00e1ri\u00f0 \u00ed 5.flokki kvenna st\u00f3\u00f0 sig vel - \u00cd\u00fer\u00f3ttaf\u00e9lagi\u00f0 Gr\u00f3tta","isPartOf":{"@id":"https:\/\/grotta.is\/#website"},"primaryImageOfPage":{"@id":"https:\/\/grotta.is\/handknattleiksdeild\/yngra-arid-i-5-flokki-kvenna-stod-sig-vel\/#primaryimage"},"image":{"@id":"https:\/\/grotta.is\/handknattleiksdeild\/yngra-arid-i-5-flokki-kvenna-stod-sig-vel\/#primaryimage"},"thumbnailUrl":"https:\/\/grotta.is\/wp-content\/uploads\/2021\/02\/grotta_handbolti_5fl_yngri_1.jpg","datePublished":"2021-02-15T17:37:16+00:00","dateModified":"2021-02-15T17:37:21+00:00","breadcrumb":{"@id":"https:\/\/grotta.is\/handknattleiksdeild\/yngra-arid-i-5-flokki-kvenna-stod-sig-vel\/#breadcrumb"},"inLanguage":"en-US","potentialAction":[{"@type":"ReadAction","target":["https:\/\/grotta.is\/handknattleiksdeild\/yngra-arid-i-5-flokki-kvenna-stod-sig-vel\/"]}]},{"@type":"ImageObject","inLanguage":"en-US","@id":"https:\/\/grotta.is\/handknattleiksdeild\/yngra-arid-i-5-flokki-kvenna-stod-sig-vel\/#primaryimage","url":"https:\/\/grotta.is\/wp-content\/uploads\/2021\/02\/grotta_handbolti_5fl_yngri_1.jpg","contentUrl":"https:\/\/grotta.is\/wp-content\/uploads\/2021\/02\/grotta_handbolti_5fl_yngri_1.jpg","width":717,"height":528},{"@type":"BreadcrumbList","@id":"https:\/\/grotta.is\/handknattleiksdeild\/yngra-arid-i-5-flokki-kvenna-stod-sig-vel\/#breadcrumb","itemListElement":[{"@type":"ListItem","position":1,"name":"Home","item":"https:\/\/grotta.is\/"},{"@type":"ListItem","position":2,"name":"Yngra \u00e1ri\u00f0 \u00ed 5.flokki kvenna st\u00f3\u00f0 sig vel"}]},{"@type":"WebSite","@id":"https:\/\/grotta.is\/#website","url":"https:\/\/grotta.is\/","name":"\u00cd\u00fer\u00f3ttaf\u00e9lagi\u00f0 Gr\u00f3tta","description":"\u00e1 Seltjarnarnesi","publisher":{"@id":"https:\/\/grotta.is\/#organization"},"potentialAction":[{"@type":"SearchAction","target":{"@type":"EntryPoint","urlTemplate":"https:\/\/grotta.is\/?s={search_term_string}"},"query-input":{"@type":"PropertyValueSpecification","valueRequired":true,"valueName":"search_term_string"}}],"inLanguage":"en-US"},{"@type":"Organization","@id":"https:\/\/grotta.is\/#organization","name":"\u00cd\u00fer\u00f3ttaf\u00e9lagi\u00f0 Gr\u00f3tta","url":"https:\/\/grotta.is\/","logo":{"@type":"ImageObject","inLanguage":"en-US","@id":"https:\/\/grotta.is\/#\/schema\/logo\/image\/","url":"https:\/\/grotta.is\/wp-content\/uploads\/2020\/02\/ithrottafelagidgrotta_logo_512x512_transparent.png","contentUrl":"https:\/\/grotta.is\/wp-content\/uploads\/2020\/02\/ithrottafelagidgrotta_logo_512x512_transparent.png","width":512,"height":512,"caption":"\u00cd\u00fer\u00f3ttaf\u00e9lagi\u00f0 Gr\u00f3tta"},"image":{"@id":"https:\/\/grotta.is\/#\/schema\/logo\/image\/"},"sameAs":["https:\/\/www.facebook.com\/grottasport"]},{"@type":"Person","@id":"https:\/\/grotta.is\/#\/schema\/person\/08ec57bf09ee925f1b6a01540c14a5ce","name":"Grotta","url":"https:\/\/grotta.is\/en\/author\/inga\/"}]}},"_links":{"self":[{"href":"https:\/\/grotta.is\/en\/wp-json\/wp\/v2\/posts\/313127","targetHints":{"allow":["GET"]}}],"collection":[{"href":"https:\/\/grotta.is\/en\/wp-json\/wp\/v2\/posts"}],"about":[{"href":"https:\/\/grotta.is\/en\/wp-json\/wp\/v2\/types\/post"}],"author":[{"embeddable":true,"href":"https:\/\/grotta.is\/en\/wp-json\/wp\/v2\/users\/2"}],"replies":[{"embeddable":true,"href":"https:\/\/grotta.is\/en\/wp-json\/wp\/v2\/comments?post=313127"}],"version-history":[{"count":2,"href":"https:\/\/grotta.is\/en\/wp-json\/wp\/v2\/posts\/313127\/revisions"}],"predecessor-version":[{"id":313181,"href":"https:\/\/grotta.is\/en\/wp-json\/wp\/v2\/posts\/313127\/revisions\/313181"}],"wp:featuredmedia":[{"embeddable":true,"href":"https:\/\/grotta.is\/en\/wp-json\/wp\/v2\/media\/313180"}],"wp:attachment":[{"href":"https:\/\/grotta.is\/en\/wp-json\/wp\/v2\/media?parent=313127"}],"wp:term":[{"taxonomy":"category","embeddable":true,"href":"https:\/\/grotta.is\/en\/wp-json\/wp\/v2\/categories?post=313127"},{"taxonomy":"post_tag","embeddable":true,"href":"https:\/\/grotta.is\/en\/wp-json\/wp\/v2\/tags?post=313127"}],"curies":[{"name":"wp","href":"https:\/\/api.w.org\/{rel}","templated":true}]}}