{"id":313087,"date":"2021-02-15T17:31:04","date_gmt":"2021-02-15T17:31:04","guid":{"rendered":"https:\/\/grotta.is\/?p=313087"},"modified":"2021-02-15T17:31:08","modified_gmt":"2021-02-15T17:31:08","slug":"frabaer-arangur-hja-8-fl-karla-i-handbolta","status":"publish","type":"post","link":"https:\/\/grotta.is\/en\/handknattleiksdeild\/frabaer-arangur-hja-8-fl-karla-i-handbolta\/","title":{"rendered":"Fr\u00e1b\u00e6r \u00e1rangur hj\u00e1 8.fl karla \u00ed handbolta"},"content":{"rendered":"<p>Gr\u00f3tta sendi 5 li\u00f0 til keppni og var hart barist \u00ed \u00f6llum leikjum. Str\u00e1karnir s\u00fdndu mikla takta og nutu s\u00edn \u00ed botn. Fr\u00e1b\u00e6rt m\u00f3t hj\u00e1 Aftureldingu og ver\u00f0ur gaman a\u00f0 fylgjast me\u00f0 \u00feessum str\u00e1kum \u00ed framt\u00ed\u00f0inni. <\/p><p>Gaman a\u00f0 segja fr\u00e1 \u00fev\u00ed a\u00f0 mikil fj\u00f6lgun hefur veri\u00f0 \u00ed yngri flokkum Gr\u00f3ttu og eru allir velkomnir a\u00f0 koma og pr\u00f3fa<\/p><figure class=\"wp-block-gallery columns-2 is-cropped wp-block-gallery-1 is-layout-flex wp-block-gallery-is-layout-flex\"><ul class=\"blocks-gallery-grid\"><li class=\"blocks-gallery-item\"><figure><a href=\"https:\/\/grotta.is\/wp-content\/uploads\/2021\/02\/grotta_handbolti_8fl_5.jpg\"><img fetchpriority=\"high\" decoding=\"async\" width=\"960\" height=\"720\" src=\"https:\/\/grotta.is\/wp-content\/uploads\/2021\/02\/grotta_handbolti_8fl_5.jpg\" alt=\"\" data-id=\"313091\" data-full-url=\"https:\/\/grotta.is\/wp-content\/uploads\/2021\/02\/grotta_handbolti_8fl_5.jpg\" data-link=\"https:\/\/grotta.is\/?attachment_id=313091\" class=\"wp-image-313091\" srcset=\"https:\/\/grotta.is\/wp-content\/uploads\/2021\/02\/grotta_handbolti_8fl_5.jpg 960w, https:\/\/grotta.is\/wp-content\/uploads\/2021\/02\/grotta_handbolti_8fl_5-300x225.jpg 300w, https:\/\/grotta.is\/wp-content\/uploads\/2021\/02\/grotta_handbolti_8fl_5-768x576.jpg 768w, https:\/\/grotta.is\/wp-content\/uploads\/2021\/02\/grotta_handbolti_8fl_5-16x12.jpg 16w, https:\/\/grotta.is\/wp-content\/uploads\/2021\/02\/grotta_handbolti_8fl_5-600x450.jpg 600w\" sizes=\"(max-width: 960px) 100vw, 960px\" \/><\/a><\/figure><\/li><li class=\"blocks-gallery-item\"><figure><a href=\"https:\/\/grotta.is\/wp-content\/uploads\/2021\/02\/grotta_handbolti_8fl_3.jpg\"><img decoding=\"async\" width=\"960\" height=\"720\" data-src=\"https:\/\/grotta.is\/wp-content\/uploads\/2021\/02\/grotta_handbolti_8fl_3.jpg\" alt=\"\" data-id=\"313093\" data-full-url=\"https:\/\/grotta.is\/wp-content\/uploads\/2021\/02\/grotta_handbolti_8fl_3.jpg\" data-link=\"https:\/\/grotta.is\/?attachment_id=313093\" class=\"wp-image-313093 lazyload\" data-srcset=\"https:\/\/grotta.is\/wp-content\/uploads\/2021\/02\/grotta_handbolti_8fl_3.jpg 960w, https:\/\/grotta.is\/wp-content\/uploads\/2021\/02\/grotta_handbolti_8fl_3-300x225.jpg 300w, https:\/\/grotta.is\/wp-content\/uploads\/2021\/02\/grotta_handbolti_8fl_3-768x576.jpg 768w, https:\/\/grotta.is\/wp-content\/uploads\/2021\/02\/grotta_handbolti_8fl_3-16x12.jpg 16w, https:\/\/grotta.is\/wp-content\/uploads\/2021\/02\/grotta_handbolti_8fl_3-600x450.jpg 600w\" data-sizes=\"(max-width: 960px) 100vw, 960px\" src=\"data:image\/gif;base64,R0lGODlhAQABAAAAACH5BAEKAAEALAAAAAABAAEAAAICTAEAOw==\" style=\"--smush-placeholder-width: 960px; --smush-placeholder-aspect-ratio: 960\/720;\" \/><\/a><\/figure><\/li><li class=\"blocks-gallery-item\"><figure><a href=\"https:\/\/grotta.is\/wp-content\/uploads\/2021\/02\/grotta_handbolti_8fl_2.jpg\"><img decoding=\"async\" width=\"960\" height=\"720\" data-src=\"https:\/\/grotta.is\/wp-content\/uploads\/2021\/02\/grotta_handbolti_8fl_2.jpg\" alt=\"\" data-id=\"313096\" data-full-url=\"https:\/\/grotta.is\/wp-content\/uploads\/2021\/02\/grotta_handbolti_8fl_2.jpg\" data-link=\"https:\/\/grotta.is\/?attachment_id=313096\" class=\"wp-image-313096 lazyload\" data-srcset=\"https:\/\/grotta.is\/wp-content\/uploads\/2021\/02\/grotta_handbolti_8fl_2.jpg 960w, https:\/\/grotta.is\/wp-content\/uploads\/2021\/02\/grotta_handbolti_8fl_2-300x225.jpg 300w, https:\/\/grotta.is\/wp-content\/uploads\/2021\/02\/grotta_handbolti_8fl_2-768x576.jpg 768w, https:\/\/grotta.is\/wp-content\/uploads\/2021\/02\/grotta_handbolti_8fl_2-16x12.jpg 16w, https:\/\/grotta.is\/wp-content\/uploads\/2021\/02\/grotta_handbolti_8fl_2-600x450.jpg 600w\" data-sizes=\"(max-width: 960px) 100vw, 960px\" src=\"data:image\/gif;base64,R0lGODlhAQABAAAAACH5BAEKAAEALAAAAAABAAEAAAICTAEAOw==\" style=\"--smush-placeholder-width: 960px; --smush-placeholder-aspect-ratio: 960\/720;\" \/><\/a><\/figure><\/li><li class=\"blocks-gallery-item\"><figure><a href=\"https:\/\/grotta.is\/wp-content\/uploads\/2021\/02\/grotta_handbolti_8fl_1.jpg\"><img decoding=\"async\" width=\"960\" height=\"720\" data-src=\"https:\/\/grotta.is\/wp-content\/uploads\/2021\/02\/grotta_handbolti_8fl_1.jpg\" alt=\"\" data-id=\"313097\" data-full-url=\"https:\/\/grotta.is\/wp-content\/uploads\/2021\/02\/grotta_handbolti_8fl_1.jpg\" data-link=\"https:\/\/grotta.is\/?attachment_id=313097\" class=\"wp-image-313097 lazyload\" data-srcset=\"https:\/\/grotta.is\/wp-content\/uploads\/2021\/02\/grotta_handbolti_8fl_1.jpg 960w, https:\/\/grotta.is\/wp-content\/uploads\/2021\/02\/grotta_handbolti_8fl_1-300x225.jpg 300w, https:\/\/grotta.is\/wp-content\/uploads\/2021\/02\/grotta_handbolti_8fl_1-768x576.jpg 768w, https:\/\/grotta.is\/wp-content\/uploads\/2021\/02\/grotta_handbolti_8fl_1-16x12.jpg 16w, https:\/\/grotta.is\/wp-content\/uploads\/2021\/02\/grotta_handbolti_8fl_1-600x450.jpg 600w\" data-sizes=\"(max-width: 960px) 100vw, 960px\" src=\"data:image\/gif;base64,R0lGODlhAQABAAAAACH5BAEKAAEALAAAAAABAAEAAAICTAEAOw==\" style=\"--smush-placeholder-width: 960px; --smush-placeholder-aspect-ratio: 960\/720;\" \/><\/a><\/figure><\/li><\/ul><\/figure>","protected":false},"excerpt":{"rendered":"<p>Gr\u00f3tta sendi 5 li\u00f0 til keppni og var hart barist \u00ed \u00f6llum leikjum. Str\u00e1karnir s\u00fdndu mikla takta og nutu s\u00edn \u00ed botn. Fr\u00e1b\u00e6rt m\u00f3t hj\u00e1 Aftureldingu og ver\u00f0ur gaman a\u00f0 fylgjast me\u00f0 \u00feessum str\u00e1kum \u00ed framt\u00ed\u00f0inni. <\/p>","protected":false},"author":2,"featured_media":313100,"comment_status":"closed","ping_status":"closed","sticky":false,"template":"","format":"standard","meta":{"footnotes":""},"categories":[12],"tags":[13,21,15],"class_list":["post-313087","post","type-post","status-publish","format-standard","has-post-thumbnail","hentry","category-handknattleiksdeild","tag-handbolti","tag-mot","tag-yngri-flokkar"],"yoast_head":"<!-- This site is optimized with the Yoast SEO plugin v24.3 - https:\/\/yoast.com\/wordpress\/plugins\/seo\/ -->\n<title>Fr\u00e1b\u00e6r \u00e1rangur hj\u00e1 8.fl karla \u00ed handbolta - \u00cd\u00fer\u00f3ttaf\u00e9lagi\u00f0 Gr\u00f3tta<\/title>\n<meta name=\"robots\" content=\"index, follow, max-snippet:-1, max-image-preview:large, max-video-preview:-1\" \/>\n<link rel=\"canonical\" href=\"https:\/\/grotta.is\/en\/handknattleiksdeild\/frabaer-arangur-hja-8-fl-karla-i-handbolta\/\" \/>\n<meta property=\"og:locale\" content=\"en_US\" \/>\n<meta property=\"og:type\" content=\"article\" \/>\n<meta property=\"og:title\" content=\"Fr\u00e1b\u00e6r \u00e1rangur hj\u00e1 8.fl karla \u00ed handbolta - \u00cd\u00fer\u00f3ttaf\u00e9lagi\u00f0 Gr\u00f3tta\" \/>\n<meta property=\"og:description\" content=\"Gr\u00f3tta sendi 5 li\u00f0 til keppni og var hart barist \u00ed \u00f6llum leikjum. Str\u00e1karnir s\u00fdndu mikla takta og nutu s\u00edn \u00ed botn. Fr\u00e1b\u00e6rt m\u00f3t hj\u00e1 Aftureldingu og ver\u00f0ur gaman a\u00f0 fylgjast me\u00f0 \u00feessum str\u00e1kum \u00ed framt\u00ed\u00f0inni.\" \/>\n<meta property=\"og:url\" content=\"https:\/\/grotta.is\/en\/handknattleiksdeild\/frabaer-arangur-hja-8-fl-karla-i-handbolta\/\" \/>\n<meta property=\"og:site_name\" content=\"\u00cd\u00fer\u00f3ttaf\u00e9lagi\u00f0 Gr\u00f3tta\" \/>\n<meta property=\"article:publisher\" content=\"https:\/\/www.facebook.com\/grottasport\" \/>\n<meta property=\"article:published_time\" content=\"2021-02-15T17:31:04+00:00\" \/>\n<meta property=\"article:modified_time\" content=\"2021-02-15T17:31:08+00:00\" \/>\n<meta property=\"og:image\" content=\"https:\/\/grotta.is\/wp-content\/uploads\/2021\/02\/grotta_handbolti_8fl_6.jpg\" \/>\n\t<meta property=\"og:image:width\" content=\"753\" \/>\n\t<meta property=\"og:image:height\" content=\"541\" \/>\n\t<meta property=\"og:image:type\" content=\"image\/jpeg\" \/>\n<meta name=\"author\" content=\"Grotta\" \/>\n<meta name=\"twitter:card\" content=\"summary_large_image\" \/>\n<meta name=\"twitter:label1\" content=\"Written by\" \/>\n\t<meta name=\"twitter:data1\" content=\"Grotta\" \/>\n\t<meta name=\"twitter:label2\" content=\"Est. reading time\" \/>\n\t<meta name=\"twitter:data2\" content=\"2 minutes\" \/>\n<script type=\"application\/ld+json\" class=\"yoast-schema-graph\">{\"@context\":\"https:\/\/schema.org\",\"@graph\":[{\"@type\":\"Article\",\"@id\":\"https:\/\/grotta.is\/handknattleiksdeild\/frabaer-arangur-hja-8-fl-karla-i-handbolta\/#article\",\"isPartOf\":{\"@id\":\"https:\/\/grotta.is\/handknattleiksdeild\/frabaer-arangur-hja-8-fl-karla-i-handbolta\/\"},\"author\":{\"name\":\"Grotta\",\"@id\":\"https:\/\/grotta.is\/#\/schema\/person\/08ec57bf09ee925f1b6a01540c14a5ce\"},\"headline\":\"Fr\u00e1b\u00e6r \u00e1rangur hj\u00e1 8.fl karla \u00ed handbolta\",\"datePublished\":\"2021-02-15T17:31:04+00:00\",\"dateModified\":\"2021-02-15T17:31:08+00:00\",\"mainEntityOfPage\":{\"@id\":\"https:\/\/grotta.is\/handknattleiksdeild\/frabaer-arangur-hja-8-fl-karla-i-handbolta\/\"},\"wordCount\":74,\"publisher\":{\"@id\":\"https:\/\/grotta.is\/#organization\"},\"image\":{\"@id\":\"https:\/\/grotta.is\/handknattleiksdeild\/frabaer-arangur-hja-8-fl-karla-i-handbolta\/#primaryimage\"},\"thumbnailUrl\":\"https:\/\/grotta.is\/wp-content\/uploads\/2021\/02\/grotta_handbolti_8fl_6.jpg\",\"keywords\":[\"Handbolti\",\"M\u00f3t\",\"Yngri flokkar\"],\"articleSection\":[\"Handknattleiksdeild\"],\"inLanguage\":\"en-US\"},{\"@type\":\"WebPage\",\"@id\":\"https:\/\/grotta.is\/handknattleiksdeild\/frabaer-arangur-hja-8-fl-karla-i-handbolta\/\",\"url\":\"https:\/\/grotta.is\/handknattleiksdeild\/frabaer-arangur-hja-8-fl-karla-i-handbolta\/\",\"name\":\"Fr\u00e1b\u00e6r \u00e1rangur hj\u00e1 8.fl karla \u00ed handbolta - \u00cd\u00fer\u00f3ttaf\u00e9lagi\u00f0 Gr\u00f3tta\",\"isPartOf\":{\"@id\":\"https:\/\/grotta.is\/#website\"},\"primaryImageOfPage\":{\"@id\":\"https:\/\/grotta.is\/handknattleiksdeild\/frabaer-arangur-hja-8-fl-karla-i-handbolta\/#primaryimage\"},\"image\":{\"@id\":\"https:\/\/grotta.is\/handknattleiksdeild\/frabaer-arangur-hja-8-fl-karla-i-handbolta\/#primaryimage\"},\"thumbnailUrl\":\"https:\/\/grotta.is\/wp-content\/uploads\/2021\/02\/grotta_handbolti_8fl_6.jpg\",\"datePublished\":\"2021-02-15T17:31:04+00:00\",\"dateModified\":\"2021-02-15T17:31:08+00:00\",\"breadcrumb\":{\"@id\":\"https:\/\/grotta.is\/handknattleiksdeild\/frabaer-arangur-hja-8-fl-karla-i-handbolta\/#breadcrumb\"},\"inLanguage\":\"en-US\",\"potentialAction\":[{\"@type\":\"ReadAction\",\"target\":[\"https:\/\/grotta.is\/handknattleiksdeild\/frabaer-arangur-hja-8-fl-karla-i-handbolta\/\"]}]},{\"@type\":\"ImageObject\",\"inLanguage\":\"en-US\",\"@id\":\"https:\/\/grotta.is\/handknattleiksdeild\/frabaer-arangur-hja-8-fl-karla-i-handbolta\/#primaryimage\",\"url\":\"https:\/\/grotta.is\/wp-content\/uploads\/2021\/02\/grotta_handbolti_8fl_6.jpg\",\"contentUrl\":\"https:\/\/grotta.is\/wp-content\/uploads\/2021\/02\/grotta_handbolti_8fl_6.jpg\",\"width\":753,\"height\":541},{\"@type\":\"BreadcrumbList\",\"@id\":\"https:\/\/grotta.is\/handknattleiksdeild\/frabaer-arangur-hja-8-fl-karla-i-handbolta\/#breadcrumb\",\"itemListElement\":[{\"@type\":\"ListItem\",\"position\":1,\"name\":\"Home\",\"item\":\"https:\/\/grotta.is\/\"},{\"@type\":\"ListItem\",\"position\":2,\"name\":\"Fr\u00e1b\u00e6r \u00e1rangur hj\u00e1 8.fl karla \u00ed handbolta\"}]},{\"@type\":\"WebSite\",\"@id\":\"https:\/\/grotta.is\/#website\",\"url\":\"https:\/\/grotta.is\/\",\"name\":\"\u00cd\u00fer\u00f3ttaf\u00e9lagi\u00f0 Gr\u00f3tta\",\"description\":\"\u00e1 Seltjarnarnesi\",\"publisher\":{\"@id\":\"https:\/\/grotta.is\/#organization\"},\"potentialAction\":[{\"@type\":\"SearchAction\",\"target\":{\"@type\":\"EntryPoint\",\"urlTemplate\":\"https:\/\/grotta.is\/?s={search_term_string}\"},\"query-input\":{\"@type\":\"PropertyValueSpecification\",\"valueRequired\":true,\"valueName\":\"search_term_string\"}}],\"inLanguage\":\"en-US\"},{\"@type\":\"Organization\",\"@id\":\"https:\/\/grotta.is\/#organization\",\"name\":\"\u00cd\u00fer\u00f3ttaf\u00e9lagi\u00f0 Gr\u00f3tta\",\"url\":\"https:\/\/grotta.is\/\",\"logo\":{\"@type\":\"ImageObject\",\"inLanguage\":\"en-US\",\"@id\":\"https:\/\/grotta.is\/#\/schema\/logo\/image\/\",\"url\":\"https:\/\/grotta.is\/wp-content\/uploads\/2020\/02\/ithrottafelagidgrotta_logo_512x512_transparent.png\",\"contentUrl\":\"https:\/\/grotta.is\/wp-content\/uploads\/2020\/02\/ithrottafelagidgrotta_logo_512x512_transparent.png\",\"width\":512,\"height\":512,\"caption\":\"\u00cd\u00fer\u00f3ttaf\u00e9lagi\u00f0 Gr\u00f3tta\"},\"image\":{\"@id\":\"https:\/\/grotta.is\/#\/schema\/logo\/image\/\"},\"sameAs\":[\"https:\/\/www.facebook.com\/grottasport\"]},{\"@type\":\"Person\",\"@id\":\"https:\/\/grotta.is\/#\/schema\/person\/08ec57bf09ee925f1b6a01540c14a5ce\",\"name\":\"Grotta\",\"url\":\"https:\/\/grotta.is\/en\/author\/inga\/\"}]}<\/script>\n<!-- \/ Yoast SEO plugin. -->","yoast_head_json":{"title":"Fr\u00e1b\u00e6r \u00e1rangur hj\u00e1 8.fl karla \u00ed handbolta - \u00cd\u00fer\u00f3ttaf\u00e9lagi\u00f0 Gr\u00f3tta","robots":{"index":"index","follow":"follow","max-snippet":"max-snippet:-1","max-image-preview":"max-image-preview:large","max-video-preview":"max-video-preview:-1"},"canonical":"https:\/\/grotta.is\/en\/handknattleiksdeild\/frabaer-arangur-hja-8-fl-karla-i-handbolta\/","og_locale":"en_US","og_type":"article","og_title":"Fr\u00e1b\u00e6r \u00e1rangur hj\u00e1 8.fl karla \u00ed handbolta - \u00cd\u00fer\u00f3ttaf\u00e9lagi\u00f0 Gr\u00f3tta","og_description":"Gr\u00f3tta sendi 5 li\u00f0 til keppni og var hart barist \u00ed \u00f6llum leikjum. Str\u00e1karnir s\u00fdndu mikla takta og nutu s\u00edn \u00ed botn. Fr\u00e1b\u00e6rt m\u00f3t hj\u00e1 Aftureldingu og ver\u00f0ur gaman a\u00f0 fylgjast me\u00f0 \u00feessum str\u00e1kum \u00ed framt\u00ed\u00f0inni.","og_url":"https:\/\/grotta.is\/en\/handknattleiksdeild\/frabaer-arangur-hja-8-fl-karla-i-handbolta\/","og_site_name":"\u00cd\u00fer\u00f3ttaf\u00e9lagi\u00f0 Gr\u00f3tta","article_publisher":"https:\/\/www.facebook.com\/grottasport","article_published_time":"2021-02-15T17:31:04+00:00","article_modified_time":"2021-02-15T17:31:08+00:00","og_image":[{"width":753,"height":541,"url":"https:\/\/grotta.is\/wp-content\/uploads\/2021\/02\/grotta_handbolti_8fl_6.jpg","type":"image\/jpeg"}],"author":"Grotta","twitter_card":"summary_large_image","twitter_misc":{"Written by":"Grotta","Est. reading time":"2 minutes"},"schema":{"@context":"https:\/\/schema.org","@graph":[{"@type":"Article","@id":"https:\/\/grotta.is\/handknattleiksdeild\/frabaer-arangur-hja-8-fl-karla-i-handbolta\/#article","isPartOf":{"@id":"https:\/\/grotta.is\/handknattleiksdeild\/frabaer-arangur-hja-8-fl-karla-i-handbolta\/"},"author":{"name":"Grotta","@id":"https:\/\/grotta.is\/#\/schema\/person\/08ec57bf09ee925f1b6a01540c14a5ce"},"headline":"Fr\u00e1b\u00e6r \u00e1rangur hj\u00e1 8.fl karla \u00ed handbolta","datePublished":"2021-02-15T17:31:04+00:00","dateModified":"2021-02-15T17:31:08+00:00","mainEntityOfPage":{"@id":"https:\/\/grotta.is\/handknattleiksdeild\/frabaer-arangur-hja-8-fl-karla-i-handbolta\/"},"wordCount":74,"publisher":{"@id":"https:\/\/grotta.is\/#organization"},"image":{"@id":"https:\/\/grotta.is\/handknattleiksdeild\/frabaer-arangur-hja-8-fl-karla-i-handbolta\/#primaryimage"},"thumbnailUrl":"https:\/\/grotta.is\/wp-content\/uploads\/2021\/02\/grotta_handbolti_8fl_6.jpg","keywords":["Handbolti","M\u00f3t","Yngri flokkar"],"articleSection":["Handknattleiksdeild"],"inLanguage":"en-US"},{"@type":"WebPage","@id":"https:\/\/grotta.is\/handknattleiksdeild\/frabaer-arangur-hja-8-fl-karla-i-handbolta\/","url":"https:\/\/grotta.is\/handknattleiksdeild\/frabaer-arangur-hja-8-fl-karla-i-handbolta\/","name":"Fr\u00e1b\u00e6r \u00e1rangur hj\u00e1 8.fl karla \u00ed handbolta - \u00cd\u00fer\u00f3ttaf\u00e9lagi\u00f0 Gr\u00f3tta","isPartOf":{"@id":"https:\/\/grotta.is\/#website"},"primaryImageOfPage":{"@id":"https:\/\/grotta.is\/handknattleiksdeild\/frabaer-arangur-hja-8-fl-karla-i-handbolta\/#primaryimage"},"image":{"@id":"https:\/\/grotta.is\/handknattleiksdeild\/frabaer-arangur-hja-8-fl-karla-i-handbolta\/#primaryimage"},"thumbnailUrl":"https:\/\/grotta.is\/wp-content\/uploads\/2021\/02\/grotta_handbolti_8fl_6.jpg","datePublished":"2021-02-15T17:31:04+00:00","dateModified":"2021-02-15T17:31:08+00:00","breadcrumb":{"@id":"https:\/\/grotta.is\/handknattleiksdeild\/frabaer-arangur-hja-8-fl-karla-i-handbolta\/#breadcrumb"},"inLanguage":"en-US","potentialAction":[{"@type":"ReadAction","target":["https:\/\/grotta.is\/handknattleiksdeild\/frabaer-arangur-hja-8-fl-karla-i-handbolta\/"]}]},{"@type":"ImageObject","inLanguage":"en-US","@id":"https:\/\/grotta.is\/handknattleiksdeild\/frabaer-arangur-hja-8-fl-karla-i-handbolta\/#primaryimage","url":"https:\/\/grotta.is\/wp-content\/uploads\/2021\/02\/grotta_handbolti_8fl_6.jpg","contentUrl":"https:\/\/grotta.is\/wp-content\/uploads\/2021\/02\/grotta_handbolti_8fl_6.jpg","width":753,"height":541},{"@type":"BreadcrumbList","@id":"https:\/\/grotta.is\/handknattleiksdeild\/frabaer-arangur-hja-8-fl-karla-i-handbolta\/#breadcrumb","itemListElement":[{"@type":"ListItem","position":1,"name":"Home","item":"https:\/\/grotta.is\/"},{"@type":"ListItem","position":2,"name":"Fr\u00e1b\u00e6r \u00e1rangur hj\u00e1 8.fl karla \u00ed handbolta"}]},{"@type":"WebSite","@id":"https:\/\/grotta.is\/#website","url":"https:\/\/grotta.is\/","name":"\u00cd\u00fer\u00f3ttaf\u00e9lagi\u00f0 Gr\u00f3tta","description":"\u00e1 Seltjarnarnesi","publisher":{"@id":"https:\/\/grotta.is\/#organization"},"potentialAction":[{"@type":"SearchAction","target":{"@type":"EntryPoint","urlTemplate":"https:\/\/grotta.is\/?s={search_term_string}"},"query-input":{"@type":"PropertyValueSpecification","valueRequired":true,"valueName":"search_term_string"}}],"inLanguage":"en-US"},{"@type":"Organization","@id":"https:\/\/grotta.is\/#organization","name":"\u00cd\u00fer\u00f3ttaf\u00e9lagi\u00f0 Gr\u00f3tta","url":"https:\/\/grotta.is\/","logo":{"@type":"ImageObject","inLanguage":"en-US","@id":"https:\/\/grotta.is\/#\/schema\/logo\/image\/","url":"https:\/\/grotta.is\/wp-content\/uploads\/2020\/02\/ithrottafelagidgrotta_logo_512x512_transparent.png","contentUrl":"https:\/\/grotta.is\/wp-content\/uploads\/2020\/02\/ithrottafelagidgrotta_logo_512x512_transparent.png","width":512,"height":512,"caption":"\u00cd\u00fer\u00f3ttaf\u00e9lagi\u00f0 Gr\u00f3tta"},"image":{"@id":"https:\/\/grotta.is\/#\/schema\/logo\/image\/"},"sameAs":["https:\/\/www.facebook.com\/grottasport"]},{"@type":"Person","@id":"https:\/\/grotta.is\/#\/schema\/person\/08ec57bf09ee925f1b6a01540c14a5ce","name":"Grotta","url":"https:\/\/grotta.is\/en\/author\/inga\/"}]}},"_links":{"self":[{"href":"https:\/\/grotta.is\/en\/wp-json\/wp\/v2\/posts\/313087","targetHints":{"allow":["GET"]}}],"collection":[{"href":"https:\/\/grotta.is\/en\/wp-json\/wp\/v2\/posts"}],"about":[{"href":"https:\/\/grotta.is\/en\/wp-json\/wp\/v2\/types\/post"}],"author":[{"embeddable":true,"href":"https:\/\/grotta.is\/en\/wp-json\/wp\/v2\/users\/2"}],"replies":[{"embeddable":true,"href":"https:\/\/grotta.is\/en\/wp-json\/wp\/v2\/comments?post=313087"}],"version-history":[{"count":2,"href":"https:\/\/grotta.is\/en\/wp-json\/wp\/v2\/posts\/313087\/revisions"}],"predecessor-version":[{"id":313101,"href":"https:\/\/grotta.is\/en\/wp-json\/wp\/v2\/posts\/313087\/revisions\/313101"}],"wp:featuredmedia":[{"embeddable":true,"href":"https:\/\/grotta.is\/en\/wp-json\/wp\/v2\/media\/313100"}],"wp:attachment":[{"href":"https:\/\/grotta.is\/en\/wp-json\/wp\/v2\/media?parent=313087"}],"wp:term":[{"taxonomy":"category","embeddable":true,"href":"https:\/\/grotta.is\/en\/wp-json\/wp\/v2\/categories?post=313087"},{"taxonomy":"post_tag","embeddable":true,"href":"https:\/\/grotta.is\/en\/wp-json\/wp\/v2\/tags?post=313087"}],"curies":[{"name":"wp","href":"https:\/\/api.w.org\/{rel}","templated":true}]}}