{"id":3130,"date":"2020-04-30T15:09:16","date_gmt":"2020-04-30T15:09:16","guid":{"rendered":"https:\/\/grotta.is\/?p=3130"},"modified":"2020-04-30T15:09:17","modified_gmt":"2020-04-30T15:09:17","slug":"nyir-leikmenn-koma-og-alli-framlengir","status":"publish","type":"post","link":"https:\/\/grotta.is\/en\/handknattleiksdeild\/nyir-leikmenn-koma-og-alli-framlengir\/","title":{"rendered":"N\u00fdir leikmenn koma og Alli framlengir"},"content":{"rendered":"<p>Tveir n\u00fdjir leikmenn, \u00feeir L\u00fa\u00f0v\u00edk Thorberg og \u00d3lafur Brim skrifu\u00f0u \u00ed dag undir samninga vi\u00f0 handknattleiksdeild Gr\u00f3ttu og auk \u00feess framlengdi hornama\u00f0urinn Alexander J\u00f3n samning sinn vi\u00f0 f\u00e9lagi\u00f0.<\/p><p>L\u00fa\u00f0v\u00edk sem er f\u00e6ddur \u00e1ri\u00f0 1997 kemur til Gr\u00f3ttu fr\u00e1 Fram \u00fear sem hann er uppalinn. L\u00fa\u00f0v\u00edk, e\u00f0a L\u00falli eins og hann er kalla\u00f0ur l\u00e9k me\u00f0 Fram \u00ed Ol\u00eds-deildinni \u00e1 s\u00ed\u00f0sta t\u00edmabili og spilar sem skytta. Hann \u00e1 \u00fer\u00e1tt fyrir ungan aldur 2 t\u00edmabil a\u00f0 baki \u00ed Ol\u00eds-deildinni og kemur til me\u00f0 a\u00f0 styrkja okkar li\u00f0 fyrir bar\u00e1ttuna \u00ed vetur.<\/p><p>\u00d3lafur Brim er f\u00e6ddur \u00e1ri\u00f0 2000 og kemur til Gr\u00f3ttu fr\u00e1 Val \u00e1 l\u00e1ni. \u00d3lafur \u00e1 a\u00f0 baki leiki fyrir \u00f6ll yngri landsli\u00f0 \u00cdslands og er h\u00e1vaxinn og \u00f6flugur leikma\u00f0ur og kemur til me\u00f0 a\u00f0 styrkja li\u00f0i\u00f0 b\u00e6\u00f0i varnar og s\u00f3knarlega.<\/p><p>Loks framlengdi vinstri hornama\u00f0urinn Alexander J\u00f3n M\u00e1sson samning sinn vi\u00f0 f\u00e9lagi\u00f0 til 1.\u00e1rs og spilar \u00fev\u00ed \u00e1fram me\u00f0 li\u00f0inu \u00ed Ol\u00eds-deildinni. Alexander fer \u00fev\u00ed inn \u00ed sitt 3ja t\u00edmabil me\u00f0 Gr\u00f3ttu og er \u00fea\u00f0 okkur mikil \u00e1n\u00e6gja a\u00f0 hann hafi framlengt samning sinn vi\u00f0 f\u00e9lagi\u00f0.<\/p><p>Str\u00e1karnir undirritu\u00f0u samninga s\u00edna fyrir utan Orku-st\u00f6\u00f0una \u00e1 Austurstr\u00f6nd og stilltu s\u00e9r upp fyrir myndat\u00f6ku \u00fear en Orkan er einn af a\u00f0alstyrktara\u00f0ilum handknattleiksdeildarinnar og hvetur handknattleiksdeildin alla Seltirninga og Gr\u00f3ttu-f\u00f3lk til a\u00f0 versla sitt bens\u00edn hj\u00e1 Orkunni. Orkan og handknattleiksdeildin munu standa fyrir fj\u00f6ruhreinsun \u00e1 Seltjarnarnesi \u00ed ma\u00ed m\u00e1nu\u00f0i og ver\u00f0ur \u00fea\u00f0 n\u00e1nar augl\u00fdst s\u00ed\u00f0ar!<\/p><p>Vi\u00f0 bj\u00f3\u00f0um \u00feessa \u00f6flugu drengi velkomna \u00ed f\u00e9lagi\u00f0 og \u00f3skum einnig Alexander til hamingju me\u00f0 framlenginguna \u00e1 s\u00ednum samning og hl\u00f6kkum til a\u00f0 fylgjast me\u00f0 \u00feeim \u00e1 komandi t\u00edmabili!<\/p>","protected":false},"excerpt":{"rendered":"<p>Tveir n\u00fdjir leikmenn, \u00feeir L\u00fa\u00f0v\u00edk Thorberg og \u00d3lafur Brim skrifu\u00f0u \u00ed dag undir samninga vi\u00f0 handknattleiksdeild Gr\u00f3ttu og auk \u00feess framlengdi hornama\u00f0urinn Alexander J\u00f3n samning sinn vi\u00f0 f\u00e9lagi\u00f0.<\/p>","protected":false},"author":2,"featured_media":3132,"comment_status":"closed","ping_status":"closed","sticky":false,"template":"","format":"standard","meta":{"footnotes":""},"categories":[12],"tags":[13,17,20],"class_list":["post-3130","post","type-post","status-publish","format-standard","has-post-thumbnail","hentry","category-handknattleiksdeild","tag-handbolti","tag-leikmenn","tag-mfl-kk"],"yoast_head":"<!-- This site is optimized with the Yoast SEO plugin v24.3 - https:\/\/yoast.com\/wordpress\/plugins\/seo\/ -->\n<title>N\u00fdir leikmenn koma og Alli framlengir - \u00cd\u00fer\u00f3ttaf\u00e9lagi\u00f0 Gr\u00f3tta<\/title>\n<meta name=\"robots\" content=\"index, follow, max-snippet:-1, max-image-preview:large, max-video-preview:-1\" \/>\n<link rel=\"canonical\" href=\"https:\/\/grotta.is\/en\/handknattleiksdeild\/nyir-leikmenn-koma-og-alli-framlengir\/\" \/>\n<meta property=\"og:locale\" content=\"en_US\" \/>\n<meta property=\"og:type\" content=\"article\" \/>\n<meta property=\"og:title\" content=\"N\u00fdir leikmenn koma og Alli framlengir - \u00cd\u00fer\u00f3ttaf\u00e9lagi\u00f0 Gr\u00f3tta\" \/>\n<meta property=\"og:description\" content=\"Tveir n\u00fdjir leikmenn, \u00feeir L\u00fa\u00f0v\u00edk Thorberg og \u00d3lafur Brim skrifu\u00f0u \u00ed dag undir samninga vi\u00f0 handknattleiksdeild Gr\u00f3ttu og auk \u00feess framlengdi hornama\u00f0urinn Alexander J\u00f3n samning sinn vi\u00f0 f\u00e9lagi\u00f0.\" \/>\n<meta property=\"og:url\" content=\"https:\/\/grotta.is\/en\/handknattleiksdeild\/nyir-leikmenn-koma-og-alli-framlengir\/\" \/>\n<meta property=\"og:site_name\" content=\"\u00cd\u00fer\u00f3ttaf\u00e9lagi\u00f0 Gr\u00f3tta\" \/>\n<meta property=\"article:publisher\" content=\"https:\/\/www.facebook.com\/grottasport\" \/>\n<meta property=\"article:published_time\" content=\"2020-04-30T15:09:16+00:00\" \/>\n<meta property=\"article:modified_time\" content=\"2020-04-30T15:09:17+00:00\" \/>\n<meta property=\"og:image\" content=\"https:\/\/grotta.is\/wp-content\/uploads\/2020\/04\/Grotta_Handbolti_mfl_kk_19.jpg\" \/>\n\t<meta property=\"og:image:width\" content=\"828\" \/>\n\t<meta property=\"og:image:height\" content=\"621\" \/>\n\t<meta property=\"og:image:type\" content=\"image\/jpeg\" \/>\n<meta name=\"author\" content=\"Grotta\" \/>\n<meta name=\"twitter:card\" content=\"summary_large_image\" \/>\n<meta name=\"twitter:label1\" content=\"Written by\" \/>\n\t<meta name=\"twitter:data1\" content=\"Grotta\" \/>\n\t<meta name=\"twitter:label2\" content=\"Est. reading time\" \/>\n\t<meta name=\"twitter:data2\" content=\"2 minutes\" \/>\n<script type=\"application\/ld+json\" class=\"yoast-schema-graph\">{\"@context\":\"https:\/\/schema.org\",\"@graph\":[{\"@type\":\"Article\",\"@id\":\"https:\/\/grotta.is\/handknattleiksdeild\/nyir-leikmenn-koma-og-alli-framlengir\/#article\",\"isPartOf\":{\"@id\":\"https:\/\/grotta.is\/handknattleiksdeild\/nyir-leikmenn-koma-og-alli-framlengir\/\"},\"author\":{\"name\":\"Grotta\",\"@id\":\"https:\/\/grotta.is\/#\/schema\/person\/08ec57bf09ee925f1b6a01540c14a5ce\"},\"headline\":\"N\u00fdir leikmenn koma og Alli framlengir\",\"datePublished\":\"2020-04-30T15:09:16+00:00\",\"dateModified\":\"2020-04-30T15:09:17+00:00\",\"mainEntityOfPage\":{\"@id\":\"https:\/\/grotta.is\/handknattleiksdeild\/nyir-leikmenn-koma-og-alli-framlengir\/\"},\"wordCount\":313,\"publisher\":{\"@id\":\"https:\/\/grotta.is\/#organization\"},\"image\":{\"@id\":\"https:\/\/grotta.is\/handknattleiksdeild\/nyir-leikmenn-koma-og-alli-framlengir\/#primaryimage\"},\"thumbnailUrl\":\"https:\/\/grotta.is\/wp-content\/uploads\/2020\/04\/Grotta_Handbolti_mfl_kk_19.jpg\",\"keywords\":[\"Handbolti\",\"Leikmenn\",\"Mfl.kk\"],\"articleSection\":[\"Handknattleiksdeild\"],\"inLanguage\":\"en-US\"},{\"@type\":\"WebPage\",\"@id\":\"https:\/\/grotta.is\/handknattleiksdeild\/nyir-leikmenn-koma-og-alli-framlengir\/\",\"url\":\"https:\/\/grotta.is\/handknattleiksdeild\/nyir-leikmenn-koma-og-alli-framlengir\/\",\"name\":\"N\u00fdir leikmenn koma og Alli framlengir - \u00cd\u00fer\u00f3ttaf\u00e9lagi\u00f0 Gr\u00f3tta\",\"isPartOf\":{\"@id\":\"https:\/\/grotta.is\/#website\"},\"primaryImageOfPage\":{\"@id\":\"https:\/\/grotta.is\/handknattleiksdeild\/nyir-leikmenn-koma-og-alli-framlengir\/#primaryimage\"},\"image\":{\"@id\":\"https:\/\/grotta.is\/handknattleiksdeild\/nyir-leikmenn-koma-og-alli-framlengir\/#primaryimage\"},\"thumbnailUrl\":\"https:\/\/grotta.is\/wp-content\/uploads\/2020\/04\/Grotta_Handbolti_mfl_kk_19.jpg\",\"datePublished\":\"2020-04-30T15:09:16+00:00\",\"dateModified\":\"2020-04-30T15:09:17+00:00\",\"breadcrumb\":{\"@id\":\"https:\/\/grotta.is\/handknattleiksdeild\/nyir-leikmenn-koma-og-alli-framlengir\/#breadcrumb\"},\"inLanguage\":\"en-US\",\"potentialAction\":[{\"@type\":\"ReadAction\",\"target\":[\"https:\/\/grotta.is\/handknattleiksdeild\/nyir-leikmenn-koma-og-alli-framlengir\/\"]}]},{\"@type\":\"ImageObject\",\"inLanguage\":\"en-US\",\"@id\":\"https:\/\/grotta.is\/handknattleiksdeild\/nyir-leikmenn-koma-og-alli-framlengir\/#primaryimage\",\"url\":\"https:\/\/grotta.is\/wp-content\/uploads\/2020\/04\/Grotta_Handbolti_mfl_kk_19.jpg\",\"contentUrl\":\"https:\/\/grotta.is\/wp-content\/uploads\/2020\/04\/Grotta_Handbolti_mfl_kk_19.jpg\",\"width\":828,\"height\":621},{\"@type\":\"BreadcrumbList\",\"@id\":\"https:\/\/grotta.is\/handknattleiksdeild\/nyir-leikmenn-koma-og-alli-framlengir\/#breadcrumb\",\"itemListElement\":[{\"@type\":\"ListItem\",\"position\":1,\"name\":\"Home\",\"item\":\"https:\/\/grotta.is\/\"},{\"@type\":\"ListItem\",\"position\":2,\"name\":\"N\u00fdir leikmenn koma og Alli framlengir\"}]},{\"@type\":\"WebSite\",\"@id\":\"https:\/\/grotta.is\/#website\",\"url\":\"https:\/\/grotta.is\/\",\"name\":\"\u00cd\u00fer\u00f3ttaf\u00e9lagi\u00f0 Gr\u00f3tta\",\"description\":\"\u00e1 Seltjarnarnesi\",\"publisher\":{\"@id\":\"https:\/\/grotta.is\/#organization\"},\"potentialAction\":[{\"@type\":\"SearchAction\",\"target\":{\"@type\":\"EntryPoint\",\"urlTemplate\":\"https:\/\/grotta.is\/?s={search_term_string}\"},\"query-input\":{\"@type\":\"PropertyValueSpecification\",\"valueRequired\":true,\"valueName\":\"search_term_string\"}}],\"inLanguage\":\"en-US\"},{\"@type\":\"Organization\",\"@id\":\"https:\/\/grotta.is\/#organization\",\"name\":\"\u00cd\u00fer\u00f3ttaf\u00e9lagi\u00f0 Gr\u00f3tta\",\"url\":\"https:\/\/grotta.is\/\",\"logo\":{\"@type\":\"ImageObject\",\"inLanguage\":\"en-US\",\"@id\":\"https:\/\/grotta.is\/#\/schema\/logo\/image\/\",\"url\":\"https:\/\/grotta.is\/wp-content\/uploads\/2020\/02\/ithrottafelagidgrotta_logo_512x512_transparent.png\",\"contentUrl\":\"https:\/\/grotta.is\/wp-content\/uploads\/2020\/02\/ithrottafelagidgrotta_logo_512x512_transparent.png\",\"width\":512,\"height\":512,\"caption\":\"\u00cd\u00fer\u00f3ttaf\u00e9lagi\u00f0 Gr\u00f3tta\"},\"image\":{\"@id\":\"https:\/\/grotta.is\/#\/schema\/logo\/image\/\"},\"sameAs\":[\"https:\/\/www.facebook.com\/grottasport\"]},{\"@type\":\"Person\",\"@id\":\"https:\/\/grotta.is\/#\/schema\/person\/08ec57bf09ee925f1b6a01540c14a5ce\",\"name\":\"Grotta\",\"url\":\"https:\/\/grotta.is\/en\/author\/inga\/\"}]}<\/script>\n<!-- \/ Yoast SEO plugin. -->","yoast_head_json":{"title":"N\u00fdir leikmenn koma og Alli framlengir - \u00cd\u00fer\u00f3ttaf\u00e9lagi\u00f0 Gr\u00f3tta","robots":{"index":"index","follow":"follow","max-snippet":"max-snippet:-1","max-image-preview":"max-image-preview:large","max-video-preview":"max-video-preview:-1"},"canonical":"https:\/\/grotta.is\/en\/handknattleiksdeild\/nyir-leikmenn-koma-og-alli-framlengir\/","og_locale":"en_US","og_type":"article","og_title":"N\u00fdir leikmenn koma og Alli framlengir - \u00cd\u00fer\u00f3ttaf\u00e9lagi\u00f0 Gr\u00f3tta","og_description":"Tveir n\u00fdjir leikmenn, \u00feeir L\u00fa\u00f0v\u00edk Thorberg og \u00d3lafur Brim skrifu\u00f0u \u00ed dag undir samninga vi\u00f0 handknattleiksdeild Gr\u00f3ttu og auk \u00feess framlengdi hornama\u00f0urinn Alexander J\u00f3n samning sinn vi\u00f0 f\u00e9lagi\u00f0.","og_url":"https:\/\/grotta.is\/en\/handknattleiksdeild\/nyir-leikmenn-koma-og-alli-framlengir\/","og_site_name":"\u00cd\u00fer\u00f3ttaf\u00e9lagi\u00f0 Gr\u00f3tta","article_publisher":"https:\/\/www.facebook.com\/grottasport","article_published_time":"2020-04-30T15:09:16+00:00","article_modified_time":"2020-04-30T15:09:17+00:00","og_image":[{"width":828,"height":621,"url":"https:\/\/grotta.is\/wp-content\/uploads\/2020\/04\/Grotta_Handbolti_mfl_kk_19.jpg","type":"image\/jpeg"}],"author":"Grotta","twitter_card":"summary_large_image","twitter_misc":{"Written by":"Grotta","Est. reading time":"2 minutes"},"schema":{"@context":"https:\/\/schema.org","@graph":[{"@type":"Article","@id":"https:\/\/grotta.is\/handknattleiksdeild\/nyir-leikmenn-koma-og-alli-framlengir\/#article","isPartOf":{"@id":"https:\/\/grotta.is\/handknattleiksdeild\/nyir-leikmenn-koma-og-alli-framlengir\/"},"author":{"name":"Grotta","@id":"https:\/\/grotta.is\/#\/schema\/person\/08ec57bf09ee925f1b6a01540c14a5ce"},"headline":"N\u00fdir leikmenn koma og Alli framlengir","datePublished":"2020-04-30T15:09:16+00:00","dateModified":"2020-04-30T15:09:17+00:00","mainEntityOfPage":{"@id":"https:\/\/grotta.is\/handknattleiksdeild\/nyir-leikmenn-koma-og-alli-framlengir\/"},"wordCount":313,"publisher":{"@id":"https:\/\/grotta.is\/#organization"},"image":{"@id":"https:\/\/grotta.is\/handknattleiksdeild\/nyir-leikmenn-koma-og-alli-framlengir\/#primaryimage"},"thumbnailUrl":"https:\/\/grotta.is\/wp-content\/uploads\/2020\/04\/Grotta_Handbolti_mfl_kk_19.jpg","keywords":["Handbolti","Leikmenn","Mfl.kk"],"articleSection":["Handknattleiksdeild"],"inLanguage":"en-US"},{"@type":"WebPage","@id":"https:\/\/grotta.is\/handknattleiksdeild\/nyir-leikmenn-koma-og-alli-framlengir\/","url":"https:\/\/grotta.is\/handknattleiksdeild\/nyir-leikmenn-koma-og-alli-framlengir\/","name":"N\u00fdir leikmenn koma og Alli framlengir - \u00cd\u00fer\u00f3ttaf\u00e9lagi\u00f0 Gr\u00f3tta","isPartOf":{"@id":"https:\/\/grotta.is\/#website"},"primaryImageOfPage":{"@id":"https:\/\/grotta.is\/handknattleiksdeild\/nyir-leikmenn-koma-og-alli-framlengir\/#primaryimage"},"image":{"@id":"https:\/\/grotta.is\/handknattleiksdeild\/nyir-leikmenn-koma-og-alli-framlengir\/#primaryimage"},"thumbnailUrl":"https:\/\/grotta.is\/wp-content\/uploads\/2020\/04\/Grotta_Handbolti_mfl_kk_19.jpg","datePublished":"2020-04-30T15:09:16+00:00","dateModified":"2020-04-30T15:09:17+00:00","breadcrumb":{"@id":"https:\/\/grotta.is\/handknattleiksdeild\/nyir-leikmenn-koma-og-alli-framlengir\/#breadcrumb"},"inLanguage":"en-US","potentialAction":[{"@type":"ReadAction","target":["https:\/\/grotta.is\/handknattleiksdeild\/nyir-leikmenn-koma-og-alli-framlengir\/"]}]},{"@type":"ImageObject","inLanguage":"en-US","@id":"https:\/\/grotta.is\/handknattleiksdeild\/nyir-leikmenn-koma-og-alli-framlengir\/#primaryimage","url":"https:\/\/grotta.is\/wp-content\/uploads\/2020\/04\/Grotta_Handbolti_mfl_kk_19.jpg","contentUrl":"https:\/\/grotta.is\/wp-content\/uploads\/2020\/04\/Grotta_Handbolti_mfl_kk_19.jpg","width":828,"height":621},{"@type":"BreadcrumbList","@id":"https:\/\/grotta.is\/handknattleiksdeild\/nyir-leikmenn-koma-og-alli-framlengir\/#breadcrumb","itemListElement":[{"@type":"ListItem","position":1,"name":"Home","item":"https:\/\/grotta.is\/"},{"@type":"ListItem","position":2,"name":"N\u00fdir leikmenn koma og Alli framlengir"}]},{"@type":"WebSite","@id":"https:\/\/grotta.is\/#website","url":"https:\/\/grotta.is\/","name":"\u00cd\u00fer\u00f3ttaf\u00e9lagi\u00f0 Gr\u00f3tta","description":"\u00e1 Seltjarnarnesi","publisher":{"@id":"https:\/\/grotta.is\/#organization"},"potentialAction":[{"@type":"SearchAction","target":{"@type":"EntryPoint","urlTemplate":"https:\/\/grotta.is\/?s={search_term_string}"},"query-input":{"@type":"PropertyValueSpecification","valueRequired":true,"valueName":"search_term_string"}}],"inLanguage":"en-US"},{"@type":"Organization","@id":"https:\/\/grotta.is\/#organization","name":"\u00cd\u00fer\u00f3ttaf\u00e9lagi\u00f0 Gr\u00f3tta","url":"https:\/\/grotta.is\/","logo":{"@type":"ImageObject","inLanguage":"en-US","@id":"https:\/\/grotta.is\/#\/schema\/logo\/image\/","url":"https:\/\/grotta.is\/wp-content\/uploads\/2020\/02\/ithrottafelagidgrotta_logo_512x512_transparent.png","contentUrl":"https:\/\/grotta.is\/wp-content\/uploads\/2020\/02\/ithrottafelagidgrotta_logo_512x512_transparent.png","width":512,"height":512,"caption":"\u00cd\u00fer\u00f3ttaf\u00e9lagi\u00f0 Gr\u00f3tta"},"image":{"@id":"https:\/\/grotta.is\/#\/schema\/logo\/image\/"},"sameAs":["https:\/\/www.facebook.com\/grottasport"]},{"@type":"Person","@id":"https:\/\/grotta.is\/#\/schema\/person\/08ec57bf09ee925f1b6a01540c14a5ce","name":"Grotta","url":"https:\/\/grotta.is\/en\/author\/inga\/"}]}},"_links":{"self":[{"href":"https:\/\/grotta.is\/en\/wp-json\/wp\/v2\/posts\/3130","targetHints":{"allow":["GET"]}}],"collection":[{"href":"https:\/\/grotta.is\/en\/wp-json\/wp\/v2\/posts"}],"about":[{"href":"https:\/\/grotta.is\/en\/wp-json\/wp\/v2\/types\/post"}],"author":[{"embeddable":true,"href":"https:\/\/grotta.is\/en\/wp-json\/wp\/v2\/users\/2"}],"replies":[{"embeddable":true,"href":"https:\/\/grotta.is\/en\/wp-json\/wp\/v2\/comments?post=3130"}],"version-history":[{"count":2,"href":"https:\/\/grotta.is\/en\/wp-json\/wp\/v2\/posts\/3130\/revisions"}],"predecessor-version":[{"id":3133,"href":"https:\/\/grotta.is\/en\/wp-json\/wp\/v2\/posts\/3130\/revisions\/3133"}],"wp:featuredmedia":[{"embeddable":true,"href":"https:\/\/grotta.is\/en\/wp-json\/wp\/v2\/media\/3132"}],"wp:attachment":[{"href":"https:\/\/grotta.is\/en\/wp-json\/wp\/v2\/media?parent=3130"}],"wp:term":[{"taxonomy":"category","embeddable":true,"href":"https:\/\/grotta.is\/en\/wp-json\/wp\/v2\/categories?post=3130"},{"taxonomy":"post_tag","embeddable":true,"href":"https:\/\/grotta.is\/en\/wp-json\/wp\/v2\/tags?post=3130"}],"curies":[{"name":"wp","href":"https:\/\/api.w.org\/{rel}","templated":true}]}}