{"id":308,"date":"2019-11-05T18:34:00","date_gmt":"2019-11-05T18:34:00","guid":{"rendered":"https:\/\/grotta.is\/?p=308"},"modified":"2020-02-17T18:35:32","modified_gmt":"2020-02-17T18:35:32","slug":"orri-steinn-til-fck","status":"publish","type":"post","link":"https:\/\/grotta.is\/en\/knattspyrnudeild\/orri-steinn-til-fck\/","title":{"rendered":"Orri Steinn til FCK"},"content":{"rendered":"<p>Orri Steinn \u00d3skarsson og knattspyrnudeild Gr\u00f3ttu hafa gert samkomulag vi\u00f0 danska st\u00f3rli\u00f0i\u00f0 FC Kaupmannah\u00f6fn um a\u00f0 Orri Steinn gangi til li\u00f0s vi\u00f0 U17 \u00e1ra li\u00f0 f\u00e9lagsins sumari\u00f0 2020. <\/p><p>Orri ver\u00f0ur \u00fev\u00ed fyrsti leikma\u00f0ur Gr\u00f3ttu sem erlent atvinnumannali\u00f0 f\u00e6r til s\u00edn fr\u00e1 f\u00e9laginu. \u00deetta er mikill \u00e1fangi fyrir \u00feennan efnilega leikmann og ekki s\u00ed\u00f0ur t\u00edmam\u00f3t fyrir knattspyrnudeild Gr\u00f3ttu. <\/p><p>Orri Steinn er f\u00e6ddur og uppalinn \u00e1 Seltjarnarnesi og byrja\u00f0i a\u00f0 \u00e6fa f\u00f3tbolta hj\u00e1 Gr\u00f3ttu 6 \u00e1ra gamall. Hann hefur veri\u00f0 undir handlei\u00f0slu margra \u00fej\u00e1lfara hj\u00e1 Gr\u00f3ttu en helst ber \u00fe\u00f3 a\u00f0 nefna \u00d3skar Hrafn \u00deorvaldsson, f\u00f6\u00f0ur Orra, sem h\u00f3f st\u00f6rf hj\u00e1 Gr\u00f3ttu hausti\u00f0 2015. \u00d3skar \u00fej\u00e1lfa\u00f0i Orra Stein \u00ed 4. og 3. flokki, og s\u00ed\u00f0ar \u00ed meistaraflokki, en \u00ed fyrra st\u00fdr\u00f0i \u00d3skar 3. flokki Gr\u00f3ttu \u00ed undan\u00farslit \u00cdslandsm\u00f3tsins \u00fear sem Orri var lykilma\u00f0ur.<\/p><p>\u00cd fyrra var\u00f0 Orri yngsti leikma\u00f0urinn til a\u00f0 spila me\u00f0 meistaraflokki Gr\u00f3ttu \u00feegar hann kom inn \u00e1 \u00ed 2. deildinni \u00e1 m\u00f3ti Hetti og ger\u00f0i s\u00e9r l\u00edti\u00f0 fyrir og skora\u00f0i tv\u00f6 m\u00f6rk. Orri var \u00fe\u00e1 13 \u00e1ra og 354 daga gamall en meti\u00f0 \u00e1tti Da\u00f0i M\u00e1r J\u00f3hannsson sem var 14 \u00e1ra og 330 daga gamall \u00feegar hann l\u00e9k me\u00f0 meistaraflokki. <\/p><p>Fr\u00e1 leiknum eftirminnilega vi\u00f0 H\u00f6tt hefur Orri spila\u00f0 17 leiki me\u00f0 meistaraflokki og skora\u00f0 \u00ed \u00feeim fj\u00f6gur m\u00f6rk. Hann skora\u00f0i einmitt fyrsta mark Gr\u00f3ttu \u00ed 4-0 sigrinum \u00e1 Haukum \u00ed lokaleik sumarsins 2019 \u00feegar Gr\u00f3tta trygg\u00f0i s\u00e9r sigur \u00ed Inkasso-deildinni. Orri t\u00f3k \u00fe\u00e1tt \u00ed meira en helmingi leikjanna \u00ed Inkasso-\u00e6vint\u00fdrinu \u00ed sumar en \u00d3skar Hrafn \u00fej\u00e1lfa\u00f0i li\u00f0i\u00f0 \u00e1samt Halld\u00f3ri \u00c1rnasyni.<\/p><p>Orri Steinn hefur l\u00e1ti\u00f0 a\u00f0 s\u00e9r kve\u00f0a \u00ed yngri landsli\u00f0um \u00cdslands s\u00ed\u00f0ustu tv\u00f6 \u00e1r og hefur n\u00fa leiki\u00f0 13 landsleiki og skora\u00f0 \u00ed \u00feeim 16 m\u00f6rk! Orri er n\u00fdkominn heim \u00far fer\u00f0 me\u00f0 U17 \u00e1ra landsli\u00f0inu en vi\u00f0tal vi\u00f0 hann og Gr\u00edm Inga Jakobsson m\u00e1 lesa h\u00e9r: https:\/\/www.grottasport.is\/2019\/10\/31\/grimur-og-orri-vid-erum-allir-i-thessu-saman\/<\/p><p>Gr\u00f3tta \u00f3skar Orra Steini, fj\u00f6lskyldu hans og samfer\u00f0af\u00f3lki innilega til hamingju me\u00f0 \u00e1fangann og hlakkar til a\u00f0 fylgjast me\u00f0 \u00e6vint\u00fdrum hans \u00e1 komandi misserum. <\/p>","protected":false},"excerpt":{"rendered":"<p>Orri Steinn \u00d3skarsson og knattspyrnudeild Gr\u00f3ttu hafa gert samkomulag vi\u00f0 danska st\u00f3rli\u00f0i\u00f0 FC Kaupmannah\u00f6fn um a\u00f0 Orri Steinn gangi til li\u00f0s vi\u00f0 U17 \u00e1ra li\u00f0 f\u00e9lagsins sumari\u00f0 2020. Orri ver\u00f0ur [&hellip;]<\/p>","protected":false},"author":2,"featured_media":309,"comment_status":"closed","ping_status":"closed","sticky":false,"template":"","format":"standard","meta":{"footnotes":""},"categories":[7],"tags":[6,20],"class_list":["post-308","post","type-post","status-publish","format-standard","has-post-thumbnail","hentry","category-knattspyrnudeild","tag-knattspyrna","tag-mfl-kk"],"yoast_head":"<!-- This site is optimized with the Yoast SEO plugin v24.3 - https:\/\/yoast.com\/wordpress\/plugins\/seo\/ -->\n<title>Orri Steinn til FCK - \u00cd\u00fer\u00f3ttaf\u00e9lagi\u00f0 Gr\u00f3tta<\/title>\n<meta name=\"robots\" content=\"index, follow, max-snippet:-1, max-image-preview:large, max-video-preview:-1\" \/>\n<link rel=\"canonical\" href=\"https:\/\/grotta.is\/en\/knattspyrnudeild\/orri-steinn-til-fck\/\" \/>\n<meta property=\"og:locale\" content=\"en_US\" \/>\n<meta property=\"og:type\" content=\"article\" \/>\n<meta property=\"og:title\" content=\"Orri Steinn til FCK - \u00cd\u00fer\u00f3ttaf\u00e9lagi\u00f0 Gr\u00f3tta\" \/>\n<meta property=\"og:description\" content=\"Orri Steinn \u00d3skarsson og knattspyrnudeild Gr\u00f3ttu hafa gert samkomulag vi\u00f0 danska st\u00f3rli\u00f0i\u00f0 FC Kaupmannah\u00f6fn um a\u00f0 Orri Steinn gangi til li\u00f0s vi\u00f0 U17 \u00e1ra li\u00f0 f\u00e9lagsins sumari\u00f0 2020. Orri ver\u00f0ur [&hellip;]\" \/>\n<meta property=\"og:url\" content=\"https:\/\/grotta.is\/en\/knattspyrnudeild\/orri-steinn-til-fck\/\" \/>\n<meta property=\"og:site_name\" content=\"\u00cd\u00fer\u00f3ttaf\u00e9lagi\u00f0 Gr\u00f3tta\" \/>\n<meta property=\"article:publisher\" content=\"https:\/\/www.facebook.com\/grottasport\" \/>\n<meta property=\"article:published_time\" content=\"2019-11-05T18:34:00+00:00\" \/>\n<meta property=\"article:modified_time\" content=\"2020-02-17T18:35:32+00:00\" \/>\n<meta property=\"og:image\" content=\"https:\/\/grotta.is\/wp-content\/uploads\/2020\/02\/Knattspyrnudeild_grotta_Frettir_leikmenn_17.jpg\" \/>\n\t<meta property=\"og:image:width\" content=\"1024\" \/>\n\t<meta property=\"og:image:height\" content=\"574\" \/>\n\t<meta property=\"og:image:type\" content=\"image\/jpeg\" \/>\n<meta name=\"author\" content=\"Grotta\" \/>\n<meta name=\"twitter:card\" content=\"summary_large_image\" \/>\n<meta name=\"twitter:label1\" content=\"Written by\" \/>\n\t<meta name=\"twitter:data1\" content=\"Grotta\" \/>\n\t<meta name=\"twitter:label2\" content=\"Est. reading time\" \/>\n\t<meta name=\"twitter:data2\" content=\"2 minutes\" \/>\n<script type=\"application\/ld+json\" class=\"yoast-schema-graph\">{\"@context\":\"https:\/\/schema.org\",\"@graph\":[{\"@type\":\"Article\",\"@id\":\"https:\/\/grotta.is\/knattspyrnudeild\/orri-steinn-til-fck\/#article\",\"isPartOf\":{\"@id\":\"https:\/\/grotta.is\/knattspyrnudeild\/orri-steinn-til-fck\/\"},\"author\":{\"name\":\"Grotta\",\"@id\":\"https:\/\/grotta.is\/#\/schema\/person\/08ec57bf09ee925f1b6a01540c14a5ce\"},\"headline\":\"Orri Steinn til FCK\",\"datePublished\":\"2019-11-05T18:34:00+00:00\",\"dateModified\":\"2020-02-17T18:35:32+00:00\",\"mainEntityOfPage\":{\"@id\":\"https:\/\/grotta.is\/knattspyrnudeild\/orri-steinn-til-fck\/\"},\"wordCount\":373,\"publisher\":{\"@id\":\"https:\/\/grotta.is\/#organization\"},\"image\":{\"@id\":\"https:\/\/grotta.is\/knattspyrnudeild\/orri-steinn-til-fck\/#primaryimage\"},\"thumbnailUrl\":\"https:\/\/grotta.is\/wp-content\/uploads\/2020\/02\/Knattspyrnudeild_grotta_Frettir_leikmenn_17.jpg\",\"keywords\":[\"Knattspyrna\",\"Mfl.kk\"],\"articleSection\":[\"Knattspyrnudeild\"],\"inLanguage\":\"en-US\"},{\"@type\":\"WebPage\",\"@id\":\"https:\/\/grotta.is\/knattspyrnudeild\/orri-steinn-til-fck\/\",\"url\":\"https:\/\/grotta.is\/knattspyrnudeild\/orri-steinn-til-fck\/\",\"name\":\"Orri Steinn til FCK - \u00cd\u00fer\u00f3ttaf\u00e9lagi\u00f0 Gr\u00f3tta\",\"isPartOf\":{\"@id\":\"https:\/\/grotta.is\/#website\"},\"primaryImageOfPage\":{\"@id\":\"https:\/\/grotta.is\/knattspyrnudeild\/orri-steinn-til-fck\/#primaryimage\"},\"image\":{\"@id\":\"https:\/\/grotta.is\/knattspyrnudeild\/orri-steinn-til-fck\/#primaryimage\"},\"thumbnailUrl\":\"https:\/\/grotta.is\/wp-content\/uploads\/2020\/02\/Knattspyrnudeild_grotta_Frettir_leikmenn_17.jpg\",\"datePublished\":\"2019-11-05T18:34:00+00:00\",\"dateModified\":\"2020-02-17T18:35:32+00:00\",\"breadcrumb\":{\"@id\":\"https:\/\/grotta.is\/knattspyrnudeild\/orri-steinn-til-fck\/#breadcrumb\"},\"inLanguage\":\"en-US\",\"potentialAction\":[{\"@type\":\"ReadAction\",\"target\":[\"https:\/\/grotta.is\/knattspyrnudeild\/orri-steinn-til-fck\/\"]}]},{\"@type\":\"ImageObject\",\"inLanguage\":\"en-US\",\"@id\":\"https:\/\/grotta.is\/knattspyrnudeild\/orri-steinn-til-fck\/#primaryimage\",\"url\":\"https:\/\/grotta.is\/wp-content\/uploads\/2020\/02\/Knattspyrnudeild_grotta_Frettir_leikmenn_17.jpg\",\"contentUrl\":\"https:\/\/grotta.is\/wp-content\/uploads\/2020\/02\/Knattspyrnudeild_grotta_Frettir_leikmenn_17.jpg\",\"width\":1024,\"height\":574},{\"@type\":\"BreadcrumbList\",\"@id\":\"https:\/\/grotta.is\/knattspyrnudeild\/orri-steinn-til-fck\/#breadcrumb\",\"itemListElement\":[{\"@type\":\"ListItem\",\"position\":1,\"name\":\"Home\",\"item\":\"https:\/\/grotta.is\/\"},{\"@type\":\"ListItem\",\"position\":2,\"name\":\"Orri Steinn til FCK\"}]},{\"@type\":\"WebSite\",\"@id\":\"https:\/\/grotta.is\/#website\",\"url\":\"https:\/\/grotta.is\/\",\"name\":\"\u00cd\u00fer\u00f3ttaf\u00e9lagi\u00f0 Gr\u00f3tta\",\"description\":\"\u00e1 Seltjarnarnesi\",\"publisher\":{\"@id\":\"https:\/\/grotta.is\/#organization\"},\"potentialAction\":[{\"@type\":\"SearchAction\",\"target\":{\"@type\":\"EntryPoint\",\"urlTemplate\":\"https:\/\/grotta.is\/?s={search_term_string}\"},\"query-input\":{\"@type\":\"PropertyValueSpecification\",\"valueRequired\":true,\"valueName\":\"search_term_string\"}}],\"inLanguage\":\"en-US\"},{\"@type\":\"Organization\",\"@id\":\"https:\/\/grotta.is\/#organization\",\"name\":\"\u00cd\u00fer\u00f3ttaf\u00e9lagi\u00f0 Gr\u00f3tta\",\"url\":\"https:\/\/grotta.is\/\",\"logo\":{\"@type\":\"ImageObject\",\"inLanguage\":\"en-US\",\"@id\":\"https:\/\/grotta.is\/#\/schema\/logo\/image\/\",\"url\":\"https:\/\/grotta.is\/wp-content\/uploads\/2020\/02\/ithrottafelagidgrotta_logo_512x512_transparent.png\",\"contentUrl\":\"https:\/\/grotta.is\/wp-content\/uploads\/2020\/02\/ithrottafelagidgrotta_logo_512x512_transparent.png\",\"width\":512,\"height\":512,\"caption\":\"\u00cd\u00fer\u00f3ttaf\u00e9lagi\u00f0 Gr\u00f3tta\"},\"image\":{\"@id\":\"https:\/\/grotta.is\/#\/schema\/logo\/image\/\"},\"sameAs\":[\"https:\/\/www.facebook.com\/grottasport\"]},{\"@type\":\"Person\",\"@id\":\"https:\/\/grotta.is\/#\/schema\/person\/08ec57bf09ee925f1b6a01540c14a5ce\",\"name\":\"Grotta\",\"url\":\"https:\/\/grotta.is\/en\/author\/inga\/\"}]}<\/script>\n<!-- \/ Yoast SEO plugin. -->","yoast_head_json":{"title":"Orri Steinn til FCK - \u00cd\u00fer\u00f3ttaf\u00e9lagi\u00f0 Gr\u00f3tta","robots":{"index":"index","follow":"follow","max-snippet":"max-snippet:-1","max-image-preview":"max-image-preview:large","max-video-preview":"max-video-preview:-1"},"canonical":"https:\/\/grotta.is\/en\/knattspyrnudeild\/orri-steinn-til-fck\/","og_locale":"en_US","og_type":"article","og_title":"Orri Steinn til FCK - \u00cd\u00fer\u00f3ttaf\u00e9lagi\u00f0 Gr\u00f3tta","og_description":"Orri Steinn \u00d3skarsson og knattspyrnudeild Gr\u00f3ttu hafa gert samkomulag vi\u00f0 danska st\u00f3rli\u00f0i\u00f0 FC Kaupmannah\u00f6fn um a\u00f0 Orri Steinn gangi til li\u00f0s vi\u00f0 U17 \u00e1ra li\u00f0 f\u00e9lagsins sumari\u00f0 2020. Orri ver\u00f0ur [&hellip;]","og_url":"https:\/\/grotta.is\/en\/knattspyrnudeild\/orri-steinn-til-fck\/","og_site_name":"\u00cd\u00fer\u00f3ttaf\u00e9lagi\u00f0 Gr\u00f3tta","article_publisher":"https:\/\/www.facebook.com\/grottasport","article_published_time":"2019-11-05T18:34:00+00:00","article_modified_time":"2020-02-17T18:35:32+00:00","og_image":[{"width":1024,"height":574,"url":"https:\/\/grotta.is\/wp-content\/uploads\/2020\/02\/Knattspyrnudeild_grotta_Frettir_leikmenn_17.jpg","type":"image\/jpeg"}],"author":"Grotta","twitter_card":"summary_large_image","twitter_misc":{"Written by":"Grotta","Est. reading time":"2 minutes"},"schema":{"@context":"https:\/\/schema.org","@graph":[{"@type":"Article","@id":"https:\/\/grotta.is\/knattspyrnudeild\/orri-steinn-til-fck\/#article","isPartOf":{"@id":"https:\/\/grotta.is\/knattspyrnudeild\/orri-steinn-til-fck\/"},"author":{"name":"Grotta","@id":"https:\/\/grotta.is\/#\/schema\/person\/08ec57bf09ee925f1b6a01540c14a5ce"},"headline":"Orri Steinn til FCK","datePublished":"2019-11-05T18:34:00+00:00","dateModified":"2020-02-17T18:35:32+00:00","mainEntityOfPage":{"@id":"https:\/\/grotta.is\/knattspyrnudeild\/orri-steinn-til-fck\/"},"wordCount":373,"publisher":{"@id":"https:\/\/grotta.is\/#organization"},"image":{"@id":"https:\/\/grotta.is\/knattspyrnudeild\/orri-steinn-til-fck\/#primaryimage"},"thumbnailUrl":"https:\/\/grotta.is\/wp-content\/uploads\/2020\/02\/Knattspyrnudeild_grotta_Frettir_leikmenn_17.jpg","keywords":["Knattspyrna","Mfl.kk"],"articleSection":["Knattspyrnudeild"],"inLanguage":"en-US"},{"@type":"WebPage","@id":"https:\/\/grotta.is\/knattspyrnudeild\/orri-steinn-til-fck\/","url":"https:\/\/grotta.is\/knattspyrnudeild\/orri-steinn-til-fck\/","name":"Orri Steinn til FCK - \u00cd\u00fer\u00f3ttaf\u00e9lagi\u00f0 Gr\u00f3tta","isPartOf":{"@id":"https:\/\/grotta.is\/#website"},"primaryImageOfPage":{"@id":"https:\/\/grotta.is\/knattspyrnudeild\/orri-steinn-til-fck\/#primaryimage"},"image":{"@id":"https:\/\/grotta.is\/knattspyrnudeild\/orri-steinn-til-fck\/#primaryimage"},"thumbnailUrl":"https:\/\/grotta.is\/wp-content\/uploads\/2020\/02\/Knattspyrnudeild_grotta_Frettir_leikmenn_17.jpg","datePublished":"2019-11-05T18:34:00+00:00","dateModified":"2020-02-17T18:35:32+00:00","breadcrumb":{"@id":"https:\/\/grotta.is\/knattspyrnudeild\/orri-steinn-til-fck\/#breadcrumb"},"inLanguage":"en-US","potentialAction":[{"@type":"ReadAction","target":["https:\/\/grotta.is\/knattspyrnudeild\/orri-steinn-til-fck\/"]}]},{"@type":"ImageObject","inLanguage":"en-US","@id":"https:\/\/grotta.is\/knattspyrnudeild\/orri-steinn-til-fck\/#primaryimage","url":"https:\/\/grotta.is\/wp-content\/uploads\/2020\/02\/Knattspyrnudeild_grotta_Frettir_leikmenn_17.jpg","contentUrl":"https:\/\/grotta.is\/wp-content\/uploads\/2020\/02\/Knattspyrnudeild_grotta_Frettir_leikmenn_17.jpg","width":1024,"height":574},{"@type":"BreadcrumbList","@id":"https:\/\/grotta.is\/knattspyrnudeild\/orri-steinn-til-fck\/#breadcrumb","itemListElement":[{"@type":"ListItem","position":1,"name":"Home","item":"https:\/\/grotta.is\/"},{"@type":"ListItem","position":2,"name":"Orri Steinn til FCK"}]},{"@type":"WebSite","@id":"https:\/\/grotta.is\/#website","url":"https:\/\/grotta.is\/","name":"\u00cd\u00fer\u00f3ttaf\u00e9lagi\u00f0 Gr\u00f3tta","description":"\u00e1 Seltjarnarnesi","publisher":{"@id":"https:\/\/grotta.is\/#organization"},"potentialAction":[{"@type":"SearchAction","target":{"@type":"EntryPoint","urlTemplate":"https:\/\/grotta.is\/?s={search_term_string}"},"query-input":{"@type":"PropertyValueSpecification","valueRequired":true,"valueName":"search_term_string"}}],"inLanguage":"en-US"},{"@type":"Organization","@id":"https:\/\/grotta.is\/#organization","name":"\u00cd\u00fer\u00f3ttaf\u00e9lagi\u00f0 Gr\u00f3tta","url":"https:\/\/grotta.is\/","logo":{"@type":"ImageObject","inLanguage":"en-US","@id":"https:\/\/grotta.is\/#\/schema\/logo\/image\/","url":"https:\/\/grotta.is\/wp-content\/uploads\/2020\/02\/ithrottafelagidgrotta_logo_512x512_transparent.png","contentUrl":"https:\/\/grotta.is\/wp-content\/uploads\/2020\/02\/ithrottafelagidgrotta_logo_512x512_transparent.png","width":512,"height":512,"caption":"\u00cd\u00fer\u00f3ttaf\u00e9lagi\u00f0 Gr\u00f3tta"},"image":{"@id":"https:\/\/grotta.is\/#\/schema\/logo\/image\/"},"sameAs":["https:\/\/www.facebook.com\/grottasport"]},{"@type":"Person","@id":"https:\/\/grotta.is\/#\/schema\/person\/08ec57bf09ee925f1b6a01540c14a5ce","name":"Grotta","url":"https:\/\/grotta.is\/en\/author\/inga\/"}]}},"_links":{"self":[{"href":"https:\/\/grotta.is\/en\/wp-json\/wp\/v2\/posts\/308","targetHints":{"allow":["GET"]}}],"collection":[{"href":"https:\/\/grotta.is\/en\/wp-json\/wp\/v2\/posts"}],"about":[{"href":"https:\/\/grotta.is\/en\/wp-json\/wp\/v2\/types\/post"}],"author":[{"embeddable":true,"href":"https:\/\/grotta.is\/en\/wp-json\/wp\/v2\/users\/2"}],"replies":[{"embeddable":true,"href":"https:\/\/grotta.is\/en\/wp-json\/wp\/v2\/comments?post=308"}],"version-history":[{"count":0,"href":"https:\/\/grotta.is\/en\/wp-json\/wp\/v2\/posts\/308\/revisions"}],"wp:featuredmedia":[{"embeddable":true,"href":"https:\/\/grotta.is\/en\/wp-json\/wp\/v2\/media\/309"}],"wp:attachment":[{"href":"https:\/\/grotta.is\/en\/wp-json\/wp\/v2\/media?parent=308"}],"wp:term":[{"taxonomy":"category","embeddable":true,"href":"https:\/\/grotta.is\/en\/wp-json\/wp\/v2\/categories?post=308"},{"taxonomy":"post_tag","embeddable":true,"href":"https:\/\/grotta.is\/en\/wp-json\/wp\/v2\/tags?post=308"}],"curies":[{"name":"wp","href":"https:\/\/api.w.org\/{rel}","templated":true}]}}