{"id":3076,"date":"2018-08-02T20:35:12","date_gmt":"2018-08-02T20:35:12","guid":{"rendered":"https:\/\/grotta.is\/?p=3076"},"modified":"2020-04-29T20:39:36","modified_gmt":"2020-04-29T20:39:36","slug":"chris-brazell-med-enska-knattspyrnu-akademiu-grottu","status":"publish","type":"post","link":"https:\/\/grotta.is\/en\/knattspyrnudeild\/chris-brazell-med-enska-knattspyrnu-akademiu-grottu\/","title":{"rendered":"Chris Brazell me\u00f0 enska knattspyrnu akadem\u00edu Gr\u00f3ttu"},"content":{"rendered":"<p>Chris Brazell, akadem\u00edu\u00fej\u00e1lfari hj\u00e1 Norwich, \u00e1kva\u00f0 \u00ed vor a\u00f0 s\u00f6\u00f0la um \u2013 segja starfi s\u00ednu lausu og fara \u00e1 flakk um heiminn til a\u00f0 kynna s\u00e9r \u00f3l\u00edka strauma \u00ed f\u00f3tboltanum. Framundan eru heims\u00f3knir til Port\u00fagal og Brasil\u00edu en fyrsti \u00e1fangasta\u00f0ur Chris er \u00cdsland. N\u00e1nar tilteki\u00f0 Gr\u00f3tta \u00e1 Seltjarnarnesi.<\/p><p>Chris hefur s\u00ed\u00f0ustu tv\u00e6r vikur st\u00fdrt skemmtilegu n\u00e1mskei\u00f0i fyrir krakka f\u00e6dda 2005-2008 sem lauk \u00ed dag me\u00f0 leikjum og World Cup. \u00dea\u00f0 var g\u00f3\u00f0 a\u00f0s\u00f3kn \u00e1 n\u00e1mskei\u00f0i\u00f0 og krakkarnir voru mj\u00f6g \u00e1hugasamir a\u00f0 l\u00e6ra af Chris og \u00fej\u00e1lfurum Gr\u00f3ttu.<\/p><p>Eftir Verslunarmannahelgi ver\u00f0ur n\u00e1mskei\u00f0 fyrir krakka f\u00e6dd 2002-2004 og enn eru nokkur s\u00e6ti laus. \u00dea\u00f0 m\u00e1 senda inn skr\u00e1ningar \u00e1 jorunnmaria1996@gmail.com e\u00f0a skr\u00e1 \u00e1 grotta.felog.is.<\/p><p>Fyrir utan n\u00e1mskei\u00f0i\u00f0 hefur Chris fylgst vel me\u00f0 \u00e6fingum hj\u00e1 \u00f6llum flokkum Gr\u00f3ttu og l\u00ed\u00f0ur a\u00f0 eigin s\u00f6gn afskaplega vel \u00e1 Vivaldivellinum.<\/p><figure class=\"wp-block-image size-large\"><img fetchpriority=\"high\" decoding=\"async\" width=\"1024\" height=\"768\" src=\"https:\/\/grotta.is\/wp-content\/uploads\/2020\/04\/Knattspyrnudeild_grotta_Frettir_yngriflokkar_162-1024x768.jpg\" alt=\"\" class=\"wp-image-3078\" srcset=\"https:\/\/grotta.is\/wp-content\/uploads\/2020\/04\/Knattspyrnudeild_grotta_Frettir_yngriflokkar_162-1024x768.jpg 1024w, https:\/\/grotta.is\/wp-content\/uploads\/2020\/04\/Knattspyrnudeild_grotta_Frettir_yngriflokkar_162-scaled-600x450.jpg 600w, https:\/\/grotta.is\/wp-content\/uploads\/2020\/04\/Knattspyrnudeild_grotta_Frettir_yngriflokkar_162-300x225.jpg 300w, https:\/\/grotta.is\/wp-content\/uploads\/2020\/04\/Knattspyrnudeild_grotta_Frettir_yngriflokkar_162-768x576.jpg 768w, https:\/\/grotta.is\/wp-content\/uploads\/2020\/04\/Knattspyrnudeild_grotta_Frettir_yngriflokkar_162-1536x1152.jpg 1536w, https:\/\/grotta.is\/wp-content\/uploads\/2020\/04\/Knattspyrnudeild_grotta_Frettir_yngriflokkar_162-2048x1536.jpg 2048w\" sizes=\"(max-width: 1024px) 100vw, 1024px\" \/><\/figure>","protected":false},"excerpt":{"rendered":"<p>Chris Brazell, akadem\u00edu\u00fej\u00e1lfari hj\u00e1 Norwich, \u00e1kva\u00f0 \u00ed vor a\u00f0 s\u00f6\u00f0la um \u2013 segja starfi s\u00ednu lausu og fara \u00e1 flakk um heiminn til a\u00f0 kynna s\u00e9r \u00f3l\u00edka strauma \u00ed f\u00f3tboltanum. Framundan eru heims\u00f3knir til Port\u00fagal og Brasil\u00edu en fyrsti \u00e1fangasta\u00f0ur Chris er \u00cdsland. N\u00e1nar tilteki\u00f0 Gr\u00f3tta \u00e1 Seltjarnarnesi.<\/p>","protected":false},"author":2,"featured_media":3080,"comment_status":"closed","ping_status":"closed","sticky":false,"template":"","format":"standard","meta":{"footnotes":""},"categories":[7],"tags":[6,15],"class_list":["post-3076","post","type-post","status-publish","format-standard","has-post-thumbnail","hentry","category-knattspyrnudeild","tag-knattspyrna","tag-yngri-flokkar"],"yoast_head":"<!-- This site is optimized with the Yoast SEO plugin v24.3 - https:\/\/yoast.com\/wordpress\/plugins\/seo\/ -->\n<title>Chris Brazell me\u00f0 enska knattspyrnu akadem\u00edu Gr\u00f3ttu - \u00cd\u00fer\u00f3ttaf\u00e9lagi\u00f0 Gr\u00f3tta<\/title>\n<meta name=\"robots\" content=\"index, follow, max-snippet:-1, max-image-preview:large, max-video-preview:-1\" \/>\n<link rel=\"canonical\" href=\"https:\/\/grotta.is\/en\/knattspyrnudeild\/chris-brazell-med-enska-knattspyrnu-akademiu-grottu\/\" \/>\n<meta property=\"og:locale\" content=\"en_US\" \/>\n<meta property=\"og:type\" content=\"article\" \/>\n<meta property=\"og:title\" content=\"Chris Brazell me\u00f0 enska knattspyrnu akadem\u00edu Gr\u00f3ttu - \u00cd\u00fer\u00f3ttaf\u00e9lagi\u00f0 Gr\u00f3tta\" \/>\n<meta property=\"og:description\" content=\"Chris Brazell, akadem\u00edu\u00fej\u00e1lfari hj\u00e1 Norwich, \u00e1kva\u00f0 \u00ed vor a\u00f0 s\u00f6\u00f0la um \u2013 segja starfi s\u00ednu lausu og fara \u00e1 flakk um heiminn til a\u00f0 kynna s\u00e9r \u00f3l\u00edka strauma \u00ed f\u00f3tboltanum. Framundan eru heims\u00f3knir til Port\u00fagal og Brasil\u00edu en fyrsti \u00e1fangasta\u00f0ur Chris er \u00cdsland. N\u00e1nar tilteki\u00f0 Gr\u00f3tta \u00e1 Seltjarnarnesi.\" \/>\n<meta property=\"og:url\" content=\"https:\/\/grotta.is\/en\/knattspyrnudeild\/chris-brazell-med-enska-knattspyrnu-akademiu-grottu\/\" \/>\n<meta property=\"og:site_name\" content=\"\u00cd\u00fer\u00f3ttaf\u00e9lagi\u00f0 Gr\u00f3tta\" \/>\n<meta property=\"article:publisher\" content=\"https:\/\/www.facebook.com\/grottasport\" \/>\n<meta property=\"article:published_time\" content=\"2018-08-02T20:35:12+00:00\" \/>\n<meta property=\"article:modified_time\" content=\"2020-04-29T20:39:36+00:00\" \/>\n<meta property=\"og:image\" content=\"https:\/\/grotta.is\/wp-content\/uploads\/2018\/08\/Knattspyrnudeild_grotta_Frettir_yngriflokkar_161-scaled.jpeg\" \/>\n\t<meta property=\"og:image:width\" content=\"2560\" \/>\n\t<meta property=\"og:image:height\" content=\"1920\" \/>\n\t<meta property=\"og:image:type\" content=\"image\/jpeg\" \/>\n<meta name=\"author\" content=\"Grotta\" \/>\n<meta name=\"twitter:card\" content=\"summary_large_image\" \/>\n<meta name=\"twitter:label1\" content=\"Written by\" \/>\n\t<meta name=\"twitter:data1\" content=\"Grotta\" \/>\n\t<meta name=\"twitter:label2\" content=\"Est. reading time\" \/>\n\t<meta name=\"twitter:data2\" content=\"1 minute\" \/>\n<script type=\"application\/ld+json\" class=\"yoast-schema-graph\">{\"@context\":\"https:\/\/schema.org\",\"@graph\":[{\"@type\":\"Article\",\"@id\":\"https:\/\/grotta.is\/knattspyrnudeild\/chris-brazell-med-enska-knattspyrnu-akademiu-grottu\/#article\",\"isPartOf\":{\"@id\":\"https:\/\/grotta.is\/knattspyrnudeild\/chris-brazell-med-enska-knattspyrnu-akademiu-grottu\/\"},\"author\":{\"name\":\"Grotta\",\"@id\":\"https:\/\/grotta.is\/#\/schema\/person\/08ec57bf09ee925f1b6a01540c14a5ce\"},\"headline\":\"Chris Brazell me\u00f0 enska knattspyrnu akadem\u00edu Gr\u00f3ttu\",\"datePublished\":\"2018-08-02T20:35:12+00:00\",\"dateModified\":\"2020-04-29T20:39:36+00:00\",\"mainEntityOfPage\":{\"@id\":\"https:\/\/grotta.is\/knattspyrnudeild\/chris-brazell-med-enska-knattspyrnu-akademiu-grottu\/\"},\"wordCount\":176,\"publisher\":{\"@id\":\"https:\/\/grotta.is\/#organization\"},\"image\":{\"@id\":\"https:\/\/grotta.is\/knattspyrnudeild\/chris-brazell-med-enska-knattspyrnu-akademiu-grottu\/#primaryimage\"},\"thumbnailUrl\":\"https:\/\/grotta.is\/wp-content\/uploads\/2018\/08\/Knattspyrnudeild_grotta_Frettir_yngriflokkar_161-scaled.jpeg\",\"keywords\":[\"Knattspyrna\",\"Yngri flokkar\"],\"articleSection\":[\"Knattspyrnudeild\"],\"inLanguage\":\"en-US\"},{\"@type\":\"WebPage\",\"@id\":\"https:\/\/grotta.is\/knattspyrnudeild\/chris-brazell-med-enska-knattspyrnu-akademiu-grottu\/\",\"url\":\"https:\/\/grotta.is\/knattspyrnudeild\/chris-brazell-med-enska-knattspyrnu-akademiu-grottu\/\",\"name\":\"Chris Brazell me\u00f0 enska knattspyrnu akadem\u00edu Gr\u00f3ttu - \u00cd\u00fer\u00f3ttaf\u00e9lagi\u00f0 Gr\u00f3tta\",\"isPartOf\":{\"@id\":\"https:\/\/grotta.is\/#website\"},\"primaryImageOfPage\":{\"@id\":\"https:\/\/grotta.is\/knattspyrnudeild\/chris-brazell-med-enska-knattspyrnu-akademiu-grottu\/#primaryimage\"},\"image\":{\"@id\":\"https:\/\/grotta.is\/knattspyrnudeild\/chris-brazell-med-enska-knattspyrnu-akademiu-grottu\/#primaryimage\"},\"thumbnailUrl\":\"https:\/\/grotta.is\/wp-content\/uploads\/2018\/08\/Knattspyrnudeild_grotta_Frettir_yngriflokkar_161-scaled.jpeg\",\"datePublished\":\"2018-08-02T20:35:12+00:00\",\"dateModified\":\"2020-04-29T20:39:36+00:00\",\"breadcrumb\":{\"@id\":\"https:\/\/grotta.is\/knattspyrnudeild\/chris-brazell-med-enska-knattspyrnu-akademiu-grottu\/#breadcrumb\"},\"inLanguage\":\"en-US\",\"potentialAction\":[{\"@type\":\"ReadAction\",\"target\":[\"https:\/\/grotta.is\/knattspyrnudeild\/chris-brazell-med-enska-knattspyrnu-akademiu-grottu\/\"]}]},{\"@type\":\"ImageObject\",\"inLanguage\":\"en-US\",\"@id\":\"https:\/\/grotta.is\/knattspyrnudeild\/chris-brazell-med-enska-knattspyrnu-akademiu-grottu\/#primaryimage\",\"url\":\"https:\/\/grotta.is\/wp-content\/uploads\/2018\/08\/Knattspyrnudeild_grotta_Frettir_yngriflokkar_161-scaled.jpeg\",\"contentUrl\":\"https:\/\/grotta.is\/wp-content\/uploads\/2018\/08\/Knattspyrnudeild_grotta_Frettir_yngriflokkar_161-scaled.jpeg\",\"width\":2560,\"height\":1920},{\"@type\":\"BreadcrumbList\",\"@id\":\"https:\/\/grotta.is\/knattspyrnudeild\/chris-brazell-med-enska-knattspyrnu-akademiu-grottu\/#breadcrumb\",\"itemListElement\":[{\"@type\":\"ListItem\",\"position\":1,\"name\":\"Home\",\"item\":\"https:\/\/grotta.is\/\"},{\"@type\":\"ListItem\",\"position\":2,\"name\":\"Chris Brazell me\u00f0 enska knattspyrnu akadem\u00edu Gr\u00f3ttu\"}]},{\"@type\":\"WebSite\",\"@id\":\"https:\/\/grotta.is\/#website\",\"url\":\"https:\/\/grotta.is\/\",\"name\":\"\u00cd\u00fer\u00f3ttaf\u00e9lagi\u00f0 Gr\u00f3tta\",\"description\":\"\u00e1 Seltjarnarnesi\",\"publisher\":{\"@id\":\"https:\/\/grotta.is\/#organization\"},\"potentialAction\":[{\"@type\":\"SearchAction\",\"target\":{\"@type\":\"EntryPoint\",\"urlTemplate\":\"https:\/\/grotta.is\/?s={search_term_string}\"},\"query-input\":{\"@type\":\"PropertyValueSpecification\",\"valueRequired\":true,\"valueName\":\"search_term_string\"}}],\"inLanguage\":\"en-US\"},{\"@type\":\"Organization\",\"@id\":\"https:\/\/grotta.is\/#organization\",\"name\":\"\u00cd\u00fer\u00f3ttaf\u00e9lagi\u00f0 Gr\u00f3tta\",\"url\":\"https:\/\/grotta.is\/\",\"logo\":{\"@type\":\"ImageObject\",\"inLanguage\":\"en-US\",\"@id\":\"https:\/\/grotta.is\/#\/schema\/logo\/image\/\",\"url\":\"https:\/\/grotta.is\/wp-content\/uploads\/2020\/02\/ithrottafelagidgrotta_logo_512x512_transparent.png\",\"contentUrl\":\"https:\/\/grotta.is\/wp-content\/uploads\/2020\/02\/ithrottafelagidgrotta_logo_512x512_transparent.png\",\"width\":512,\"height\":512,\"caption\":\"\u00cd\u00fer\u00f3ttaf\u00e9lagi\u00f0 Gr\u00f3tta\"},\"image\":{\"@id\":\"https:\/\/grotta.is\/#\/schema\/logo\/image\/\"},\"sameAs\":[\"https:\/\/www.facebook.com\/grottasport\"]},{\"@type\":\"Person\",\"@id\":\"https:\/\/grotta.is\/#\/schema\/person\/08ec57bf09ee925f1b6a01540c14a5ce\",\"name\":\"Grotta\",\"url\":\"https:\/\/grotta.is\/en\/author\/inga\/\"}]}<\/script>\n<!-- \/ Yoast SEO plugin. -->","yoast_head_json":{"title":"Chris Brazell me\u00f0 enska knattspyrnu akadem\u00edu Gr\u00f3ttu - \u00cd\u00fer\u00f3ttaf\u00e9lagi\u00f0 Gr\u00f3tta","robots":{"index":"index","follow":"follow","max-snippet":"max-snippet:-1","max-image-preview":"max-image-preview:large","max-video-preview":"max-video-preview:-1"},"canonical":"https:\/\/grotta.is\/en\/knattspyrnudeild\/chris-brazell-med-enska-knattspyrnu-akademiu-grottu\/","og_locale":"en_US","og_type":"article","og_title":"Chris Brazell me\u00f0 enska knattspyrnu akadem\u00edu Gr\u00f3ttu - \u00cd\u00fer\u00f3ttaf\u00e9lagi\u00f0 Gr\u00f3tta","og_description":"Chris Brazell, akadem\u00edu\u00fej\u00e1lfari hj\u00e1 Norwich, \u00e1kva\u00f0 \u00ed vor a\u00f0 s\u00f6\u00f0la um \u2013 segja starfi s\u00ednu lausu og fara \u00e1 flakk um heiminn til a\u00f0 kynna s\u00e9r \u00f3l\u00edka strauma \u00ed f\u00f3tboltanum. Framundan eru heims\u00f3knir til Port\u00fagal og Brasil\u00edu en fyrsti \u00e1fangasta\u00f0ur Chris er \u00cdsland. N\u00e1nar tilteki\u00f0 Gr\u00f3tta \u00e1 Seltjarnarnesi.","og_url":"https:\/\/grotta.is\/en\/knattspyrnudeild\/chris-brazell-med-enska-knattspyrnu-akademiu-grottu\/","og_site_name":"\u00cd\u00fer\u00f3ttaf\u00e9lagi\u00f0 Gr\u00f3tta","article_publisher":"https:\/\/www.facebook.com\/grottasport","article_published_time":"2018-08-02T20:35:12+00:00","article_modified_time":"2020-04-29T20:39:36+00:00","og_image":[{"width":2560,"height":1920,"url":"https:\/\/grotta.is\/wp-content\/uploads\/2018\/08\/Knattspyrnudeild_grotta_Frettir_yngriflokkar_161-scaled.jpeg","type":"image\/jpeg"}],"author":"Grotta","twitter_card":"summary_large_image","twitter_misc":{"Written by":"Grotta","Est. reading time":"1 minute"},"schema":{"@context":"https:\/\/schema.org","@graph":[{"@type":"Article","@id":"https:\/\/grotta.is\/knattspyrnudeild\/chris-brazell-med-enska-knattspyrnu-akademiu-grottu\/#article","isPartOf":{"@id":"https:\/\/grotta.is\/knattspyrnudeild\/chris-brazell-med-enska-knattspyrnu-akademiu-grottu\/"},"author":{"name":"Grotta","@id":"https:\/\/grotta.is\/#\/schema\/person\/08ec57bf09ee925f1b6a01540c14a5ce"},"headline":"Chris Brazell me\u00f0 enska knattspyrnu akadem\u00edu Gr\u00f3ttu","datePublished":"2018-08-02T20:35:12+00:00","dateModified":"2020-04-29T20:39:36+00:00","mainEntityOfPage":{"@id":"https:\/\/grotta.is\/knattspyrnudeild\/chris-brazell-med-enska-knattspyrnu-akademiu-grottu\/"},"wordCount":176,"publisher":{"@id":"https:\/\/grotta.is\/#organization"},"image":{"@id":"https:\/\/grotta.is\/knattspyrnudeild\/chris-brazell-med-enska-knattspyrnu-akademiu-grottu\/#primaryimage"},"thumbnailUrl":"https:\/\/grotta.is\/wp-content\/uploads\/2018\/08\/Knattspyrnudeild_grotta_Frettir_yngriflokkar_161-scaled.jpeg","keywords":["Knattspyrna","Yngri flokkar"],"articleSection":["Knattspyrnudeild"],"inLanguage":"en-US"},{"@type":"WebPage","@id":"https:\/\/grotta.is\/knattspyrnudeild\/chris-brazell-med-enska-knattspyrnu-akademiu-grottu\/","url":"https:\/\/grotta.is\/knattspyrnudeild\/chris-brazell-med-enska-knattspyrnu-akademiu-grottu\/","name":"Chris Brazell me\u00f0 enska knattspyrnu akadem\u00edu Gr\u00f3ttu - \u00cd\u00fer\u00f3ttaf\u00e9lagi\u00f0 Gr\u00f3tta","isPartOf":{"@id":"https:\/\/grotta.is\/#website"},"primaryImageOfPage":{"@id":"https:\/\/grotta.is\/knattspyrnudeild\/chris-brazell-med-enska-knattspyrnu-akademiu-grottu\/#primaryimage"},"image":{"@id":"https:\/\/grotta.is\/knattspyrnudeild\/chris-brazell-med-enska-knattspyrnu-akademiu-grottu\/#primaryimage"},"thumbnailUrl":"https:\/\/grotta.is\/wp-content\/uploads\/2018\/08\/Knattspyrnudeild_grotta_Frettir_yngriflokkar_161-scaled.jpeg","datePublished":"2018-08-02T20:35:12+00:00","dateModified":"2020-04-29T20:39:36+00:00","breadcrumb":{"@id":"https:\/\/grotta.is\/knattspyrnudeild\/chris-brazell-med-enska-knattspyrnu-akademiu-grottu\/#breadcrumb"},"inLanguage":"en-US","potentialAction":[{"@type":"ReadAction","target":["https:\/\/grotta.is\/knattspyrnudeild\/chris-brazell-med-enska-knattspyrnu-akademiu-grottu\/"]}]},{"@type":"ImageObject","inLanguage":"en-US","@id":"https:\/\/grotta.is\/knattspyrnudeild\/chris-brazell-med-enska-knattspyrnu-akademiu-grottu\/#primaryimage","url":"https:\/\/grotta.is\/wp-content\/uploads\/2018\/08\/Knattspyrnudeild_grotta_Frettir_yngriflokkar_161-scaled.jpeg","contentUrl":"https:\/\/grotta.is\/wp-content\/uploads\/2018\/08\/Knattspyrnudeild_grotta_Frettir_yngriflokkar_161-scaled.jpeg","width":2560,"height":1920},{"@type":"BreadcrumbList","@id":"https:\/\/grotta.is\/knattspyrnudeild\/chris-brazell-med-enska-knattspyrnu-akademiu-grottu\/#breadcrumb","itemListElement":[{"@type":"ListItem","position":1,"name":"Home","item":"https:\/\/grotta.is\/"},{"@type":"ListItem","position":2,"name":"Chris Brazell me\u00f0 enska knattspyrnu akadem\u00edu Gr\u00f3ttu"}]},{"@type":"WebSite","@id":"https:\/\/grotta.is\/#website","url":"https:\/\/grotta.is\/","name":"\u00cd\u00fer\u00f3ttaf\u00e9lagi\u00f0 Gr\u00f3tta","description":"\u00e1 Seltjarnarnesi","publisher":{"@id":"https:\/\/grotta.is\/#organization"},"potentialAction":[{"@type":"SearchAction","target":{"@type":"EntryPoint","urlTemplate":"https:\/\/grotta.is\/?s={search_term_string}"},"query-input":{"@type":"PropertyValueSpecification","valueRequired":true,"valueName":"search_term_string"}}],"inLanguage":"en-US"},{"@type":"Organization","@id":"https:\/\/grotta.is\/#organization","name":"\u00cd\u00fer\u00f3ttaf\u00e9lagi\u00f0 Gr\u00f3tta","url":"https:\/\/grotta.is\/","logo":{"@type":"ImageObject","inLanguage":"en-US","@id":"https:\/\/grotta.is\/#\/schema\/logo\/image\/","url":"https:\/\/grotta.is\/wp-content\/uploads\/2020\/02\/ithrottafelagidgrotta_logo_512x512_transparent.png","contentUrl":"https:\/\/grotta.is\/wp-content\/uploads\/2020\/02\/ithrottafelagidgrotta_logo_512x512_transparent.png","width":512,"height":512,"caption":"\u00cd\u00fer\u00f3ttaf\u00e9lagi\u00f0 Gr\u00f3tta"},"image":{"@id":"https:\/\/grotta.is\/#\/schema\/logo\/image\/"},"sameAs":["https:\/\/www.facebook.com\/grottasport"]},{"@type":"Person","@id":"https:\/\/grotta.is\/#\/schema\/person\/08ec57bf09ee925f1b6a01540c14a5ce","name":"Grotta","url":"https:\/\/grotta.is\/en\/author\/inga\/"}]}},"_links":{"self":[{"href":"https:\/\/grotta.is\/en\/wp-json\/wp\/v2\/posts\/3076","targetHints":{"allow":["GET"]}}],"collection":[{"href":"https:\/\/grotta.is\/en\/wp-json\/wp\/v2\/posts"}],"about":[{"href":"https:\/\/grotta.is\/en\/wp-json\/wp\/v2\/types\/post"}],"author":[{"embeddable":true,"href":"https:\/\/grotta.is\/en\/wp-json\/wp\/v2\/users\/2"}],"replies":[{"embeddable":true,"href":"https:\/\/grotta.is\/en\/wp-json\/wp\/v2\/comments?post=3076"}],"version-history":[{"count":2,"href":"https:\/\/grotta.is\/en\/wp-json\/wp\/v2\/posts\/3076\/revisions"}],"predecessor-version":[{"id":3079,"href":"https:\/\/grotta.is\/en\/wp-json\/wp\/v2\/posts\/3076\/revisions\/3079"}],"wp:featuredmedia":[{"embeddable":true,"href":"https:\/\/grotta.is\/en\/wp-json\/wp\/v2\/media\/3080"}],"wp:attachment":[{"href":"https:\/\/grotta.is\/en\/wp-json\/wp\/v2\/media?parent=3076"}],"wp:term":[{"taxonomy":"category","embeddable":true,"href":"https:\/\/grotta.is\/en\/wp-json\/wp\/v2\/categories?post=3076"},{"taxonomy":"post_tag","embeddable":true,"href":"https:\/\/grotta.is\/en\/wp-json\/wp\/v2\/tags?post=3076"}],"curies":[{"name":"wp","href":"https:\/\/api.w.org\/{rel}","templated":true}]}}