{"id":295099,"date":"2021-02-05T15:46:34","date_gmt":"2021-02-05T15:46:34","guid":{"rendered":"https:\/\/grotta.is\/?p=295099"},"modified":"2021-02-05T15:46:39","modified_gmt":"2021-02-05T15:46:39","slug":"lilja-lilja-og-emelia-valdar-i-aefingahop-u16","status":"publish","type":"post","link":"https:\/\/grotta.is\/en\/knattspyrnudeild\/lilja-lilja-og-emelia-valdar-i-aefingahop-u16\/","title":{"rendered":"Lilja, Lilja og Emel\u00eda valdar \u00ed \u00e6fingah\u00f3p U16"},"content":{"rendered":"<p>\u00de\u00e6r Lilja Dav\u00ed\u00f0sd\u00f3ttir Scheving, Lilja L\u00edv Margr\u00e9tard\u00f3ttir og Emel\u00eda \u00d3skarsd\u00f3ttir hafa veri\u00f0 valdar til a\u00f0 taka \u00fe\u00e1tt \u00ed \u00fartaks\u00e6fingum hj\u00e1 U16 kvenna dagana 15.-17. febr\u00faar. Innilega til hamingju me\u00f0 vali\u00f0 stelpur!\u00a0<\/p><figure class=\"wp-block-image size-large\"><img fetchpriority=\"high\" decoding=\"async\" width=\"1024\" height=\"731\" src=\"https:\/\/grotta.is\/wp-content\/uploads\/2021\/02\/5D4_7934-1024x731.jpg\" alt=\"\" class=\"wp-image-295102\" srcset=\"https:\/\/grotta.is\/wp-content\/uploads\/2021\/02\/5D4_7934-1024x731.jpg 1024w, https:\/\/grotta.is\/wp-content\/uploads\/2021\/02\/5D4_7934-300x214.jpg 300w, https:\/\/grotta.is\/wp-content\/uploads\/2021\/02\/5D4_7934-768x548.jpg 768w, https:\/\/grotta.is\/wp-content\/uploads\/2021\/02\/5D4_7934-1536x1097.jpg 1536w, https:\/\/grotta.is\/wp-content\/uploads\/2021\/02\/5D4_7934-16x12.jpg 16w, https:\/\/grotta.is\/wp-content\/uploads\/2021\/02\/5D4_7934-600x428.jpg 600w, https:\/\/grotta.is\/wp-content\/uploads\/2021\/02\/5D4_7934.jpg 1787w\" sizes=\"(max-width: 1024px) 100vw, 1024px\" \/><\/figure><figure class=\"wp-block-image size-large\"><img decoding=\"async\" width=\"723\" height=\"1024\" data-src=\"https:\/\/grotta.is\/wp-content\/uploads\/2021\/02\/5D4_7661-723x1024.jpg\" alt=\"\" class=\"wp-image-295103 lazyload\" data-srcset=\"https:\/\/grotta.is\/wp-content\/uploads\/2021\/02\/5D4_7661-723x1024.jpg 723w, https:\/\/grotta.is\/wp-content\/uploads\/2021\/02\/5D4_7661-212x300.jpg 212w, https:\/\/grotta.is\/wp-content\/uploads\/2021\/02\/5D4_7661-768x1088.jpg 768w, https:\/\/grotta.is\/wp-content\/uploads\/2021\/02\/5D4_7661-8x12.jpg 8w, https:\/\/grotta.is\/wp-content\/uploads\/2021\/02\/5D4_7661-600x850.jpg 600w, https:\/\/grotta.is\/wp-content\/uploads\/2021\/02\/5D4_7661.jpg 901w\" data-sizes=\"(max-width: 723px) 100vw, 723px\" src=\"data:image\/gif;base64,R0lGODlhAQABAAAAACH5BAEKAAEALAAAAAABAAEAAAICTAEAOw==\" style=\"--smush-placeholder-width: 723px; --smush-placeholder-aspect-ratio: 723\/1024;\" \/><\/figure><figure class=\"wp-block-image size-large\"><img decoding=\"async\" width=\"683\" height=\"1024\" data-src=\"https:\/\/grotta.is\/wp-content\/uploads\/2021\/02\/5D4_9104-683x1024.jpg\" alt=\"\" class=\"wp-image-295107 lazyload\" data-srcset=\"https:\/\/grotta.is\/wp-content\/uploads\/2021\/02\/5D4_9104-683x1024.jpg 683w, https:\/\/grotta.is\/wp-content\/uploads\/2021\/02\/5D4_9104-200x300.jpg 200w, https:\/\/grotta.is\/wp-content\/uploads\/2021\/02\/5D4_9104-768x1152.jpg 768w, https:\/\/grotta.is\/wp-content\/uploads\/2021\/02\/5D4_9104-8x12.jpg 8w, https:\/\/grotta.is\/wp-content\/uploads\/2021\/02\/5D4_9104-600x900.jpg 600w, https:\/\/grotta.is\/wp-content\/uploads\/2021\/02\/5D4_9104.jpg 851w\" data-sizes=\"(max-width: 683px) 100vw, 683px\" src=\"data:image\/gif;base64,R0lGODlhAQABAAAAACH5BAEKAAEALAAAAAABAAEAAAICTAEAOw==\" style=\"--smush-placeholder-width: 683px; --smush-placeholder-aspect-ratio: 683\/1024;\" \/><\/figure>","protected":false},"excerpt":{"rendered":"<p>\u00de\u00e6r Lilja Dav\u00ed\u00f0sd\u00f3ttir Scheving, Lilja L\u00edv Margr\u00e9tard\u00f3ttir og Emel\u00eda \u00d3skarsd\u00f3ttir hafa veri\u00f0 valdar til a\u00f0 taka \u00fe\u00e1tt \u00ed \u00fartaks\u00e6fingum hj\u00e1 U16 kvenna dagana 15.-17. febr\u00faar. Innilega til hamingju me\u00f0 vali\u00f0 [&hellip;]<\/p>","protected":false},"author":4,"featured_media":295104,"comment_status":"closed","ping_status":"closed","sticky":false,"template":"","format":"standard","meta":{"footnotes":""},"categories":[7],"tags":[22],"class_list":["post-295099","post","type-post","status-publish","format-standard","has-post-thumbnail","hentry","category-knattspyrnudeild","tag-landslid"],"yoast_head":"<!-- This site is optimized with the Yoast SEO plugin v24.3 - https:\/\/yoast.com\/wordpress\/plugins\/seo\/ -->\n<title>Lilja, Lilja og Emel\u00eda valdar \u00ed \u00e6fingah\u00f3p U16 - \u00cd\u00fer\u00f3ttaf\u00e9lagi\u00f0 Gr\u00f3tta<\/title>\n<meta name=\"robots\" content=\"index, follow, max-snippet:-1, max-image-preview:large, max-video-preview:-1\" \/>\n<link rel=\"canonical\" href=\"https:\/\/grotta.is\/en\/knattspyrnudeild\/lilja-lilja-og-emelia-valdar-i-aefingahop-u16\/\" \/>\n<meta property=\"og:locale\" content=\"en_US\" \/>\n<meta property=\"og:type\" content=\"article\" \/>\n<meta property=\"og:title\" content=\"Lilja, Lilja og Emel\u00eda valdar \u00ed \u00e6fingah\u00f3p U16 - \u00cd\u00fer\u00f3ttaf\u00e9lagi\u00f0 Gr\u00f3tta\" \/>\n<meta property=\"og:description\" content=\"\u00de\u00e6r Lilja Dav\u00ed\u00f0sd\u00f3ttir Scheving, Lilja L\u00edv Margr\u00e9tard\u00f3ttir og Emel\u00eda \u00d3skarsd\u00f3ttir hafa veri\u00f0 valdar til a\u00f0 taka \u00fe\u00e1tt \u00ed \u00fartaks\u00e6fingum hj\u00e1 U16 kvenna dagana 15.-17. febr\u00faar. Innilega til hamingju me\u00f0 vali\u00f0 [&hellip;]\" \/>\n<meta property=\"og:url\" content=\"https:\/\/grotta.is\/en\/knattspyrnudeild\/lilja-lilja-og-emelia-valdar-i-aefingahop-u16\/\" \/>\n<meta property=\"og:site_name\" content=\"\u00cd\u00fer\u00f3ttaf\u00e9lagi\u00f0 Gr\u00f3tta\" \/>\n<meta property=\"article:publisher\" content=\"https:\/\/www.facebook.com\/grottasport\" \/>\n<meta property=\"article:published_time\" content=\"2021-02-05T15:46:34+00:00\" \/>\n<meta property=\"article:modified_time\" content=\"2021-02-05T15:46:39+00:00\" \/>\n<meta property=\"og:image\" content=\"https:\/\/grotta.is\/wp-content\/uploads\/2021\/02\/5D4_7934-1.jpg\" \/>\n\t<meta property=\"og:image:width\" content=\"1787\" \/>\n\t<meta property=\"og:image:height\" content=\"1276\" \/>\n\t<meta property=\"og:image:type\" content=\"image\/jpeg\" \/>\n<meta name=\"author\" content=\"J\u00f3runn M. \u00deorsteinsd\u00f3ttir\" \/>\n<meta name=\"twitter:card\" content=\"summary_large_image\" \/>\n<meta name=\"twitter:label1\" content=\"Written by\" \/>\n\t<meta name=\"twitter:data1\" content=\"J\u00f3runn M. \u00deorsteinsd\u00f3ttir\" \/>\n\t<meta name=\"twitter:label2\" content=\"Est. reading time\" \/>\n\t<meta name=\"twitter:data2\" content=\"1 minute\" \/>\n<script type=\"application\/ld+json\" class=\"yoast-schema-graph\">{\"@context\":\"https:\/\/schema.org\",\"@graph\":[{\"@type\":\"Article\",\"@id\":\"https:\/\/grotta.is\/knattspyrnudeild\/lilja-lilja-og-emelia-valdar-i-aefingahop-u16\/#article\",\"isPartOf\":{\"@id\":\"https:\/\/grotta.is\/knattspyrnudeild\/lilja-lilja-og-emelia-valdar-i-aefingahop-u16\/\"},\"author\":{\"name\":\"J\u00f3runn M. \u00deorsteinsd\u00f3ttir\",\"@id\":\"https:\/\/grotta.is\/#\/schema\/person\/f1fea6a85a554e8069771c3486efbd84\"},\"headline\":\"Lilja, Lilja og Emel\u00eda valdar \u00ed \u00e6fingah\u00f3p U16\",\"datePublished\":\"2021-02-05T15:46:34+00:00\",\"dateModified\":\"2021-02-05T15:46:39+00:00\",\"mainEntityOfPage\":{\"@id\":\"https:\/\/grotta.is\/knattspyrnudeild\/lilja-lilja-og-emelia-valdar-i-aefingahop-u16\/\"},\"wordCount\":48,\"publisher\":{\"@id\":\"https:\/\/grotta.is\/#organization\"},\"image\":{\"@id\":\"https:\/\/grotta.is\/knattspyrnudeild\/lilja-lilja-og-emelia-valdar-i-aefingahop-u16\/#primaryimage\"},\"thumbnailUrl\":\"https:\/\/grotta.is\/wp-content\/uploads\/2021\/02\/5D4_7934-1.jpg\",\"keywords\":[\"Landsli\u00f0\"],\"articleSection\":[\"Knattspyrnudeild\"],\"inLanguage\":\"en-US\"},{\"@type\":\"WebPage\",\"@id\":\"https:\/\/grotta.is\/knattspyrnudeild\/lilja-lilja-og-emelia-valdar-i-aefingahop-u16\/\",\"url\":\"https:\/\/grotta.is\/knattspyrnudeild\/lilja-lilja-og-emelia-valdar-i-aefingahop-u16\/\",\"name\":\"Lilja, Lilja og Emel\u00eda valdar \u00ed \u00e6fingah\u00f3p U16 - \u00cd\u00fer\u00f3ttaf\u00e9lagi\u00f0 Gr\u00f3tta\",\"isPartOf\":{\"@id\":\"https:\/\/grotta.is\/#website\"},\"primaryImageOfPage\":{\"@id\":\"https:\/\/grotta.is\/knattspyrnudeild\/lilja-lilja-og-emelia-valdar-i-aefingahop-u16\/#primaryimage\"},\"image\":{\"@id\":\"https:\/\/grotta.is\/knattspyrnudeild\/lilja-lilja-og-emelia-valdar-i-aefingahop-u16\/#primaryimage\"},\"thumbnailUrl\":\"https:\/\/grotta.is\/wp-content\/uploads\/2021\/02\/5D4_7934-1.jpg\",\"datePublished\":\"2021-02-05T15:46:34+00:00\",\"dateModified\":\"2021-02-05T15:46:39+00:00\",\"breadcrumb\":{\"@id\":\"https:\/\/grotta.is\/knattspyrnudeild\/lilja-lilja-og-emelia-valdar-i-aefingahop-u16\/#breadcrumb\"},\"inLanguage\":\"en-US\",\"potentialAction\":[{\"@type\":\"ReadAction\",\"target\":[\"https:\/\/grotta.is\/knattspyrnudeild\/lilja-lilja-og-emelia-valdar-i-aefingahop-u16\/\"]}]},{\"@type\":\"ImageObject\",\"inLanguage\":\"en-US\",\"@id\":\"https:\/\/grotta.is\/knattspyrnudeild\/lilja-lilja-og-emelia-valdar-i-aefingahop-u16\/#primaryimage\",\"url\":\"https:\/\/grotta.is\/wp-content\/uploads\/2021\/02\/5D4_7934-1.jpg\",\"contentUrl\":\"https:\/\/grotta.is\/wp-content\/uploads\/2021\/02\/5D4_7934-1.jpg\",\"width\":1787,\"height\":1276},{\"@type\":\"BreadcrumbList\",\"@id\":\"https:\/\/grotta.is\/knattspyrnudeild\/lilja-lilja-og-emelia-valdar-i-aefingahop-u16\/#breadcrumb\",\"itemListElement\":[{\"@type\":\"ListItem\",\"position\":1,\"name\":\"Home\",\"item\":\"https:\/\/grotta.is\/\"},{\"@type\":\"ListItem\",\"position\":2,\"name\":\"Lilja, Lilja og Emel\u00eda valdar \u00ed \u00e6fingah\u00f3p U16\"}]},{\"@type\":\"WebSite\",\"@id\":\"https:\/\/grotta.is\/#website\",\"url\":\"https:\/\/grotta.is\/\",\"name\":\"\u00cd\u00fer\u00f3ttaf\u00e9lagi\u00f0 Gr\u00f3tta\",\"description\":\"\u00e1 Seltjarnarnesi\",\"publisher\":{\"@id\":\"https:\/\/grotta.is\/#organization\"},\"potentialAction\":[{\"@type\":\"SearchAction\",\"target\":{\"@type\":\"EntryPoint\",\"urlTemplate\":\"https:\/\/grotta.is\/?s={search_term_string}\"},\"query-input\":{\"@type\":\"PropertyValueSpecification\",\"valueRequired\":true,\"valueName\":\"search_term_string\"}}],\"inLanguage\":\"en-US\"},{\"@type\":\"Organization\",\"@id\":\"https:\/\/grotta.is\/#organization\",\"name\":\"\u00cd\u00fer\u00f3ttaf\u00e9lagi\u00f0 Gr\u00f3tta\",\"url\":\"https:\/\/grotta.is\/\",\"logo\":{\"@type\":\"ImageObject\",\"inLanguage\":\"en-US\",\"@id\":\"https:\/\/grotta.is\/#\/schema\/logo\/image\/\",\"url\":\"https:\/\/grotta.is\/wp-content\/uploads\/2020\/02\/ithrottafelagidgrotta_logo_512x512_transparent.png\",\"contentUrl\":\"https:\/\/grotta.is\/wp-content\/uploads\/2020\/02\/ithrottafelagidgrotta_logo_512x512_transparent.png\",\"width\":512,\"height\":512,\"caption\":\"\u00cd\u00fer\u00f3ttaf\u00e9lagi\u00f0 Gr\u00f3tta\"},\"image\":{\"@id\":\"https:\/\/grotta.is\/#\/schema\/logo\/image\/\"},\"sameAs\":[\"https:\/\/www.facebook.com\/grottasport\"]},{\"@type\":\"Person\",\"@id\":\"https:\/\/grotta.is\/#\/schema\/person\/f1fea6a85a554e8069771c3486efbd84\",\"name\":\"J\u00f3runn M. \u00deorsteinsd\u00f3ttir\",\"url\":\"https:\/\/grotta.is\/en\/author\/jorunn\/\"}]}<\/script>\n<!-- \/ Yoast SEO plugin. -->","yoast_head_json":{"title":"Lilja, Lilja og Emel\u00eda valdar \u00ed \u00e6fingah\u00f3p U16 - \u00cd\u00fer\u00f3ttaf\u00e9lagi\u00f0 Gr\u00f3tta","robots":{"index":"index","follow":"follow","max-snippet":"max-snippet:-1","max-image-preview":"max-image-preview:large","max-video-preview":"max-video-preview:-1"},"canonical":"https:\/\/grotta.is\/en\/knattspyrnudeild\/lilja-lilja-og-emelia-valdar-i-aefingahop-u16\/","og_locale":"en_US","og_type":"article","og_title":"Lilja, Lilja og Emel\u00eda valdar \u00ed \u00e6fingah\u00f3p U16 - \u00cd\u00fer\u00f3ttaf\u00e9lagi\u00f0 Gr\u00f3tta","og_description":"\u00de\u00e6r Lilja Dav\u00ed\u00f0sd\u00f3ttir Scheving, Lilja L\u00edv Margr\u00e9tard\u00f3ttir og Emel\u00eda \u00d3skarsd\u00f3ttir hafa veri\u00f0 valdar til a\u00f0 taka \u00fe\u00e1tt \u00ed \u00fartaks\u00e6fingum hj\u00e1 U16 kvenna dagana 15.-17. febr\u00faar. Innilega til hamingju me\u00f0 vali\u00f0 [&hellip;]","og_url":"https:\/\/grotta.is\/en\/knattspyrnudeild\/lilja-lilja-og-emelia-valdar-i-aefingahop-u16\/","og_site_name":"\u00cd\u00fer\u00f3ttaf\u00e9lagi\u00f0 Gr\u00f3tta","article_publisher":"https:\/\/www.facebook.com\/grottasport","article_published_time":"2021-02-05T15:46:34+00:00","article_modified_time":"2021-02-05T15:46:39+00:00","og_image":[{"width":1787,"height":1276,"url":"https:\/\/grotta.is\/wp-content\/uploads\/2021\/02\/5D4_7934-1.jpg","type":"image\/jpeg"}],"author":"J\u00f3runn M. \u00deorsteinsd\u00f3ttir","twitter_card":"summary_large_image","twitter_misc":{"Written by":"J\u00f3runn M. \u00deorsteinsd\u00f3ttir","Est. reading time":"1 minute"},"schema":{"@context":"https:\/\/schema.org","@graph":[{"@type":"Article","@id":"https:\/\/grotta.is\/knattspyrnudeild\/lilja-lilja-og-emelia-valdar-i-aefingahop-u16\/#article","isPartOf":{"@id":"https:\/\/grotta.is\/knattspyrnudeild\/lilja-lilja-og-emelia-valdar-i-aefingahop-u16\/"},"author":{"name":"J\u00f3runn M. \u00deorsteinsd\u00f3ttir","@id":"https:\/\/grotta.is\/#\/schema\/person\/f1fea6a85a554e8069771c3486efbd84"},"headline":"Lilja, Lilja og Emel\u00eda valdar \u00ed \u00e6fingah\u00f3p U16","datePublished":"2021-02-05T15:46:34+00:00","dateModified":"2021-02-05T15:46:39+00:00","mainEntityOfPage":{"@id":"https:\/\/grotta.is\/knattspyrnudeild\/lilja-lilja-og-emelia-valdar-i-aefingahop-u16\/"},"wordCount":48,"publisher":{"@id":"https:\/\/grotta.is\/#organization"},"image":{"@id":"https:\/\/grotta.is\/knattspyrnudeild\/lilja-lilja-og-emelia-valdar-i-aefingahop-u16\/#primaryimage"},"thumbnailUrl":"https:\/\/grotta.is\/wp-content\/uploads\/2021\/02\/5D4_7934-1.jpg","keywords":["Landsli\u00f0"],"articleSection":["Knattspyrnudeild"],"inLanguage":"en-US"},{"@type":"WebPage","@id":"https:\/\/grotta.is\/knattspyrnudeild\/lilja-lilja-og-emelia-valdar-i-aefingahop-u16\/","url":"https:\/\/grotta.is\/knattspyrnudeild\/lilja-lilja-og-emelia-valdar-i-aefingahop-u16\/","name":"Lilja, Lilja og Emel\u00eda valdar \u00ed \u00e6fingah\u00f3p U16 - \u00cd\u00fer\u00f3ttaf\u00e9lagi\u00f0 Gr\u00f3tta","isPartOf":{"@id":"https:\/\/grotta.is\/#website"},"primaryImageOfPage":{"@id":"https:\/\/grotta.is\/knattspyrnudeild\/lilja-lilja-og-emelia-valdar-i-aefingahop-u16\/#primaryimage"},"image":{"@id":"https:\/\/grotta.is\/knattspyrnudeild\/lilja-lilja-og-emelia-valdar-i-aefingahop-u16\/#primaryimage"},"thumbnailUrl":"https:\/\/grotta.is\/wp-content\/uploads\/2021\/02\/5D4_7934-1.jpg","datePublished":"2021-02-05T15:46:34+00:00","dateModified":"2021-02-05T15:46:39+00:00","breadcrumb":{"@id":"https:\/\/grotta.is\/knattspyrnudeild\/lilja-lilja-og-emelia-valdar-i-aefingahop-u16\/#breadcrumb"},"inLanguage":"en-US","potentialAction":[{"@type":"ReadAction","target":["https:\/\/grotta.is\/knattspyrnudeild\/lilja-lilja-og-emelia-valdar-i-aefingahop-u16\/"]}]},{"@type":"ImageObject","inLanguage":"en-US","@id":"https:\/\/grotta.is\/knattspyrnudeild\/lilja-lilja-og-emelia-valdar-i-aefingahop-u16\/#primaryimage","url":"https:\/\/grotta.is\/wp-content\/uploads\/2021\/02\/5D4_7934-1.jpg","contentUrl":"https:\/\/grotta.is\/wp-content\/uploads\/2021\/02\/5D4_7934-1.jpg","width":1787,"height":1276},{"@type":"BreadcrumbList","@id":"https:\/\/grotta.is\/knattspyrnudeild\/lilja-lilja-og-emelia-valdar-i-aefingahop-u16\/#breadcrumb","itemListElement":[{"@type":"ListItem","position":1,"name":"Home","item":"https:\/\/grotta.is\/"},{"@type":"ListItem","position":2,"name":"Lilja, Lilja og Emel\u00eda valdar \u00ed \u00e6fingah\u00f3p U16"}]},{"@type":"WebSite","@id":"https:\/\/grotta.is\/#website","url":"https:\/\/grotta.is\/","name":"\u00cd\u00fer\u00f3ttaf\u00e9lagi\u00f0 Gr\u00f3tta","description":"\u00e1 Seltjarnarnesi","publisher":{"@id":"https:\/\/grotta.is\/#organization"},"potentialAction":[{"@type":"SearchAction","target":{"@type":"EntryPoint","urlTemplate":"https:\/\/grotta.is\/?s={search_term_string}"},"query-input":{"@type":"PropertyValueSpecification","valueRequired":true,"valueName":"search_term_string"}}],"inLanguage":"en-US"},{"@type":"Organization","@id":"https:\/\/grotta.is\/#organization","name":"\u00cd\u00fer\u00f3ttaf\u00e9lagi\u00f0 Gr\u00f3tta","url":"https:\/\/grotta.is\/","logo":{"@type":"ImageObject","inLanguage":"en-US","@id":"https:\/\/grotta.is\/#\/schema\/logo\/image\/","url":"https:\/\/grotta.is\/wp-content\/uploads\/2020\/02\/ithrottafelagidgrotta_logo_512x512_transparent.png","contentUrl":"https:\/\/grotta.is\/wp-content\/uploads\/2020\/02\/ithrottafelagidgrotta_logo_512x512_transparent.png","width":512,"height":512,"caption":"\u00cd\u00fer\u00f3ttaf\u00e9lagi\u00f0 Gr\u00f3tta"},"image":{"@id":"https:\/\/grotta.is\/#\/schema\/logo\/image\/"},"sameAs":["https:\/\/www.facebook.com\/grottasport"]},{"@type":"Person","@id":"https:\/\/grotta.is\/#\/schema\/person\/f1fea6a85a554e8069771c3486efbd84","name":"J\u00f3runn M. \u00deorsteinsd\u00f3ttir","url":"https:\/\/grotta.is\/en\/author\/jorunn\/"}]}},"_links":{"self":[{"href":"https:\/\/grotta.is\/en\/wp-json\/wp\/v2\/posts\/295099","targetHints":{"allow":["GET"]}}],"collection":[{"href":"https:\/\/grotta.is\/en\/wp-json\/wp\/v2\/posts"}],"about":[{"href":"https:\/\/grotta.is\/en\/wp-json\/wp\/v2\/types\/post"}],"author":[{"embeddable":true,"href":"https:\/\/grotta.is\/en\/wp-json\/wp\/v2\/users\/4"}],"replies":[{"embeddable":true,"href":"https:\/\/grotta.is\/en\/wp-json\/wp\/v2\/comments?post=295099"}],"version-history":[{"count":1,"href":"https:\/\/grotta.is\/en\/wp-json\/wp\/v2\/posts\/295099\/revisions"}],"predecessor-version":[{"id":295108,"href":"https:\/\/grotta.is\/en\/wp-json\/wp\/v2\/posts\/295099\/revisions\/295108"}],"wp:featuredmedia":[{"embeddable":true,"href":"https:\/\/grotta.is\/en\/wp-json\/wp\/v2\/media\/295104"}],"wp:attachment":[{"href":"https:\/\/grotta.is\/en\/wp-json\/wp\/v2\/media?parent=295099"}],"wp:term":[{"taxonomy":"category","embeddable":true,"href":"https:\/\/grotta.is\/en\/wp-json\/wp\/v2\/categories?post=295099"},{"taxonomy":"post_tag","embeddable":true,"href":"https:\/\/grotta.is\/en\/wp-json\/wp\/v2\/tags?post=295099"}],"curies":[{"name":"wp","href":"https:\/\/api.w.org\/{rel}","templated":true}]}}