{"id":2928,"date":"2020-04-28T11:14:53","date_gmt":"2020-04-28T11:14:53","guid":{"rendered":"https:\/\/grotta.is\/?p=2928"},"modified":"2020-04-28T14:54:17","modified_gmt":"2020-04-28T14:54:17","slug":"upplysingagjof-vegna-samkomubanns","status":"publish","type":"post","link":"https:\/\/grotta.is\/en\/almennt\/upplysingagjof-vegna-samkomubanns\/","title":{"rendered":"Uppl\u00fdsingagj\u00f6f vegna samkomubanns"},"content":{"rendered":"<p>*Uppf\u00e6rt 21. mars kl. 17:30. Flj\u00f3tlega \u00ed kj\u00f6lfar t\u00f6lvup\u00f3stsins sem \u00e9g sendi ykkur \u00ed g\u00e6r kom eftirfarandi tilkynning fr\u00e1 \u00cdS\u00cd h\u00e9r. \u00dea\u00f0 er \u00fev\u00ed lj\u00f3st a\u00f0 me\u00f0 \u00feessari tilkynningu gir\u00f0a yfirv\u00f6ld fyrir allt \u00ed\u00fer\u00f3ttastarf \u00ed landinu \u00e1 me\u00f0an \u00e1 samkomubanni stendur. \u00cd\u00fer\u00f3ttaf\u00e9lagi\u00f0 Gr\u00f3tta mun a\u00f0 sj\u00e1lfs\u00f6g\u00f0u fara eftir \u00feessum fyrirm\u00e6lum yfirvalda og s\u00fdna \u00fear me\u00f0 \u00e1byrg\u00f0 \u00ed verki.<\/p><p>\u00cd\u00fer\u00f3ttamannvirki Gr\u00f3ttu (\u00ed\u00fer\u00f3ttah\u00fas og vallarh\u00fas) ver\u00f0a \u00e1fram loku\u00f0 e\u00f0a til og me\u00f0 m\u00e1nudeginum 13. apr\u00edl og allar \u00e6fingar falla \u00fev\u00ed ni\u00f0ur \u00e1 fyrrgreindu t\u00edmabili.<br>\u00dej\u00e1lfarar hafa veri\u00f0 hvattir til a\u00f0 vera \u00ed samskiptum vi\u00f0 i\u00f0kendur s\u00edna \u00ed samkomubanninu. Margir hafa veri\u00f0 a\u00f0 senda heima\u00e6fingar til sinna h\u00f3pa og h\u00f6fum vi\u00f0 hvatt \u00fej\u00e1lfara til a\u00f0 halda \u00fev\u00ed \u00e1fram.<\/p><p>M\u00e6lst er til \u00feess a\u00f0 gervigrasv\u00f6llum ver\u00f0i loka\u00f0 eins miki\u00f0 og h\u00e6gt er. Er \u00fea\u00f0 gert til a\u00f0 koma \u00ed veg fyrir h\u00f3pas\u00f6fnun. Lokun gervigrasvallarins okkar er \u00fev\u00ed mi\u00f0ur \u00f3m\u00f6guleg. \u00dev\u00ed er mikilv\u00e6gt er a\u00f0 foreldrar fylgist vel me\u00f0 \u00fev\u00ed hva\u00f0 krakkarnir eru a\u00f0 gera utan sk\u00f3la en samkv\u00e6mt yfirv\u00f6ldum \u00fe\u00e1 eiga \u00feau a\u00f0eins a\u00f0 umgangast \u00fe\u00e1 krakka sem eru me\u00f0 \u00feeim \u00ed h\u00f3p \u00ed sk\u00f3lanum.<\/p><p>\u00cd\u00fer\u00f3ttaf\u00e9lagi\u00f0 Gr\u00f3tta hvetur f\u00e9lagsmenn alla til huga vel a\u00f0 eigin heilsu n\u00e6stu vikurnar og fylgja fyrirm\u00e6lum um 2m fjarl\u00e6g\u00f0 og s\u00f3ttvarnir. Muni\u00f0 a\u00f0 um t\u00edmabundi\u00f0 \u00e1stand er a\u00f0 r\u00e6\u00f0a sem mun taka enda fyrr en seinna.<\/p><p>N\u00e1nari uppl\u00fdsingar veitir K\u00e1ri Gar\u00f0arsson, GSM: 868-2426, kari@grottasport.is<\/p><p>\u2014\u2014\u2013 eldri fr\u00e9tt fyrir ne\u00f0an \u2014\u2014\u2013<\/p><p>*Uppf\u00e6rt 20. mars kl. 21:00. N\u00fa fyrr \u00ed dag birtist eftirfarandi tilkynning \u00e1 vef Stj\u00f3rnarr\u00e1\u00f0sins h\u00e9r. \u00dea\u00f0 er lj\u00f3st a\u00f0 me\u00f0 \u00feessari tilkynningu sk\u00fdrist framhaldi\u00f0 nokku\u00f0 var\u00f0andi \u00ed\u00fer\u00f3ttastarf \u00ed samkomubanni. Yfirv\u00f6ld m\u00e6last til \u00feess a\u00f0 hl\u00e9 ver\u00f0i gert \u00e1 \u00f6llu \u00ed\u00fer\u00f3ttastarfi hvort sem um er a\u00f0 r\u00e6\u00f0a b\u00f6rn, ungmenni e\u00f0a fullor\u00f0na.<\/p><p>\u00cd lj\u00f3si \u00feessa hefur veri\u00f0 \u00e1kve\u00f0i\u00f0 a\u00f0 \u00ed\u00fer\u00f3ttamannvirki Gr\u00f3ttu ver\u00f0i einnig loku\u00f0 nk. m\u00e1nudag 23. mars.<\/p><p>Engar \u00e6fingar fara \u00fev\u00ed fram \u00feann dag. Fulltr\u00faar deilda munu funda me\u00f0 undirritu\u00f0um \u00e1 m\u00e1nudag og \u00ed kj\u00f6lfari\u00f0 ver\u00f0ur gefin \u00fat tilkynning var\u00f0andi \u00e1framhaldandi starfsemi \u00cd\u00fer\u00f3ttaf\u00e9lagsins Gr\u00f3ttu og deilda \u00feess.<\/p><p>\u2014\u2014\u2013 eldri fr\u00e9tt fyrir ne\u00f0an \u2014\u2014\u2013<\/p><p>\u00cd lj\u00f3si n\u00fdjustu uppl\u00fdsinga fr\u00e1 \u00cdS\u00cd sem birtust \u00ed g\u00e6rkv\u00f6ldi hefur a\u00f0alstj\u00f3rn Gr\u00f3ttu \u00e1kve\u00f0i\u00f0 a\u00f0 allar \u00e6fingar yngri flokka \u00ed \u00f6llum greinum muni falla ni\u00f0ur til m\u00e1nudagsins 23. mars. Vonast er til \u00feess a\u00f0 \u00e1 \u00feeim t\u00edmapunkti ver\u00f0i komnar frekari uppl\u00fdsingar fr\u00e1 \u00fear til b\u00e6rum yfirv\u00f6ldum til a\u00f0 hefja starfi\u00f0 a\u00f0 n\u00fdju.<\/p><p>\u00cd\u00fer\u00f3ttamannvirki Gr\u00f3ttu (vallarh\u00fas og \u00ed\u00fer\u00f3ttah\u00fas) ver\u00f0a loku\u00f0 fr\u00e1 og me\u00f0 morgundeginum og til m\u00e1nudags 23. mars.<\/p><p>Allir \u00fatleigut\u00edmar falla ni\u00f0ur fr\u00e1 \u00feri\u00f0judegi 17. mars og til m\u00e1nudags 23. mars.<\/p><p>Skrifstofa Gr\u00f3ttu ver\u00f0ur opin eins og venjulega \u00fat vikuna e\u00f0a fr\u00e1 13:00-16:00. S\u00edmi 561-1133<\/p><p>Vil vekja athygli ykkar \u00e1 spurt og svara\u00f0 s\u00ed\u00f0u UMF\u00cd var\u00f0andi samkomubanni\u00f0 \u00e1 umfi.is<\/p><p>Fyrir \u00fe\u00e1 sem fylgja Gr\u00f3ttu \u00e1 Facebook \u00fe\u00e1 setjum vi\u00f0 inn reglulega uppl\u00fdsingar \u00fear inn.<\/p>","protected":false},"excerpt":{"rendered":"<p>Flj\u00f3tlega \u00ed kj\u00f6lfar t\u00f6lvup\u00f3stsins sem \u00e9g sendi ykkur \u00ed g\u00e6r kom eftirfarandi tilkynning fr\u00e1 \u00cdS\u00cd h\u00e9r. \u00dea\u00f0 er \u00fev\u00ed lj\u00f3st a\u00f0 me\u00f0 \u00feessari tilkynningu gir\u00f0a yfirv\u00f6ld fyrir allt \u00ed\u00fer\u00f3ttastarf \u00ed landinu \u00e1 me\u00f0an \u00e1 samkomubanni stendur. \u00cd\u00fer\u00f3ttaf\u00e9lagi\u00f0 Gr\u00f3tta mun a\u00f0 sj\u00e1lfs\u00f6g\u00f0u fara eftir \u00feessum fyrirm\u00e6lum yfirvalda og s\u00fdna \u00fear me\u00f0 \u00e1byrg\u00f0 \u00ed verki.<\/p>","protected":false},"author":2,"featured_media":164,"comment_status":"closed","ping_status":"closed","sticky":false,"template":"","format":"standard","meta":{"footnotes":""},"categories":[4],"tags":[],"class_list":["post-2928","post","type-post","status-publish","format-standard","has-post-thumbnail","hentry","category-almennt"],"yoast_head":"<!-- This site is optimized with the Yoast SEO plugin v24.3 - https:\/\/yoast.com\/wordpress\/plugins\/seo\/ -->\n<title>Uppl\u00fdsingagj\u00f6f vegna samkomubanns - \u00cd\u00fer\u00f3ttaf\u00e9lagi\u00f0 Gr\u00f3tta<\/title>\n<meta name=\"robots\" content=\"index, follow, max-snippet:-1, max-image-preview:large, max-video-preview:-1\" \/>\n<link rel=\"canonical\" href=\"https:\/\/grotta.is\/en\/almennt\/upplysingagjof-vegna-samkomubanns\/\" \/>\n<meta property=\"og:locale\" content=\"en_US\" \/>\n<meta property=\"og:type\" content=\"article\" \/>\n<meta property=\"og:title\" content=\"Uppl\u00fdsingagj\u00f6f vegna samkomubanns - \u00cd\u00fer\u00f3ttaf\u00e9lagi\u00f0 Gr\u00f3tta\" \/>\n<meta property=\"og:description\" content=\"Flj\u00f3tlega \u00ed kj\u00f6lfar t\u00f6lvup\u00f3stsins sem \u00e9g sendi ykkur \u00ed g\u00e6r kom eftirfarandi tilkynning fr\u00e1 \u00cdS\u00cd h\u00e9r. \u00dea\u00f0 er \u00fev\u00ed lj\u00f3st a\u00f0 me\u00f0 \u00feessari tilkynningu gir\u00f0a yfirv\u00f6ld fyrir allt \u00ed\u00fer\u00f3ttastarf \u00ed landinu \u00e1 me\u00f0an \u00e1 samkomubanni stendur. \u00cd\u00fer\u00f3ttaf\u00e9lagi\u00f0 Gr\u00f3tta mun a\u00f0 sj\u00e1lfs\u00f6g\u00f0u fara eftir \u00feessum fyrirm\u00e6lum yfirvalda og s\u00fdna \u00fear me\u00f0 \u00e1byrg\u00f0 \u00ed verki.\" \/>\n<meta property=\"og:url\" content=\"https:\/\/grotta.is\/en\/almennt\/upplysingagjof-vegna-samkomubanns\/\" \/>\n<meta property=\"og:site_name\" content=\"\u00cd\u00fer\u00f3ttaf\u00e9lagi\u00f0 Gr\u00f3tta\" \/>\n<meta property=\"article:publisher\" content=\"https:\/\/www.facebook.com\/grottasport\" \/>\n<meta property=\"article:published_time\" content=\"2020-04-28T11:14:53+00:00\" \/>\n<meta property=\"article:modified_time\" content=\"2020-04-28T14:54:17+00:00\" \/>\n<meta property=\"og:image\" content=\"https:\/\/grotta.is\/wp-content\/uploads\/2020\/02\/Grotta_Almennt_1-scaled.jpg\" \/>\n\t<meta property=\"og:image:width\" content=\"2560\" \/>\n\t<meta property=\"og:image:height\" content=\"1706\" \/>\n\t<meta property=\"og:image:type\" content=\"image\/jpeg\" \/>\n<meta name=\"author\" content=\"Grotta\" \/>\n<meta name=\"twitter:card\" content=\"summary_large_image\" \/>\n<meta name=\"twitter:label1\" content=\"Written by\" \/>\n\t<meta name=\"twitter:data1\" content=\"Grotta\" \/>\n\t<meta name=\"twitter:label2\" content=\"Est. reading time\" \/>\n\t<meta name=\"twitter:data2\" content=\"3 minutes\" \/>\n<script type=\"application\/ld+json\" class=\"yoast-schema-graph\">{\"@context\":\"https:\/\/schema.org\",\"@graph\":[{\"@type\":\"Article\",\"@id\":\"https:\/\/grotta.is\/almennt\/upplysingagjof-vegna-samkomubanns\/#article\",\"isPartOf\":{\"@id\":\"https:\/\/grotta.is\/almennt\/upplysingagjof-vegna-samkomubanns\/\"},\"author\":{\"name\":\"Grotta\",\"@id\":\"https:\/\/grotta.is\/#\/schema\/person\/08ec57bf09ee925f1b6a01540c14a5ce\"},\"headline\":\"Uppl\u00fdsingagj\u00f6f vegna samkomubanns\",\"datePublished\":\"2020-04-28T11:14:53+00:00\",\"dateModified\":\"2020-04-28T14:54:17+00:00\",\"mainEntityOfPage\":{\"@id\":\"https:\/\/grotta.is\/almennt\/upplysingagjof-vegna-samkomubanns\/\"},\"wordCount\":560,\"publisher\":{\"@id\":\"https:\/\/grotta.is\/#organization\"},\"image\":{\"@id\":\"https:\/\/grotta.is\/almennt\/upplysingagjof-vegna-samkomubanns\/#primaryimage\"},\"thumbnailUrl\":\"https:\/\/grotta.is\/wp-content\/uploads\/2020\/02\/Grotta_Almennt_1-scaled.jpg\",\"articleSection\":[\"Almennt\"],\"inLanguage\":\"en-US\"},{\"@type\":\"WebPage\",\"@id\":\"https:\/\/grotta.is\/almennt\/upplysingagjof-vegna-samkomubanns\/\",\"url\":\"https:\/\/grotta.is\/almennt\/upplysingagjof-vegna-samkomubanns\/\",\"name\":\"Uppl\u00fdsingagj\u00f6f vegna samkomubanns - \u00cd\u00fer\u00f3ttaf\u00e9lagi\u00f0 Gr\u00f3tta\",\"isPartOf\":{\"@id\":\"https:\/\/grotta.is\/#website\"},\"primaryImageOfPage\":{\"@id\":\"https:\/\/grotta.is\/almennt\/upplysingagjof-vegna-samkomubanns\/#primaryimage\"},\"image\":{\"@id\":\"https:\/\/grotta.is\/almennt\/upplysingagjof-vegna-samkomubanns\/#primaryimage\"},\"thumbnailUrl\":\"https:\/\/grotta.is\/wp-content\/uploads\/2020\/02\/Grotta_Almennt_1-scaled.jpg\",\"datePublished\":\"2020-04-28T11:14:53+00:00\",\"dateModified\":\"2020-04-28T14:54:17+00:00\",\"breadcrumb\":{\"@id\":\"https:\/\/grotta.is\/almennt\/upplysingagjof-vegna-samkomubanns\/#breadcrumb\"},\"inLanguage\":\"en-US\",\"potentialAction\":[{\"@type\":\"ReadAction\",\"target\":[\"https:\/\/grotta.is\/almennt\/upplysingagjof-vegna-samkomubanns\/\"]}]},{\"@type\":\"ImageObject\",\"inLanguage\":\"en-US\",\"@id\":\"https:\/\/grotta.is\/almennt\/upplysingagjof-vegna-samkomubanns\/#primaryimage\",\"url\":\"https:\/\/grotta.is\/wp-content\/uploads\/2020\/02\/Grotta_Almennt_1-scaled.jpg\",\"contentUrl\":\"https:\/\/grotta.is\/wp-content\/uploads\/2020\/02\/Grotta_Almennt_1-scaled.jpg\",\"width\":2560,\"height\":1706},{\"@type\":\"BreadcrumbList\",\"@id\":\"https:\/\/grotta.is\/almennt\/upplysingagjof-vegna-samkomubanns\/#breadcrumb\",\"itemListElement\":[{\"@type\":\"ListItem\",\"position\":1,\"name\":\"Home\",\"item\":\"https:\/\/grotta.is\/\"},{\"@type\":\"ListItem\",\"position\":2,\"name\":\"Uppl\u00fdsingagj\u00f6f vegna samkomubanns\"}]},{\"@type\":\"WebSite\",\"@id\":\"https:\/\/grotta.is\/#website\",\"url\":\"https:\/\/grotta.is\/\",\"name\":\"\u00cd\u00fer\u00f3ttaf\u00e9lagi\u00f0 Gr\u00f3tta\",\"description\":\"\u00e1 Seltjarnarnesi\",\"publisher\":{\"@id\":\"https:\/\/grotta.is\/#organization\"},\"potentialAction\":[{\"@type\":\"SearchAction\",\"target\":{\"@type\":\"EntryPoint\",\"urlTemplate\":\"https:\/\/grotta.is\/?s={search_term_string}\"},\"query-input\":{\"@type\":\"PropertyValueSpecification\",\"valueRequired\":true,\"valueName\":\"search_term_string\"}}],\"inLanguage\":\"en-US\"},{\"@type\":\"Organization\",\"@id\":\"https:\/\/grotta.is\/#organization\",\"name\":\"\u00cd\u00fer\u00f3ttaf\u00e9lagi\u00f0 Gr\u00f3tta\",\"url\":\"https:\/\/grotta.is\/\",\"logo\":{\"@type\":\"ImageObject\",\"inLanguage\":\"en-US\",\"@id\":\"https:\/\/grotta.is\/#\/schema\/logo\/image\/\",\"url\":\"https:\/\/grotta.is\/wp-content\/uploads\/2020\/02\/ithrottafelagidgrotta_logo_512x512_transparent.png\",\"contentUrl\":\"https:\/\/grotta.is\/wp-content\/uploads\/2020\/02\/ithrottafelagidgrotta_logo_512x512_transparent.png\",\"width\":512,\"height\":512,\"caption\":\"\u00cd\u00fer\u00f3ttaf\u00e9lagi\u00f0 Gr\u00f3tta\"},\"image\":{\"@id\":\"https:\/\/grotta.is\/#\/schema\/logo\/image\/\"},\"sameAs\":[\"https:\/\/www.facebook.com\/grottasport\"]},{\"@type\":\"Person\",\"@id\":\"https:\/\/grotta.is\/#\/schema\/person\/08ec57bf09ee925f1b6a01540c14a5ce\",\"name\":\"Grotta\",\"url\":\"https:\/\/grotta.is\/en\/author\/inga\/\"}]}<\/script>\n<!-- \/ Yoast SEO plugin. -->","yoast_head_json":{"title":"Uppl\u00fdsingagj\u00f6f vegna samkomubanns - \u00cd\u00fer\u00f3ttaf\u00e9lagi\u00f0 Gr\u00f3tta","robots":{"index":"index","follow":"follow","max-snippet":"max-snippet:-1","max-image-preview":"max-image-preview:large","max-video-preview":"max-video-preview:-1"},"canonical":"https:\/\/grotta.is\/en\/almennt\/upplysingagjof-vegna-samkomubanns\/","og_locale":"en_US","og_type":"article","og_title":"Uppl\u00fdsingagj\u00f6f vegna samkomubanns - \u00cd\u00fer\u00f3ttaf\u00e9lagi\u00f0 Gr\u00f3tta","og_description":"Flj\u00f3tlega \u00ed kj\u00f6lfar t\u00f6lvup\u00f3stsins sem \u00e9g sendi ykkur \u00ed g\u00e6r kom eftirfarandi tilkynning fr\u00e1 \u00cdS\u00cd h\u00e9r. \u00dea\u00f0 er \u00fev\u00ed lj\u00f3st a\u00f0 me\u00f0 \u00feessari tilkynningu gir\u00f0a yfirv\u00f6ld fyrir allt \u00ed\u00fer\u00f3ttastarf \u00ed landinu \u00e1 me\u00f0an \u00e1 samkomubanni stendur. \u00cd\u00fer\u00f3ttaf\u00e9lagi\u00f0 Gr\u00f3tta mun a\u00f0 sj\u00e1lfs\u00f6g\u00f0u fara eftir \u00feessum fyrirm\u00e6lum yfirvalda og s\u00fdna \u00fear me\u00f0 \u00e1byrg\u00f0 \u00ed verki.","og_url":"https:\/\/grotta.is\/en\/almennt\/upplysingagjof-vegna-samkomubanns\/","og_site_name":"\u00cd\u00fer\u00f3ttaf\u00e9lagi\u00f0 Gr\u00f3tta","article_publisher":"https:\/\/www.facebook.com\/grottasport","article_published_time":"2020-04-28T11:14:53+00:00","article_modified_time":"2020-04-28T14:54:17+00:00","og_image":[{"width":2560,"height":1706,"url":"https:\/\/grotta.is\/wp-content\/uploads\/2020\/02\/Grotta_Almennt_1-scaled.jpg","type":"image\/jpeg"}],"author":"Grotta","twitter_card":"summary_large_image","twitter_misc":{"Written by":"Grotta","Est. reading time":"3 minutes"},"schema":{"@context":"https:\/\/schema.org","@graph":[{"@type":"Article","@id":"https:\/\/grotta.is\/almennt\/upplysingagjof-vegna-samkomubanns\/#article","isPartOf":{"@id":"https:\/\/grotta.is\/almennt\/upplysingagjof-vegna-samkomubanns\/"},"author":{"name":"Grotta","@id":"https:\/\/grotta.is\/#\/schema\/person\/08ec57bf09ee925f1b6a01540c14a5ce"},"headline":"Uppl\u00fdsingagj\u00f6f vegna samkomubanns","datePublished":"2020-04-28T11:14:53+00:00","dateModified":"2020-04-28T14:54:17+00:00","mainEntityOfPage":{"@id":"https:\/\/grotta.is\/almennt\/upplysingagjof-vegna-samkomubanns\/"},"wordCount":560,"publisher":{"@id":"https:\/\/grotta.is\/#organization"},"image":{"@id":"https:\/\/grotta.is\/almennt\/upplysingagjof-vegna-samkomubanns\/#primaryimage"},"thumbnailUrl":"https:\/\/grotta.is\/wp-content\/uploads\/2020\/02\/Grotta_Almennt_1-scaled.jpg","articleSection":["Almennt"],"inLanguage":"en-US"},{"@type":"WebPage","@id":"https:\/\/grotta.is\/almennt\/upplysingagjof-vegna-samkomubanns\/","url":"https:\/\/grotta.is\/almennt\/upplysingagjof-vegna-samkomubanns\/","name":"Uppl\u00fdsingagj\u00f6f vegna samkomubanns - \u00cd\u00fer\u00f3ttaf\u00e9lagi\u00f0 Gr\u00f3tta","isPartOf":{"@id":"https:\/\/grotta.is\/#website"},"primaryImageOfPage":{"@id":"https:\/\/grotta.is\/almennt\/upplysingagjof-vegna-samkomubanns\/#primaryimage"},"image":{"@id":"https:\/\/grotta.is\/almennt\/upplysingagjof-vegna-samkomubanns\/#primaryimage"},"thumbnailUrl":"https:\/\/grotta.is\/wp-content\/uploads\/2020\/02\/Grotta_Almennt_1-scaled.jpg","datePublished":"2020-04-28T11:14:53+00:00","dateModified":"2020-04-28T14:54:17+00:00","breadcrumb":{"@id":"https:\/\/grotta.is\/almennt\/upplysingagjof-vegna-samkomubanns\/#breadcrumb"},"inLanguage":"en-US","potentialAction":[{"@type":"ReadAction","target":["https:\/\/grotta.is\/almennt\/upplysingagjof-vegna-samkomubanns\/"]}]},{"@type":"ImageObject","inLanguage":"en-US","@id":"https:\/\/grotta.is\/almennt\/upplysingagjof-vegna-samkomubanns\/#primaryimage","url":"https:\/\/grotta.is\/wp-content\/uploads\/2020\/02\/Grotta_Almennt_1-scaled.jpg","contentUrl":"https:\/\/grotta.is\/wp-content\/uploads\/2020\/02\/Grotta_Almennt_1-scaled.jpg","width":2560,"height":1706},{"@type":"BreadcrumbList","@id":"https:\/\/grotta.is\/almennt\/upplysingagjof-vegna-samkomubanns\/#breadcrumb","itemListElement":[{"@type":"ListItem","position":1,"name":"Home","item":"https:\/\/grotta.is\/"},{"@type":"ListItem","position":2,"name":"Uppl\u00fdsingagj\u00f6f vegna samkomubanns"}]},{"@type":"WebSite","@id":"https:\/\/grotta.is\/#website","url":"https:\/\/grotta.is\/","name":"\u00cd\u00fer\u00f3ttaf\u00e9lagi\u00f0 Gr\u00f3tta","description":"\u00e1 Seltjarnarnesi","publisher":{"@id":"https:\/\/grotta.is\/#organization"},"potentialAction":[{"@type":"SearchAction","target":{"@type":"EntryPoint","urlTemplate":"https:\/\/grotta.is\/?s={search_term_string}"},"query-input":{"@type":"PropertyValueSpecification","valueRequired":true,"valueName":"search_term_string"}}],"inLanguage":"en-US"},{"@type":"Organization","@id":"https:\/\/grotta.is\/#organization","name":"\u00cd\u00fer\u00f3ttaf\u00e9lagi\u00f0 Gr\u00f3tta","url":"https:\/\/grotta.is\/","logo":{"@type":"ImageObject","inLanguage":"en-US","@id":"https:\/\/grotta.is\/#\/schema\/logo\/image\/","url":"https:\/\/grotta.is\/wp-content\/uploads\/2020\/02\/ithrottafelagidgrotta_logo_512x512_transparent.png","contentUrl":"https:\/\/grotta.is\/wp-content\/uploads\/2020\/02\/ithrottafelagidgrotta_logo_512x512_transparent.png","width":512,"height":512,"caption":"\u00cd\u00fer\u00f3ttaf\u00e9lagi\u00f0 Gr\u00f3tta"},"image":{"@id":"https:\/\/grotta.is\/#\/schema\/logo\/image\/"},"sameAs":["https:\/\/www.facebook.com\/grottasport"]},{"@type":"Person","@id":"https:\/\/grotta.is\/#\/schema\/person\/08ec57bf09ee925f1b6a01540c14a5ce","name":"Grotta","url":"https:\/\/grotta.is\/en\/author\/inga\/"}]}},"_links":{"self":[{"href":"https:\/\/grotta.is\/en\/wp-json\/wp\/v2\/posts\/2928","targetHints":{"allow":["GET"]}}],"collection":[{"href":"https:\/\/grotta.is\/en\/wp-json\/wp\/v2\/posts"}],"about":[{"href":"https:\/\/grotta.is\/en\/wp-json\/wp\/v2\/types\/post"}],"author":[{"embeddable":true,"href":"https:\/\/grotta.is\/en\/wp-json\/wp\/v2\/users\/2"}],"replies":[{"embeddable":true,"href":"https:\/\/grotta.is\/en\/wp-json\/wp\/v2\/comments?post=2928"}],"version-history":[{"count":2,"href":"https:\/\/grotta.is\/en\/wp-json\/wp\/v2\/posts\/2928\/revisions"}],"predecessor-version":[{"id":2938,"href":"https:\/\/grotta.is\/en\/wp-json\/wp\/v2\/posts\/2928\/revisions\/2938"}],"wp:featuredmedia":[{"embeddable":true,"href":"https:\/\/grotta.is\/en\/wp-json\/wp\/v2\/media\/164"}],"wp:attachment":[{"href":"https:\/\/grotta.is\/en\/wp-json\/wp\/v2\/media?parent=2928"}],"wp:term":[{"taxonomy":"category","embeddable":true,"href":"https:\/\/grotta.is\/en\/wp-json\/wp\/v2\/categories?post=2928"},{"taxonomy":"post_tag","embeddable":true,"href":"https:\/\/grotta.is\/en\/wp-json\/wp\/v2\/tags?post=2928"}],"curies":[{"name":"wp","href":"https:\/\/api.w.org\/{rel}","templated":true}]}}