{"id":287,"date":"2019-11-17T18:14:00","date_gmt":"2019-11-17T18:14:00","guid":{"rendered":"https:\/\/grotta.is\/?p=287"},"modified":"2020-02-17T18:14:47","modified_gmt":"2020-02-17T18:14:47","slug":"kjartan-kari-og-grimur-ingi-a-u17-ara-urtaksaefingar","status":"publish","type":"post","link":"https:\/\/grotta.is\/en\/knattspyrnudeild\/kjartan-kari-og-grimur-ingi-a-u17-ara-urtaksaefingar\/","title":{"rendered":"Kjartan K\u00e1ri og Gr\u00edmur Ingi \u00e1 U17 \u00e1ra \u00fartaks\u00e6fingar"},"content":{"rendered":"<p>Kjartan K\u00e1ri og Gr\u00edmur Ingi hafa veri\u00f0 valdir \u00e1 \u00fartaks\u00e6fingar U17 \u00e1ra landsli\u00f0sins sem fara fram 25.-27. n\u00f3vember. ?? \u00c6fingarnar fara fram \u00ed Skessunni \u00ed Hafnarfir\u00f0i.<\/p><figure class=\"wp-block-image size-large\"><img fetchpriority=\"high\" decoding=\"async\" width=\"1024\" height=\"683\" src=\"https:\/\/grotta.is\/wp-content\/uploads\/2020\/02\/Knattspyrnudeild_grotta_Frettir_leikmenn_13-1024x683.jpg\" alt=\"\" class=\"wp-image-291\" srcset=\"https:\/\/grotta.is\/wp-content\/uploads\/2020\/02\/Knattspyrnudeild_grotta_Frettir_leikmenn_13-1024x683.jpg 1024w, https:\/\/grotta.is\/wp-content\/uploads\/2020\/02\/Knattspyrnudeild_grotta_Frettir_leikmenn_13-600x400.jpg 600w, https:\/\/grotta.is\/wp-content\/uploads\/2020\/02\/Knattspyrnudeild_grotta_Frettir_leikmenn_13-300x200.jpg 300w, https:\/\/grotta.is\/wp-content\/uploads\/2020\/02\/Knattspyrnudeild_grotta_Frettir_leikmenn_13-768x512.jpg 768w, https:\/\/grotta.is\/wp-content\/uploads\/2020\/02\/Knattspyrnudeild_grotta_Frettir_leikmenn_13-1536x1025.jpg 1536w, https:\/\/grotta.is\/wp-content\/uploads\/2020\/02\/Knattspyrnudeild_grotta_Frettir_leikmenn_13.jpg 1955w\" sizes=\"(max-width: 1024px) 100vw, 1024px\" \/><\/figure>","protected":false},"excerpt":{"rendered":"<p>Kjartan K\u00e1ri og Gr\u00edmur Ingi hafa veri\u00f0 valdir \u00e1 \u00fartaks\u00e6fingar U17 \u00e1ra landsli\u00f0sins sem fara fram 25.-27. n\u00f3vember. <\/p>","protected":false},"author":2,"featured_media":292,"comment_status":"closed","ping_status":"closed","sticky":false,"template":"","format":"standard","meta":{"footnotes":""},"categories":[7],"tags":[6,22,17],"class_list":["post-287","post","type-post","status-publish","format-standard","has-post-thumbnail","hentry","category-knattspyrnudeild","tag-knattspyrna","tag-landslid","tag-leikmenn"],"yoast_head":"<!-- This site is optimized with the Yoast SEO plugin v24.3 - https:\/\/yoast.com\/wordpress\/plugins\/seo\/ -->\n<title>Kjartan K\u00e1ri og Gr\u00edmur Ingi \u00e1 U17 \u00e1ra \u00fartaks\u00e6fingar - \u00cd\u00fer\u00f3ttaf\u00e9lagi\u00f0 Gr\u00f3tta<\/title>\n<meta name=\"robots\" content=\"index, follow, max-snippet:-1, max-image-preview:large, max-video-preview:-1\" \/>\n<link rel=\"canonical\" href=\"https:\/\/grotta.is\/en\/knattspyrnudeild\/kjartan-kari-og-grimur-ingi-a-u17-ara-urtaksaefingar\/\" \/>\n<meta property=\"og:locale\" content=\"en_US\" \/>\n<meta property=\"og:type\" content=\"article\" \/>\n<meta property=\"og:title\" content=\"Kjartan K\u00e1ri og Gr\u00edmur Ingi \u00e1 U17 \u00e1ra \u00fartaks\u00e6fingar - \u00cd\u00fer\u00f3ttaf\u00e9lagi\u00f0 Gr\u00f3tta\" \/>\n<meta property=\"og:description\" content=\"Kjartan K\u00e1ri og Gr\u00edmur Ingi hafa veri\u00f0 valdir \u00e1 \u00fartaks\u00e6fingar U17 \u00e1ra landsli\u00f0sins sem fara fram 25.-27. n\u00f3vember.\" \/>\n<meta property=\"og:url\" content=\"https:\/\/grotta.is\/en\/knattspyrnudeild\/kjartan-kari-og-grimur-ingi-a-u17-ara-urtaksaefingar\/\" \/>\n<meta property=\"og:site_name\" content=\"\u00cd\u00fer\u00f3ttaf\u00e9lagi\u00f0 Gr\u00f3tta\" \/>\n<meta property=\"article:publisher\" content=\"https:\/\/www.facebook.com\/grottasport\" \/>\n<meta property=\"article:published_time\" content=\"2019-11-17T18:14:00+00:00\" \/>\n<meta property=\"article:modified_time\" content=\"2020-02-17T18:14:47+00:00\" \/>\n<meta property=\"og:image\" content=\"https:\/\/grotta.is\/wp-content\/uploads\/2020\/02\/Knattspyrnudeild_grotta_Frettir_leikmenn_12.jpg\" \/>\n\t<meta property=\"og:image:width\" content=\"2102\" \/>\n\t<meta property=\"og:image:height\" content=\"1402\" \/>\n\t<meta property=\"og:image:type\" content=\"image\/jpeg\" \/>\n<meta name=\"author\" content=\"Grotta\" \/>\n<meta name=\"twitter:card\" content=\"summary_large_image\" \/>\n<meta name=\"twitter:label1\" content=\"Written by\" \/>\n\t<meta name=\"twitter:data1\" content=\"Grotta\" \/>\n<script type=\"application\/ld+json\" class=\"yoast-schema-graph\">{\"@context\":\"https:\/\/schema.org\",\"@graph\":[{\"@type\":\"Article\",\"@id\":\"https:\/\/grotta.is\/knattspyrnudeild\/kjartan-kari-og-grimur-ingi-a-u17-ara-urtaksaefingar\/#article\",\"isPartOf\":{\"@id\":\"https:\/\/grotta.is\/knattspyrnudeild\/kjartan-kari-og-grimur-ingi-a-u17-ara-urtaksaefingar\/\"},\"author\":{\"name\":\"Grotta\",\"@id\":\"https:\/\/grotta.is\/#\/schema\/person\/08ec57bf09ee925f1b6a01540c14a5ce\"},\"headline\":\"Kjartan K\u00e1ri og Gr\u00edmur Ingi \u00e1 U17 \u00e1ra \u00fartaks\u00e6fingar\",\"datePublished\":\"2019-11-17T18:14:00+00:00\",\"dateModified\":\"2020-02-17T18:14:47+00:00\",\"mainEntityOfPage\":{\"@id\":\"https:\/\/grotta.is\/knattspyrnudeild\/kjartan-kari-og-grimur-ingi-a-u17-ara-urtaksaefingar\/\"},\"wordCount\":39,\"publisher\":{\"@id\":\"https:\/\/grotta.is\/#organization\"},\"image\":{\"@id\":\"https:\/\/grotta.is\/knattspyrnudeild\/kjartan-kari-og-grimur-ingi-a-u17-ara-urtaksaefingar\/#primaryimage\"},\"thumbnailUrl\":\"https:\/\/grotta.is\/wp-content\/uploads\/2020\/02\/Knattspyrnudeild_grotta_Frettir_leikmenn_12.jpg\",\"keywords\":[\"Knattspyrna\",\"Landsli\u00f0\",\"Leikmenn\"],\"articleSection\":[\"Knattspyrnudeild\"],\"inLanguage\":\"en-US\"},{\"@type\":\"WebPage\",\"@id\":\"https:\/\/grotta.is\/knattspyrnudeild\/kjartan-kari-og-grimur-ingi-a-u17-ara-urtaksaefingar\/\",\"url\":\"https:\/\/grotta.is\/knattspyrnudeild\/kjartan-kari-og-grimur-ingi-a-u17-ara-urtaksaefingar\/\",\"name\":\"Kjartan K\u00e1ri og Gr\u00edmur Ingi \u00e1 U17 \u00e1ra \u00fartaks\u00e6fingar - \u00cd\u00fer\u00f3ttaf\u00e9lagi\u00f0 Gr\u00f3tta\",\"isPartOf\":{\"@id\":\"https:\/\/grotta.is\/#website\"},\"primaryImageOfPage\":{\"@id\":\"https:\/\/grotta.is\/knattspyrnudeild\/kjartan-kari-og-grimur-ingi-a-u17-ara-urtaksaefingar\/#primaryimage\"},\"image\":{\"@id\":\"https:\/\/grotta.is\/knattspyrnudeild\/kjartan-kari-og-grimur-ingi-a-u17-ara-urtaksaefingar\/#primaryimage\"},\"thumbnailUrl\":\"https:\/\/grotta.is\/wp-content\/uploads\/2020\/02\/Knattspyrnudeild_grotta_Frettir_leikmenn_12.jpg\",\"datePublished\":\"2019-11-17T18:14:00+00:00\",\"dateModified\":\"2020-02-17T18:14:47+00:00\",\"breadcrumb\":{\"@id\":\"https:\/\/grotta.is\/knattspyrnudeild\/kjartan-kari-og-grimur-ingi-a-u17-ara-urtaksaefingar\/#breadcrumb\"},\"inLanguage\":\"en-US\",\"potentialAction\":[{\"@type\":\"ReadAction\",\"target\":[\"https:\/\/grotta.is\/knattspyrnudeild\/kjartan-kari-og-grimur-ingi-a-u17-ara-urtaksaefingar\/\"]}]},{\"@type\":\"ImageObject\",\"inLanguage\":\"en-US\",\"@id\":\"https:\/\/grotta.is\/knattspyrnudeild\/kjartan-kari-og-grimur-ingi-a-u17-ara-urtaksaefingar\/#primaryimage\",\"url\":\"https:\/\/grotta.is\/wp-content\/uploads\/2020\/02\/Knattspyrnudeild_grotta_Frettir_leikmenn_12.jpg\",\"contentUrl\":\"https:\/\/grotta.is\/wp-content\/uploads\/2020\/02\/Knattspyrnudeild_grotta_Frettir_leikmenn_12.jpg\",\"width\":2102,\"height\":1402},{\"@type\":\"BreadcrumbList\",\"@id\":\"https:\/\/grotta.is\/knattspyrnudeild\/kjartan-kari-og-grimur-ingi-a-u17-ara-urtaksaefingar\/#breadcrumb\",\"itemListElement\":[{\"@type\":\"ListItem\",\"position\":1,\"name\":\"Home\",\"item\":\"https:\/\/grotta.is\/\"},{\"@type\":\"ListItem\",\"position\":2,\"name\":\"Kjartan K\u00e1ri og Gr\u00edmur Ingi \u00e1 U17 \u00e1ra \u00fartaks\u00e6fingar\"}]},{\"@type\":\"WebSite\",\"@id\":\"https:\/\/grotta.is\/#website\",\"url\":\"https:\/\/grotta.is\/\",\"name\":\"\u00cd\u00fer\u00f3ttaf\u00e9lagi\u00f0 Gr\u00f3tta\",\"description\":\"\u00e1 Seltjarnarnesi\",\"publisher\":{\"@id\":\"https:\/\/grotta.is\/#organization\"},\"potentialAction\":[{\"@type\":\"SearchAction\",\"target\":{\"@type\":\"EntryPoint\",\"urlTemplate\":\"https:\/\/grotta.is\/?s={search_term_string}\"},\"query-input\":{\"@type\":\"PropertyValueSpecification\",\"valueRequired\":true,\"valueName\":\"search_term_string\"}}],\"inLanguage\":\"en-US\"},{\"@type\":\"Organization\",\"@id\":\"https:\/\/grotta.is\/#organization\",\"name\":\"\u00cd\u00fer\u00f3ttaf\u00e9lagi\u00f0 Gr\u00f3tta\",\"url\":\"https:\/\/grotta.is\/\",\"logo\":{\"@type\":\"ImageObject\",\"inLanguage\":\"en-US\",\"@id\":\"https:\/\/grotta.is\/#\/schema\/logo\/image\/\",\"url\":\"https:\/\/grotta.is\/wp-content\/uploads\/2020\/02\/ithrottafelagidgrotta_logo_512x512_transparent.png\",\"contentUrl\":\"https:\/\/grotta.is\/wp-content\/uploads\/2020\/02\/ithrottafelagidgrotta_logo_512x512_transparent.png\",\"width\":512,\"height\":512,\"caption\":\"\u00cd\u00fer\u00f3ttaf\u00e9lagi\u00f0 Gr\u00f3tta\"},\"image\":{\"@id\":\"https:\/\/grotta.is\/#\/schema\/logo\/image\/\"},\"sameAs\":[\"https:\/\/www.facebook.com\/grottasport\"]},{\"@type\":\"Person\",\"@id\":\"https:\/\/grotta.is\/#\/schema\/person\/08ec57bf09ee925f1b6a01540c14a5ce\",\"name\":\"Grotta\",\"url\":\"https:\/\/grotta.is\/en\/author\/inga\/\"}]}<\/script>\n<!-- \/ Yoast SEO plugin. -->","yoast_head_json":{"title":"Kjartan K\u00e1ri og Gr\u00edmur Ingi \u00e1 U17 \u00e1ra \u00fartaks\u00e6fingar - \u00cd\u00fer\u00f3ttaf\u00e9lagi\u00f0 Gr\u00f3tta","robots":{"index":"index","follow":"follow","max-snippet":"max-snippet:-1","max-image-preview":"max-image-preview:large","max-video-preview":"max-video-preview:-1"},"canonical":"https:\/\/grotta.is\/en\/knattspyrnudeild\/kjartan-kari-og-grimur-ingi-a-u17-ara-urtaksaefingar\/","og_locale":"en_US","og_type":"article","og_title":"Kjartan K\u00e1ri og Gr\u00edmur Ingi \u00e1 U17 \u00e1ra \u00fartaks\u00e6fingar - \u00cd\u00fer\u00f3ttaf\u00e9lagi\u00f0 Gr\u00f3tta","og_description":"Kjartan K\u00e1ri og Gr\u00edmur Ingi hafa veri\u00f0 valdir \u00e1 \u00fartaks\u00e6fingar U17 \u00e1ra landsli\u00f0sins sem fara fram 25.-27. n\u00f3vember.","og_url":"https:\/\/grotta.is\/en\/knattspyrnudeild\/kjartan-kari-og-grimur-ingi-a-u17-ara-urtaksaefingar\/","og_site_name":"\u00cd\u00fer\u00f3ttaf\u00e9lagi\u00f0 Gr\u00f3tta","article_publisher":"https:\/\/www.facebook.com\/grottasport","article_published_time":"2019-11-17T18:14:00+00:00","article_modified_time":"2020-02-17T18:14:47+00:00","og_image":[{"width":2102,"height":1402,"url":"https:\/\/grotta.is\/wp-content\/uploads\/2020\/02\/Knattspyrnudeild_grotta_Frettir_leikmenn_12.jpg","type":"image\/jpeg"}],"author":"Grotta","twitter_card":"summary_large_image","twitter_misc":{"Written by":"Grotta"},"schema":{"@context":"https:\/\/schema.org","@graph":[{"@type":"Article","@id":"https:\/\/grotta.is\/knattspyrnudeild\/kjartan-kari-og-grimur-ingi-a-u17-ara-urtaksaefingar\/#article","isPartOf":{"@id":"https:\/\/grotta.is\/knattspyrnudeild\/kjartan-kari-og-grimur-ingi-a-u17-ara-urtaksaefingar\/"},"author":{"name":"Grotta","@id":"https:\/\/grotta.is\/#\/schema\/person\/08ec57bf09ee925f1b6a01540c14a5ce"},"headline":"Kjartan K\u00e1ri og Gr\u00edmur Ingi \u00e1 U17 \u00e1ra \u00fartaks\u00e6fingar","datePublished":"2019-11-17T18:14:00+00:00","dateModified":"2020-02-17T18:14:47+00:00","mainEntityOfPage":{"@id":"https:\/\/grotta.is\/knattspyrnudeild\/kjartan-kari-og-grimur-ingi-a-u17-ara-urtaksaefingar\/"},"wordCount":39,"publisher":{"@id":"https:\/\/grotta.is\/#organization"},"image":{"@id":"https:\/\/grotta.is\/knattspyrnudeild\/kjartan-kari-og-grimur-ingi-a-u17-ara-urtaksaefingar\/#primaryimage"},"thumbnailUrl":"https:\/\/grotta.is\/wp-content\/uploads\/2020\/02\/Knattspyrnudeild_grotta_Frettir_leikmenn_12.jpg","keywords":["Knattspyrna","Landsli\u00f0","Leikmenn"],"articleSection":["Knattspyrnudeild"],"inLanguage":"en-US"},{"@type":"WebPage","@id":"https:\/\/grotta.is\/knattspyrnudeild\/kjartan-kari-og-grimur-ingi-a-u17-ara-urtaksaefingar\/","url":"https:\/\/grotta.is\/knattspyrnudeild\/kjartan-kari-og-grimur-ingi-a-u17-ara-urtaksaefingar\/","name":"Kjartan K\u00e1ri og Gr\u00edmur Ingi \u00e1 U17 \u00e1ra \u00fartaks\u00e6fingar - \u00cd\u00fer\u00f3ttaf\u00e9lagi\u00f0 Gr\u00f3tta","isPartOf":{"@id":"https:\/\/grotta.is\/#website"},"primaryImageOfPage":{"@id":"https:\/\/grotta.is\/knattspyrnudeild\/kjartan-kari-og-grimur-ingi-a-u17-ara-urtaksaefingar\/#primaryimage"},"image":{"@id":"https:\/\/grotta.is\/knattspyrnudeild\/kjartan-kari-og-grimur-ingi-a-u17-ara-urtaksaefingar\/#primaryimage"},"thumbnailUrl":"https:\/\/grotta.is\/wp-content\/uploads\/2020\/02\/Knattspyrnudeild_grotta_Frettir_leikmenn_12.jpg","datePublished":"2019-11-17T18:14:00+00:00","dateModified":"2020-02-17T18:14:47+00:00","breadcrumb":{"@id":"https:\/\/grotta.is\/knattspyrnudeild\/kjartan-kari-og-grimur-ingi-a-u17-ara-urtaksaefingar\/#breadcrumb"},"inLanguage":"en-US","potentialAction":[{"@type":"ReadAction","target":["https:\/\/grotta.is\/knattspyrnudeild\/kjartan-kari-og-grimur-ingi-a-u17-ara-urtaksaefingar\/"]}]},{"@type":"ImageObject","inLanguage":"en-US","@id":"https:\/\/grotta.is\/knattspyrnudeild\/kjartan-kari-og-grimur-ingi-a-u17-ara-urtaksaefingar\/#primaryimage","url":"https:\/\/grotta.is\/wp-content\/uploads\/2020\/02\/Knattspyrnudeild_grotta_Frettir_leikmenn_12.jpg","contentUrl":"https:\/\/grotta.is\/wp-content\/uploads\/2020\/02\/Knattspyrnudeild_grotta_Frettir_leikmenn_12.jpg","width":2102,"height":1402},{"@type":"BreadcrumbList","@id":"https:\/\/grotta.is\/knattspyrnudeild\/kjartan-kari-og-grimur-ingi-a-u17-ara-urtaksaefingar\/#breadcrumb","itemListElement":[{"@type":"ListItem","position":1,"name":"Home","item":"https:\/\/grotta.is\/"},{"@type":"ListItem","position":2,"name":"Kjartan K\u00e1ri og Gr\u00edmur Ingi \u00e1 U17 \u00e1ra \u00fartaks\u00e6fingar"}]},{"@type":"WebSite","@id":"https:\/\/grotta.is\/#website","url":"https:\/\/grotta.is\/","name":"\u00cd\u00fer\u00f3ttaf\u00e9lagi\u00f0 Gr\u00f3tta","description":"\u00e1 Seltjarnarnesi","publisher":{"@id":"https:\/\/grotta.is\/#organization"},"potentialAction":[{"@type":"SearchAction","target":{"@type":"EntryPoint","urlTemplate":"https:\/\/grotta.is\/?s={search_term_string}"},"query-input":{"@type":"PropertyValueSpecification","valueRequired":true,"valueName":"search_term_string"}}],"inLanguage":"en-US"},{"@type":"Organization","@id":"https:\/\/grotta.is\/#organization","name":"\u00cd\u00fer\u00f3ttaf\u00e9lagi\u00f0 Gr\u00f3tta","url":"https:\/\/grotta.is\/","logo":{"@type":"ImageObject","inLanguage":"en-US","@id":"https:\/\/grotta.is\/#\/schema\/logo\/image\/","url":"https:\/\/grotta.is\/wp-content\/uploads\/2020\/02\/ithrottafelagidgrotta_logo_512x512_transparent.png","contentUrl":"https:\/\/grotta.is\/wp-content\/uploads\/2020\/02\/ithrottafelagidgrotta_logo_512x512_transparent.png","width":512,"height":512,"caption":"\u00cd\u00fer\u00f3ttaf\u00e9lagi\u00f0 Gr\u00f3tta"},"image":{"@id":"https:\/\/grotta.is\/#\/schema\/logo\/image\/"},"sameAs":["https:\/\/www.facebook.com\/grottasport"]},{"@type":"Person","@id":"https:\/\/grotta.is\/#\/schema\/person\/08ec57bf09ee925f1b6a01540c14a5ce","name":"Grotta","url":"https:\/\/grotta.is\/en\/author\/inga\/"}]}},"_links":{"self":[{"href":"https:\/\/grotta.is\/en\/wp-json\/wp\/v2\/posts\/287","targetHints":{"allow":["GET"]}}],"collection":[{"href":"https:\/\/grotta.is\/en\/wp-json\/wp\/v2\/posts"}],"about":[{"href":"https:\/\/grotta.is\/en\/wp-json\/wp\/v2\/types\/post"}],"author":[{"embeddable":true,"href":"https:\/\/grotta.is\/en\/wp-json\/wp\/v2\/users\/2"}],"replies":[{"embeddable":true,"href":"https:\/\/grotta.is\/en\/wp-json\/wp\/v2\/comments?post=287"}],"version-history":[{"count":0,"href":"https:\/\/grotta.is\/en\/wp-json\/wp\/v2\/posts\/287\/revisions"}],"wp:featuredmedia":[{"embeddable":true,"href":"https:\/\/grotta.is\/en\/wp-json\/wp\/v2\/media\/292"}],"wp:attachment":[{"href":"https:\/\/grotta.is\/en\/wp-json\/wp\/v2\/media?parent=287"}],"wp:term":[{"taxonomy":"category","embeddable":true,"href":"https:\/\/grotta.is\/en\/wp-json\/wp\/v2\/categories?post=287"},{"taxonomy":"post_tag","embeddable":true,"href":"https:\/\/grotta.is\/en\/wp-json\/wp\/v2\/tags?post=287"}],"curies":[{"name":"wp","href":"https:\/\/api.w.org\/{rel}","templated":true}]}}