{"id":286,"date":"2019-11-13T18:10:00","date_gmt":"2019-11-13T18:10:00","guid":{"rendered":"https:\/\/grotta.is\/?p=286"},"modified":"2020-02-17T18:15:02","modified_gmt":"2020-02-17T18:15:02","slug":"grotta-og-kr-endurnyja-samstarfid-i-2-og-3-flokki-kvenna","status":"publish","type":"post","link":"https:\/\/grotta.is\/en\/knattspyrnudeild\/grotta-og-kr-endurnyja-samstarfid-i-2-og-3-flokki-kvenna\/","title":{"rendered":"Gr\u00f3tta og KR endurn\u00fdja samstarfi\u00f0 \u00ed 2. og 3. flokki kvenna"},"content":{"rendered":"<p>Knattspyrnudeildir Gr\u00f3ttu og KR hafa n\u00e1\u00f0 samkomulagi um \u00e1framhaldandi samstarf \u00ed 2. og 3. flokki kvenna. Li\u00f0in hafa veri\u00f0 \u00ed samstarfi s\u00ed\u00f0an \u00e1ri\u00f0 2013 og \u00e1rangurinn veri\u00f0 mj\u00f6g g\u00f3\u00f0ur. \u00dev\u00ed er miki\u00f0 fagna\u00f0arefni a\u00f0 \u00ed dag skrifu\u00f0u formenn deildanna undir tveggja \u00e1ra samstarfssamning.<\/p><p>An\u00edta L\u00edsa Svansd\u00f3ttir mun \u00fej\u00e1lfa 2. flokk kvenna. An\u00edta og Bj\u00f6ssi Vald munu \u00fej\u00e1lfa 3. flokk kvenna.<\/p>","protected":false},"excerpt":{"rendered":"<p>Knattspyrnudeildir Gr\u00f3ttu og KR hafa n\u00e1\u00f0 samkomulagi um \u00e1framhaldandi samstarf \u00ed 2. og 3. flokki kvenna.<\/p>","protected":false},"author":2,"featured_media":288,"comment_status":"closed","ping_status":"closed","sticky":false,"template":"","format":"standard","meta":{"footnotes":""},"categories":[7],"tags":[6,15],"class_list":["post-286","post","type-post","status-publish","format-standard","has-post-thumbnail","hentry","category-knattspyrnudeild","tag-knattspyrna","tag-yngri-flokkar"],"yoast_head":"<!-- This site is optimized with the Yoast SEO plugin v24.3 - https:\/\/yoast.com\/wordpress\/plugins\/seo\/ -->\n<title>Gr\u00f3tta og KR endurn\u00fdja samstarfi\u00f0 \u00ed 2. og 3. flokki kvenna - \u00cd\u00fer\u00f3ttaf\u00e9lagi\u00f0 Gr\u00f3tta<\/title>\n<meta name=\"robots\" content=\"index, follow, max-snippet:-1, max-image-preview:large, max-video-preview:-1\" \/>\n<link rel=\"canonical\" href=\"https:\/\/grotta.is\/en\/knattspyrnudeild\/grotta-og-kr-endurnyja-samstarfid-i-2-og-3-flokki-kvenna\/\" \/>\n<meta property=\"og:locale\" content=\"en_US\" \/>\n<meta property=\"og:type\" content=\"article\" \/>\n<meta property=\"og:title\" content=\"Gr\u00f3tta og KR endurn\u00fdja samstarfi\u00f0 \u00ed 2. og 3. flokki kvenna - \u00cd\u00fer\u00f3ttaf\u00e9lagi\u00f0 Gr\u00f3tta\" \/>\n<meta property=\"og:description\" content=\"Knattspyrnudeildir Gr\u00f3ttu og KR hafa n\u00e1\u00f0 samkomulagi um \u00e1framhaldandi samstarf \u00ed 2. og 3. flokki kvenna.\" \/>\n<meta property=\"og:url\" content=\"https:\/\/grotta.is\/en\/knattspyrnudeild\/grotta-og-kr-endurnyja-samstarfid-i-2-og-3-flokki-kvenna\/\" \/>\n<meta property=\"og:site_name\" content=\"\u00cd\u00fer\u00f3ttaf\u00e9lagi\u00f0 Gr\u00f3tta\" \/>\n<meta property=\"article:publisher\" content=\"https:\/\/www.facebook.com\/grottasport\" \/>\n<meta property=\"article:published_time\" content=\"2019-11-13T18:10:00+00:00\" \/>\n<meta property=\"article:modified_time\" content=\"2020-02-17T18:15:02+00:00\" \/>\n<meta property=\"og:image\" content=\"https:\/\/grotta.is\/wp-content\/uploads\/2020\/02\/Knattspyrnudeild_grotta_Frettir_leikmenn_11.jpg\" \/>\n\t<meta property=\"og:image:width\" content=\"2048\" \/>\n\t<meta property=\"og:image:height\" content=\"2048\" \/>\n\t<meta property=\"og:image:type\" content=\"image\/jpeg\" \/>\n<meta name=\"author\" content=\"Grotta\" \/>\n<meta name=\"twitter:card\" content=\"summary_large_image\" \/>\n<meta name=\"twitter:label1\" content=\"Written by\" \/>\n\t<meta name=\"twitter:data1\" content=\"Grotta\" \/>\n<script type=\"application\/ld+json\" class=\"yoast-schema-graph\">{\"@context\":\"https:\/\/schema.org\",\"@graph\":[{\"@type\":\"Article\",\"@id\":\"https:\/\/grotta.is\/knattspyrnudeild\/grotta-og-kr-endurnyja-samstarfid-i-2-og-3-flokki-kvenna\/#article\",\"isPartOf\":{\"@id\":\"https:\/\/grotta.is\/knattspyrnudeild\/grotta-og-kr-endurnyja-samstarfid-i-2-og-3-flokki-kvenna\/\"},\"author\":{\"name\":\"Grotta\",\"@id\":\"https:\/\/grotta.is\/#\/schema\/person\/08ec57bf09ee925f1b6a01540c14a5ce\"},\"headline\":\"Gr\u00f3tta og KR endurn\u00fdja samstarfi\u00f0 \u00ed 2. og 3. flokki kvenna\",\"datePublished\":\"2019-11-13T18:10:00+00:00\",\"dateModified\":\"2020-02-17T18:15:02+00:00\",\"mainEntityOfPage\":{\"@id\":\"https:\/\/grotta.is\/knattspyrnudeild\/grotta-og-kr-endurnyja-samstarfid-i-2-og-3-flokki-kvenna\/\"},\"wordCount\":76,\"publisher\":{\"@id\":\"https:\/\/grotta.is\/#organization\"},\"image\":{\"@id\":\"https:\/\/grotta.is\/knattspyrnudeild\/grotta-og-kr-endurnyja-samstarfid-i-2-og-3-flokki-kvenna\/#primaryimage\"},\"thumbnailUrl\":\"https:\/\/grotta.is\/wp-content\/uploads\/2020\/02\/Knattspyrnudeild_grotta_Frettir_leikmenn_11.jpg\",\"keywords\":[\"Knattspyrna\",\"Yngri flokkar\"],\"articleSection\":[\"Knattspyrnudeild\"],\"inLanguage\":\"en-US\"},{\"@type\":\"WebPage\",\"@id\":\"https:\/\/grotta.is\/knattspyrnudeild\/grotta-og-kr-endurnyja-samstarfid-i-2-og-3-flokki-kvenna\/\",\"url\":\"https:\/\/grotta.is\/knattspyrnudeild\/grotta-og-kr-endurnyja-samstarfid-i-2-og-3-flokki-kvenna\/\",\"name\":\"Gr\u00f3tta og KR endurn\u00fdja samstarfi\u00f0 \u00ed 2. og 3. flokki kvenna - \u00cd\u00fer\u00f3ttaf\u00e9lagi\u00f0 Gr\u00f3tta\",\"isPartOf\":{\"@id\":\"https:\/\/grotta.is\/#website\"},\"primaryImageOfPage\":{\"@id\":\"https:\/\/grotta.is\/knattspyrnudeild\/grotta-og-kr-endurnyja-samstarfid-i-2-og-3-flokki-kvenna\/#primaryimage\"},\"image\":{\"@id\":\"https:\/\/grotta.is\/knattspyrnudeild\/grotta-og-kr-endurnyja-samstarfid-i-2-og-3-flokki-kvenna\/#primaryimage\"},\"thumbnailUrl\":\"https:\/\/grotta.is\/wp-content\/uploads\/2020\/02\/Knattspyrnudeild_grotta_Frettir_leikmenn_11.jpg\",\"datePublished\":\"2019-11-13T18:10:00+00:00\",\"dateModified\":\"2020-02-17T18:15:02+00:00\",\"breadcrumb\":{\"@id\":\"https:\/\/grotta.is\/knattspyrnudeild\/grotta-og-kr-endurnyja-samstarfid-i-2-og-3-flokki-kvenna\/#breadcrumb\"},\"inLanguage\":\"en-US\",\"potentialAction\":[{\"@type\":\"ReadAction\",\"target\":[\"https:\/\/grotta.is\/knattspyrnudeild\/grotta-og-kr-endurnyja-samstarfid-i-2-og-3-flokki-kvenna\/\"]}]},{\"@type\":\"ImageObject\",\"inLanguage\":\"en-US\",\"@id\":\"https:\/\/grotta.is\/knattspyrnudeild\/grotta-og-kr-endurnyja-samstarfid-i-2-og-3-flokki-kvenna\/#primaryimage\",\"url\":\"https:\/\/grotta.is\/wp-content\/uploads\/2020\/02\/Knattspyrnudeild_grotta_Frettir_leikmenn_11.jpg\",\"contentUrl\":\"https:\/\/grotta.is\/wp-content\/uploads\/2020\/02\/Knattspyrnudeild_grotta_Frettir_leikmenn_11.jpg\",\"width\":2048,\"height\":2048},{\"@type\":\"BreadcrumbList\",\"@id\":\"https:\/\/grotta.is\/knattspyrnudeild\/grotta-og-kr-endurnyja-samstarfid-i-2-og-3-flokki-kvenna\/#breadcrumb\",\"itemListElement\":[{\"@type\":\"ListItem\",\"position\":1,\"name\":\"Home\",\"item\":\"https:\/\/grotta.is\/\"},{\"@type\":\"ListItem\",\"position\":2,\"name\":\"Gr\u00f3tta og KR endurn\u00fdja samstarfi\u00f0 \u00ed 2. og 3. flokki kvenna\"}]},{\"@type\":\"WebSite\",\"@id\":\"https:\/\/grotta.is\/#website\",\"url\":\"https:\/\/grotta.is\/\",\"name\":\"\u00cd\u00fer\u00f3ttaf\u00e9lagi\u00f0 Gr\u00f3tta\",\"description\":\"\u00e1 Seltjarnarnesi\",\"publisher\":{\"@id\":\"https:\/\/grotta.is\/#organization\"},\"potentialAction\":[{\"@type\":\"SearchAction\",\"target\":{\"@type\":\"EntryPoint\",\"urlTemplate\":\"https:\/\/grotta.is\/?s={search_term_string}\"},\"query-input\":{\"@type\":\"PropertyValueSpecification\",\"valueRequired\":true,\"valueName\":\"search_term_string\"}}],\"inLanguage\":\"en-US\"},{\"@type\":\"Organization\",\"@id\":\"https:\/\/grotta.is\/#organization\",\"name\":\"\u00cd\u00fer\u00f3ttaf\u00e9lagi\u00f0 Gr\u00f3tta\",\"url\":\"https:\/\/grotta.is\/\",\"logo\":{\"@type\":\"ImageObject\",\"inLanguage\":\"en-US\",\"@id\":\"https:\/\/grotta.is\/#\/schema\/logo\/image\/\",\"url\":\"https:\/\/grotta.is\/wp-content\/uploads\/2020\/02\/ithrottafelagidgrotta_logo_512x512_transparent.png\",\"contentUrl\":\"https:\/\/grotta.is\/wp-content\/uploads\/2020\/02\/ithrottafelagidgrotta_logo_512x512_transparent.png\",\"width\":512,\"height\":512,\"caption\":\"\u00cd\u00fer\u00f3ttaf\u00e9lagi\u00f0 Gr\u00f3tta\"},\"image\":{\"@id\":\"https:\/\/grotta.is\/#\/schema\/logo\/image\/\"},\"sameAs\":[\"https:\/\/www.facebook.com\/grottasport\"]},{\"@type\":\"Person\",\"@id\":\"https:\/\/grotta.is\/#\/schema\/person\/08ec57bf09ee925f1b6a01540c14a5ce\",\"name\":\"Grotta\",\"url\":\"https:\/\/grotta.is\/en\/author\/inga\/\"}]}<\/script>\n<!-- \/ Yoast SEO plugin. -->","yoast_head_json":{"title":"Gr\u00f3tta og KR endurn\u00fdja samstarfi\u00f0 \u00ed 2. og 3. flokki kvenna - \u00cd\u00fer\u00f3ttaf\u00e9lagi\u00f0 Gr\u00f3tta","robots":{"index":"index","follow":"follow","max-snippet":"max-snippet:-1","max-image-preview":"max-image-preview:large","max-video-preview":"max-video-preview:-1"},"canonical":"https:\/\/grotta.is\/en\/knattspyrnudeild\/grotta-og-kr-endurnyja-samstarfid-i-2-og-3-flokki-kvenna\/","og_locale":"en_US","og_type":"article","og_title":"Gr\u00f3tta og KR endurn\u00fdja samstarfi\u00f0 \u00ed 2. og 3. flokki kvenna - \u00cd\u00fer\u00f3ttaf\u00e9lagi\u00f0 Gr\u00f3tta","og_description":"Knattspyrnudeildir Gr\u00f3ttu og KR hafa n\u00e1\u00f0 samkomulagi um \u00e1framhaldandi samstarf \u00ed 2. og 3. flokki kvenna.","og_url":"https:\/\/grotta.is\/en\/knattspyrnudeild\/grotta-og-kr-endurnyja-samstarfid-i-2-og-3-flokki-kvenna\/","og_site_name":"\u00cd\u00fer\u00f3ttaf\u00e9lagi\u00f0 Gr\u00f3tta","article_publisher":"https:\/\/www.facebook.com\/grottasport","article_published_time":"2019-11-13T18:10:00+00:00","article_modified_time":"2020-02-17T18:15:02+00:00","og_image":[{"width":2048,"height":2048,"url":"https:\/\/grotta.is\/wp-content\/uploads\/2020\/02\/Knattspyrnudeild_grotta_Frettir_leikmenn_11.jpg","type":"image\/jpeg"}],"author":"Grotta","twitter_card":"summary_large_image","twitter_misc":{"Written by":"Grotta"},"schema":{"@context":"https:\/\/schema.org","@graph":[{"@type":"Article","@id":"https:\/\/grotta.is\/knattspyrnudeild\/grotta-og-kr-endurnyja-samstarfid-i-2-og-3-flokki-kvenna\/#article","isPartOf":{"@id":"https:\/\/grotta.is\/knattspyrnudeild\/grotta-og-kr-endurnyja-samstarfid-i-2-og-3-flokki-kvenna\/"},"author":{"name":"Grotta","@id":"https:\/\/grotta.is\/#\/schema\/person\/08ec57bf09ee925f1b6a01540c14a5ce"},"headline":"Gr\u00f3tta og KR endurn\u00fdja samstarfi\u00f0 \u00ed 2. og 3. flokki kvenna","datePublished":"2019-11-13T18:10:00+00:00","dateModified":"2020-02-17T18:15:02+00:00","mainEntityOfPage":{"@id":"https:\/\/grotta.is\/knattspyrnudeild\/grotta-og-kr-endurnyja-samstarfid-i-2-og-3-flokki-kvenna\/"},"wordCount":76,"publisher":{"@id":"https:\/\/grotta.is\/#organization"},"image":{"@id":"https:\/\/grotta.is\/knattspyrnudeild\/grotta-og-kr-endurnyja-samstarfid-i-2-og-3-flokki-kvenna\/#primaryimage"},"thumbnailUrl":"https:\/\/grotta.is\/wp-content\/uploads\/2020\/02\/Knattspyrnudeild_grotta_Frettir_leikmenn_11.jpg","keywords":["Knattspyrna","Yngri flokkar"],"articleSection":["Knattspyrnudeild"],"inLanguage":"en-US"},{"@type":"WebPage","@id":"https:\/\/grotta.is\/knattspyrnudeild\/grotta-og-kr-endurnyja-samstarfid-i-2-og-3-flokki-kvenna\/","url":"https:\/\/grotta.is\/knattspyrnudeild\/grotta-og-kr-endurnyja-samstarfid-i-2-og-3-flokki-kvenna\/","name":"Gr\u00f3tta og KR endurn\u00fdja samstarfi\u00f0 \u00ed 2. og 3. flokki kvenna - \u00cd\u00fer\u00f3ttaf\u00e9lagi\u00f0 Gr\u00f3tta","isPartOf":{"@id":"https:\/\/grotta.is\/#website"},"primaryImageOfPage":{"@id":"https:\/\/grotta.is\/knattspyrnudeild\/grotta-og-kr-endurnyja-samstarfid-i-2-og-3-flokki-kvenna\/#primaryimage"},"image":{"@id":"https:\/\/grotta.is\/knattspyrnudeild\/grotta-og-kr-endurnyja-samstarfid-i-2-og-3-flokki-kvenna\/#primaryimage"},"thumbnailUrl":"https:\/\/grotta.is\/wp-content\/uploads\/2020\/02\/Knattspyrnudeild_grotta_Frettir_leikmenn_11.jpg","datePublished":"2019-11-13T18:10:00+00:00","dateModified":"2020-02-17T18:15:02+00:00","breadcrumb":{"@id":"https:\/\/grotta.is\/knattspyrnudeild\/grotta-og-kr-endurnyja-samstarfid-i-2-og-3-flokki-kvenna\/#breadcrumb"},"inLanguage":"en-US","potentialAction":[{"@type":"ReadAction","target":["https:\/\/grotta.is\/knattspyrnudeild\/grotta-og-kr-endurnyja-samstarfid-i-2-og-3-flokki-kvenna\/"]}]},{"@type":"ImageObject","inLanguage":"en-US","@id":"https:\/\/grotta.is\/knattspyrnudeild\/grotta-og-kr-endurnyja-samstarfid-i-2-og-3-flokki-kvenna\/#primaryimage","url":"https:\/\/grotta.is\/wp-content\/uploads\/2020\/02\/Knattspyrnudeild_grotta_Frettir_leikmenn_11.jpg","contentUrl":"https:\/\/grotta.is\/wp-content\/uploads\/2020\/02\/Knattspyrnudeild_grotta_Frettir_leikmenn_11.jpg","width":2048,"height":2048},{"@type":"BreadcrumbList","@id":"https:\/\/grotta.is\/knattspyrnudeild\/grotta-og-kr-endurnyja-samstarfid-i-2-og-3-flokki-kvenna\/#breadcrumb","itemListElement":[{"@type":"ListItem","position":1,"name":"Home","item":"https:\/\/grotta.is\/"},{"@type":"ListItem","position":2,"name":"Gr\u00f3tta og KR endurn\u00fdja samstarfi\u00f0 \u00ed 2. og 3. flokki kvenna"}]},{"@type":"WebSite","@id":"https:\/\/grotta.is\/#website","url":"https:\/\/grotta.is\/","name":"\u00cd\u00fer\u00f3ttaf\u00e9lagi\u00f0 Gr\u00f3tta","description":"\u00e1 Seltjarnarnesi","publisher":{"@id":"https:\/\/grotta.is\/#organization"},"potentialAction":[{"@type":"SearchAction","target":{"@type":"EntryPoint","urlTemplate":"https:\/\/grotta.is\/?s={search_term_string}"},"query-input":{"@type":"PropertyValueSpecification","valueRequired":true,"valueName":"search_term_string"}}],"inLanguage":"en-US"},{"@type":"Organization","@id":"https:\/\/grotta.is\/#organization","name":"\u00cd\u00fer\u00f3ttaf\u00e9lagi\u00f0 Gr\u00f3tta","url":"https:\/\/grotta.is\/","logo":{"@type":"ImageObject","inLanguage":"en-US","@id":"https:\/\/grotta.is\/#\/schema\/logo\/image\/","url":"https:\/\/grotta.is\/wp-content\/uploads\/2020\/02\/ithrottafelagidgrotta_logo_512x512_transparent.png","contentUrl":"https:\/\/grotta.is\/wp-content\/uploads\/2020\/02\/ithrottafelagidgrotta_logo_512x512_transparent.png","width":512,"height":512,"caption":"\u00cd\u00fer\u00f3ttaf\u00e9lagi\u00f0 Gr\u00f3tta"},"image":{"@id":"https:\/\/grotta.is\/#\/schema\/logo\/image\/"},"sameAs":["https:\/\/www.facebook.com\/grottasport"]},{"@type":"Person","@id":"https:\/\/grotta.is\/#\/schema\/person\/08ec57bf09ee925f1b6a01540c14a5ce","name":"Grotta","url":"https:\/\/grotta.is\/en\/author\/inga\/"}]}},"_links":{"self":[{"href":"https:\/\/grotta.is\/en\/wp-json\/wp\/v2\/posts\/286","targetHints":{"allow":["GET"]}}],"collection":[{"href":"https:\/\/grotta.is\/en\/wp-json\/wp\/v2\/posts"}],"about":[{"href":"https:\/\/grotta.is\/en\/wp-json\/wp\/v2\/types\/post"}],"author":[{"embeddable":true,"href":"https:\/\/grotta.is\/en\/wp-json\/wp\/v2\/users\/2"}],"replies":[{"embeddable":true,"href":"https:\/\/grotta.is\/en\/wp-json\/wp\/v2\/comments?post=286"}],"version-history":[{"count":0,"href":"https:\/\/grotta.is\/en\/wp-json\/wp\/v2\/posts\/286\/revisions"}],"wp:featuredmedia":[{"embeddable":true,"href":"https:\/\/grotta.is\/en\/wp-json\/wp\/v2\/media\/288"}],"wp:attachment":[{"href":"https:\/\/grotta.is\/en\/wp-json\/wp\/v2\/media?parent=286"}],"wp:term":[{"taxonomy":"category","embeddable":true,"href":"https:\/\/grotta.is\/en\/wp-json\/wp\/v2\/categories?post=286"},{"taxonomy":"post_tag","embeddable":true,"href":"https:\/\/grotta.is\/en\/wp-json\/wp\/v2\/tags?post=286"}],"curies":[{"name":"wp","href":"https:\/\/api.w.org\/{rel}","templated":true}]}}