{"id":2852,"date":"2018-08-23T22:15:36","date_gmt":"2018-08-23T22:15:36","guid":{"rendered":"https:\/\/grotta.is\/?p=2852"},"modified":"2020-04-27T22:25:02","modified_gmt":"2020-04-27T22:25:02","slug":"fjoldamet-slegid-i-knattspyrnuskola-grottu","status":"publish","type":"post","link":"https:\/\/grotta.is\/en\/knattspyrnudeild\/fjoldamet-slegid-i-knattspyrnuskola-grottu\/","title":{"rendered":"Fj\u00f6ldamet slegi\u00f0 \u00ed Knattspyrnusk\u00f3la Gr\u00f3ttu"},"content":{"rendered":"<p>Knattspyrnusk\u00f3li Gr\u00f3ttu hefur veri\u00f0 starfr\u00e6ktur samfellt fr\u00e1 \u00e1rinu 1986 og hloti\u00f0 g\u00e6\u00f0avottun KS\u00cd \u00e1r eftir \u00e1r. I\u00f0kendur \u00ed sk\u00f3lanum eru b\u00e6\u00f0i krakkar sem hafa \u00e6ft lengi og einnig krakkar sem eru a\u00f0 pr\u00f3fa f\u00f3tbolta \u00ed fyrsta skipti, og l\u00f6g\u00f0 er \u00e1hersla \u00e1 a\u00f0 kenna f\u00f3tbolta \u00ed gegnum skemmtilega leiki og \u00e6fingar.<\/p><p>N\u00e1mskei\u00f0i\u00f0 gekk pr\u00fd\u00f0isvel a\u00f0 mati starfsmanna knattspyrnusk\u00f3lans og var miki\u00f0 l\u00edf og fj\u00f6r \u00e1 vellinum \u00e1 me\u00f0an \u00fev\u00ed st\u00f3\u00f0. \u00dea\u00f0 er gaman a\u00f0 segja fr\u00e1 \u00fev\u00ed a\u00f0 \u00ed \u00e1r var fj\u00f6ldamet i\u00f0kenda slegi\u00f0, en r\u00famlega 400 b\u00f6rn s\u00f3ttu sk\u00f3lann \u00ed \u00e1r.<\/p><p>Vi\u00f0 fengum til okkar g\u00f3\u00f0a gesti \u00ed sumar, \u00far b\u00e6\u00f0i karla og kvenna landsli\u00f0inu, en \u00feau Albert Gu\u00f0mundsson, Anna Bj\u00f6rk Kristj\u00e1nsson, R\u00fanar Alex R\u00fanarsson og Agla Mar\u00eda Albertsd\u00f3ttir komu \u00ed heims\u00f3kn \u00ed knattspyrnusk\u00f3lann. N\u00e1mskei\u00f0in voru 4 talsins, \u00ed tv\u00e6r vikur \u00ed senn, og \u00ed lok hvers n\u00e1mskei\u00f0s var kr\u00f6kkunum blanda\u00f0 saman og skipt \u00ed landsli\u00f0 og keppt \u00ed HM. A\u00f0 keppni lokinni var s\u00ed\u00f0an pulsupart\u00ed og allir f\u00f3ru gla\u00f0ir inn \u00ed helgina.<\/p><p>Starfsmenn knattspyrnusk\u00f3lans \u00feakka fyrir sumari\u00f0 og hlakka til a\u00f0 sj\u00e1 sem flesta aftur n\u00e6sta sumar!<\/p><figure class=\"wp-block-gallery columns-3 is-cropped wp-block-gallery-1 is-layout-flex wp-block-gallery-is-layout-flex\"><ul class=\"blocks-gallery-grid\"><li class=\"blocks-gallery-item\"><figure><img fetchpriority=\"high\" decoding=\"async\" width=\"768\" height=\"1024\" src=\"https:\/\/grotta.is\/wp-content\/uploads\/2020\/04\/Knattspyrnudeild_grotta_Frettir_yngriflokkar_knattspyrnuskolinn_2018_1-768x1024.jpg\" alt=\"\" data-id=\"2854\" data-full-url=\"https:\/\/grotta.is\/wp-content\/uploads\/2020\/04\/Knattspyrnudeild_grotta_Frettir_yngriflokkar_knattspyrnuskolinn_2018_1-scaled.jpg\" data-link=\"https:\/\/grotta.is\/?attachment_id=2854\" class=\"wp-image-2854\" srcset=\"https:\/\/grotta.is\/wp-content\/uploads\/2020\/04\/Knattspyrnudeild_grotta_Frettir_yngriflokkar_knattspyrnuskolinn_2018_1-768x1024.jpg 768w, https:\/\/grotta.is\/wp-content\/uploads\/2020\/04\/Knattspyrnudeild_grotta_Frettir_yngriflokkar_knattspyrnuskolinn_2018_1-scaled-600x800.jpg 600w, https:\/\/grotta.is\/wp-content\/uploads\/2020\/04\/Knattspyrnudeild_grotta_Frettir_yngriflokkar_knattspyrnuskolinn_2018_1-225x300.jpg 225w, https:\/\/grotta.is\/wp-content\/uploads\/2020\/04\/Knattspyrnudeild_grotta_Frettir_yngriflokkar_knattspyrnuskolinn_2018_1-1152x1536.jpg 1152w, https:\/\/grotta.is\/wp-content\/uploads\/2020\/04\/Knattspyrnudeild_grotta_Frettir_yngriflokkar_knattspyrnuskolinn_2018_1-1536x2048.jpg 1536w, https:\/\/grotta.is\/wp-content\/uploads\/2020\/04\/Knattspyrnudeild_grotta_Frettir_yngriflokkar_knattspyrnuskolinn_2018_1-scaled.jpg 1920w\" sizes=\"(max-width: 768px) 100vw, 768px\" \/><\/figure><\/li><li class=\"blocks-gallery-item\"><figure><img decoding=\"async\" width=\"768\" height=\"1024\" data-src=\"https:\/\/grotta.is\/wp-content\/uploads\/2020\/04\/Knattspyrnudeild_grotta_Frettir_yngriflokkar_knattspyrnuskolinn_2018_2-768x1024.jpg\" alt=\"\" data-id=\"2855\" data-full-url=\"https:\/\/grotta.is\/wp-content\/uploads\/2020\/04\/Knattspyrnudeild_grotta_Frettir_yngriflokkar_knattspyrnuskolinn_2018_2-scaled.jpg\" data-link=\"https:\/\/grotta.is\/?attachment_id=2855\" class=\"wp-image-2855 lazyload\" data-srcset=\"https:\/\/grotta.is\/wp-content\/uploads\/2020\/04\/Knattspyrnudeild_grotta_Frettir_yngriflokkar_knattspyrnuskolinn_2018_2-768x1024.jpg 768w, https:\/\/grotta.is\/wp-content\/uploads\/2020\/04\/Knattspyrnudeild_grotta_Frettir_yngriflokkar_knattspyrnuskolinn_2018_2-scaled-600x800.jpg 600w, https:\/\/grotta.is\/wp-content\/uploads\/2020\/04\/Knattspyrnudeild_grotta_Frettir_yngriflokkar_knattspyrnuskolinn_2018_2-225x300.jpg 225w, https:\/\/grotta.is\/wp-content\/uploads\/2020\/04\/Knattspyrnudeild_grotta_Frettir_yngriflokkar_knattspyrnuskolinn_2018_2-1152x1536.jpg 1152w, https:\/\/grotta.is\/wp-content\/uploads\/2020\/04\/Knattspyrnudeild_grotta_Frettir_yngriflokkar_knattspyrnuskolinn_2018_2-1536x2048.jpg 1536w, https:\/\/grotta.is\/wp-content\/uploads\/2020\/04\/Knattspyrnudeild_grotta_Frettir_yngriflokkar_knattspyrnuskolinn_2018_2-scaled.jpg 1920w\" data-sizes=\"(max-width: 768px) 100vw, 768px\" src=\"data:image\/gif;base64,R0lGODlhAQABAAAAACH5BAEKAAEALAAAAAABAAEAAAICTAEAOw==\" style=\"--smush-placeholder-width: 768px; --smush-placeholder-aspect-ratio: 768\/1024;\" \/><\/figure><\/li><li class=\"blocks-gallery-item\"><figure><img decoding=\"async\" width=\"768\" height=\"1024\" data-src=\"https:\/\/grotta.is\/wp-content\/uploads\/2020\/04\/Knattspyrnudeild_grotta_Frettir_yngriflokkar_knattspyrnuskolinn_2018_3-768x1024.jpg\" alt=\"\" data-id=\"2856\" data-full-url=\"https:\/\/grotta.is\/wp-content\/uploads\/2020\/04\/Knattspyrnudeild_grotta_Frettir_yngriflokkar_knattspyrnuskolinn_2018_3-scaled.jpg\" data-link=\"https:\/\/grotta.is\/?attachment_id=2856\" class=\"wp-image-2856 lazyload\" data-srcset=\"https:\/\/grotta.is\/wp-content\/uploads\/2020\/04\/Knattspyrnudeild_grotta_Frettir_yngriflokkar_knattspyrnuskolinn_2018_3-768x1024.jpg 768w, https:\/\/grotta.is\/wp-content\/uploads\/2020\/04\/Knattspyrnudeild_grotta_Frettir_yngriflokkar_knattspyrnuskolinn_2018_3-scaled-600x800.jpg 600w, https:\/\/grotta.is\/wp-content\/uploads\/2020\/04\/Knattspyrnudeild_grotta_Frettir_yngriflokkar_knattspyrnuskolinn_2018_3-225x300.jpg 225w, https:\/\/grotta.is\/wp-content\/uploads\/2020\/04\/Knattspyrnudeild_grotta_Frettir_yngriflokkar_knattspyrnuskolinn_2018_3-1152x1536.jpg 1152w, https:\/\/grotta.is\/wp-content\/uploads\/2020\/04\/Knattspyrnudeild_grotta_Frettir_yngriflokkar_knattspyrnuskolinn_2018_3-1536x2048.jpg 1536w, https:\/\/grotta.is\/wp-content\/uploads\/2020\/04\/Knattspyrnudeild_grotta_Frettir_yngriflokkar_knattspyrnuskolinn_2018_3-scaled.jpg 1920w\" data-sizes=\"(max-width: 768px) 100vw, 768px\" src=\"data:image\/gif;base64,R0lGODlhAQABAAAAACH5BAEKAAEALAAAAAABAAEAAAICTAEAOw==\" style=\"--smush-placeholder-width: 768px; --smush-placeholder-aspect-ratio: 768\/1024;\" \/><\/figure><\/li><\/ul><\/figure>","protected":false},"excerpt":{"rendered":"<p>Knattspyrnusk\u00f3li Gr\u00f3ttu hefur veri\u00f0 starfr\u00e6ktur samfellt fr\u00e1 \u00e1rinu 1986 og hloti\u00f0 g\u00e6\u00f0avottun KS\u00cd \u00e1r eftir \u00e1r. I\u00f0kendur \u00ed sk\u00f3lanum eru b\u00e6\u00f0i krakkar sem hafa \u00e6ft lengi og einnig krakkar sem eru a\u00f0 pr\u00f3fa f\u00f3tbolta \u00ed fyrsta skipti, og l\u00f6g\u00f0 er \u00e1hersla \u00e1 a\u00f0 kenna f\u00f3tbolta \u00ed gegnum skemmtilega leiki og \u00e6fingar.<\/p>","protected":false},"author":2,"featured_media":2857,"comment_status":"closed","ping_status":"closed","sticky":false,"template":"","format":"standard","meta":{"footnotes":""},"categories":[7],"tags":[6,31,15],"class_list":["post-2852","post","type-post","status-publish","format-standard","has-post-thumbnail","hentry","category-knattspyrnudeild","tag-knattspyrna","tag-namskeid","tag-yngri-flokkar"],"yoast_head":"<!-- This site is optimized with the Yoast SEO plugin v24.3 - https:\/\/yoast.com\/wordpress\/plugins\/seo\/ -->\n<title>Fj\u00f6ldamet slegi\u00f0 \u00ed Knattspyrnusk\u00f3la Gr\u00f3ttu - \u00cd\u00fer\u00f3ttaf\u00e9lagi\u00f0 Gr\u00f3tta<\/title>\n<meta name=\"robots\" content=\"index, follow, max-snippet:-1, max-image-preview:large, max-video-preview:-1\" \/>\n<link rel=\"canonical\" href=\"https:\/\/grotta.is\/en\/knattspyrnudeild\/fjoldamet-slegid-i-knattspyrnuskola-grottu\/\" \/>\n<meta property=\"og:locale\" content=\"en_US\" \/>\n<meta property=\"og:type\" content=\"article\" \/>\n<meta property=\"og:title\" content=\"Fj\u00f6ldamet slegi\u00f0 \u00ed Knattspyrnusk\u00f3la Gr\u00f3ttu - \u00cd\u00fer\u00f3ttaf\u00e9lagi\u00f0 Gr\u00f3tta\" \/>\n<meta property=\"og:description\" content=\"Knattspyrnusk\u00f3li Gr\u00f3ttu hefur veri\u00f0 starfr\u00e6ktur samfellt fr\u00e1 \u00e1rinu 1986 og hloti\u00f0 g\u00e6\u00f0avottun KS\u00cd \u00e1r eftir \u00e1r. I\u00f0kendur \u00ed sk\u00f3lanum eru b\u00e6\u00f0i krakkar sem hafa \u00e6ft lengi og einnig krakkar sem eru a\u00f0 pr\u00f3fa f\u00f3tbolta \u00ed fyrsta skipti, og l\u00f6g\u00f0 er \u00e1hersla \u00e1 a\u00f0 kenna f\u00f3tbolta \u00ed gegnum skemmtilega leiki og \u00e6fingar.\" \/>\n<meta property=\"og:url\" content=\"https:\/\/grotta.is\/en\/knattspyrnudeild\/fjoldamet-slegid-i-knattspyrnuskola-grottu\/\" \/>\n<meta property=\"og:site_name\" content=\"\u00cd\u00fer\u00f3ttaf\u00e9lagi\u00f0 Gr\u00f3tta\" \/>\n<meta property=\"article:publisher\" content=\"https:\/\/www.facebook.com\/grottasport\" \/>\n<meta property=\"article:published_time\" content=\"2018-08-23T22:15:36+00:00\" \/>\n<meta property=\"article:modified_time\" content=\"2020-04-27T22:25:02+00:00\" \/>\n<meta property=\"og:image\" content=\"https:\/\/grotta.is\/wp-content\/uploads\/2020\/04\/Knattspyrnudeild_grotta_Frettir_yngriflokkar_knattspyrnuskolinn_2018_4-scaled.jpg\" \/>\n\t<meta property=\"og:image:width\" content=\"1920\" \/>\n\t<meta property=\"og:image:height\" content=\"2560\" \/>\n\t<meta property=\"og:image:type\" content=\"image\/jpeg\" \/>\n<meta name=\"author\" content=\"Grotta\" \/>\n<meta name=\"twitter:card\" content=\"summary_large_image\" \/>\n<meta name=\"twitter:label1\" content=\"Written by\" \/>\n\t<meta name=\"twitter:data1\" content=\"Grotta\" \/>\n\t<meta name=\"twitter:label2\" content=\"Est. reading time\" \/>\n\t<meta name=\"twitter:data2\" content=\"1 minute\" \/>\n<script type=\"application\/ld+json\" class=\"yoast-schema-graph\">{\"@context\":\"https:\/\/schema.org\",\"@graph\":[{\"@type\":\"Article\",\"@id\":\"https:\/\/grotta.is\/knattspyrnudeild\/fjoldamet-slegid-i-knattspyrnuskola-grottu\/#article\",\"isPartOf\":{\"@id\":\"https:\/\/grotta.is\/knattspyrnudeild\/fjoldamet-slegid-i-knattspyrnuskola-grottu\/\"},\"author\":{\"name\":\"Grotta\",\"@id\":\"https:\/\/grotta.is\/#\/schema\/person\/08ec57bf09ee925f1b6a01540c14a5ce\"},\"headline\":\"Fj\u00f6ldamet slegi\u00f0 \u00ed Knattspyrnusk\u00f3la Gr\u00f3ttu\",\"datePublished\":\"2018-08-23T22:15:36+00:00\",\"dateModified\":\"2020-04-27T22:25:02+00:00\",\"mainEntityOfPage\":{\"@id\":\"https:\/\/grotta.is\/knattspyrnudeild\/fjoldamet-slegid-i-knattspyrnuskola-grottu\/\"},\"wordCount\":213,\"publisher\":{\"@id\":\"https:\/\/grotta.is\/#organization\"},\"image\":{\"@id\":\"https:\/\/grotta.is\/knattspyrnudeild\/fjoldamet-slegid-i-knattspyrnuskola-grottu\/#primaryimage\"},\"thumbnailUrl\":\"https:\/\/grotta.is\/wp-content\/uploads\/2020\/04\/Knattspyrnudeild_grotta_Frettir_yngriflokkar_knattspyrnuskolinn_2018_4-scaled.jpg\",\"keywords\":[\"Knattspyrna\",\"N\u00e1mskei\u00f0\",\"Yngri flokkar\"],\"articleSection\":[\"Knattspyrnudeild\"],\"inLanguage\":\"en-US\"},{\"@type\":\"WebPage\",\"@id\":\"https:\/\/grotta.is\/knattspyrnudeild\/fjoldamet-slegid-i-knattspyrnuskola-grottu\/\",\"url\":\"https:\/\/grotta.is\/knattspyrnudeild\/fjoldamet-slegid-i-knattspyrnuskola-grottu\/\",\"name\":\"Fj\u00f6ldamet slegi\u00f0 \u00ed Knattspyrnusk\u00f3la Gr\u00f3ttu - \u00cd\u00fer\u00f3ttaf\u00e9lagi\u00f0 Gr\u00f3tta\",\"isPartOf\":{\"@id\":\"https:\/\/grotta.is\/#website\"},\"primaryImageOfPage\":{\"@id\":\"https:\/\/grotta.is\/knattspyrnudeild\/fjoldamet-slegid-i-knattspyrnuskola-grottu\/#primaryimage\"},\"image\":{\"@id\":\"https:\/\/grotta.is\/knattspyrnudeild\/fjoldamet-slegid-i-knattspyrnuskola-grottu\/#primaryimage\"},\"thumbnailUrl\":\"https:\/\/grotta.is\/wp-content\/uploads\/2020\/04\/Knattspyrnudeild_grotta_Frettir_yngriflokkar_knattspyrnuskolinn_2018_4-scaled.jpg\",\"datePublished\":\"2018-08-23T22:15:36+00:00\",\"dateModified\":\"2020-04-27T22:25:02+00:00\",\"breadcrumb\":{\"@id\":\"https:\/\/grotta.is\/knattspyrnudeild\/fjoldamet-slegid-i-knattspyrnuskola-grottu\/#breadcrumb\"},\"inLanguage\":\"en-US\",\"potentialAction\":[{\"@type\":\"ReadAction\",\"target\":[\"https:\/\/grotta.is\/knattspyrnudeild\/fjoldamet-slegid-i-knattspyrnuskola-grottu\/\"]}]},{\"@type\":\"ImageObject\",\"inLanguage\":\"en-US\",\"@id\":\"https:\/\/grotta.is\/knattspyrnudeild\/fjoldamet-slegid-i-knattspyrnuskola-grottu\/#primaryimage\",\"url\":\"https:\/\/grotta.is\/wp-content\/uploads\/2020\/04\/Knattspyrnudeild_grotta_Frettir_yngriflokkar_knattspyrnuskolinn_2018_4-scaled.jpg\",\"contentUrl\":\"https:\/\/grotta.is\/wp-content\/uploads\/2020\/04\/Knattspyrnudeild_grotta_Frettir_yngriflokkar_knattspyrnuskolinn_2018_4-scaled.jpg\",\"width\":1920,\"height\":2560},{\"@type\":\"BreadcrumbList\",\"@id\":\"https:\/\/grotta.is\/knattspyrnudeild\/fjoldamet-slegid-i-knattspyrnuskola-grottu\/#breadcrumb\",\"itemListElement\":[{\"@type\":\"ListItem\",\"position\":1,\"name\":\"Home\",\"item\":\"https:\/\/grotta.is\/\"},{\"@type\":\"ListItem\",\"position\":2,\"name\":\"Fj\u00f6ldamet slegi\u00f0 \u00ed Knattspyrnusk\u00f3la Gr\u00f3ttu\"}]},{\"@type\":\"WebSite\",\"@id\":\"https:\/\/grotta.is\/#website\",\"url\":\"https:\/\/grotta.is\/\",\"name\":\"\u00cd\u00fer\u00f3ttaf\u00e9lagi\u00f0 Gr\u00f3tta\",\"description\":\"\u00e1 Seltjarnarnesi\",\"publisher\":{\"@id\":\"https:\/\/grotta.is\/#organization\"},\"potentialAction\":[{\"@type\":\"SearchAction\",\"target\":{\"@type\":\"EntryPoint\",\"urlTemplate\":\"https:\/\/grotta.is\/?s={search_term_string}\"},\"query-input\":{\"@type\":\"PropertyValueSpecification\",\"valueRequired\":true,\"valueName\":\"search_term_string\"}}],\"inLanguage\":\"en-US\"},{\"@type\":\"Organization\",\"@id\":\"https:\/\/grotta.is\/#organization\",\"name\":\"\u00cd\u00fer\u00f3ttaf\u00e9lagi\u00f0 Gr\u00f3tta\",\"url\":\"https:\/\/grotta.is\/\",\"logo\":{\"@type\":\"ImageObject\",\"inLanguage\":\"en-US\",\"@id\":\"https:\/\/grotta.is\/#\/schema\/logo\/image\/\",\"url\":\"https:\/\/grotta.is\/wp-content\/uploads\/2020\/02\/ithrottafelagidgrotta_logo_512x512_transparent.png\",\"contentUrl\":\"https:\/\/grotta.is\/wp-content\/uploads\/2020\/02\/ithrottafelagidgrotta_logo_512x512_transparent.png\",\"width\":512,\"height\":512,\"caption\":\"\u00cd\u00fer\u00f3ttaf\u00e9lagi\u00f0 Gr\u00f3tta\"},\"image\":{\"@id\":\"https:\/\/grotta.is\/#\/schema\/logo\/image\/\"},\"sameAs\":[\"https:\/\/www.facebook.com\/grottasport\"]},{\"@type\":\"Person\",\"@id\":\"https:\/\/grotta.is\/#\/schema\/person\/08ec57bf09ee925f1b6a01540c14a5ce\",\"name\":\"Grotta\",\"url\":\"https:\/\/grotta.is\/en\/author\/inga\/\"}]}<\/script>\n<!-- \/ Yoast SEO plugin. -->","yoast_head_json":{"title":"Fj\u00f6ldamet slegi\u00f0 \u00ed Knattspyrnusk\u00f3la Gr\u00f3ttu - \u00cd\u00fer\u00f3ttaf\u00e9lagi\u00f0 Gr\u00f3tta","robots":{"index":"index","follow":"follow","max-snippet":"max-snippet:-1","max-image-preview":"max-image-preview:large","max-video-preview":"max-video-preview:-1"},"canonical":"https:\/\/grotta.is\/en\/knattspyrnudeild\/fjoldamet-slegid-i-knattspyrnuskola-grottu\/","og_locale":"en_US","og_type":"article","og_title":"Fj\u00f6ldamet slegi\u00f0 \u00ed Knattspyrnusk\u00f3la Gr\u00f3ttu - \u00cd\u00fer\u00f3ttaf\u00e9lagi\u00f0 Gr\u00f3tta","og_description":"Knattspyrnusk\u00f3li Gr\u00f3ttu hefur veri\u00f0 starfr\u00e6ktur samfellt fr\u00e1 \u00e1rinu 1986 og hloti\u00f0 g\u00e6\u00f0avottun KS\u00cd \u00e1r eftir \u00e1r. I\u00f0kendur \u00ed sk\u00f3lanum eru b\u00e6\u00f0i krakkar sem hafa \u00e6ft lengi og einnig krakkar sem eru a\u00f0 pr\u00f3fa f\u00f3tbolta \u00ed fyrsta skipti, og l\u00f6g\u00f0 er \u00e1hersla \u00e1 a\u00f0 kenna f\u00f3tbolta \u00ed gegnum skemmtilega leiki og \u00e6fingar.","og_url":"https:\/\/grotta.is\/en\/knattspyrnudeild\/fjoldamet-slegid-i-knattspyrnuskola-grottu\/","og_site_name":"\u00cd\u00fer\u00f3ttaf\u00e9lagi\u00f0 Gr\u00f3tta","article_publisher":"https:\/\/www.facebook.com\/grottasport","article_published_time":"2018-08-23T22:15:36+00:00","article_modified_time":"2020-04-27T22:25:02+00:00","og_image":[{"width":1920,"height":2560,"url":"https:\/\/grotta.is\/wp-content\/uploads\/2020\/04\/Knattspyrnudeild_grotta_Frettir_yngriflokkar_knattspyrnuskolinn_2018_4-scaled.jpg","type":"image\/jpeg"}],"author":"Grotta","twitter_card":"summary_large_image","twitter_misc":{"Written by":"Grotta","Est. reading time":"1 minute"},"schema":{"@context":"https:\/\/schema.org","@graph":[{"@type":"Article","@id":"https:\/\/grotta.is\/knattspyrnudeild\/fjoldamet-slegid-i-knattspyrnuskola-grottu\/#article","isPartOf":{"@id":"https:\/\/grotta.is\/knattspyrnudeild\/fjoldamet-slegid-i-knattspyrnuskola-grottu\/"},"author":{"name":"Grotta","@id":"https:\/\/grotta.is\/#\/schema\/person\/08ec57bf09ee925f1b6a01540c14a5ce"},"headline":"Fj\u00f6ldamet slegi\u00f0 \u00ed Knattspyrnusk\u00f3la Gr\u00f3ttu","datePublished":"2018-08-23T22:15:36+00:00","dateModified":"2020-04-27T22:25:02+00:00","mainEntityOfPage":{"@id":"https:\/\/grotta.is\/knattspyrnudeild\/fjoldamet-slegid-i-knattspyrnuskola-grottu\/"},"wordCount":213,"publisher":{"@id":"https:\/\/grotta.is\/#organization"},"image":{"@id":"https:\/\/grotta.is\/knattspyrnudeild\/fjoldamet-slegid-i-knattspyrnuskola-grottu\/#primaryimage"},"thumbnailUrl":"https:\/\/grotta.is\/wp-content\/uploads\/2020\/04\/Knattspyrnudeild_grotta_Frettir_yngriflokkar_knattspyrnuskolinn_2018_4-scaled.jpg","keywords":["Knattspyrna","N\u00e1mskei\u00f0","Yngri flokkar"],"articleSection":["Knattspyrnudeild"],"inLanguage":"en-US"},{"@type":"WebPage","@id":"https:\/\/grotta.is\/knattspyrnudeild\/fjoldamet-slegid-i-knattspyrnuskola-grottu\/","url":"https:\/\/grotta.is\/knattspyrnudeild\/fjoldamet-slegid-i-knattspyrnuskola-grottu\/","name":"Fj\u00f6ldamet slegi\u00f0 \u00ed Knattspyrnusk\u00f3la Gr\u00f3ttu - \u00cd\u00fer\u00f3ttaf\u00e9lagi\u00f0 Gr\u00f3tta","isPartOf":{"@id":"https:\/\/grotta.is\/#website"},"primaryImageOfPage":{"@id":"https:\/\/grotta.is\/knattspyrnudeild\/fjoldamet-slegid-i-knattspyrnuskola-grottu\/#primaryimage"},"image":{"@id":"https:\/\/grotta.is\/knattspyrnudeild\/fjoldamet-slegid-i-knattspyrnuskola-grottu\/#primaryimage"},"thumbnailUrl":"https:\/\/grotta.is\/wp-content\/uploads\/2020\/04\/Knattspyrnudeild_grotta_Frettir_yngriflokkar_knattspyrnuskolinn_2018_4-scaled.jpg","datePublished":"2018-08-23T22:15:36+00:00","dateModified":"2020-04-27T22:25:02+00:00","breadcrumb":{"@id":"https:\/\/grotta.is\/knattspyrnudeild\/fjoldamet-slegid-i-knattspyrnuskola-grottu\/#breadcrumb"},"inLanguage":"en-US","potentialAction":[{"@type":"ReadAction","target":["https:\/\/grotta.is\/knattspyrnudeild\/fjoldamet-slegid-i-knattspyrnuskola-grottu\/"]}]},{"@type":"ImageObject","inLanguage":"en-US","@id":"https:\/\/grotta.is\/knattspyrnudeild\/fjoldamet-slegid-i-knattspyrnuskola-grottu\/#primaryimage","url":"https:\/\/grotta.is\/wp-content\/uploads\/2020\/04\/Knattspyrnudeild_grotta_Frettir_yngriflokkar_knattspyrnuskolinn_2018_4-scaled.jpg","contentUrl":"https:\/\/grotta.is\/wp-content\/uploads\/2020\/04\/Knattspyrnudeild_grotta_Frettir_yngriflokkar_knattspyrnuskolinn_2018_4-scaled.jpg","width":1920,"height":2560},{"@type":"BreadcrumbList","@id":"https:\/\/grotta.is\/knattspyrnudeild\/fjoldamet-slegid-i-knattspyrnuskola-grottu\/#breadcrumb","itemListElement":[{"@type":"ListItem","position":1,"name":"Home","item":"https:\/\/grotta.is\/"},{"@type":"ListItem","position":2,"name":"Fj\u00f6ldamet slegi\u00f0 \u00ed Knattspyrnusk\u00f3la Gr\u00f3ttu"}]},{"@type":"WebSite","@id":"https:\/\/grotta.is\/#website","url":"https:\/\/grotta.is\/","name":"\u00cd\u00fer\u00f3ttaf\u00e9lagi\u00f0 Gr\u00f3tta","description":"\u00e1 Seltjarnarnesi","publisher":{"@id":"https:\/\/grotta.is\/#organization"},"potentialAction":[{"@type":"SearchAction","target":{"@type":"EntryPoint","urlTemplate":"https:\/\/grotta.is\/?s={search_term_string}"},"query-input":{"@type":"PropertyValueSpecification","valueRequired":true,"valueName":"search_term_string"}}],"inLanguage":"en-US"},{"@type":"Organization","@id":"https:\/\/grotta.is\/#organization","name":"\u00cd\u00fer\u00f3ttaf\u00e9lagi\u00f0 Gr\u00f3tta","url":"https:\/\/grotta.is\/","logo":{"@type":"ImageObject","inLanguage":"en-US","@id":"https:\/\/grotta.is\/#\/schema\/logo\/image\/","url":"https:\/\/grotta.is\/wp-content\/uploads\/2020\/02\/ithrottafelagidgrotta_logo_512x512_transparent.png","contentUrl":"https:\/\/grotta.is\/wp-content\/uploads\/2020\/02\/ithrottafelagidgrotta_logo_512x512_transparent.png","width":512,"height":512,"caption":"\u00cd\u00fer\u00f3ttaf\u00e9lagi\u00f0 Gr\u00f3tta"},"image":{"@id":"https:\/\/grotta.is\/#\/schema\/logo\/image\/"},"sameAs":["https:\/\/www.facebook.com\/grottasport"]},{"@type":"Person","@id":"https:\/\/grotta.is\/#\/schema\/person\/08ec57bf09ee925f1b6a01540c14a5ce","name":"Grotta","url":"https:\/\/grotta.is\/en\/author\/inga\/"}]}},"_links":{"self":[{"href":"https:\/\/grotta.is\/en\/wp-json\/wp\/v2\/posts\/2852","targetHints":{"allow":["GET"]}}],"collection":[{"href":"https:\/\/grotta.is\/en\/wp-json\/wp\/v2\/posts"}],"about":[{"href":"https:\/\/grotta.is\/en\/wp-json\/wp\/v2\/types\/post"}],"author":[{"embeddable":true,"href":"https:\/\/grotta.is\/en\/wp-json\/wp\/v2\/users\/2"}],"replies":[{"embeddable":true,"href":"https:\/\/grotta.is\/en\/wp-json\/wp\/v2\/comments?post=2852"}],"version-history":[{"count":3,"href":"https:\/\/grotta.is\/en\/wp-json\/wp\/v2\/posts\/2852\/revisions"}],"predecessor-version":[{"id":2859,"href":"https:\/\/grotta.is\/en\/wp-json\/wp\/v2\/posts\/2852\/revisions\/2859"}],"wp:featuredmedia":[{"embeddable":true,"href":"https:\/\/grotta.is\/en\/wp-json\/wp\/v2\/media\/2857"}],"wp:attachment":[{"href":"https:\/\/grotta.is\/en\/wp-json\/wp\/v2\/media?parent=2852"}],"wp:term":[{"taxonomy":"category","embeddable":true,"href":"https:\/\/grotta.is\/en\/wp-json\/wp\/v2\/categories?post=2852"},{"taxonomy":"post_tag","embeddable":true,"href":"https:\/\/grotta.is\/en\/wp-json\/wp\/v2\/tags?post=2852"}],"curies":[{"name":"wp","href":"https:\/\/api.w.org\/{rel}","templated":true}]}}