{"id":2842,"date":"2018-08-27T19:32:00","date_gmt":"2018-08-27T19:32:00","guid":{"rendered":"https:\/\/grotta.is\/?p=2842"},"modified":"2020-04-27T19:34:45","modified_gmt":"2020-04-27T19:34:45","slug":"soffia-framlengir-samning-sinn-vid-grottu","status":"publish","type":"post","link":"https:\/\/grotta.is\/en\/handknattleiksdeild\/soffia-framlengir-samning-sinn-vid-grottu\/","title":{"rendered":"Soff\u00eda framlengir samning sinn vi\u00f0 Gr\u00f3ttu"},"content":{"rendered":"<p>Soff\u00eda Steingr\u00edmsd\u00f3ttir hefur framlengt samning sinn vi\u00f0 f\u00e9lagi\u00f0 um tv\u00f6 \u00e1r. \u00dea\u00f0 er miki\u00f0 gle\u00f0iefni a\u00f0 Soff\u00eda taki slaginn me\u00f0 li\u00f0inu \u00ed Grill 66 deildinni \u00e1 n\u00e6sta \u00e1ri enda einn efnilegasti markma\u00f0ur landsins.<\/p><p>Vi\u00f0 undirskriftina haf\u00f0i Soff\u00eda \u00feetta a\u00f0 segja um komandi t\u00edmabil:<br>\u201eN\u00e6sta t\u00edmabil ver\u00f0ur \u00f6\u00f0ruv\u00edsi en fyrri t\u00edmabil og var au\u00f0vita\u00f0 \u00e1kve\u00f0i\u00f0 svekkelsi a\u00f0 falla \u00ed vor. En lei\u00f0in liggur \u00ed kj\u00f6lfari\u00f0 bara upp \u00e1 vi\u00f0 og \u00e9g veit a\u00f0 vi\u00f0 stelpurnar \u00e6tlum a\u00f0 leggja allt \u00ed s\u00f6lurnar til a\u00f0 n\u00e1 sem lengst \u00ed vetur.<\/p><p>Soff\u00eda spila\u00f0i 20 leiki me\u00f0 Gr\u00f3ttu \u00ed Ol\u00eds deildinni \u00ed fyrra og var lykilma\u00f0ur li\u00f0sins \u00fer\u00e1tt fyrir ungan aldur en einnig var h\u00fan vi\u00f0lo\u00f0andi landsli\u00f0sverkefni hj\u00e1 yngri landsli\u00f0um \u00cdslands.<\/p><p>\u201eH\u00f3purinn er au\u00f0vita\u00f0 talsvert breyttur og auk \u00feess eru n\u00fdjir \u00fej\u00e1lfarar \u00ed br\u00fanni. \u00c9g treysti \u00feeim til \u00feess a\u00f0 n\u00e1 sem mestu \u00far li\u00f0inu og hef tr\u00fa \u00e1 \u00fev\u00ed a\u00f0 ungir og efnilegir leikmenn f\u00e1i helling af t\u00e6kif\u00e6rum til a\u00f0 \u00feroskast og er virkilega spennandi t\u00edmabil framundan!\u201c b\u00e6tti Soff\u00eda vi\u00f0 a\u00f0 lokum.<\/p><p>Vi\u00f0 \u00fe\u00f6kkum Soff\u00edu k\u00e6rlega fyrir spjalli\u00f0 og v\u00e6ntumst miki\u00f0 til af henni \u00e1 komandi t\u00edmabili!<\/p>","protected":false},"excerpt":{"rendered":"<p>Soff\u00eda Steingr\u00edmsd\u00f3ttir hefur framlengt samning sinn vi\u00f0 f\u00e9lagi\u00f0 um tv\u00f6 \u00e1r. \u00dea\u00f0 er miki\u00f0 gle\u00f0iefni a\u00f0 Soff\u00eda taki slaginn me\u00f0 li\u00f0inu \u00ed Grill 66 deildinni \u00e1 n\u00e6sta \u00e1ri enda einn efnilegasti markma\u00f0ur landsins.<\/p>","protected":false},"author":2,"featured_media":2844,"comment_status":"closed","ping_status":"closed","sticky":false,"template":"","format":"standard","meta":{"footnotes":""},"categories":[12],"tags":[13,17,18],"class_list":["post-2842","post","type-post","status-publish","format-standard","has-post-thumbnail","hentry","category-handknattleiksdeild","tag-handbolti","tag-leikmenn","tag-mfl-kvk"],"yoast_head":"<!-- This site is optimized with the Yoast SEO plugin v24.3 - https:\/\/yoast.com\/wordpress\/plugins\/seo\/ -->\n<title>Soff\u00eda framlengir samning sinn vi\u00f0 Gr\u00f3ttu - \u00cd\u00fer\u00f3ttaf\u00e9lagi\u00f0 Gr\u00f3tta<\/title>\n<meta name=\"robots\" content=\"index, follow, max-snippet:-1, max-image-preview:large, max-video-preview:-1\" \/>\n<link rel=\"canonical\" href=\"https:\/\/grotta.is\/en\/handknattleiksdeild\/soffia-framlengir-samning-sinn-vid-grottu\/\" \/>\n<meta property=\"og:locale\" content=\"en_US\" \/>\n<meta property=\"og:type\" content=\"article\" \/>\n<meta property=\"og:title\" content=\"Soff\u00eda framlengir samning sinn vi\u00f0 Gr\u00f3ttu - \u00cd\u00fer\u00f3ttaf\u00e9lagi\u00f0 Gr\u00f3tta\" \/>\n<meta property=\"og:description\" content=\"Soff\u00eda Steingr\u00edmsd\u00f3ttir hefur framlengt samning sinn vi\u00f0 f\u00e9lagi\u00f0 um tv\u00f6 \u00e1r. \u00dea\u00f0 er miki\u00f0 gle\u00f0iefni a\u00f0 Soff\u00eda taki slaginn me\u00f0 li\u00f0inu \u00ed Grill 66 deildinni \u00e1 n\u00e6sta \u00e1ri enda einn efnilegasti markma\u00f0ur landsins.\" \/>\n<meta property=\"og:url\" content=\"https:\/\/grotta.is\/en\/handknattleiksdeild\/soffia-framlengir-samning-sinn-vid-grottu\/\" \/>\n<meta property=\"og:site_name\" content=\"\u00cd\u00fer\u00f3ttaf\u00e9lagi\u00f0 Gr\u00f3tta\" \/>\n<meta property=\"article:publisher\" content=\"https:\/\/www.facebook.com\/grottasport\" \/>\n<meta property=\"article:published_time\" content=\"2018-08-27T19:32:00+00:00\" \/>\n<meta property=\"article:modified_time\" content=\"2020-04-27T19:34:45+00:00\" \/>\n<meta property=\"og:image\" content=\"https:\/\/grotta.is\/wp-content\/uploads\/2018\/08\/Grotta_Handbolti_mfl_kvk_5.jpg\" \/>\n\t<meta property=\"og:image:width\" content=\"720\" \/>\n\t<meta property=\"og:image:height\" content=\"960\" \/>\n\t<meta property=\"og:image:type\" content=\"image\/jpeg\" \/>\n<meta name=\"author\" content=\"Grotta\" \/>\n<meta name=\"twitter:card\" content=\"summary_large_image\" \/>\n<meta name=\"twitter:label1\" content=\"Written by\" \/>\n\t<meta name=\"twitter:data1\" content=\"Grotta\" \/>\n\t<meta name=\"twitter:label2\" content=\"Est. reading time\" \/>\n\t<meta name=\"twitter:data2\" content=\"1 minute\" \/>\n<script type=\"application\/ld+json\" class=\"yoast-schema-graph\">{\"@context\":\"https:\/\/schema.org\",\"@graph\":[{\"@type\":\"Article\",\"@id\":\"https:\/\/grotta.is\/handknattleiksdeild\/soffia-framlengir-samning-sinn-vid-grottu\/#article\",\"isPartOf\":{\"@id\":\"https:\/\/grotta.is\/handknattleiksdeild\/soffia-framlengir-samning-sinn-vid-grottu\/\"},\"author\":{\"name\":\"Grotta\",\"@id\":\"https:\/\/grotta.is\/#\/schema\/person\/08ec57bf09ee925f1b6a01540c14a5ce\"},\"headline\":\"Soff\u00eda framlengir samning sinn vi\u00f0 Gr\u00f3ttu\",\"datePublished\":\"2018-08-27T19:32:00+00:00\",\"dateModified\":\"2020-04-27T19:34:45+00:00\",\"mainEntityOfPage\":{\"@id\":\"https:\/\/grotta.is\/handknattleiksdeild\/soffia-framlengir-samning-sinn-vid-grottu\/\"},\"wordCount\":227,\"publisher\":{\"@id\":\"https:\/\/grotta.is\/#organization\"},\"image\":{\"@id\":\"https:\/\/grotta.is\/handknattleiksdeild\/soffia-framlengir-samning-sinn-vid-grottu\/#primaryimage\"},\"thumbnailUrl\":\"https:\/\/grotta.is\/wp-content\/uploads\/2018\/08\/Grotta_Handbolti_mfl_kvk_5.jpg\",\"keywords\":[\"Handbolti\",\"Leikmenn\",\"Mfl.kvk\"],\"articleSection\":[\"Handknattleiksdeild\"],\"inLanguage\":\"en-US\"},{\"@type\":\"WebPage\",\"@id\":\"https:\/\/grotta.is\/handknattleiksdeild\/soffia-framlengir-samning-sinn-vid-grottu\/\",\"url\":\"https:\/\/grotta.is\/handknattleiksdeild\/soffia-framlengir-samning-sinn-vid-grottu\/\",\"name\":\"Soff\u00eda framlengir samning sinn vi\u00f0 Gr\u00f3ttu - \u00cd\u00fer\u00f3ttaf\u00e9lagi\u00f0 Gr\u00f3tta\",\"isPartOf\":{\"@id\":\"https:\/\/grotta.is\/#website\"},\"primaryImageOfPage\":{\"@id\":\"https:\/\/grotta.is\/handknattleiksdeild\/soffia-framlengir-samning-sinn-vid-grottu\/#primaryimage\"},\"image\":{\"@id\":\"https:\/\/grotta.is\/handknattleiksdeild\/soffia-framlengir-samning-sinn-vid-grottu\/#primaryimage\"},\"thumbnailUrl\":\"https:\/\/grotta.is\/wp-content\/uploads\/2018\/08\/Grotta_Handbolti_mfl_kvk_5.jpg\",\"datePublished\":\"2018-08-27T19:32:00+00:00\",\"dateModified\":\"2020-04-27T19:34:45+00:00\",\"breadcrumb\":{\"@id\":\"https:\/\/grotta.is\/handknattleiksdeild\/soffia-framlengir-samning-sinn-vid-grottu\/#breadcrumb\"},\"inLanguage\":\"en-US\",\"potentialAction\":[{\"@type\":\"ReadAction\",\"target\":[\"https:\/\/grotta.is\/handknattleiksdeild\/soffia-framlengir-samning-sinn-vid-grottu\/\"]}]},{\"@type\":\"ImageObject\",\"inLanguage\":\"en-US\",\"@id\":\"https:\/\/grotta.is\/handknattleiksdeild\/soffia-framlengir-samning-sinn-vid-grottu\/#primaryimage\",\"url\":\"https:\/\/grotta.is\/wp-content\/uploads\/2018\/08\/Grotta_Handbolti_mfl_kvk_5.jpg\",\"contentUrl\":\"https:\/\/grotta.is\/wp-content\/uploads\/2018\/08\/Grotta_Handbolti_mfl_kvk_5.jpg\",\"width\":720,\"height\":960},{\"@type\":\"BreadcrumbList\",\"@id\":\"https:\/\/grotta.is\/handknattleiksdeild\/soffia-framlengir-samning-sinn-vid-grottu\/#breadcrumb\",\"itemListElement\":[{\"@type\":\"ListItem\",\"position\":1,\"name\":\"Home\",\"item\":\"https:\/\/grotta.is\/\"},{\"@type\":\"ListItem\",\"position\":2,\"name\":\"Soff\u00eda framlengir samning sinn vi\u00f0 Gr\u00f3ttu\"}]},{\"@type\":\"WebSite\",\"@id\":\"https:\/\/grotta.is\/#website\",\"url\":\"https:\/\/grotta.is\/\",\"name\":\"\u00cd\u00fer\u00f3ttaf\u00e9lagi\u00f0 Gr\u00f3tta\",\"description\":\"\u00e1 Seltjarnarnesi\",\"publisher\":{\"@id\":\"https:\/\/grotta.is\/#organization\"},\"potentialAction\":[{\"@type\":\"SearchAction\",\"target\":{\"@type\":\"EntryPoint\",\"urlTemplate\":\"https:\/\/grotta.is\/?s={search_term_string}\"},\"query-input\":{\"@type\":\"PropertyValueSpecification\",\"valueRequired\":true,\"valueName\":\"search_term_string\"}}],\"inLanguage\":\"en-US\"},{\"@type\":\"Organization\",\"@id\":\"https:\/\/grotta.is\/#organization\",\"name\":\"\u00cd\u00fer\u00f3ttaf\u00e9lagi\u00f0 Gr\u00f3tta\",\"url\":\"https:\/\/grotta.is\/\",\"logo\":{\"@type\":\"ImageObject\",\"inLanguage\":\"en-US\",\"@id\":\"https:\/\/grotta.is\/#\/schema\/logo\/image\/\",\"url\":\"https:\/\/grotta.is\/wp-content\/uploads\/2020\/02\/ithrottafelagidgrotta_logo_512x512_transparent.png\",\"contentUrl\":\"https:\/\/grotta.is\/wp-content\/uploads\/2020\/02\/ithrottafelagidgrotta_logo_512x512_transparent.png\",\"width\":512,\"height\":512,\"caption\":\"\u00cd\u00fer\u00f3ttaf\u00e9lagi\u00f0 Gr\u00f3tta\"},\"image\":{\"@id\":\"https:\/\/grotta.is\/#\/schema\/logo\/image\/\"},\"sameAs\":[\"https:\/\/www.facebook.com\/grottasport\"]},{\"@type\":\"Person\",\"@id\":\"https:\/\/grotta.is\/#\/schema\/person\/08ec57bf09ee925f1b6a01540c14a5ce\",\"name\":\"Grotta\",\"url\":\"https:\/\/grotta.is\/en\/author\/inga\/\"}]}<\/script>\n<!-- \/ Yoast SEO plugin. -->","yoast_head_json":{"title":"Soff\u00eda framlengir samning sinn vi\u00f0 Gr\u00f3ttu - \u00cd\u00fer\u00f3ttaf\u00e9lagi\u00f0 Gr\u00f3tta","robots":{"index":"index","follow":"follow","max-snippet":"max-snippet:-1","max-image-preview":"max-image-preview:large","max-video-preview":"max-video-preview:-1"},"canonical":"https:\/\/grotta.is\/en\/handknattleiksdeild\/soffia-framlengir-samning-sinn-vid-grottu\/","og_locale":"en_US","og_type":"article","og_title":"Soff\u00eda framlengir samning sinn vi\u00f0 Gr\u00f3ttu - \u00cd\u00fer\u00f3ttaf\u00e9lagi\u00f0 Gr\u00f3tta","og_description":"Soff\u00eda Steingr\u00edmsd\u00f3ttir hefur framlengt samning sinn vi\u00f0 f\u00e9lagi\u00f0 um tv\u00f6 \u00e1r. \u00dea\u00f0 er miki\u00f0 gle\u00f0iefni a\u00f0 Soff\u00eda taki slaginn me\u00f0 li\u00f0inu \u00ed Grill 66 deildinni \u00e1 n\u00e6sta \u00e1ri enda einn efnilegasti markma\u00f0ur landsins.","og_url":"https:\/\/grotta.is\/en\/handknattleiksdeild\/soffia-framlengir-samning-sinn-vid-grottu\/","og_site_name":"\u00cd\u00fer\u00f3ttaf\u00e9lagi\u00f0 Gr\u00f3tta","article_publisher":"https:\/\/www.facebook.com\/grottasport","article_published_time":"2018-08-27T19:32:00+00:00","article_modified_time":"2020-04-27T19:34:45+00:00","og_image":[{"width":720,"height":960,"url":"https:\/\/grotta.is\/wp-content\/uploads\/2018\/08\/Grotta_Handbolti_mfl_kvk_5.jpg","type":"image\/jpeg"}],"author":"Grotta","twitter_card":"summary_large_image","twitter_misc":{"Written by":"Grotta","Est. reading time":"1 minute"},"schema":{"@context":"https:\/\/schema.org","@graph":[{"@type":"Article","@id":"https:\/\/grotta.is\/handknattleiksdeild\/soffia-framlengir-samning-sinn-vid-grottu\/#article","isPartOf":{"@id":"https:\/\/grotta.is\/handknattleiksdeild\/soffia-framlengir-samning-sinn-vid-grottu\/"},"author":{"name":"Grotta","@id":"https:\/\/grotta.is\/#\/schema\/person\/08ec57bf09ee925f1b6a01540c14a5ce"},"headline":"Soff\u00eda framlengir samning sinn vi\u00f0 Gr\u00f3ttu","datePublished":"2018-08-27T19:32:00+00:00","dateModified":"2020-04-27T19:34:45+00:00","mainEntityOfPage":{"@id":"https:\/\/grotta.is\/handknattleiksdeild\/soffia-framlengir-samning-sinn-vid-grottu\/"},"wordCount":227,"publisher":{"@id":"https:\/\/grotta.is\/#organization"},"image":{"@id":"https:\/\/grotta.is\/handknattleiksdeild\/soffia-framlengir-samning-sinn-vid-grottu\/#primaryimage"},"thumbnailUrl":"https:\/\/grotta.is\/wp-content\/uploads\/2018\/08\/Grotta_Handbolti_mfl_kvk_5.jpg","keywords":["Handbolti","Leikmenn","Mfl.kvk"],"articleSection":["Handknattleiksdeild"],"inLanguage":"en-US"},{"@type":"WebPage","@id":"https:\/\/grotta.is\/handknattleiksdeild\/soffia-framlengir-samning-sinn-vid-grottu\/","url":"https:\/\/grotta.is\/handknattleiksdeild\/soffia-framlengir-samning-sinn-vid-grottu\/","name":"Soff\u00eda framlengir samning sinn vi\u00f0 Gr\u00f3ttu - \u00cd\u00fer\u00f3ttaf\u00e9lagi\u00f0 Gr\u00f3tta","isPartOf":{"@id":"https:\/\/grotta.is\/#website"},"primaryImageOfPage":{"@id":"https:\/\/grotta.is\/handknattleiksdeild\/soffia-framlengir-samning-sinn-vid-grottu\/#primaryimage"},"image":{"@id":"https:\/\/grotta.is\/handknattleiksdeild\/soffia-framlengir-samning-sinn-vid-grottu\/#primaryimage"},"thumbnailUrl":"https:\/\/grotta.is\/wp-content\/uploads\/2018\/08\/Grotta_Handbolti_mfl_kvk_5.jpg","datePublished":"2018-08-27T19:32:00+00:00","dateModified":"2020-04-27T19:34:45+00:00","breadcrumb":{"@id":"https:\/\/grotta.is\/handknattleiksdeild\/soffia-framlengir-samning-sinn-vid-grottu\/#breadcrumb"},"inLanguage":"en-US","potentialAction":[{"@type":"ReadAction","target":["https:\/\/grotta.is\/handknattleiksdeild\/soffia-framlengir-samning-sinn-vid-grottu\/"]}]},{"@type":"ImageObject","inLanguage":"en-US","@id":"https:\/\/grotta.is\/handknattleiksdeild\/soffia-framlengir-samning-sinn-vid-grottu\/#primaryimage","url":"https:\/\/grotta.is\/wp-content\/uploads\/2018\/08\/Grotta_Handbolti_mfl_kvk_5.jpg","contentUrl":"https:\/\/grotta.is\/wp-content\/uploads\/2018\/08\/Grotta_Handbolti_mfl_kvk_5.jpg","width":720,"height":960},{"@type":"BreadcrumbList","@id":"https:\/\/grotta.is\/handknattleiksdeild\/soffia-framlengir-samning-sinn-vid-grottu\/#breadcrumb","itemListElement":[{"@type":"ListItem","position":1,"name":"Home","item":"https:\/\/grotta.is\/"},{"@type":"ListItem","position":2,"name":"Soff\u00eda framlengir samning sinn vi\u00f0 Gr\u00f3ttu"}]},{"@type":"WebSite","@id":"https:\/\/grotta.is\/#website","url":"https:\/\/grotta.is\/","name":"\u00cd\u00fer\u00f3ttaf\u00e9lagi\u00f0 Gr\u00f3tta","description":"\u00e1 Seltjarnarnesi","publisher":{"@id":"https:\/\/grotta.is\/#organization"},"potentialAction":[{"@type":"SearchAction","target":{"@type":"EntryPoint","urlTemplate":"https:\/\/grotta.is\/?s={search_term_string}"},"query-input":{"@type":"PropertyValueSpecification","valueRequired":true,"valueName":"search_term_string"}}],"inLanguage":"en-US"},{"@type":"Organization","@id":"https:\/\/grotta.is\/#organization","name":"\u00cd\u00fer\u00f3ttaf\u00e9lagi\u00f0 Gr\u00f3tta","url":"https:\/\/grotta.is\/","logo":{"@type":"ImageObject","inLanguage":"en-US","@id":"https:\/\/grotta.is\/#\/schema\/logo\/image\/","url":"https:\/\/grotta.is\/wp-content\/uploads\/2020\/02\/ithrottafelagidgrotta_logo_512x512_transparent.png","contentUrl":"https:\/\/grotta.is\/wp-content\/uploads\/2020\/02\/ithrottafelagidgrotta_logo_512x512_transparent.png","width":512,"height":512,"caption":"\u00cd\u00fer\u00f3ttaf\u00e9lagi\u00f0 Gr\u00f3tta"},"image":{"@id":"https:\/\/grotta.is\/#\/schema\/logo\/image\/"},"sameAs":["https:\/\/www.facebook.com\/grottasport"]},{"@type":"Person","@id":"https:\/\/grotta.is\/#\/schema\/person\/08ec57bf09ee925f1b6a01540c14a5ce","name":"Grotta","url":"https:\/\/grotta.is\/en\/author\/inga\/"}]}},"_links":{"self":[{"href":"https:\/\/grotta.is\/en\/wp-json\/wp\/v2\/posts\/2842","targetHints":{"allow":["GET"]}}],"collection":[{"href":"https:\/\/grotta.is\/en\/wp-json\/wp\/v2\/posts"}],"about":[{"href":"https:\/\/grotta.is\/en\/wp-json\/wp\/v2\/types\/post"}],"author":[{"embeddable":true,"href":"https:\/\/grotta.is\/en\/wp-json\/wp\/v2\/users\/2"}],"replies":[{"embeddable":true,"href":"https:\/\/grotta.is\/en\/wp-json\/wp\/v2\/comments?post=2842"}],"version-history":[{"count":2,"href":"https:\/\/grotta.is\/en\/wp-json\/wp\/v2\/posts\/2842\/revisions"}],"predecessor-version":[{"id":2845,"href":"https:\/\/grotta.is\/en\/wp-json\/wp\/v2\/posts\/2842\/revisions\/2845"}],"wp:featuredmedia":[{"embeddable":true,"href":"https:\/\/grotta.is\/en\/wp-json\/wp\/v2\/media\/2844"}],"wp:attachment":[{"href":"https:\/\/grotta.is\/en\/wp-json\/wp\/v2\/media?parent=2842"}],"wp:term":[{"taxonomy":"category","embeddable":true,"href":"https:\/\/grotta.is\/en\/wp-json\/wp\/v2\/categories?post=2842"},{"taxonomy":"post_tag","embeddable":true,"href":"https:\/\/grotta.is\/en\/wp-json\/wp\/v2\/tags?post=2842"}],"curies":[{"name":"wp","href":"https:\/\/api.w.org\/{rel}","templated":true}]}}