{"id":282,"date":"2019-11-15T18:03:06","date_gmt":"2019-11-15T18:03:06","guid":{"rendered":"https:\/\/grotta.is\/?p=282"},"modified":"2020-02-17T18:09:51","modified_gmt":"2020-02-17T18:09:51","slug":"nitjan-leikmenn-framlengja-samninga-sina-vid-grottu","status":"publish","type":"post","link":"https:\/\/grotta.is\/en\/knattspyrnudeild\/nitjan-leikmenn-framlengja-samninga-sina-vid-grottu\/","title":{"rendered":"N\u00edtj\u00e1n leikmenn framlengja samninga s\u00edna vi\u00f0 Gr\u00f3ttu"},"content":{"rendered":"<p>\u00cd\u00fer\u00f3ttaf\u00e9lagi\u00f0 Gr\u00f3tta hefur framlengt samninga s\u00edna vi\u00f0 n\u00edtj\u00e1n leikmenn li\u00f0sins \u00fat t\u00edmabili\u00f0 2021. Birgir Tj\u00f6rvi P\u00e9tursson forma\u00f0ur knattspyrnudeildar Gr\u00f3ttu er \u00e1n\u00e6g\u00f0ur a\u00f0 hafa skrifa\u00f0 undir samninga vi\u00f0 n\u00edtj\u00e1n leikmenn f\u00e9lagsins \u00ed einni lotu.<\/p><p>\u201eVi\u00f0 h\u00f6fum mikla tr\u00fa \u00e1 \u00feessum str\u00e1kum sem hafa teki\u00f0 \u00fe\u00e1tt \u00ed \u00e6vint\u00fdrinu og \u00fea\u00f0 er gaman a\u00f0 sj\u00e1 a\u00f0 \u00feeir hafa sj\u00e1lfir tr\u00fa \u00e1 verkefninu sem framundan er.\u201c<\/p><p><strong>Leikmennirnir n\u00edtj\u00e1n eru:<\/strong><\/p><p>Agnar Gu\u00f0j\u00f3nsson<br>\nArnar \u00de\u00f3r Helgason<br>\nBessi J\u00f3hannsson<br>\nBjarni R\u00f6gnvaldsson<br>\nDagur Gu\u00f0j\u00f3nsson<br>\nGabr\u00edel Hrannar Eyj\u00f3lfsson<br>\nGunnar J\u00f3nas Hauksson<br>\nHalld\u00f3r Kristj\u00e1n Baldursson<br>\nJ\u00f3n \u00cdvan Rivine<br>\nJ\u00fal\u00ed Karlsson<br>\nKrist\u00f3fer Melste\u00f0<br>\nKrist\u00f3fer Orri P\u00e9tursson<br>\n\u00d3liver Dagur Thorlacius<br>\n\u00d3skar J\u00f3nsson<br>\nPatrik Orri P\u00e9tursson<br>\nP\u00e9tur Theod\u00f3r \u00c1rnason<br>\nSigurvin Reynisson<br>\nS\u00f6lvi Bj\u00f6rnsson<br>\nValt\u00fdr M\u00e1r Michaelsson<\/p>","protected":false},"excerpt":{"rendered":"<p>\u00cd\u00fer\u00f3ttaf\u00e9lagi\u00f0 Gr\u00f3tta hefur framlengt samninga s\u00edna vi\u00f0 n\u00edtj\u00e1n leikmenn li\u00f0sins \u00fat t\u00edmabili\u00f0 2021. Birgir Tj\u00f6rvi P\u00e9tursson forma\u00f0ur knattspyrnudeildar Gr\u00f3ttu er \u00e1n\u00e6g\u00f0ur a\u00f0 hafa skrifa\u00f0 undir samninga vi\u00f0 n\u00edtj\u00e1n leikmenn f\u00e9lagsins [&hellip;]<\/p>","protected":false},"author":2,"featured_media":283,"comment_status":"closed","ping_status":"closed","sticky":false,"template":"","format":"standard","meta":{"footnotes":""},"categories":[7],"tags":[6,17,20],"class_list":["post-282","post","type-post","status-publish","format-standard","has-post-thumbnail","hentry","category-knattspyrnudeild","tag-knattspyrna","tag-leikmenn","tag-mfl-kk"],"yoast_head":"<!-- This site is optimized with the Yoast SEO plugin v24.3 - https:\/\/yoast.com\/wordpress\/plugins\/seo\/ -->\n<title>N\u00edtj\u00e1n leikmenn framlengja samninga s\u00edna vi\u00f0 Gr\u00f3ttu - \u00cd\u00fer\u00f3ttaf\u00e9lagi\u00f0 Gr\u00f3tta<\/title>\n<meta name=\"robots\" content=\"index, follow, max-snippet:-1, max-image-preview:large, max-video-preview:-1\" \/>\n<link rel=\"canonical\" href=\"https:\/\/grotta.is\/en\/knattspyrnudeild\/nitjan-leikmenn-framlengja-samninga-sina-vid-grottu\/\" \/>\n<meta property=\"og:locale\" content=\"en_US\" \/>\n<meta property=\"og:type\" content=\"article\" \/>\n<meta property=\"og:title\" content=\"N\u00edtj\u00e1n leikmenn framlengja samninga s\u00edna vi\u00f0 Gr\u00f3ttu - \u00cd\u00fer\u00f3ttaf\u00e9lagi\u00f0 Gr\u00f3tta\" \/>\n<meta property=\"og:description\" content=\"\u00cd\u00fer\u00f3ttaf\u00e9lagi\u00f0 Gr\u00f3tta hefur framlengt samninga s\u00edna vi\u00f0 n\u00edtj\u00e1n leikmenn li\u00f0sins \u00fat t\u00edmabili\u00f0 2021. Birgir Tj\u00f6rvi P\u00e9tursson forma\u00f0ur knattspyrnudeildar Gr\u00f3ttu er \u00e1n\u00e6g\u00f0ur a\u00f0 hafa skrifa\u00f0 undir samninga vi\u00f0 n\u00edtj\u00e1n leikmenn f\u00e9lagsins [&hellip;]\" \/>\n<meta property=\"og:url\" content=\"https:\/\/grotta.is\/en\/knattspyrnudeild\/nitjan-leikmenn-framlengja-samninga-sina-vid-grottu\/\" \/>\n<meta property=\"og:site_name\" content=\"\u00cd\u00fer\u00f3ttaf\u00e9lagi\u00f0 Gr\u00f3tta\" \/>\n<meta property=\"article:publisher\" content=\"https:\/\/www.facebook.com\/grottasport\" \/>\n<meta property=\"article:published_time\" content=\"2019-11-15T18:03:06+00:00\" \/>\n<meta property=\"article:modified_time\" content=\"2020-02-17T18:09:51+00:00\" \/>\n<meta property=\"og:image\" content=\"https:\/\/grotta.is\/wp-content\/uploads\/2020\/02\/Knattspyrnudeild_grotta_Frettir_mflkk_1.jpeg\" \/>\n\t<meta property=\"og:image:width\" content=\"2048\" \/>\n\t<meta property=\"og:image:height\" content=\"1536\" \/>\n\t<meta property=\"og:image:type\" content=\"image\/jpeg\" \/>\n<meta name=\"author\" content=\"Grotta\" \/>\n<meta name=\"twitter:card\" content=\"summary_large_image\" \/>\n<meta name=\"twitter:label1\" content=\"Written by\" \/>\n\t<meta name=\"twitter:data1\" content=\"Grotta\" \/>\n\t<meta name=\"twitter:label2\" content=\"Est. reading time\" \/>\n\t<meta name=\"twitter:data2\" content=\"1 minute\" \/>\n<script type=\"application\/ld+json\" class=\"yoast-schema-graph\">{\"@context\":\"https:\/\/schema.org\",\"@graph\":[{\"@type\":\"Article\",\"@id\":\"https:\/\/grotta.is\/knattspyrnudeild\/nitjan-leikmenn-framlengja-samninga-sina-vid-grottu\/#article\",\"isPartOf\":{\"@id\":\"https:\/\/grotta.is\/knattspyrnudeild\/nitjan-leikmenn-framlengja-samninga-sina-vid-grottu\/\"},\"author\":{\"name\":\"Grotta\",\"@id\":\"https:\/\/grotta.is\/#\/schema\/person\/08ec57bf09ee925f1b6a01540c14a5ce\"},\"headline\":\"N\u00edtj\u00e1n leikmenn framlengja samninga s\u00edna vi\u00f0 Gr\u00f3ttu\",\"datePublished\":\"2019-11-15T18:03:06+00:00\",\"dateModified\":\"2020-02-17T18:09:51+00:00\",\"mainEntityOfPage\":{\"@id\":\"https:\/\/grotta.is\/knattspyrnudeild\/nitjan-leikmenn-framlengja-samninga-sina-vid-grottu\/\"},\"wordCount\":166,\"publisher\":{\"@id\":\"https:\/\/grotta.is\/#organization\"},\"image\":{\"@id\":\"https:\/\/grotta.is\/knattspyrnudeild\/nitjan-leikmenn-framlengja-samninga-sina-vid-grottu\/#primaryimage\"},\"thumbnailUrl\":\"https:\/\/grotta.is\/wp-content\/uploads\/2020\/02\/Knattspyrnudeild_grotta_Frettir_mflkk_1.jpeg\",\"keywords\":[\"Knattspyrna\",\"Leikmenn\",\"Mfl.kk\"],\"articleSection\":[\"Knattspyrnudeild\"],\"inLanguage\":\"en-US\"},{\"@type\":\"WebPage\",\"@id\":\"https:\/\/grotta.is\/knattspyrnudeild\/nitjan-leikmenn-framlengja-samninga-sina-vid-grottu\/\",\"url\":\"https:\/\/grotta.is\/knattspyrnudeild\/nitjan-leikmenn-framlengja-samninga-sina-vid-grottu\/\",\"name\":\"N\u00edtj\u00e1n leikmenn framlengja samninga s\u00edna vi\u00f0 Gr\u00f3ttu - \u00cd\u00fer\u00f3ttaf\u00e9lagi\u00f0 Gr\u00f3tta\",\"isPartOf\":{\"@id\":\"https:\/\/grotta.is\/#website\"},\"primaryImageOfPage\":{\"@id\":\"https:\/\/grotta.is\/knattspyrnudeild\/nitjan-leikmenn-framlengja-samninga-sina-vid-grottu\/#primaryimage\"},\"image\":{\"@id\":\"https:\/\/grotta.is\/knattspyrnudeild\/nitjan-leikmenn-framlengja-samninga-sina-vid-grottu\/#primaryimage\"},\"thumbnailUrl\":\"https:\/\/grotta.is\/wp-content\/uploads\/2020\/02\/Knattspyrnudeild_grotta_Frettir_mflkk_1.jpeg\",\"datePublished\":\"2019-11-15T18:03:06+00:00\",\"dateModified\":\"2020-02-17T18:09:51+00:00\",\"breadcrumb\":{\"@id\":\"https:\/\/grotta.is\/knattspyrnudeild\/nitjan-leikmenn-framlengja-samninga-sina-vid-grottu\/#breadcrumb\"},\"inLanguage\":\"en-US\",\"potentialAction\":[{\"@type\":\"ReadAction\",\"target\":[\"https:\/\/grotta.is\/knattspyrnudeild\/nitjan-leikmenn-framlengja-samninga-sina-vid-grottu\/\"]}]},{\"@type\":\"ImageObject\",\"inLanguage\":\"en-US\",\"@id\":\"https:\/\/grotta.is\/knattspyrnudeild\/nitjan-leikmenn-framlengja-samninga-sina-vid-grottu\/#primaryimage\",\"url\":\"https:\/\/grotta.is\/wp-content\/uploads\/2020\/02\/Knattspyrnudeild_grotta_Frettir_mflkk_1.jpeg\",\"contentUrl\":\"https:\/\/grotta.is\/wp-content\/uploads\/2020\/02\/Knattspyrnudeild_grotta_Frettir_mflkk_1.jpeg\",\"width\":2048,\"height\":1536},{\"@type\":\"BreadcrumbList\",\"@id\":\"https:\/\/grotta.is\/knattspyrnudeild\/nitjan-leikmenn-framlengja-samninga-sina-vid-grottu\/#breadcrumb\",\"itemListElement\":[{\"@type\":\"ListItem\",\"position\":1,\"name\":\"Home\",\"item\":\"https:\/\/grotta.is\/\"},{\"@type\":\"ListItem\",\"position\":2,\"name\":\"N\u00edtj\u00e1n leikmenn framlengja samninga s\u00edna vi\u00f0 Gr\u00f3ttu\"}]},{\"@type\":\"WebSite\",\"@id\":\"https:\/\/grotta.is\/#website\",\"url\":\"https:\/\/grotta.is\/\",\"name\":\"\u00cd\u00fer\u00f3ttaf\u00e9lagi\u00f0 Gr\u00f3tta\",\"description\":\"\u00e1 Seltjarnarnesi\",\"publisher\":{\"@id\":\"https:\/\/grotta.is\/#organization\"},\"potentialAction\":[{\"@type\":\"SearchAction\",\"target\":{\"@type\":\"EntryPoint\",\"urlTemplate\":\"https:\/\/grotta.is\/?s={search_term_string}\"},\"query-input\":{\"@type\":\"PropertyValueSpecification\",\"valueRequired\":true,\"valueName\":\"search_term_string\"}}],\"inLanguage\":\"en-US\"},{\"@type\":\"Organization\",\"@id\":\"https:\/\/grotta.is\/#organization\",\"name\":\"\u00cd\u00fer\u00f3ttaf\u00e9lagi\u00f0 Gr\u00f3tta\",\"url\":\"https:\/\/grotta.is\/\",\"logo\":{\"@type\":\"ImageObject\",\"inLanguage\":\"en-US\",\"@id\":\"https:\/\/grotta.is\/#\/schema\/logo\/image\/\",\"url\":\"https:\/\/grotta.is\/wp-content\/uploads\/2020\/02\/ithrottafelagidgrotta_logo_512x512_transparent.png\",\"contentUrl\":\"https:\/\/grotta.is\/wp-content\/uploads\/2020\/02\/ithrottafelagidgrotta_logo_512x512_transparent.png\",\"width\":512,\"height\":512,\"caption\":\"\u00cd\u00fer\u00f3ttaf\u00e9lagi\u00f0 Gr\u00f3tta\"},\"image\":{\"@id\":\"https:\/\/grotta.is\/#\/schema\/logo\/image\/\"},\"sameAs\":[\"https:\/\/www.facebook.com\/grottasport\"]},{\"@type\":\"Person\",\"@id\":\"https:\/\/grotta.is\/#\/schema\/person\/08ec57bf09ee925f1b6a01540c14a5ce\",\"name\":\"Grotta\",\"url\":\"https:\/\/grotta.is\/en\/author\/inga\/\"}]}<\/script>\n<!-- \/ Yoast SEO plugin. -->","yoast_head_json":{"title":"N\u00edtj\u00e1n leikmenn framlengja samninga s\u00edna vi\u00f0 Gr\u00f3ttu - \u00cd\u00fer\u00f3ttaf\u00e9lagi\u00f0 Gr\u00f3tta","robots":{"index":"index","follow":"follow","max-snippet":"max-snippet:-1","max-image-preview":"max-image-preview:large","max-video-preview":"max-video-preview:-1"},"canonical":"https:\/\/grotta.is\/en\/knattspyrnudeild\/nitjan-leikmenn-framlengja-samninga-sina-vid-grottu\/","og_locale":"en_US","og_type":"article","og_title":"N\u00edtj\u00e1n leikmenn framlengja samninga s\u00edna vi\u00f0 Gr\u00f3ttu - \u00cd\u00fer\u00f3ttaf\u00e9lagi\u00f0 Gr\u00f3tta","og_description":"\u00cd\u00fer\u00f3ttaf\u00e9lagi\u00f0 Gr\u00f3tta hefur framlengt samninga s\u00edna vi\u00f0 n\u00edtj\u00e1n leikmenn li\u00f0sins \u00fat t\u00edmabili\u00f0 2021. Birgir Tj\u00f6rvi P\u00e9tursson forma\u00f0ur knattspyrnudeildar Gr\u00f3ttu er \u00e1n\u00e6g\u00f0ur a\u00f0 hafa skrifa\u00f0 undir samninga vi\u00f0 n\u00edtj\u00e1n leikmenn f\u00e9lagsins [&hellip;]","og_url":"https:\/\/grotta.is\/en\/knattspyrnudeild\/nitjan-leikmenn-framlengja-samninga-sina-vid-grottu\/","og_site_name":"\u00cd\u00fer\u00f3ttaf\u00e9lagi\u00f0 Gr\u00f3tta","article_publisher":"https:\/\/www.facebook.com\/grottasport","article_published_time":"2019-11-15T18:03:06+00:00","article_modified_time":"2020-02-17T18:09:51+00:00","og_image":[{"width":2048,"height":1536,"url":"https:\/\/grotta.is\/wp-content\/uploads\/2020\/02\/Knattspyrnudeild_grotta_Frettir_mflkk_1.jpeg","type":"image\/jpeg"}],"author":"Grotta","twitter_card":"summary_large_image","twitter_misc":{"Written by":"Grotta","Est. reading time":"1 minute"},"schema":{"@context":"https:\/\/schema.org","@graph":[{"@type":"Article","@id":"https:\/\/grotta.is\/knattspyrnudeild\/nitjan-leikmenn-framlengja-samninga-sina-vid-grottu\/#article","isPartOf":{"@id":"https:\/\/grotta.is\/knattspyrnudeild\/nitjan-leikmenn-framlengja-samninga-sina-vid-grottu\/"},"author":{"name":"Grotta","@id":"https:\/\/grotta.is\/#\/schema\/person\/08ec57bf09ee925f1b6a01540c14a5ce"},"headline":"N\u00edtj\u00e1n leikmenn framlengja samninga s\u00edna vi\u00f0 Gr\u00f3ttu","datePublished":"2019-11-15T18:03:06+00:00","dateModified":"2020-02-17T18:09:51+00:00","mainEntityOfPage":{"@id":"https:\/\/grotta.is\/knattspyrnudeild\/nitjan-leikmenn-framlengja-samninga-sina-vid-grottu\/"},"wordCount":166,"publisher":{"@id":"https:\/\/grotta.is\/#organization"},"image":{"@id":"https:\/\/grotta.is\/knattspyrnudeild\/nitjan-leikmenn-framlengja-samninga-sina-vid-grottu\/#primaryimage"},"thumbnailUrl":"https:\/\/grotta.is\/wp-content\/uploads\/2020\/02\/Knattspyrnudeild_grotta_Frettir_mflkk_1.jpeg","keywords":["Knattspyrna","Leikmenn","Mfl.kk"],"articleSection":["Knattspyrnudeild"],"inLanguage":"en-US"},{"@type":"WebPage","@id":"https:\/\/grotta.is\/knattspyrnudeild\/nitjan-leikmenn-framlengja-samninga-sina-vid-grottu\/","url":"https:\/\/grotta.is\/knattspyrnudeild\/nitjan-leikmenn-framlengja-samninga-sina-vid-grottu\/","name":"N\u00edtj\u00e1n leikmenn framlengja samninga s\u00edna vi\u00f0 Gr\u00f3ttu - \u00cd\u00fer\u00f3ttaf\u00e9lagi\u00f0 Gr\u00f3tta","isPartOf":{"@id":"https:\/\/grotta.is\/#website"},"primaryImageOfPage":{"@id":"https:\/\/grotta.is\/knattspyrnudeild\/nitjan-leikmenn-framlengja-samninga-sina-vid-grottu\/#primaryimage"},"image":{"@id":"https:\/\/grotta.is\/knattspyrnudeild\/nitjan-leikmenn-framlengja-samninga-sina-vid-grottu\/#primaryimage"},"thumbnailUrl":"https:\/\/grotta.is\/wp-content\/uploads\/2020\/02\/Knattspyrnudeild_grotta_Frettir_mflkk_1.jpeg","datePublished":"2019-11-15T18:03:06+00:00","dateModified":"2020-02-17T18:09:51+00:00","breadcrumb":{"@id":"https:\/\/grotta.is\/knattspyrnudeild\/nitjan-leikmenn-framlengja-samninga-sina-vid-grottu\/#breadcrumb"},"inLanguage":"en-US","potentialAction":[{"@type":"ReadAction","target":["https:\/\/grotta.is\/knattspyrnudeild\/nitjan-leikmenn-framlengja-samninga-sina-vid-grottu\/"]}]},{"@type":"ImageObject","inLanguage":"en-US","@id":"https:\/\/grotta.is\/knattspyrnudeild\/nitjan-leikmenn-framlengja-samninga-sina-vid-grottu\/#primaryimage","url":"https:\/\/grotta.is\/wp-content\/uploads\/2020\/02\/Knattspyrnudeild_grotta_Frettir_mflkk_1.jpeg","contentUrl":"https:\/\/grotta.is\/wp-content\/uploads\/2020\/02\/Knattspyrnudeild_grotta_Frettir_mflkk_1.jpeg","width":2048,"height":1536},{"@type":"BreadcrumbList","@id":"https:\/\/grotta.is\/knattspyrnudeild\/nitjan-leikmenn-framlengja-samninga-sina-vid-grottu\/#breadcrumb","itemListElement":[{"@type":"ListItem","position":1,"name":"Home","item":"https:\/\/grotta.is\/"},{"@type":"ListItem","position":2,"name":"N\u00edtj\u00e1n leikmenn framlengja samninga s\u00edna vi\u00f0 Gr\u00f3ttu"}]},{"@type":"WebSite","@id":"https:\/\/grotta.is\/#website","url":"https:\/\/grotta.is\/","name":"\u00cd\u00fer\u00f3ttaf\u00e9lagi\u00f0 Gr\u00f3tta","description":"\u00e1 Seltjarnarnesi","publisher":{"@id":"https:\/\/grotta.is\/#organization"},"potentialAction":[{"@type":"SearchAction","target":{"@type":"EntryPoint","urlTemplate":"https:\/\/grotta.is\/?s={search_term_string}"},"query-input":{"@type":"PropertyValueSpecification","valueRequired":true,"valueName":"search_term_string"}}],"inLanguage":"en-US"},{"@type":"Organization","@id":"https:\/\/grotta.is\/#organization","name":"\u00cd\u00fer\u00f3ttaf\u00e9lagi\u00f0 Gr\u00f3tta","url":"https:\/\/grotta.is\/","logo":{"@type":"ImageObject","inLanguage":"en-US","@id":"https:\/\/grotta.is\/#\/schema\/logo\/image\/","url":"https:\/\/grotta.is\/wp-content\/uploads\/2020\/02\/ithrottafelagidgrotta_logo_512x512_transparent.png","contentUrl":"https:\/\/grotta.is\/wp-content\/uploads\/2020\/02\/ithrottafelagidgrotta_logo_512x512_transparent.png","width":512,"height":512,"caption":"\u00cd\u00fer\u00f3ttaf\u00e9lagi\u00f0 Gr\u00f3tta"},"image":{"@id":"https:\/\/grotta.is\/#\/schema\/logo\/image\/"},"sameAs":["https:\/\/www.facebook.com\/grottasport"]},{"@type":"Person","@id":"https:\/\/grotta.is\/#\/schema\/person\/08ec57bf09ee925f1b6a01540c14a5ce","name":"Grotta","url":"https:\/\/grotta.is\/en\/author\/inga\/"}]}},"_links":{"self":[{"href":"https:\/\/grotta.is\/en\/wp-json\/wp\/v2\/posts\/282","targetHints":{"allow":["GET"]}}],"collection":[{"href":"https:\/\/grotta.is\/en\/wp-json\/wp\/v2\/posts"}],"about":[{"href":"https:\/\/grotta.is\/en\/wp-json\/wp\/v2\/types\/post"}],"author":[{"embeddable":true,"href":"https:\/\/grotta.is\/en\/wp-json\/wp\/v2\/users\/2"}],"replies":[{"embeddable":true,"href":"https:\/\/grotta.is\/en\/wp-json\/wp\/v2\/comments?post=282"}],"version-history":[{"count":0,"href":"https:\/\/grotta.is\/en\/wp-json\/wp\/v2\/posts\/282\/revisions"}],"wp:featuredmedia":[{"embeddable":true,"href":"https:\/\/grotta.is\/en\/wp-json\/wp\/v2\/media\/283"}],"wp:attachment":[{"href":"https:\/\/grotta.is\/en\/wp-json\/wp\/v2\/media?parent=282"}],"wp:term":[{"taxonomy":"category","embeddable":true,"href":"https:\/\/grotta.is\/en\/wp-json\/wp\/v2\/categories?post=282"},{"taxonomy":"post_tag","embeddable":true,"href":"https:\/\/grotta.is\/en\/wp-json\/wp\/v2\/tags?post=282"}],"curies":[{"name":"wp","href":"https:\/\/api.w.org\/{rel}","templated":true}]}}