{"id":2807,"date":"2018-08-26T19:04:00","date_gmt":"2018-08-26T19:04:00","guid":{"rendered":"https:\/\/grotta.is\/?p=2807"},"modified":"2020-04-26T19:06:13","modified_gmt":"2020-04-26T19:06:13","slug":"katrin-helga-sigurbergsdottir-skrifar-undir-samning-vid-grottu","status":"publish","type":"post","link":"https:\/\/grotta.is\/en\/handknattleiksdeild\/katrin-helga-sigurbergsdottir-skrifar-undir-samning-vid-grottu\/","title":{"rendered":"Katr\u00edn Helga Sigurbergsd\u00f3ttir skrifar undir samning vi\u00f0 Gr\u00f3ttu"},"content":{"rendered":"<p>Hin unga og efnilega Gr\u00f3ttu stelpa Katr\u00edn Helga Sigurbergsd\u00f3ttir hefur skrifa\u00f0 undir 2ja \u00e1ra samning vi\u00f0 Gr\u00f3ttu og leikur \u00fev\u00ed me\u00f0 li\u00f0inu \u00ed Grill66 deildinni \u00e1 komandi t\u00edmabili.<\/p><p>Katr\u00edn sem er a\u00f0eins 16 \u00e1ra g\u00f6mul hefur leiki\u00f0 upp alla yngri flokka f\u00e9lagsins og t\u00f3k s\u00edn fyrstu skref me\u00f0 meistaraflokki \u00ed Ol\u00eds deildinni \u00ed fyrra.<\/p><p>Handknattleiksdeildin er gr\u00ed\u00f0arlega \u00e1n\u00e6g\u00f0 me\u00f0 samninginn og vi\u00f0 hl\u00f6kkum til a\u00f0 fylgjast me\u00f0 Katr\u00ednu taka n\u00e6stu skref inni \u00e1 vellinum.<\/p>","protected":false},"excerpt":{"rendered":"<p>Hin unga og efnilega Gr\u00f3ttu stelpa Katr\u00edn Helga Sigurbergsd\u00f3ttir hefur skrifa\u00f0 undir 2ja \u00e1ra samning vi\u00f0 Gr\u00f3ttu og leikur \u00fev\u00ed me\u00f0 li\u00f0inu \u00ed Grill66 deildinni \u00e1 komandi t\u00edmabili.<\/p>","protected":false},"author":2,"featured_media":2809,"comment_status":"closed","ping_status":"closed","sticky":false,"template":"","format":"standard","meta":{"footnotes":""},"categories":[12],"tags":[13,17,18],"class_list":["post-2807","post","type-post","status-publish","format-standard","has-post-thumbnail","hentry","category-handknattleiksdeild","tag-handbolti","tag-leikmenn","tag-mfl-kvk"],"yoast_head":"<!-- This site is optimized with the Yoast SEO plugin v24.3 - https:\/\/yoast.com\/wordpress\/plugins\/seo\/ -->\n<title>Katr\u00edn Helga Sigurbergsd\u00f3ttir skrifar undir samning vi\u00f0 Gr\u00f3ttu - \u00cd\u00fer\u00f3ttaf\u00e9lagi\u00f0 Gr\u00f3tta<\/title>\n<meta name=\"robots\" content=\"index, follow, max-snippet:-1, max-image-preview:large, max-video-preview:-1\" \/>\n<link rel=\"canonical\" href=\"https:\/\/grotta.is\/en\/handknattleiksdeild\/katrin-helga-sigurbergsdottir-skrifar-undir-samning-vid-grottu\/\" \/>\n<meta property=\"og:locale\" content=\"en_US\" \/>\n<meta property=\"og:type\" content=\"article\" \/>\n<meta property=\"og:title\" content=\"Katr\u00edn Helga Sigurbergsd\u00f3ttir skrifar undir samning vi\u00f0 Gr\u00f3ttu - \u00cd\u00fer\u00f3ttaf\u00e9lagi\u00f0 Gr\u00f3tta\" \/>\n<meta property=\"og:description\" content=\"Hin unga og efnilega Gr\u00f3ttu stelpa Katr\u00edn Helga Sigurbergsd\u00f3ttir hefur skrifa\u00f0 undir 2ja \u00e1ra samning vi\u00f0 Gr\u00f3ttu og leikur \u00fev\u00ed me\u00f0 li\u00f0inu \u00ed Grill66 deildinni \u00e1 komandi t\u00edmabili.\" \/>\n<meta property=\"og:url\" content=\"https:\/\/grotta.is\/en\/handknattleiksdeild\/katrin-helga-sigurbergsdottir-skrifar-undir-samning-vid-grottu\/\" \/>\n<meta property=\"og:site_name\" content=\"\u00cd\u00fer\u00f3ttaf\u00e9lagi\u00f0 Gr\u00f3tta\" \/>\n<meta property=\"article:publisher\" content=\"https:\/\/www.facebook.com\/grottasport\" \/>\n<meta property=\"article:published_time\" content=\"2018-08-26T19:04:00+00:00\" \/>\n<meta property=\"article:modified_time\" content=\"2020-04-26T19:06:13+00:00\" \/>\n<meta property=\"og:image\" content=\"https:\/\/grotta.is\/wp-content\/uploads\/2020\/04\/Grotta_Handbolti_mfl_kvk_4.jpg\" \/>\n\t<meta property=\"og:image:width\" content=\"720\" \/>\n\t<meta property=\"og:image:height\" content=\"960\" \/>\n\t<meta property=\"og:image:type\" content=\"image\/jpeg\" \/>\n<meta name=\"author\" content=\"Grotta\" \/>\n<meta name=\"twitter:card\" content=\"summary_large_image\" \/>\n<meta name=\"twitter:label1\" content=\"Written by\" \/>\n\t<meta name=\"twitter:data1\" content=\"Grotta\" \/>\n<script type=\"application\/ld+json\" class=\"yoast-schema-graph\">{\"@context\":\"https:\/\/schema.org\",\"@graph\":[{\"@type\":\"Article\",\"@id\":\"https:\/\/grotta.is\/handknattleiksdeild\/katrin-helga-sigurbergsdottir-skrifar-undir-samning-vid-grottu\/#article\",\"isPartOf\":{\"@id\":\"https:\/\/grotta.is\/handknattleiksdeild\/katrin-helga-sigurbergsdottir-skrifar-undir-samning-vid-grottu\/\"},\"author\":{\"name\":\"Grotta\",\"@id\":\"https:\/\/grotta.is\/#\/schema\/person\/08ec57bf09ee925f1b6a01540c14a5ce\"},\"headline\":\"Katr\u00edn Helga Sigurbergsd\u00f3ttir skrifar undir samning vi\u00f0 Gr\u00f3ttu\",\"datePublished\":\"2018-08-26T19:04:00+00:00\",\"dateModified\":\"2020-04-26T19:06:13+00:00\",\"mainEntityOfPage\":{\"@id\":\"https:\/\/grotta.is\/handknattleiksdeild\/katrin-helga-sigurbergsdottir-skrifar-undir-samning-vid-grottu\/\"},\"wordCount\":97,\"publisher\":{\"@id\":\"https:\/\/grotta.is\/#organization\"},\"image\":{\"@id\":\"https:\/\/grotta.is\/handknattleiksdeild\/katrin-helga-sigurbergsdottir-skrifar-undir-samning-vid-grottu\/#primaryimage\"},\"thumbnailUrl\":\"https:\/\/grotta.is\/wp-content\/uploads\/2020\/04\/Grotta_Handbolti_mfl_kvk_4.jpg\",\"keywords\":[\"Handbolti\",\"Leikmenn\",\"Mfl.kvk\"],\"articleSection\":[\"Handknattleiksdeild\"],\"inLanguage\":\"en-US\"},{\"@type\":\"WebPage\",\"@id\":\"https:\/\/grotta.is\/handknattleiksdeild\/katrin-helga-sigurbergsdottir-skrifar-undir-samning-vid-grottu\/\",\"url\":\"https:\/\/grotta.is\/handknattleiksdeild\/katrin-helga-sigurbergsdottir-skrifar-undir-samning-vid-grottu\/\",\"name\":\"Katr\u00edn Helga Sigurbergsd\u00f3ttir skrifar undir samning vi\u00f0 Gr\u00f3ttu - \u00cd\u00fer\u00f3ttaf\u00e9lagi\u00f0 Gr\u00f3tta\",\"isPartOf\":{\"@id\":\"https:\/\/grotta.is\/#website\"},\"primaryImageOfPage\":{\"@id\":\"https:\/\/grotta.is\/handknattleiksdeild\/katrin-helga-sigurbergsdottir-skrifar-undir-samning-vid-grottu\/#primaryimage\"},\"image\":{\"@id\":\"https:\/\/grotta.is\/handknattleiksdeild\/katrin-helga-sigurbergsdottir-skrifar-undir-samning-vid-grottu\/#primaryimage\"},\"thumbnailUrl\":\"https:\/\/grotta.is\/wp-content\/uploads\/2020\/04\/Grotta_Handbolti_mfl_kvk_4.jpg\",\"datePublished\":\"2018-08-26T19:04:00+00:00\",\"dateModified\":\"2020-04-26T19:06:13+00:00\",\"breadcrumb\":{\"@id\":\"https:\/\/grotta.is\/handknattleiksdeild\/katrin-helga-sigurbergsdottir-skrifar-undir-samning-vid-grottu\/#breadcrumb\"},\"inLanguage\":\"en-US\",\"potentialAction\":[{\"@type\":\"ReadAction\",\"target\":[\"https:\/\/grotta.is\/handknattleiksdeild\/katrin-helga-sigurbergsdottir-skrifar-undir-samning-vid-grottu\/\"]}]},{\"@type\":\"ImageObject\",\"inLanguage\":\"en-US\",\"@id\":\"https:\/\/grotta.is\/handknattleiksdeild\/katrin-helga-sigurbergsdottir-skrifar-undir-samning-vid-grottu\/#primaryimage\",\"url\":\"https:\/\/grotta.is\/wp-content\/uploads\/2020\/04\/Grotta_Handbolti_mfl_kvk_4.jpg\",\"contentUrl\":\"https:\/\/grotta.is\/wp-content\/uploads\/2020\/04\/Grotta_Handbolti_mfl_kvk_4.jpg\",\"width\":720,\"height\":960},{\"@type\":\"BreadcrumbList\",\"@id\":\"https:\/\/grotta.is\/handknattleiksdeild\/katrin-helga-sigurbergsdottir-skrifar-undir-samning-vid-grottu\/#breadcrumb\",\"itemListElement\":[{\"@type\":\"ListItem\",\"position\":1,\"name\":\"Home\",\"item\":\"https:\/\/grotta.is\/\"},{\"@type\":\"ListItem\",\"position\":2,\"name\":\"Katr\u00edn Helga Sigurbergsd\u00f3ttir skrifar undir samning vi\u00f0 Gr\u00f3ttu\"}]},{\"@type\":\"WebSite\",\"@id\":\"https:\/\/grotta.is\/#website\",\"url\":\"https:\/\/grotta.is\/\",\"name\":\"\u00cd\u00fer\u00f3ttaf\u00e9lagi\u00f0 Gr\u00f3tta\",\"description\":\"\u00e1 Seltjarnarnesi\",\"publisher\":{\"@id\":\"https:\/\/grotta.is\/#organization\"},\"potentialAction\":[{\"@type\":\"SearchAction\",\"target\":{\"@type\":\"EntryPoint\",\"urlTemplate\":\"https:\/\/grotta.is\/?s={search_term_string}\"},\"query-input\":{\"@type\":\"PropertyValueSpecification\",\"valueRequired\":true,\"valueName\":\"search_term_string\"}}],\"inLanguage\":\"en-US\"},{\"@type\":\"Organization\",\"@id\":\"https:\/\/grotta.is\/#organization\",\"name\":\"\u00cd\u00fer\u00f3ttaf\u00e9lagi\u00f0 Gr\u00f3tta\",\"url\":\"https:\/\/grotta.is\/\",\"logo\":{\"@type\":\"ImageObject\",\"inLanguage\":\"en-US\",\"@id\":\"https:\/\/grotta.is\/#\/schema\/logo\/image\/\",\"url\":\"https:\/\/grotta.is\/wp-content\/uploads\/2020\/02\/ithrottafelagidgrotta_logo_512x512_transparent.png\",\"contentUrl\":\"https:\/\/grotta.is\/wp-content\/uploads\/2020\/02\/ithrottafelagidgrotta_logo_512x512_transparent.png\",\"width\":512,\"height\":512,\"caption\":\"\u00cd\u00fer\u00f3ttaf\u00e9lagi\u00f0 Gr\u00f3tta\"},\"image\":{\"@id\":\"https:\/\/grotta.is\/#\/schema\/logo\/image\/\"},\"sameAs\":[\"https:\/\/www.facebook.com\/grottasport\"]},{\"@type\":\"Person\",\"@id\":\"https:\/\/grotta.is\/#\/schema\/person\/08ec57bf09ee925f1b6a01540c14a5ce\",\"name\":\"Grotta\",\"url\":\"https:\/\/grotta.is\/en\/author\/inga\/\"}]}<\/script>\n<!-- \/ Yoast SEO plugin. -->","yoast_head_json":{"title":"Katr\u00edn Helga Sigurbergsd\u00f3ttir skrifar undir samning vi\u00f0 Gr\u00f3ttu - \u00cd\u00fer\u00f3ttaf\u00e9lagi\u00f0 Gr\u00f3tta","robots":{"index":"index","follow":"follow","max-snippet":"max-snippet:-1","max-image-preview":"max-image-preview:large","max-video-preview":"max-video-preview:-1"},"canonical":"https:\/\/grotta.is\/en\/handknattleiksdeild\/katrin-helga-sigurbergsdottir-skrifar-undir-samning-vid-grottu\/","og_locale":"en_US","og_type":"article","og_title":"Katr\u00edn Helga Sigurbergsd\u00f3ttir skrifar undir samning vi\u00f0 Gr\u00f3ttu - \u00cd\u00fer\u00f3ttaf\u00e9lagi\u00f0 Gr\u00f3tta","og_description":"Hin unga og efnilega Gr\u00f3ttu stelpa Katr\u00edn Helga Sigurbergsd\u00f3ttir hefur skrifa\u00f0 undir 2ja \u00e1ra samning vi\u00f0 Gr\u00f3ttu og leikur \u00fev\u00ed me\u00f0 li\u00f0inu \u00ed Grill66 deildinni \u00e1 komandi t\u00edmabili.","og_url":"https:\/\/grotta.is\/en\/handknattleiksdeild\/katrin-helga-sigurbergsdottir-skrifar-undir-samning-vid-grottu\/","og_site_name":"\u00cd\u00fer\u00f3ttaf\u00e9lagi\u00f0 Gr\u00f3tta","article_publisher":"https:\/\/www.facebook.com\/grottasport","article_published_time":"2018-08-26T19:04:00+00:00","article_modified_time":"2020-04-26T19:06:13+00:00","og_image":[{"width":720,"height":960,"url":"https:\/\/grotta.is\/wp-content\/uploads\/2020\/04\/Grotta_Handbolti_mfl_kvk_4.jpg","type":"image\/jpeg"}],"author":"Grotta","twitter_card":"summary_large_image","twitter_misc":{"Written by":"Grotta"},"schema":{"@context":"https:\/\/schema.org","@graph":[{"@type":"Article","@id":"https:\/\/grotta.is\/handknattleiksdeild\/katrin-helga-sigurbergsdottir-skrifar-undir-samning-vid-grottu\/#article","isPartOf":{"@id":"https:\/\/grotta.is\/handknattleiksdeild\/katrin-helga-sigurbergsdottir-skrifar-undir-samning-vid-grottu\/"},"author":{"name":"Grotta","@id":"https:\/\/grotta.is\/#\/schema\/person\/08ec57bf09ee925f1b6a01540c14a5ce"},"headline":"Katr\u00edn Helga Sigurbergsd\u00f3ttir skrifar undir samning vi\u00f0 Gr\u00f3ttu","datePublished":"2018-08-26T19:04:00+00:00","dateModified":"2020-04-26T19:06:13+00:00","mainEntityOfPage":{"@id":"https:\/\/grotta.is\/handknattleiksdeild\/katrin-helga-sigurbergsdottir-skrifar-undir-samning-vid-grottu\/"},"wordCount":97,"publisher":{"@id":"https:\/\/grotta.is\/#organization"},"image":{"@id":"https:\/\/grotta.is\/handknattleiksdeild\/katrin-helga-sigurbergsdottir-skrifar-undir-samning-vid-grottu\/#primaryimage"},"thumbnailUrl":"https:\/\/grotta.is\/wp-content\/uploads\/2020\/04\/Grotta_Handbolti_mfl_kvk_4.jpg","keywords":["Handbolti","Leikmenn","Mfl.kvk"],"articleSection":["Handknattleiksdeild"],"inLanguage":"en-US"},{"@type":"WebPage","@id":"https:\/\/grotta.is\/handknattleiksdeild\/katrin-helga-sigurbergsdottir-skrifar-undir-samning-vid-grottu\/","url":"https:\/\/grotta.is\/handknattleiksdeild\/katrin-helga-sigurbergsdottir-skrifar-undir-samning-vid-grottu\/","name":"Katr\u00edn Helga Sigurbergsd\u00f3ttir skrifar undir samning vi\u00f0 Gr\u00f3ttu - \u00cd\u00fer\u00f3ttaf\u00e9lagi\u00f0 Gr\u00f3tta","isPartOf":{"@id":"https:\/\/grotta.is\/#website"},"primaryImageOfPage":{"@id":"https:\/\/grotta.is\/handknattleiksdeild\/katrin-helga-sigurbergsdottir-skrifar-undir-samning-vid-grottu\/#primaryimage"},"image":{"@id":"https:\/\/grotta.is\/handknattleiksdeild\/katrin-helga-sigurbergsdottir-skrifar-undir-samning-vid-grottu\/#primaryimage"},"thumbnailUrl":"https:\/\/grotta.is\/wp-content\/uploads\/2020\/04\/Grotta_Handbolti_mfl_kvk_4.jpg","datePublished":"2018-08-26T19:04:00+00:00","dateModified":"2020-04-26T19:06:13+00:00","breadcrumb":{"@id":"https:\/\/grotta.is\/handknattleiksdeild\/katrin-helga-sigurbergsdottir-skrifar-undir-samning-vid-grottu\/#breadcrumb"},"inLanguage":"en-US","potentialAction":[{"@type":"ReadAction","target":["https:\/\/grotta.is\/handknattleiksdeild\/katrin-helga-sigurbergsdottir-skrifar-undir-samning-vid-grottu\/"]}]},{"@type":"ImageObject","inLanguage":"en-US","@id":"https:\/\/grotta.is\/handknattleiksdeild\/katrin-helga-sigurbergsdottir-skrifar-undir-samning-vid-grottu\/#primaryimage","url":"https:\/\/grotta.is\/wp-content\/uploads\/2020\/04\/Grotta_Handbolti_mfl_kvk_4.jpg","contentUrl":"https:\/\/grotta.is\/wp-content\/uploads\/2020\/04\/Grotta_Handbolti_mfl_kvk_4.jpg","width":720,"height":960},{"@type":"BreadcrumbList","@id":"https:\/\/grotta.is\/handknattleiksdeild\/katrin-helga-sigurbergsdottir-skrifar-undir-samning-vid-grottu\/#breadcrumb","itemListElement":[{"@type":"ListItem","position":1,"name":"Home","item":"https:\/\/grotta.is\/"},{"@type":"ListItem","position":2,"name":"Katr\u00edn Helga Sigurbergsd\u00f3ttir skrifar undir samning vi\u00f0 Gr\u00f3ttu"}]},{"@type":"WebSite","@id":"https:\/\/grotta.is\/#website","url":"https:\/\/grotta.is\/","name":"\u00cd\u00fer\u00f3ttaf\u00e9lagi\u00f0 Gr\u00f3tta","description":"\u00e1 Seltjarnarnesi","publisher":{"@id":"https:\/\/grotta.is\/#organization"},"potentialAction":[{"@type":"SearchAction","target":{"@type":"EntryPoint","urlTemplate":"https:\/\/grotta.is\/?s={search_term_string}"},"query-input":{"@type":"PropertyValueSpecification","valueRequired":true,"valueName":"search_term_string"}}],"inLanguage":"en-US"},{"@type":"Organization","@id":"https:\/\/grotta.is\/#organization","name":"\u00cd\u00fer\u00f3ttaf\u00e9lagi\u00f0 Gr\u00f3tta","url":"https:\/\/grotta.is\/","logo":{"@type":"ImageObject","inLanguage":"en-US","@id":"https:\/\/grotta.is\/#\/schema\/logo\/image\/","url":"https:\/\/grotta.is\/wp-content\/uploads\/2020\/02\/ithrottafelagidgrotta_logo_512x512_transparent.png","contentUrl":"https:\/\/grotta.is\/wp-content\/uploads\/2020\/02\/ithrottafelagidgrotta_logo_512x512_transparent.png","width":512,"height":512,"caption":"\u00cd\u00fer\u00f3ttaf\u00e9lagi\u00f0 Gr\u00f3tta"},"image":{"@id":"https:\/\/grotta.is\/#\/schema\/logo\/image\/"},"sameAs":["https:\/\/www.facebook.com\/grottasport"]},{"@type":"Person","@id":"https:\/\/grotta.is\/#\/schema\/person\/08ec57bf09ee925f1b6a01540c14a5ce","name":"Grotta","url":"https:\/\/grotta.is\/en\/author\/inga\/"}]}},"_links":{"self":[{"href":"https:\/\/grotta.is\/en\/wp-json\/wp\/v2\/posts\/2807","targetHints":{"allow":["GET"]}}],"collection":[{"href":"https:\/\/grotta.is\/en\/wp-json\/wp\/v2\/posts"}],"about":[{"href":"https:\/\/grotta.is\/en\/wp-json\/wp\/v2\/types\/post"}],"author":[{"embeddable":true,"href":"https:\/\/grotta.is\/en\/wp-json\/wp\/v2\/users\/2"}],"replies":[{"embeddable":true,"href":"https:\/\/grotta.is\/en\/wp-json\/wp\/v2\/comments?post=2807"}],"version-history":[{"count":2,"href":"https:\/\/grotta.is\/en\/wp-json\/wp\/v2\/posts\/2807\/revisions"}],"predecessor-version":[{"id":2810,"href":"https:\/\/grotta.is\/en\/wp-json\/wp\/v2\/posts\/2807\/revisions\/2810"}],"wp:featuredmedia":[{"embeddable":true,"href":"https:\/\/grotta.is\/en\/wp-json\/wp\/v2\/media\/2809"}],"wp:attachment":[{"href":"https:\/\/grotta.is\/en\/wp-json\/wp\/v2\/media?parent=2807"}],"wp:term":[{"taxonomy":"category","embeddable":true,"href":"https:\/\/grotta.is\/en\/wp-json\/wp\/v2\/categories?post=2807"},{"taxonomy":"post_tag","embeddable":true,"href":"https:\/\/grotta.is\/en\/wp-json\/wp\/v2\/tags?post=2807"}],"curies":[{"name":"wp","href":"https:\/\/api.w.org\/{rel}","templated":true}]}}