{"id":2803,"date":"2018-08-26T18:54:00","date_gmt":"2018-08-26T18:54:00","guid":{"rendered":"https:\/\/grotta.is\/?p=2803"},"modified":"2020-04-26T18:56:36","modified_gmt":"2020-04-26T18:56:36","slug":"2-saetid-a-nordlenska-greifamotinu","status":"publish","type":"post","link":"https:\/\/grotta.is\/en\/handknattleiksdeild\/2-saetid-a-nordlenska-greifamotinu\/","title":{"rendered":"2.s\u00e6ti\u00f0 \u00e1 Nor\u00f0lenska Greifam\u00f3tinu"},"content":{"rendered":"<p>Meistaraflokkur karla \u00ed handbolta st\u00f3\u00f0 \u00ed str\u00f6ngu um helgina \u00fear sem \u00feeir t\u00f3ku \u00fe\u00e1tt \u00ed Nor\u00f0lenska Greifam\u00f3tinu \u00e1 Akureyri. M\u00f3ti\u00f0 sem er \u00e6fingarm\u00f3t er st\u00f3r hluti af undirb\u00faningi li\u00f0sins fyrir Ol\u00eds deildina sem hefst 9.september n.k.<\/p><p>Alls t\u00f3ku 6 karlali\u00f0 \u00fe\u00e1tt \u00ed m\u00f3tinu, \u00fear af 5 li\u00f0 sem leika \u00ed efstu deild og endu\u00f0u str\u00e1karnir m\u00f3ti\u00f0 \u00ed 2.s\u00e6ti eftir a\u00f0 hafa tapa\u00f0 \u00farslitaleik gegn Stj\u00f6rnunni \u00e1 laugardag.<\/p><p>Gr\u00f3ttu-li\u00f0i\u00f0 h\u00f3f leik \u00e1 fimmtudag gegn heimam\u00f6nnum \u00ed KA. Strax fr\u00e1 fyrstu m\u00edn\u00fatu var talsver\u00f0 harka \u00ed leiknum og allt \u00ed j\u00e1rnum og var sta\u00f0an \u00ed h\u00e1lfleik 10-10. \u00c1framhald var \u00e1 h\u00f6rkunni \u00ed byrjun s\u00ed\u00f0ari h\u00e1lfleik en \u00feegar um 10 m\u00edn\u00fatur voru li\u00f0nar af honum loka\u00f0ist Gr\u00f3ttu-v\u00f6rnin og Hrei\u00f0ar Lev\u00fd skellti \u00ed l\u00e1s fyrir aftan og skora\u00f0i KA ekki \u00ed 12 m\u00edn\u00fatur n\u00e1\u00f0i Gr\u00f3ttu-li\u00f0i\u00f0 6 marka forystu \u00e1 \u00feeim kafla. KA menn komu \u00fe\u00f3 til baka en \u00e1 endanum dug\u00f0i \u00e1hlaup \u00feeirra ekki og vann Gr\u00f3tta eins marks sigur 24-25.<\/p><p>Markah\u00e6stir Gr\u00f3ttu \u00ed leiknum: J\u00f3hann Reynir 9 m\u00f6rk, Sveinn Jos\u00e9, \u00c1g\u00fast Emil og Sigf\u00fas P\u00e1ll me\u00f0 3 m\u00f6rk hvor.<\/p><p>\u00c1 f\u00f6studag spila\u00f0i Gr\u00f3ttu-li\u00f0i\u00f0 vi\u00f0 \u00cdR-inga og eftir a\u00f0 sta\u00f0an haf\u00f0i veri\u00f0 j\u00f6fn 11-11 \u00ed h\u00e1lfleik og 17-17 um mi\u00f0jan s\u00ed\u00f0ari h\u00e1lfleikinn skipti Gr\u00f3ttu-li\u00f0i\u00f0 um g\u00edr og sigldi nokku\u00f0 \u00f6rugglega framhj\u00e1 spr\u00e6kum \u00cdR-ingum sem tefldu fram nokku\u00f0 ungu li\u00f0i og unnu a\u00f0 lokum 6 marka sigur 22-28.<\/p><p>Markah\u00e6stir Gr\u00f3ttu \u00ed leiknum: J\u00f3hann Reynir 9 m\u00f6rk, \u00c1rni Benedikt og Hannes Grimm 5 m\u00f6rk hvor. En einnig ber a\u00f0 nefna frammist\u00f6\u00f0u Gellis Michaelssonar sem f\u00f3r hamf\u00f6rum s\u00f3knarlega og \u00e1tti hverja perlu sto\u00f0sendinguna \u00e1 f\u00e6tur annari \u00e1 l\u00ednumenn li\u00f0sins.<\/p><p>\u00c1 laugardag f\u00f3r svo fram \u00farslitaleikur m\u00f3tsins \u00fear sem Gr\u00f3tta og Stjarnan leiddu saman hesta s\u00edna, eftir a\u00f0 hafa byrja\u00f0 leikinn af miklum krafti t\u00f3ku Stj\u00f6rnumenn h\u00e6gt og r\u00f3lega yfir leikinn \u00ed fyrri h\u00e1lfleik og leiddu a\u00f0 honum loknum 11-14. Stj\u00f6rnumenn h\u00e9ldu \u00e1fram \u00f6llum v\u00f6ldum \u00e1 vellinum fram \u00ed mi\u00f0jan s\u00ed\u00f0ari h\u00e1lfleik en \u00fe\u00e1 kom v\u00edtam\u00ednssprauta \u00ed Gr\u00f3ttu-li\u00f0i\u00f0 sem gaf \u00ed og minnka\u00f0i muninn \u00ed 1 mark \u00feegar skammt lif\u00f0i leiks, \u00fea\u00f0 dug\u00f0i \u00fev\u00ed mi\u00f0ur ekki og f\u00f3ru Stj\u00f6rnumenn me\u00f0 sigur af h\u00f3lmi 26-22.<\/p><p>Markah\u00e6stir Gr\u00f3ttu \u00ed leiknum: J\u00f3hann Reynir me\u00f0 9 m\u00f6rk og Magn\u00fas \u00d6der me\u00f0 7 m\u00f6rk.<\/p><p>Leikirnir voru k\u00e6rkomnir \u00ed undirb\u00faning li\u00f0sins fyrir \u00e1t\u00f6kin \u00ed Ol\u00eds-deildinni og mikilv\u00e6gt fyrir h\u00f3pinn a\u00f0 f\u00e1 \u00feessa leiki til a\u00f0 spila sig saman. M\u00f6rg n\u00fd andlit leika n\u00fa me\u00f0 Gr\u00f3ttu li\u00f0inu fr\u00e1 \u00fev\u00ed \u00ed fyrra og mun Gr\u00f3ttasport fara \u00e1 st\u00fafana n\u00e6stu daga og kynna n\u00fdja leikmenn n\u00e1nar \u00e1 n\u00e6stu d\u00f6gum.<\/p>","protected":false},"excerpt":{"rendered":"<p>Meistaraflokkur karla \u00ed handbolta st\u00f3\u00f0 \u00ed str\u00f6ngu um helgina \u00fear sem \u00feeir t\u00f3ku \u00fe\u00e1tt \u00ed Nor\u00f0lenska Greifam\u00f3tinu \u00e1 Akureyri. M\u00f3ti\u00f0 sem er \u00e6fingarm\u00f3t er st\u00f3r hluti af undirb\u00faningi li\u00f0sins fyrir Ol\u00eds deildina sem hefst 9.september n.k.<\/p>","protected":false},"author":2,"featured_media":2804,"comment_status":"closed","ping_status":"closed","sticky":false,"template":"","format":"standard","meta":{"footnotes":""},"categories":[12],"tags":[13,20,21],"class_list":["post-2803","post","type-post","status-publish","format-standard","has-post-thumbnail","hentry","category-handknattleiksdeild","tag-handbolti","tag-mfl-kk","tag-mot"],"yoast_head":"<!-- This site is optimized with the Yoast SEO plugin v24.3 - https:\/\/yoast.com\/wordpress\/plugins\/seo\/ -->\n<title>2.s\u00e6ti\u00f0 \u00e1 Nor\u00f0lenska Greifam\u00f3tinu - \u00cd\u00fer\u00f3ttaf\u00e9lagi\u00f0 Gr\u00f3tta<\/title>\n<meta name=\"robots\" content=\"index, follow, max-snippet:-1, max-image-preview:large, max-video-preview:-1\" \/>\n<link rel=\"canonical\" href=\"https:\/\/grotta.is\/en\/handknattleiksdeild\/2-saetid-a-nordlenska-greifamotinu\/\" \/>\n<meta property=\"og:locale\" content=\"en_US\" \/>\n<meta property=\"og:type\" content=\"article\" \/>\n<meta property=\"og:title\" content=\"2.s\u00e6ti\u00f0 \u00e1 Nor\u00f0lenska Greifam\u00f3tinu - \u00cd\u00fer\u00f3ttaf\u00e9lagi\u00f0 Gr\u00f3tta\" \/>\n<meta property=\"og:description\" content=\"Meistaraflokkur karla \u00ed handbolta st\u00f3\u00f0 \u00ed str\u00f6ngu um helgina \u00fear sem \u00feeir t\u00f3ku \u00fe\u00e1tt \u00ed Nor\u00f0lenska Greifam\u00f3tinu \u00e1 Akureyri. M\u00f3ti\u00f0 sem er \u00e6fingarm\u00f3t er st\u00f3r hluti af undirb\u00faningi li\u00f0sins fyrir Ol\u00eds deildina sem hefst 9.september n.k.\" \/>\n<meta property=\"og:url\" content=\"https:\/\/grotta.is\/en\/handknattleiksdeild\/2-saetid-a-nordlenska-greifamotinu\/\" \/>\n<meta property=\"og:site_name\" content=\"\u00cd\u00fer\u00f3ttaf\u00e9lagi\u00f0 Gr\u00f3tta\" \/>\n<meta property=\"article:publisher\" content=\"https:\/\/www.facebook.com\/grottasport\" \/>\n<meta property=\"article:published_time\" content=\"2018-08-26T18:54:00+00:00\" \/>\n<meta property=\"article:modified_time\" content=\"2020-04-26T18:56:36+00:00\" \/>\n<meta property=\"og:image\" content=\"https:\/\/grotta.is\/wp-content\/uploads\/2020\/04\/Grotta_Handbolti_mfl_kk_17-scaled.jpg\" \/>\n\t<meta property=\"og:image:width\" content=\"2560\" \/>\n\t<meta property=\"og:image:height\" content=\"1920\" \/>\n\t<meta property=\"og:image:type\" content=\"image\/jpeg\" \/>\n<meta name=\"author\" content=\"Grotta\" \/>\n<meta name=\"twitter:card\" content=\"summary_large_image\" \/>\n<meta name=\"twitter:label1\" content=\"Written by\" \/>\n\t<meta name=\"twitter:data1\" content=\"Grotta\" \/>\n\t<meta name=\"twitter:label2\" content=\"Est. reading time\" \/>\n\t<meta name=\"twitter:data2\" content=\"2 minutes\" \/>\n<script type=\"application\/ld+json\" class=\"yoast-schema-graph\">{\"@context\":\"https:\/\/schema.org\",\"@graph\":[{\"@type\":\"Article\",\"@id\":\"https:\/\/grotta.is\/handknattleiksdeild\/2-saetid-a-nordlenska-greifamotinu\/#article\",\"isPartOf\":{\"@id\":\"https:\/\/grotta.is\/handknattleiksdeild\/2-saetid-a-nordlenska-greifamotinu\/\"},\"author\":{\"name\":\"Grotta\",\"@id\":\"https:\/\/grotta.is\/#\/schema\/person\/08ec57bf09ee925f1b6a01540c14a5ce\"},\"headline\":\"2.s\u00e6ti\u00f0 \u00e1 Nor\u00f0lenska Greifam\u00f3tinu\",\"datePublished\":\"2018-08-26T18:54:00+00:00\",\"dateModified\":\"2020-04-26T18:56:36+00:00\",\"mainEntityOfPage\":{\"@id\":\"https:\/\/grotta.is\/handknattleiksdeild\/2-saetid-a-nordlenska-greifamotinu\/\"},\"wordCount\":497,\"publisher\":{\"@id\":\"https:\/\/grotta.is\/#organization\"},\"image\":{\"@id\":\"https:\/\/grotta.is\/handknattleiksdeild\/2-saetid-a-nordlenska-greifamotinu\/#primaryimage\"},\"thumbnailUrl\":\"https:\/\/grotta.is\/wp-content\/uploads\/2020\/04\/Grotta_Handbolti_mfl_kk_17-scaled.jpg\",\"keywords\":[\"Handbolti\",\"Mfl.kk\",\"M\u00f3t\"],\"articleSection\":[\"Handknattleiksdeild\"],\"inLanguage\":\"en-US\"},{\"@type\":\"WebPage\",\"@id\":\"https:\/\/grotta.is\/handknattleiksdeild\/2-saetid-a-nordlenska-greifamotinu\/\",\"url\":\"https:\/\/grotta.is\/handknattleiksdeild\/2-saetid-a-nordlenska-greifamotinu\/\",\"name\":\"2.s\u00e6ti\u00f0 \u00e1 Nor\u00f0lenska Greifam\u00f3tinu - \u00cd\u00fer\u00f3ttaf\u00e9lagi\u00f0 Gr\u00f3tta\",\"isPartOf\":{\"@id\":\"https:\/\/grotta.is\/#website\"},\"primaryImageOfPage\":{\"@id\":\"https:\/\/grotta.is\/handknattleiksdeild\/2-saetid-a-nordlenska-greifamotinu\/#primaryimage\"},\"image\":{\"@id\":\"https:\/\/grotta.is\/handknattleiksdeild\/2-saetid-a-nordlenska-greifamotinu\/#primaryimage\"},\"thumbnailUrl\":\"https:\/\/grotta.is\/wp-content\/uploads\/2020\/04\/Grotta_Handbolti_mfl_kk_17-scaled.jpg\",\"datePublished\":\"2018-08-26T18:54:00+00:00\",\"dateModified\":\"2020-04-26T18:56:36+00:00\",\"breadcrumb\":{\"@id\":\"https:\/\/grotta.is\/handknattleiksdeild\/2-saetid-a-nordlenska-greifamotinu\/#breadcrumb\"},\"inLanguage\":\"en-US\",\"potentialAction\":[{\"@type\":\"ReadAction\",\"target\":[\"https:\/\/grotta.is\/handknattleiksdeild\/2-saetid-a-nordlenska-greifamotinu\/\"]}]},{\"@type\":\"ImageObject\",\"inLanguage\":\"en-US\",\"@id\":\"https:\/\/grotta.is\/handknattleiksdeild\/2-saetid-a-nordlenska-greifamotinu\/#primaryimage\",\"url\":\"https:\/\/grotta.is\/wp-content\/uploads\/2020\/04\/Grotta_Handbolti_mfl_kk_17-scaled.jpg\",\"contentUrl\":\"https:\/\/grotta.is\/wp-content\/uploads\/2020\/04\/Grotta_Handbolti_mfl_kk_17-scaled.jpg\",\"width\":2560,\"height\":1920},{\"@type\":\"BreadcrumbList\",\"@id\":\"https:\/\/grotta.is\/handknattleiksdeild\/2-saetid-a-nordlenska-greifamotinu\/#breadcrumb\",\"itemListElement\":[{\"@type\":\"ListItem\",\"position\":1,\"name\":\"Home\",\"item\":\"https:\/\/grotta.is\/\"},{\"@type\":\"ListItem\",\"position\":2,\"name\":\"2.s\u00e6ti\u00f0 \u00e1 Nor\u00f0lenska Greifam\u00f3tinu\"}]},{\"@type\":\"WebSite\",\"@id\":\"https:\/\/grotta.is\/#website\",\"url\":\"https:\/\/grotta.is\/\",\"name\":\"\u00cd\u00fer\u00f3ttaf\u00e9lagi\u00f0 Gr\u00f3tta\",\"description\":\"\u00e1 Seltjarnarnesi\",\"publisher\":{\"@id\":\"https:\/\/grotta.is\/#organization\"},\"potentialAction\":[{\"@type\":\"SearchAction\",\"target\":{\"@type\":\"EntryPoint\",\"urlTemplate\":\"https:\/\/grotta.is\/?s={search_term_string}\"},\"query-input\":{\"@type\":\"PropertyValueSpecification\",\"valueRequired\":true,\"valueName\":\"search_term_string\"}}],\"inLanguage\":\"en-US\"},{\"@type\":\"Organization\",\"@id\":\"https:\/\/grotta.is\/#organization\",\"name\":\"\u00cd\u00fer\u00f3ttaf\u00e9lagi\u00f0 Gr\u00f3tta\",\"url\":\"https:\/\/grotta.is\/\",\"logo\":{\"@type\":\"ImageObject\",\"inLanguage\":\"en-US\",\"@id\":\"https:\/\/grotta.is\/#\/schema\/logo\/image\/\",\"url\":\"https:\/\/grotta.is\/wp-content\/uploads\/2020\/02\/ithrottafelagidgrotta_logo_512x512_transparent.png\",\"contentUrl\":\"https:\/\/grotta.is\/wp-content\/uploads\/2020\/02\/ithrottafelagidgrotta_logo_512x512_transparent.png\",\"width\":512,\"height\":512,\"caption\":\"\u00cd\u00fer\u00f3ttaf\u00e9lagi\u00f0 Gr\u00f3tta\"},\"image\":{\"@id\":\"https:\/\/grotta.is\/#\/schema\/logo\/image\/\"},\"sameAs\":[\"https:\/\/www.facebook.com\/grottasport\"]},{\"@type\":\"Person\",\"@id\":\"https:\/\/grotta.is\/#\/schema\/person\/08ec57bf09ee925f1b6a01540c14a5ce\",\"name\":\"Grotta\",\"url\":\"https:\/\/grotta.is\/en\/author\/inga\/\"}]}<\/script>\n<!-- \/ Yoast SEO plugin. -->","yoast_head_json":{"title":"2.s\u00e6ti\u00f0 \u00e1 Nor\u00f0lenska Greifam\u00f3tinu - \u00cd\u00fer\u00f3ttaf\u00e9lagi\u00f0 Gr\u00f3tta","robots":{"index":"index","follow":"follow","max-snippet":"max-snippet:-1","max-image-preview":"max-image-preview:large","max-video-preview":"max-video-preview:-1"},"canonical":"https:\/\/grotta.is\/en\/handknattleiksdeild\/2-saetid-a-nordlenska-greifamotinu\/","og_locale":"en_US","og_type":"article","og_title":"2.s\u00e6ti\u00f0 \u00e1 Nor\u00f0lenska Greifam\u00f3tinu - \u00cd\u00fer\u00f3ttaf\u00e9lagi\u00f0 Gr\u00f3tta","og_description":"Meistaraflokkur karla \u00ed handbolta st\u00f3\u00f0 \u00ed str\u00f6ngu um helgina \u00fear sem \u00feeir t\u00f3ku \u00fe\u00e1tt \u00ed Nor\u00f0lenska Greifam\u00f3tinu \u00e1 Akureyri. M\u00f3ti\u00f0 sem er \u00e6fingarm\u00f3t er st\u00f3r hluti af undirb\u00faningi li\u00f0sins fyrir Ol\u00eds deildina sem hefst 9.september n.k.","og_url":"https:\/\/grotta.is\/en\/handknattleiksdeild\/2-saetid-a-nordlenska-greifamotinu\/","og_site_name":"\u00cd\u00fer\u00f3ttaf\u00e9lagi\u00f0 Gr\u00f3tta","article_publisher":"https:\/\/www.facebook.com\/grottasport","article_published_time":"2018-08-26T18:54:00+00:00","article_modified_time":"2020-04-26T18:56:36+00:00","og_image":[{"width":2560,"height":1920,"url":"https:\/\/grotta.is\/wp-content\/uploads\/2020\/04\/Grotta_Handbolti_mfl_kk_17-scaled.jpg","type":"image\/jpeg"}],"author":"Grotta","twitter_card":"summary_large_image","twitter_misc":{"Written by":"Grotta","Est. reading time":"2 minutes"},"schema":{"@context":"https:\/\/schema.org","@graph":[{"@type":"Article","@id":"https:\/\/grotta.is\/handknattleiksdeild\/2-saetid-a-nordlenska-greifamotinu\/#article","isPartOf":{"@id":"https:\/\/grotta.is\/handknattleiksdeild\/2-saetid-a-nordlenska-greifamotinu\/"},"author":{"name":"Grotta","@id":"https:\/\/grotta.is\/#\/schema\/person\/08ec57bf09ee925f1b6a01540c14a5ce"},"headline":"2.s\u00e6ti\u00f0 \u00e1 Nor\u00f0lenska Greifam\u00f3tinu","datePublished":"2018-08-26T18:54:00+00:00","dateModified":"2020-04-26T18:56:36+00:00","mainEntityOfPage":{"@id":"https:\/\/grotta.is\/handknattleiksdeild\/2-saetid-a-nordlenska-greifamotinu\/"},"wordCount":497,"publisher":{"@id":"https:\/\/grotta.is\/#organization"},"image":{"@id":"https:\/\/grotta.is\/handknattleiksdeild\/2-saetid-a-nordlenska-greifamotinu\/#primaryimage"},"thumbnailUrl":"https:\/\/grotta.is\/wp-content\/uploads\/2020\/04\/Grotta_Handbolti_mfl_kk_17-scaled.jpg","keywords":["Handbolti","Mfl.kk","M\u00f3t"],"articleSection":["Handknattleiksdeild"],"inLanguage":"en-US"},{"@type":"WebPage","@id":"https:\/\/grotta.is\/handknattleiksdeild\/2-saetid-a-nordlenska-greifamotinu\/","url":"https:\/\/grotta.is\/handknattleiksdeild\/2-saetid-a-nordlenska-greifamotinu\/","name":"2.s\u00e6ti\u00f0 \u00e1 Nor\u00f0lenska Greifam\u00f3tinu - \u00cd\u00fer\u00f3ttaf\u00e9lagi\u00f0 Gr\u00f3tta","isPartOf":{"@id":"https:\/\/grotta.is\/#website"},"primaryImageOfPage":{"@id":"https:\/\/grotta.is\/handknattleiksdeild\/2-saetid-a-nordlenska-greifamotinu\/#primaryimage"},"image":{"@id":"https:\/\/grotta.is\/handknattleiksdeild\/2-saetid-a-nordlenska-greifamotinu\/#primaryimage"},"thumbnailUrl":"https:\/\/grotta.is\/wp-content\/uploads\/2020\/04\/Grotta_Handbolti_mfl_kk_17-scaled.jpg","datePublished":"2018-08-26T18:54:00+00:00","dateModified":"2020-04-26T18:56:36+00:00","breadcrumb":{"@id":"https:\/\/grotta.is\/handknattleiksdeild\/2-saetid-a-nordlenska-greifamotinu\/#breadcrumb"},"inLanguage":"en-US","potentialAction":[{"@type":"ReadAction","target":["https:\/\/grotta.is\/handknattleiksdeild\/2-saetid-a-nordlenska-greifamotinu\/"]}]},{"@type":"ImageObject","inLanguage":"en-US","@id":"https:\/\/grotta.is\/handknattleiksdeild\/2-saetid-a-nordlenska-greifamotinu\/#primaryimage","url":"https:\/\/grotta.is\/wp-content\/uploads\/2020\/04\/Grotta_Handbolti_mfl_kk_17-scaled.jpg","contentUrl":"https:\/\/grotta.is\/wp-content\/uploads\/2020\/04\/Grotta_Handbolti_mfl_kk_17-scaled.jpg","width":2560,"height":1920},{"@type":"BreadcrumbList","@id":"https:\/\/grotta.is\/handknattleiksdeild\/2-saetid-a-nordlenska-greifamotinu\/#breadcrumb","itemListElement":[{"@type":"ListItem","position":1,"name":"Home","item":"https:\/\/grotta.is\/"},{"@type":"ListItem","position":2,"name":"2.s\u00e6ti\u00f0 \u00e1 Nor\u00f0lenska Greifam\u00f3tinu"}]},{"@type":"WebSite","@id":"https:\/\/grotta.is\/#website","url":"https:\/\/grotta.is\/","name":"\u00cd\u00fer\u00f3ttaf\u00e9lagi\u00f0 Gr\u00f3tta","description":"\u00e1 Seltjarnarnesi","publisher":{"@id":"https:\/\/grotta.is\/#organization"},"potentialAction":[{"@type":"SearchAction","target":{"@type":"EntryPoint","urlTemplate":"https:\/\/grotta.is\/?s={search_term_string}"},"query-input":{"@type":"PropertyValueSpecification","valueRequired":true,"valueName":"search_term_string"}}],"inLanguage":"en-US"},{"@type":"Organization","@id":"https:\/\/grotta.is\/#organization","name":"\u00cd\u00fer\u00f3ttaf\u00e9lagi\u00f0 Gr\u00f3tta","url":"https:\/\/grotta.is\/","logo":{"@type":"ImageObject","inLanguage":"en-US","@id":"https:\/\/grotta.is\/#\/schema\/logo\/image\/","url":"https:\/\/grotta.is\/wp-content\/uploads\/2020\/02\/ithrottafelagidgrotta_logo_512x512_transparent.png","contentUrl":"https:\/\/grotta.is\/wp-content\/uploads\/2020\/02\/ithrottafelagidgrotta_logo_512x512_transparent.png","width":512,"height":512,"caption":"\u00cd\u00fer\u00f3ttaf\u00e9lagi\u00f0 Gr\u00f3tta"},"image":{"@id":"https:\/\/grotta.is\/#\/schema\/logo\/image\/"},"sameAs":["https:\/\/www.facebook.com\/grottasport"]},{"@type":"Person","@id":"https:\/\/grotta.is\/#\/schema\/person\/08ec57bf09ee925f1b6a01540c14a5ce","name":"Grotta","url":"https:\/\/grotta.is\/en\/author\/inga\/"}]}},"_links":{"self":[{"href":"https:\/\/grotta.is\/en\/wp-json\/wp\/v2\/posts\/2803","targetHints":{"allow":["GET"]}}],"collection":[{"href":"https:\/\/grotta.is\/en\/wp-json\/wp\/v2\/posts"}],"about":[{"href":"https:\/\/grotta.is\/en\/wp-json\/wp\/v2\/types\/post"}],"author":[{"embeddable":true,"href":"https:\/\/grotta.is\/en\/wp-json\/wp\/v2\/users\/2"}],"replies":[{"embeddable":true,"href":"https:\/\/grotta.is\/en\/wp-json\/wp\/v2\/comments?post=2803"}],"version-history":[{"count":1,"href":"https:\/\/grotta.is\/en\/wp-json\/wp\/v2\/posts\/2803\/revisions"}],"predecessor-version":[{"id":2805,"href":"https:\/\/grotta.is\/en\/wp-json\/wp\/v2\/posts\/2803\/revisions\/2805"}],"wp:featuredmedia":[{"embeddable":true,"href":"https:\/\/grotta.is\/en\/wp-json\/wp\/v2\/media\/2804"}],"wp:attachment":[{"href":"https:\/\/grotta.is\/en\/wp-json\/wp\/v2\/media?parent=2803"}],"wp:term":[{"taxonomy":"category","embeddable":true,"href":"https:\/\/grotta.is\/en\/wp-json\/wp\/v2\/categories?post=2803"},{"taxonomy":"post_tag","embeddable":true,"href":"https:\/\/grotta.is\/en\/wp-json\/wp\/v2\/tags?post=2803"}],"curies":[{"name":"wp","href":"https:\/\/api.w.org\/{rel}","templated":true}]}}