{"id":2760,"date":"2018-09-03T12:11:07","date_gmt":"2018-09-03T12:11:07","guid":{"rendered":"https:\/\/grotta.is\/?p=2760"},"modified":"2020-04-26T00:16:16","modified_gmt":"2020-04-26T00:16:16","slug":"magnus-oder-einarsson-til-lids-vid-grottu","status":"publish","type":"post","link":"https:\/\/grotta.is\/en\/handknattleiksdeild\/magnus-oder-einarsson-til-lids-vid-grottu\/","title":{"rendered":"Magn\u00fas \u00d8der Einarsson til li\u00f0s vi\u00f0 Gr\u00f3ttu"},"content":{"rendered":"<p>Magn\u00fas \u00d6der Einarsson hefur skrifa\u00f0 undir 2ja \u00e1ra samning vi\u00f0 f\u00e9lagi\u00f0.<\/p><p>Magn\u00fas sem l\u00e9k me\u00f0 \u00der\u00f3tti \u00e1 seinustu leikt\u00ed\u00f0 \u00ed Grill 66 deildinni og skora\u00f0i \u00fe\u00e1 53 m\u00f6rk \u00ed 16 leikjum er skytta a\u00f0 upplagi en getur einnig leyst st\u00f6\u00f0u mi\u00f0jumanns.<\/p><p>\u00dea\u00f0 er mikil \u00e1n\u00e6gja a\u00f0 samningar hafi n\u00e1\u00f0st vi\u00f0 Magn\u00fas og ver\u00f0ur hann \u00e1n efa g\u00f3\u00f0 vi\u00f0b\u00f3t vi\u00f0 h\u00f3p meistaraflokks karla sem hefur leik \u00feann 9.september n.k \u00ed Ol\u00eds-deildinni.<\/p>","protected":false},"excerpt":{"rendered":"<p>Magn\u00fas \u00d6der Einarsson hefur skrifa\u00f0 undir 2ja \u00e1ra samning vi\u00f0 f\u00e9lagi\u00f0.<\/p>","protected":false},"author":2,"featured_media":2763,"comment_status":"closed","ping_status":"closed","sticky":false,"template":"","format":"standard","meta":{"footnotes":""},"categories":[12],"tags":[13,17,20],"class_list":["post-2760","post","type-post","status-publish","format-standard","has-post-thumbnail","hentry","category-handknattleiksdeild","tag-handbolti","tag-leikmenn","tag-mfl-kk"],"yoast_head":"<!-- This site is optimized with the Yoast SEO plugin v24.3 - https:\/\/yoast.com\/wordpress\/plugins\/seo\/ -->\n<title>Magn\u00fas \u00d8der Einarsson til li\u00f0s vi\u00f0 Gr\u00f3ttu - \u00cd\u00fer\u00f3ttaf\u00e9lagi\u00f0 Gr\u00f3tta<\/title>\n<meta name=\"robots\" content=\"index, follow, max-snippet:-1, max-image-preview:large, max-video-preview:-1\" \/>\n<link rel=\"canonical\" href=\"https:\/\/grotta.is\/en\/handknattleiksdeild\/magnus-oder-einarsson-til-lids-vid-grottu\/\" \/>\n<meta property=\"og:locale\" content=\"en_US\" \/>\n<meta property=\"og:type\" content=\"article\" \/>\n<meta property=\"og:title\" content=\"Magn\u00fas \u00d8der Einarsson til li\u00f0s vi\u00f0 Gr\u00f3ttu - \u00cd\u00fer\u00f3ttaf\u00e9lagi\u00f0 Gr\u00f3tta\" \/>\n<meta property=\"og:description\" content=\"Magn\u00fas \u00d6der Einarsson hefur skrifa\u00f0 undir 2ja \u00e1ra samning vi\u00f0 f\u00e9lagi\u00f0.\" \/>\n<meta property=\"og:url\" content=\"https:\/\/grotta.is\/en\/handknattleiksdeild\/magnus-oder-einarsson-til-lids-vid-grottu\/\" \/>\n<meta property=\"og:site_name\" content=\"\u00cd\u00fer\u00f3ttaf\u00e9lagi\u00f0 Gr\u00f3tta\" \/>\n<meta property=\"article:publisher\" content=\"https:\/\/www.facebook.com\/grottasport\" \/>\n<meta property=\"article:published_time\" content=\"2018-09-03T12:11:07+00:00\" \/>\n<meta property=\"article:modified_time\" content=\"2020-04-26T00:16:16+00:00\" \/>\n<meta property=\"og:image\" content=\"https:\/\/grotta.is\/wp-content\/uploads\/2018\/09\/Grotta_Handbolti_mfl_kk_16.jpg\" \/>\n\t<meta property=\"og:image:width\" content=\"1510\" \/>\n\t<meta property=\"og:image:height\" content=\"2048\" \/>\n\t<meta property=\"og:image:type\" content=\"image\/jpeg\" \/>\n<meta name=\"author\" content=\"Grotta\" \/>\n<meta name=\"twitter:card\" content=\"summary_large_image\" \/>\n<meta name=\"twitter:label1\" content=\"Written by\" \/>\n\t<meta name=\"twitter:data1\" content=\"Grotta\" \/>\n<script type=\"application\/ld+json\" class=\"yoast-schema-graph\">{\"@context\":\"https:\/\/schema.org\",\"@graph\":[{\"@type\":\"Article\",\"@id\":\"https:\/\/grotta.is\/handknattleiksdeild\/magnus-oder-einarsson-til-lids-vid-grottu\/#article\",\"isPartOf\":{\"@id\":\"https:\/\/grotta.is\/handknattleiksdeild\/magnus-oder-einarsson-til-lids-vid-grottu\/\"},\"author\":{\"name\":\"Grotta\",\"@id\":\"https:\/\/grotta.is\/#\/schema\/person\/08ec57bf09ee925f1b6a01540c14a5ce\"},\"headline\":\"Magn\u00fas \u00d8der Einarsson til li\u00f0s vi\u00f0 Gr\u00f3ttu\",\"datePublished\":\"2018-09-03T12:11:07+00:00\",\"dateModified\":\"2020-04-26T00:16:16+00:00\",\"mainEntityOfPage\":{\"@id\":\"https:\/\/grotta.is\/handknattleiksdeild\/magnus-oder-einarsson-til-lids-vid-grottu\/\"},\"wordCount\":90,\"publisher\":{\"@id\":\"https:\/\/grotta.is\/#organization\"},\"image\":{\"@id\":\"https:\/\/grotta.is\/handknattleiksdeild\/magnus-oder-einarsson-til-lids-vid-grottu\/#primaryimage\"},\"thumbnailUrl\":\"https:\/\/grotta.is\/wp-content\/uploads\/2018\/09\/Grotta_Handbolti_mfl_kk_16.jpg\",\"keywords\":[\"Handbolti\",\"Leikmenn\",\"Mfl.kk\"],\"articleSection\":[\"Handknattleiksdeild\"],\"inLanguage\":\"en-US\"},{\"@type\":\"WebPage\",\"@id\":\"https:\/\/grotta.is\/handknattleiksdeild\/magnus-oder-einarsson-til-lids-vid-grottu\/\",\"url\":\"https:\/\/grotta.is\/handknattleiksdeild\/magnus-oder-einarsson-til-lids-vid-grottu\/\",\"name\":\"Magn\u00fas \u00d8der Einarsson til li\u00f0s vi\u00f0 Gr\u00f3ttu - \u00cd\u00fer\u00f3ttaf\u00e9lagi\u00f0 Gr\u00f3tta\",\"isPartOf\":{\"@id\":\"https:\/\/grotta.is\/#website\"},\"primaryImageOfPage\":{\"@id\":\"https:\/\/grotta.is\/handknattleiksdeild\/magnus-oder-einarsson-til-lids-vid-grottu\/#primaryimage\"},\"image\":{\"@id\":\"https:\/\/grotta.is\/handknattleiksdeild\/magnus-oder-einarsson-til-lids-vid-grottu\/#primaryimage\"},\"thumbnailUrl\":\"https:\/\/grotta.is\/wp-content\/uploads\/2018\/09\/Grotta_Handbolti_mfl_kk_16.jpg\",\"datePublished\":\"2018-09-03T12:11:07+00:00\",\"dateModified\":\"2020-04-26T00:16:16+00:00\",\"breadcrumb\":{\"@id\":\"https:\/\/grotta.is\/handknattleiksdeild\/magnus-oder-einarsson-til-lids-vid-grottu\/#breadcrumb\"},\"inLanguage\":\"en-US\",\"potentialAction\":[{\"@type\":\"ReadAction\",\"target\":[\"https:\/\/grotta.is\/handknattleiksdeild\/magnus-oder-einarsson-til-lids-vid-grottu\/\"]}]},{\"@type\":\"ImageObject\",\"inLanguage\":\"en-US\",\"@id\":\"https:\/\/grotta.is\/handknattleiksdeild\/magnus-oder-einarsson-til-lids-vid-grottu\/#primaryimage\",\"url\":\"https:\/\/grotta.is\/wp-content\/uploads\/2018\/09\/Grotta_Handbolti_mfl_kk_16.jpg\",\"contentUrl\":\"https:\/\/grotta.is\/wp-content\/uploads\/2018\/09\/Grotta_Handbolti_mfl_kk_16.jpg\",\"width\":1510,\"height\":2048},{\"@type\":\"BreadcrumbList\",\"@id\":\"https:\/\/grotta.is\/handknattleiksdeild\/magnus-oder-einarsson-til-lids-vid-grottu\/#breadcrumb\",\"itemListElement\":[{\"@type\":\"ListItem\",\"position\":1,\"name\":\"Home\",\"item\":\"https:\/\/grotta.is\/\"},{\"@type\":\"ListItem\",\"position\":2,\"name\":\"Magn\u00fas \u00d8der Einarsson til li\u00f0s vi\u00f0 Gr\u00f3ttu\"}]},{\"@type\":\"WebSite\",\"@id\":\"https:\/\/grotta.is\/#website\",\"url\":\"https:\/\/grotta.is\/\",\"name\":\"\u00cd\u00fer\u00f3ttaf\u00e9lagi\u00f0 Gr\u00f3tta\",\"description\":\"\u00e1 Seltjarnarnesi\",\"publisher\":{\"@id\":\"https:\/\/grotta.is\/#organization\"},\"potentialAction\":[{\"@type\":\"SearchAction\",\"target\":{\"@type\":\"EntryPoint\",\"urlTemplate\":\"https:\/\/grotta.is\/?s={search_term_string}\"},\"query-input\":{\"@type\":\"PropertyValueSpecification\",\"valueRequired\":true,\"valueName\":\"search_term_string\"}}],\"inLanguage\":\"en-US\"},{\"@type\":\"Organization\",\"@id\":\"https:\/\/grotta.is\/#organization\",\"name\":\"\u00cd\u00fer\u00f3ttaf\u00e9lagi\u00f0 Gr\u00f3tta\",\"url\":\"https:\/\/grotta.is\/\",\"logo\":{\"@type\":\"ImageObject\",\"inLanguage\":\"en-US\",\"@id\":\"https:\/\/grotta.is\/#\/schema\/logo\/image\/\",\"url\":\"https:\/\/grotta.is\/wp-content\/uploads\/2020\/02\/ithrottafelagidgrotta_logo_512x512_transparent.png\",\"contentUrl\":\"https:\/\/grotta.is\/wp-content\/uploads\/2020\/02\/ithrottafelagidgrotta_logo_512x512_transparent.png\",\"width\":512,\"height\":512,\"caption\":\"\u00cd\u00fer\u00f3ttaf\u00e9lagi\u00f0 Gr\u00f3tta\"},\"image\":{\"@id\":\"https:\/\/grotta.is\/#\/schema\/logo\/image\/\"},\"sameAs\":[\"https:\/\/www.facebook.com\/grottasport\"]},{\"@type\":\"Person\",\"@id\":\"https:\/\/grotta.is\/#\/schema\/person\/08ec57bf09ee925f1b6a01540c14a5ce\",\"name\":\"Grotta\",\"url\":\"https:\/\/grotta.is\/en\/author\/inga\/\"}]}<\/script>\n<!-- \/ Yoast SEO plugin. -->","yoast_head_json":{"title":"Magn\u00fas \u00d8der Einarsson til li\u00f0s vi\u00f0 Gr\u00f3ttu - \u00cd\u00fer\u00f3ttaf\u00e9lagi\u00f0 Gr\u00f3tta","robots":{"index":"index","follow":"follow","max-snippet":"max-snippet:-1","max-image-preview":"max-image-preview:large","max-video-preview":"max-video-preview:-1"},"canonical":"https:\/\/grotta.is\/en\/handknattleiksdeild\/magnus-oder-einarsson-til-lids-vid-grottu\/","og_locale":"en_US","og_type":"article","og_title":"Magn\u00fas \u00d8der Einarsson til li\u00f0s vi\u00f0 Gr\u00f3ttu - \u00cd\u00fer\u00f3ttaf\u00e9lagi\u00f0 Gr\u00f3tta","og_description":"Magn\u00fas \u00d6der Einarsson hefur skrifa\u00f0 undir 2ja \u00e1ra samning vi\u00f0 f\u00e9lagi\u00f0.","og_url":"https:\/\/grotta.is\/en\/handknattleiksdeild\/magnus-oder-einarsson-til-lids-vid-grottu\/","og_site_name":"\u00cd\u00fer\u00f3ttaf\u00e9lagi\u00f0 Gr\u00f3tta","article_publisher":"https:\/\/www.facebook.com\/grottasport","article_published_time":"2018-09-03T12:11:07+00:00","article_modified_time":"2020-04-26T00:16:16+00:00","og_image":[{"width":1510,"height":2048,"url":"https:\/\/grotta.is\/wp-content\/uploads\/2018\/09\/Grotta_Handbolti_mfl_kk_16.jpg","type":"image\/jpeg"}],"author":"Grotta","twitter_card":"summary_large_image","twitter_misc":{"Written by":"Grotta"},"schema":{"@context":"https:\/\/schema.org","@graph":[{"@type":"Article","@id":"https:\/\/grotta.is\/handknattleiksdeild\/magnus-oder-einarsson-til-lids-vid-grottu\/#article","isPartOf":{"@id":"https:\/\/grotta.is\/handknattleiksdeild\/magnus-oder-einarsson-til-lids-vid-grottu\/"},"author":{"name":"Grotta","@id":"https:\/\/grotta.is\/#\/schema\/person\/08ec57bf09ee925f1b6a01540c14a5ce"},"headline":"Magn\u00fas \u00d8der Einarsson til li\u00f0s vi\u00f0 Gr\u00f3ttu","datePublished":"2018-09-03T12:11:07+00:00","dateModified":"2020-04-26T00:16:16+00:00","mainEntityOfPage":{"@id":"https:\/\/grotta.is\/handknattleiksdeild\/magnus-oder-einarsson-til-lids-vid-grottu\/"},"wordCount":90,"publisher":{"@id":"https:\/\/grotta.is\/#organization"},"image":{"@id":"https:\/\/grotta.is\/handknattleiksdeild\/magnus-oder-einarsson-til-lids-vid-grottu\/#primaryimage"},"thumbnailUrl":"https:\/\/grotta.is\/wp-content\/uploads\/2018\/09\/Grotta_Handbolti_mfl_kk_16.jpg","keywords":["Handbolti","Leikmenn","Mfl.kk"],"articleSection":["Handknattleiksdeild"],"inLanguage":"en-US"},{"@type":"WebPage","@id":"https:\/\/grotta.is\/handknattleiksdeild\/magnus-oder-einarsson-til-lids-vid-grottu\/","url":"https:\/\/grotta.is\/handknattleiksdeild\/magnus-oder-einarsson-til-lids-vid-grottu\/","name":"Magn\u00fas \u00d8der Einarsson til li\u00f0s vi\u00f0 Gr\u00f3ttu - \u00cd\u00fer\u00f3ttaf\u00e9lagi\u00f0 Gr\u00f3tta","isPartOf":{"@id":"https:\/\/grotta.is\/#website"},"primaryImageOfPage":{"@id":"https:\/\/grotta.is\/handknattleiksdeild\/magnus-oder-einarsson-til-lids-vid-grottu\/#primaryimage"},"image":{"@id":"https:\/\/grotta.is\/handknattleiksdeild\/magnus-oder-einarsson-til-lids-vid-grottu\/#primaryimage"},"thumbnailUrl":"https:\/\/grotta.is\/wp-content\/uploads\/2018\/09\/Grotta_Handbolti_mfl_kk_16.jpg","datePublished":"2018-09-03T12:11:07+00:00","dateModified":"2020-04-26T00:16:16+00:00","breadcrumb":{"@id":"https:\/\/grotta.is\/handknattleiksdeild\/magnus-oder-einarsson-til-lids-vid-grottu\/#breadcrumb"},"inLanguage":"en-US","potentialAction":[{"@type":"ReadAction","target":["https:\/\/grotta.is\/handknattleiksdeild\/magnus-oder-einarsson-til-lids-vid-grottu\/"]}]},{"@type":"ImageObject","inLanguage":"en-US","@id":"https:\/\/grotta.is\/handknattleiksdeild\/magnus-oder-einarsson-til-lids-vid-grottu\/#primaryimage","url":"https:\/\/grotta.is\/wp-content\/uploads\/2018\/09\/Grotta_Handbolti_mfl_kk_16.jpg","contentUrl":"https:\/\/grotta.is\/wp-content\/uploads\/2018\/09\/Grotta_Handbolti_mfl_kk_16.jpg","width":1510,"height":2048},{"@type":"BreadcrumbList","@id":"https:\/\/grotta.is\/handknattleiksdeild\/magnus-oder-einarsson-til-lids-vid-grottu\/#breadcrumb","itemListElement":[{"@type":"ListItem","position":1,"name":"Home","item":"https:\/\/grotta.is\/"},{"@type":"ListItem","position":2,"name":"Magn\u00fas \u00d8der Einarsson til li\u00f0s vi\u00f0 Gr\u00f3ttu"}]},{"@type":"WebSite","@id":"https:\/\/grotta.is\/#website","url":"https:\/\/grotta.is\/","name":"\u00cd\u00fer\u00f3ttaf\u00e9lagi\u00f0 Gr\u00f3tta","description":"\u00e1 Seltjarnarnesi","publisher":{"@id":"https:\/\/grotta.is\/#organization"},"potentialAction":[{"@type":"SearchAction","target":{"@type":"EntryPoint","urlTemplate":"https:\/\/grotta.is\/?s={search_term_string}"},"query-input":{"@type":"PropertyValueSpecification","valueRequired":true,"valueName":"search_term_string"}}],"inLanguage":"en-US"},{"@type":"Organization","@id":"https:\/\/grotta.is\/#organization","name":"\u00cd\u00fer\u00f3ttaf\u00e9lagi\u00f0 Gr\u00f3tta","url":"https:\/\/grotta.is\/","logo":{"@type":"ImageObject","inLanguage":"en-US","@id":"https:\/\/grotta.is\/#\/schema\/logo\/image\/","url":"https:\/\/grotta.is\/wp-content\/uploads\/2020\/02\/ithrottafelagidgrotta_logo_512x512_transparent.png","contentUrl":"https:\/\/grotta.is\/wp-content\/uploads\/2020\/02\/ithrottafelagidgrotta_logo_512x512_transparent.png","width":512,"height":512,"caption":"\u00cd\u00fer\u00f3ttaf\u00e9lagi\u00f0 Gr\u00f3tta"},"image":{"@id":"https:\/\/grotta.is\/#\/schema\/logo\/image\/"},"sameAs":["https:\/\/www.facebook.com\/grottasport"]},{"@type":"Person","@id":"https:\/\/grotta.is\/#\/schema\/person\/08ec57bf09ee925f1b6a01540c14a5ce","name":"Grotta","url":"https:\/\/grotta.is\/en\/author\/inga\/"}]}},"_links":{"self":[{"href":"https:\/\/grotta.is\/en\/wp-json\/wp\/v2\/posts\/2760","targetHints":{"allow":["GET"]}}],"collection":[{"href":"https:\/\/grotta.is\/en\/wp-json\/wp\/v2\/posts"}],"about":[{"href":"https:\/\/grotta.is\/en\/wp-json\/wp\/v2\/types\/post"}],"author":[{"embeddable":true,"href":"https:\/\/grotta.is\/en\/wp-json\/wp\/v2\/users\/2"}],"replies":[{"embeddable":true,"href":"https:\/\/grotta.is\/en\/wp-json\/wp\/v2\/comments?post=2760"}],"version-history":[{"count":2,"href":"https:\/\/grotta.is\/en\/wp-json\/wp\/v2\/posts\/2760\/revisions"}],"predecessor-version":[{"id":2764,"href":"https:\/\/grotta.is\/en\/wp-json\/wp\/v2\/posts\/2760\/revisions\/2764"}],"wp:featuredmedia":[{"embeddable":true,"href":"https:\/\/grotta.is\/en\/wp-json\/wp\/v2\/media\/2763"}],"wp:attachment":[{"href":"https:\/\/grotta.is\/en\/wp-json\/wp\/v2\/media?parent=2760"}],"wp:term":[{"taxonomy":"category","embeddable":true,"href":"https:\/\/grotta.is\/en\/wp-json\/wp\/v2\/categories?post=2760"},{"taxonomy":"post_tag","embeddable":true,"href":"https:\/\/grotta.is\/en\/wp-json\/wp\/v2\/tags?post=2760"}],"curies":[{"name":"wp","href":"https:\/\/api.w.org\/{rel}","templated":true}]}}