{"id":2745,"date":"2018-09-08T23:36:11","date_gmt":"2018-09-08T23:36:11","guid":{"rendered":"https:\/\/grotta.is\/?p=2745"},"modified":"2020-04-25T23:40:04","modified_gmt":"2020-04-25T23:40:04","slug":"fullordins-fimleikar-skraning","status":"publish","type":"post","link":"https:\/\/grotta.is\/en\/fimleikadeild\/fullordins-fimleikar-skraning\/","title":{"rendered":"Fullor\u00f0ins fimleikar \u2013 skr\u00e1ning"},"content":{"rendered":"<p>Fimleikadeild Gr\u00f3ttu \u00e6tlar a\u00f0 bj\u00f3\u00f0a upp \u00e1 12 vikna n\u00e1mskei\u00f0 \u00ed fullor\u00f0ins fimleikum. Kennt ver\u00f0ur \u00e1 \u00feri\u00f0judagskv\u00f6ldum klukkan 20:00 \u2013 21:30 \u00ed fimleikasalnum \u00ed Gr\u00f3ttu.<\/p><p>Fullor\u00f0ins fimleikar er fr\u00e1b\u00e6r hreyfing og g\u00f3\u00f0 skemmtun fyrir alla. Ef vel gengur er stefnan a\u00f0 halda \u00e1fram me\u00f0 fullor\u00f0ins fimleika eftir \u00e1ram\u00f3t og jafnvel fj\u00f6lga \u00e6fingum.<\/p><p>N\u00e1mskei\u00f0i\u00f0 kostar 25.000 kr\u00f3nur og fer skr\u00e1ning og grei\u00f0sla fram \u00ed gegnum skr\u00e1ningakerfi\u00f0 N\u00f3ra <a href=\"https:\/\/grotta.felog.is\">grotta.felog.is<\/a><\/p><p>\u00dej\u00e1lfarar n\u00e1mskei\u00f0sins eru Eva Katr\u00edn Fri\u00f0geirsd\u00f3ttir og Hrafnhildur Sigurj\u00f3nsd\u00f3ttir. Fyrsti t\u00edminn er 11. september og opin \u00f6llum.<\/p>","protected":false},"excerpt":{"rendered":"<p>Fimleikadeild Gr\u00f3ttu \u00e6tlar a\u00f0 bj\u00f3\u00f0a upp \u00e1 12 vikna n\u00e1mskei\u00f0 \u00ed fullor\u00f0ins fimleikum. Kennt ver\u00f0ur \u00e1 \u00feri\u00f0judagskv\u00f6ldum klukkan 20:00 \u2013 21:30 \u00ed fimleikasalnum \u00ed Gr\u00f3ttu.<\/p>","protected":false},"author":2,"featured_media":908,"comment_status":"closed","ping_status":"closed","sticky":false,"template":"","format":"standard","meta":{"footnotes":""},"categories":[9],"tags":[11],"class_list":["post-2745","post","type-post","status-publish","format-standard","has-post-thumbnail","hentry","category-fimleikadeild","tag-fimleikar"],"yoast_head":"<!-- This site is optimized with the Yoast SEO plugin v24.3 - https:\/\/yoast.com\/wordpress\/plugins\/seo\/ -->\n<title>Fullor\u00f0ins fimleikar \u2013 skr\u00e1ning - \u00cd\u00fer\u00f3ttaf\u00e9lagi\u00f0 Gr\u00f3tta<\/title>\n<meta name=\"robots\" content=\"index, follow, max-snippet:-1, max-image-preview:large, max-video-preview:-1\" \/>\n<link rel=\"canonical\" href=\"https:\/\/grotta.is\/en\/fimleikadeild\/fullordins-fimleikar-skraning\/\" \/>\n<meta property=\"og:locale\" content=\"en_US\" \/>\n<meta property=\"og:type\" content=\"article\" \/>\n<meta property=\"og:title\" content=\"Fullor\u00f0ins fimleikar \u2013 skr\u00e1ning - \u00cd\u00fer\u00f3ttaf\u00e9lagi\u00f0 Gr\u00f3tta\" \/>\n<meta property=\"og:description\" content=\"Fimleikadeild Gr\u00f3ttu \u00e6tlar a\u00f0 bj\u00f3\u00f0a upp \u00e1 12 vikna n\u00e1mskei\u00f0 \u00ed fullor\u00f0ins fimleikum. Kennt ver\u00f0ur \u00e1 \u00feri\u00f0judagskv\u00f6ldum klukkan 20:00 \u2013 21:30 \u00ed fimleikasalnum \u00ed Gr\u00f3ttu.\" \/>\n<meta property=\"og:url\" content=\"https:\/\/grotta.is\/en\/fimleikadeild\/fullordins-fimleikar-skraning\/\" \/>\n<meta property=\"og:site_name\" content=\"\u00cd\u00fer\u00f3ttaf\u00e9lagi\u00f0 Gr\u00f3tta\" \/>\n<meta property=\"article:publisher\" content=\"https:\/\/www.facebook.com\/grottasport\" \/>\n<meta property=\"article:published_time\" content=\"2018-09-08T23:36:11+00:00\" \/>\n<meta property=\"article:modified_time\" content=\"2020-04-25T23:40:04+00:00\" \/>\n<meta property=\"og:image\" content=\"https:\/\/grotta.is\/wp-content\/uploads\/2020\/03\/Fimleikar_Grotta_Jolamot_2019-26.jpg\" \/>\n\t<meta property=\"og:image:width\" content=\"1902\" \/>\n\t<meta property=\"og:image:height\" content=\"1008\" \/>\n\t<meta property=\"og:image:type\" content=\"image\/jpeg\" \/>\n<meta name=\"author\" content=\"Grotta\" \/>\n<meta name=\"twitter:card\" content=\"summary_large_image\" \/>\n<meta name=\"twitter:label1\" content=\"Written by\" \/>\n\t<meta name=\"twitter:data1\" content=\"Grotta\" \/>\n\t<meta name=\"twitter:label2\" content=\"Est. reading time\" \/>\n\t<meta name=\"twitter:data2\" content=\"1 minute\" \/>\n<script type=\"application\/ld+json\" class=\"yoast-schema-graph\">{\"@context\":\"https:\/\/schema.org\",\"@graph\":[{\"@type\":\"Article\",\"@id\":\"https:\/\/grotta.is\/en\/fimleikadeild\/fullordins-fimleikar-skraning\/#article\",\"isPartOf\":{\"@id\":\"https:\/\/grotta.is\/en\/fimleikadeild\/fullordins-fimleikar-skraning\/\"},\"author\":{\"name\":\"Grotta\",\"@id\":\"https:\/\/grotta.is\/#\/schema\/person\/08ec57bf09ee925f1b6a01540c14a5ce\"},\"headline\":\"Fullor\u00f0ins fimleikar \u2013 skr\u00e1ning\",\"datePublished\":\"2018-09-08T23:36:11+00:00\",\"dateModified\":\"2020-04-25T23:40:04+00:00\",\"mainEntityOfPage\":{\"@id\":\"https:\/\/grotta.is\/en\/fimleikadeild\/fullordins-fimleikar-skraning\/\"},\"wordCount\":109,\"publisher\":{\"@id\":\"https:\/\/grotta.is\/#organization\"},\"image\":{\"@id\":\"https:\/\/grotta.is\/en\/fimleikadeild\/fullordins-fimleikar-skraning\/#primaryimage\"},\"thumbnailUrl\":\"https:\/\/grotta.is\/wp-content\/uploads\/2020\/03\/Fimleikar_Grotta_Jolamot_2019-26.jpg\",\"keywords\":[\"Fimleikar\"],\"articleSection\":[\"Fimleikadeild\"],\"inLanguage\":\"en-US\"},{\"@type\":\"WebPage\",\"@id\":\"https:\/\/grotta.is\/en\/fimleikadeild\/fullordins-fimleikar-skraning\/\",\"url\":\"https:\/\/grotta.is\/en\/fimleikadeild\/fullordins-fimleikar-skraning\/\",\"name\":\"Fullor\u00f0ins fimleikar \u2013 skr\u00e1ning - \u00cd\u00fer\u00f3ttaf\u00e9lagi\u00f0 Gr\u00f3tta\",\"isPartOf\":{\"@id\":\"https:\/\/grotta.is\/#website\"},\"primaryImageOfPage\":{\"@id\":\"https:\/\/grotta.is\/en\/fimleikadeild\/fullordins-fimleikar-skraning\/#primaryimage\"},\"image\":{\"@id\":\"https:\/\/grotta.is\/en\/fimleikadeild\/fullordins-fimleikar-skraning\/#primaryimage\"},\"thumbnailUrl\":\"https:\/\/grotta.is\/wp-content\/uploads\/2020\/03\/Fimleikar_Grotta_Jolamot_2019-26.jpg\",\"datePublished\":\"2018-09-08T23:36:11+00:00\",\"dateModified\":\"2020-04-25T23:40:04+00:00\",\"breadcrumb\":{\"@id\":\"https:\/\/grotta.is\/en\/fimleikadeild\/fullordins-fimleikar-skraning\/#breadcrumb\"},\"inLanguage\":\"en-US\",\"potentialAction\":[{\"@type\":\"ReadAction\",\"target\":[\"https:\/\/grotta.is\/en\/fimleikadeild\/fullordins-fimleikar-skraning\/\"]}]},{\"@type\":\"ImageObject\",\"inLanguage\":\"en-US\",\"@id\":\"https:\/\/grotta.is\/en\/fimleikadeild\/fullordins-fimleikar-skraning\/#primaryimage\",\"url\":\"https:\/\/grotta.is\/wp-content\/uploads\/2020\/03\/Fimleikar_Grotta_Jolamot_2019-26.jpg\",\"contentUrl\":\"https:\/\/grotta.is\/wp-content\/uploads\/2020\/03\/Fimleikar_Grotta_Jolamot_2019-26.jpg\",\"width\":1902,\"height\":1008},{\"@type\":\"BreadcrumbList\",\"@id\":\"https:\/\/grotta.is\/en\/fimleikadeild\/fullordins-fimleikar-skraning\/#breadcrumb\",\"itemListElement\":[{\"@type\":\"ListItem\",\"position\":1,\"name\":\"Home\",\"item\":\"https:\/\/grotta.is\/\"},{\"@type\":\"ListItem\",\"position\":2,\"name\":\"Fullor\u00f0ins fimleikar \u2013 skr\u00e1ning\"}]},{\"@type\":\"WebSite\",\"@id\":\"https:\/\/grotta.is\/#website\",\"url\":\"https:\/\/grotta.is\/\",\"name\":\"\u00cd\u00fer\u00f3ttaf\u00e9lagi\u00f0 Gr\u00f3tta\",\"description\":\"\u00e1 Seltjarnarnesi\",\"publisher\":{\"@id\":\"https:\/\/grotta.is\/#organization\"},\"potentialAction\":[{\"@type\":\"SearchAction\",\"target\":{\"@type\":\"EntryPoint\",\"urlTemplate\":\"https:\/\/grotta.is\/?s={search_term_string}\"},\"query-input\":{\"@type\":\"PropertyValueSpecification\",\"valueRequired\":true,\"valueName\":\"search_term_string\"}}],\"inLanguage\":\"en-US\"},{\"@type\":\"Organization\",\"@id\":\"https:\/\/grotta.is\/#organization\",\"name\":\"\u00cd\u00fer\u00f3ttaf\u00e9lagi\u00f0 Gr\u00f3tta\",\"url\":\"https:\/\/grotta.is\/\",\"logo\":{\"@type\":\"ImageObject\",\"inLanguage\":\"en-US\",\"@id\":\"https:\/\/grotta.is\/#\/schema\/logo\/image\/\",\"url\":\"https:\/\/grotta.is\/wp-content\/uploads\/2020\/02\/ithrottafelagidgrotta_logo_512x512_transparent.png\",\"contentUrl\":\"https:\/\/grotta.is\/wp-content\/uploads\/2020\/02\/ithrottafelagidgrotta_logo_512x512_transparent.png\",\"width\":512,\"height\":512,\"caption\":\"\u00cd\u00fer\u00f3ttaf\u00e9lagi\u00f0 Gr\u00f3tta\"},\"image\":{\"@id\":\"https:\/\/grotta.is\/#\/schema\/logo\/image\/\"},\"sameAs\":[\"https:\/\/www.facebook.com\/grottasport\"]},{\"@type\":\"Person\",\"@id\":\"https:\/\/grotta.is\/#\/schema\/person\/08ec57bf09ee925f1b6a01540c14a5ce\",\"name\":\"Grotta\",\"url\":\"https:\/\/grotta.is\/en\/author\/inga\/\"}]}<\/script>\n<!-- \/ Yoast SEO plugin. -->","yoast_head_json":{"title":"Fullor\u00f0ins fimleikar \u2013 skr\u00e1ning - \u00cd\u00fer\u00f3ttaf\u00e9lagi\u00f0 Gr\u00f3tta","robots":{"index":"index","follow":"follow","max-snippet":"max-snippet:-1","max-image-preview":"max-image-preview:large","max-video-preview":"max-video-preview:-1"},"canonical":"https:\/\/grotta.is\/en\/fimleikadeild\/fullordins-fimleikar-skraning\/","og_locale":"en_US","og_type":"article","og_title":"Fullor\u00f0ins fimleikar \u2013 skr\u00e1ning - \u00cd\u00fer\u00f3ttaf\u00e9lagi\u00f0 Gr\u00f3tta","og_description":"Fimleikadeild Gr\u00f3ttu \u00e6tlar a\u00f0 bj\u00f3\u00f0a upp \u00e1 12 vikna n\u00e1mskei\u00f0 \u00ed fullor\u00f0ins fimleikum. Kennt ver\u00f0ur \u00e1 \u00feri\u00f0judagskv\u00f6ldum klukkan 20:00 \u2013 21:30 \u00ed fimleikasalnum \u00ed Gr\u00f3ttu.","og_url":"https:\/\/grotta.is\/en\/fimleikadeild\/fullordins-fimleikar-skraning\/","og_site_name":"\u00cd\u00fer\u00f3ttaf\u00e9lagi\u00f0 Gr\u00f3tta","article_publisher":"https:\/\/www.facebook.com\/grottasport","article_published_time":"2018-09-08T23:36:11+00:00","article_modified_time":"2020-04-25T23:40:04+00:00","og_image":[{"width":1902,"height":1008,"url":"https:\/\/grotta.is\/wp-content\/uploads\/2020\/03\/Fimleikar_Grotta_Jolamot_2019-26.jpg","type":"image\/jpeg"}],"author":"Grotta","twitter_card":"summary_large_image","twitter_misc":{"Written by":"Grotta","Est. reading time":"1 minute"},"schema":{"@context":"https:\/\/schema.org","@graph":[{"@type":"Article","@id":"https:\/\/grotta.is\/en\/fimleikadeild\/fullordins-fimleikar-skraning\/#article","isPartOf":{"@id":"https:\/\/grotta.is\/en\/fimleikadeild\/fullordins-fimleikar-skraning\/"},"author":{"name":"Grotta","@id":"https:\/\/grotta.is\/#\/schema\/person\/08ec57bf09ee925f1b6a01540c14a5ce"},"headline":"Fullor\u00f0ins fimleikar \u2013 skr\u00e1ning","datePublished":"2018-09-08T23:36:11+00:00","dateModified":"2020-04-25T23:40:04+00:00","mainEntityOfPage":{"@id":"https:\/\/grotta.is\/en\/fimleikadeild\/fullordins-fimleikar-skraning\/"},"wordCount":109,"publisher":{"@id":"https:\/\/grotta.is\/#organization"},"image":{"@id":"https:\/\/grotta.is\/en\/fimleikadeild\/fullordins-fimleikar-skraning\/#primaryimage"},"thumbnailUrl":"https:\/\/grotta.is\/wp-content\/uploads\/2020\/03\/Fimleikar_Grotta_Jolamot_2019-26.jpg","keywords":["Fimleikar"],"articleSection":["Fimleikadeild"],"inLanguage":"en-US"},{"@type":"WebPage","@id":"https:\/\/grotta.is\/en\/fimleikadeild\/fullordins-fimleikar-skraning\/","url":"https:\/\/grotta.is\/en\/fimleikadeild\/fullordins-fimleikar-skraning\/","name":"Fullor\u00f0ins fimleikar \u2013 skr\u00e1ning - \u00cd\u00fer\u00f3ttaf\u00e9lagi\u00f0 Gr\u00f3tta","isPartOf":{"@id":"https:\/\/grotta.is\/#website"},"primaryImageOfPage":{"@id":"https:\/\/grotta.is\/en\/fimleikadeild\/fullordins-fimleikar-skraning\/#primaryimage"},"image":{"@id":"https:\/\/grotta.is\/en\/fimleikadeild\/fullordins-fimleikar-skraning\/#primaryimage"},"thumbnailUrl":"https:\/\/grotta.is\/wp-content\/uploads\/2020\/03\/Fimleikar_Grotta_Jolamot_2019-26.jpg","datePublished":"2018-09-08T23:36:11+00:00","dateModified":"2020-04-25T23:40:04+00:00","breadcrumb":{"@id":"https:\/\/grotta.is\/en\/fimleikadeild\/fullordins-fimleikar-skraning\/#breadcrumb"},"inLanguage":"en-US","potentialAction":[{"@type":"ReadAction","target":["https:\/\/grotta.is\/en\/fimleikadeild\/fullordins-fimleikar-skraning\/"]}]},{"@type":"ImageObject","inLanguage":"en-US","@id":"https:\/\/grotta.is\/en\/fimleikadeild\/fullordins-fimleikar-skraning\/#primaryimage","url":"https:\/\/grotta.is\/wp-content\/uploads\/2020\/03\/Fimleikar_Grotta_Jolamot_2019-26.jpg","contentUrl":"https:\/\/grotta.is\/wp-content\/uploads\/2020\/03\/Fimleikar_Grotta_Jolamot_2019-26.jpg","width":1902,"height":1008},{"@type":"BreadcrumbList","@id":"https:\/\/grotta.is\/en\/fimleikadeild\/fullordins-fimleikar-skraning\/#breadcrumb","itemListElement":[{"@type":"ListItem","position":1,"name":"Home","item":"https:\/\/grotta.is\/"},{"@type":"ListItem","position":2,"name":"Fullor\u00f0ins fimleikar \u2013 skr\u00e1ning"}]},{"@type":"WebSite","@id":"https:\/\/grotta.is\/#website","url":"https:\/\/grotta.is\/","name":"\u00cd\u00fer\u00f3ttaf\u00e9lagi\u00f0 Gr\u00f3tta","description":"\u00e1 Seltjarnarnesi","publisher":{"@id":"https:\/\/grotta.is\/#organization"},"potentialAction":[{"@type":"SearchAction","target":{"@type":"EntryPoint","urlTemplate":"https:\/\/grotta.is\/?s={search_term_string}"},"query-input":{"@type":"PropertyValueSpecification","valueRequired":true,"valueName":"search_term_string"}}],"inLanguage":"en-US"},{"@type":"Organization","@id":"https:\/\/grotta.is\/#organization","name":"\u00cd\u00fer\u00f3ttaf\u00e9lagi\u00f0 Gr\u00f3tta","url":"https:\/\/grotta.is\/","logo":{"@type":"ImageObject","inLanguage":"en-US","@id":"https:\/\/grotta.is\/#\/schema\/logo\/image\/","url":"https:\/\/grotta.is\/wp-content\/uploads\/2020\/02\/ithrottafelagidgrotta_logo_512x512_transparent.png","contentUrl":"https:\/\/grotta.is\/wp-content\/uploads\/2020\/02\/ithrottafelagidgrotta_logo_512x512_transparent.png","width":512,"height":512,"caption":"\u00cd\u00fer\u00f3ttaf\u00e9lagi\u00f0 Gr\u00f3tta"},"image":{"@id":"https:\/\/grotta.is\/#\/schema\/logo\/image\/"},"sameAs":["https:\/\/www.facebook.com\/grottasport"]},{"@type":"Person","@id":"https:\/\/grotta.is\/#\/schema\/person\/08ec57bf09ee925f1b6a01540c14a5ce","name":"Grotta","url":"https:\/\/grotta.is\/en\/author\/inga\/"}]}},"_links":{"self":[{"href":"https:\/\/grotta.is\/en\/wp-json\/wp\/v2\/posts\/2745","targetHints":{"allow":["GET"]}}],"collection":[{"href":"https:\/\/grotta.is\/en\/wp-json\/wp\/v2\/posts"}],"about":[{"href":"https:\/\/grotta.is\/en\/wp-json\/wp\/v2\/types\/post"}],"author":[{"embeddable":true,"href":"https:\/\/grotta.is\/en\/wp-json\/wp\/v2\/users\/2"}],"replies":[{"embeddable":true,"href":"https:\/\/grotta.is\/en\/wp-json\/wp\/v2\/comments?post=2745"}],"version-history":[{"count":2,"href":"https:\/\/grotta.is\/en\/wp-json\/wp\/v2\/posts\/2745\/revisions"}],"predecessor-version":[{"id":2747,"href":"https:\/\/grotta.is\/en\/wp-json\/wp\/v2\/posts\/2745\/revisions\/2747"}],"wp:featuredmedia":[{"embeddable":true,"href":"https:\/\/grotta.is\/en\/wp-json\/wp\/v2\/media\/908"}],"wp:attachment":[{"href":"https:\/\/grotta.is\/en\/wp-json\/wp\/v2\/media?parent=2745"}],"wp:term":[{"taxonomy":"category","embeddable":true,"href":"https:\/\/grotta.is\/en\/wp-json\/wp\/v2\/categories?post=2745"},{"taxonomy":"post_tag","embeddable":true,"href":"https:\/\/grotta.is\/en\/wp-json\/wp\/v2\/tags?post=2745"}],"curies":[{"name":"wp","href":"https:\/\/api.w.org\/{rel}","templated":true}]}}