{"id":2728,"date":"2018-09-13T23:09:55","date_gmt":"2018-09-13T23:09:55","guid":{"rendered":"https:\/\/grotta.is\/?p=2728"},"modified":"2020-04-25T23:15:50","modified_gmt":"2020-04-25T23:15:50","slug":"bjartur-gudmundsson-til-grottu","status":"publish","type":"post","link":"https:\/\/grotta.is\/en\/handknattleiksdeild\/bjartur-gudmundsson-til-grottu\/","title":{"rendered":"Bjartur Gu\u00f0mundsson til Gr\u00f3ttu"},"content":{"rendered":"<p>Bjartur Gu\u00f0mundsson hefur skrifa\u00f0 undir 2ja \u00e1ra samning vi\u00f0 handknattleiksdeild Gr\u00f3ttu.<\/p><p>Bjartur kemur til Gr\u00f3ttu fr\u00e1 Fram \u00fear sem hann spila\u00f0i 22 leiki \u00ed Ol\u00eds-deildinni \u00e1 s\u00ed\u00f0asta keppnist\u00edmabili og skora\u00f0i \u00ed \u00feeim 34 m\u00f6rk. Bjartur er kl\u00f3kur mi\u00f0juma\u00f0ur en einnig mj\u00f6g \u00f6flugur varnarma\u00f0ur og mun koma hans gera miki\u00f0 fyrir leikmannah\u00f3p li\u00f0sins.<\/p><p>Bjartur er kominn me\u00f0 leikheimild me\u00f0 li\u00f0inu og er kl\u00e1r \u00ed leikinn gegn Val \u00e1 morgun. Skemmtilegt er a\u00f0 segja fr\u00e1 \u00fev\u00ed a\u00f0 Bjartur er uppalinn Valsari og vonumst vi\u00f0 til \u00feess a\u00f0 hann leiki s\u00edna fyrrum li\u00f0sf\u00e9laga gr\u00e1tt \u00e1 morgun!<\/p><p>\u00c1 myndinni a\u00f0 ofan m\u00e1 sj\u00e1 Bjart vi\u00f0 undirritun samningsins \u00e1samt Einari Rafni stj\u00f3rnarmanni.<\/p>","protected":false},"excerpt":{"rendered":"<p>Bjartur Gu\u00f0mundsson hefur skrifa\u00f0 undir 2ja \u00e1ra samning vi\u00f0 handknattleiksdeild Gr\u00f3ttu.<\/p>","protected":false},"author":2,"featured_media":2730,"comment_status":"closed","ping_status":"closed","sticky":false,"template":"","format":"standard","meta":{"footnotes":""},"categories":[12],"tags":[13,20],"class_list":["post-2728","post","type-post","status-publish","format-standard","has-post-thumbnail","hentry","category-handknattleiksdeild","tag-handbolti","tag-mfl-kk"],"yoast_head":"<!-- This site is optimized with the Yoast SEO plugin v24.3 - https:\/\/yoast.com\/wordpress\/plugins\/seo\/ -->\n<title>Bjartur Gu\u00f0mundsson til Gr\u00f3ttu - \u00cd\u00fer\u00f3ttaf\u00e9lagi\u00f0 Gr\u00f3tta<\/title>\n<meta name=\"robots\" content=\"index, follow, max-snippet:-1, max-image-preview:large, max-video-preview:-1\" \/>\n<link rel=\"canonical\" href=\"http:\/\/grotta.is\/en\/handknattleiksdeild\/bjartur-gudmundsson-til-grottu\/\" \/>\n<meta property=\"og:locale\" content=\"en_US\" \/>\n<meta property=\"og:type\" content=\"article\" \/>\n<meta property=\"og:title\" content=\"Bjartur Gu\u00f0mundsson til Gr\u00f3ttu - \u00cd\u00fer\u00f3ttaf\u00e9lagi\u00f0 Gr\u00f3tta\" \/>\n<meta property=\"og:description\" content=\"Bjartur Gu\u00f0mundsson hefur skrifa\u00f0 undir 2ja \u00e1ra samning vi\u00f0 handknattleiksdeild Gr\u00f3ttu.\" \/>\n<meta property=\"og:url\" content=\"http:\/\/grotta.is\/en\/handknattleiksdeild\/bjartur-gudmundsson-til-grottu\/\" \/>\n<meta property=\"og:site_name\" content=\"\u00cd\u00fer\u00f3ttaf\u00e9lagi\u00f0 Gr\u00f3tta\" \/>\n<meta property=\"article:publisher\" content=\"https:\/\/www.facebook.com\/grottasport\" \/>\n<meta property=\"article:published_time\" content=\"2018-09-13T23:09:55+00:00\" \/>\n<meta property=\"article:modified_time\" content=\"2020-04-25T23:15:50+00:00\" \/>\n<meta property=\"og:image\" content=\"https:\/\/grotta.is\/wp-content\/uploads\/2018\/09\/Grotta_Handbolti_mfl_kk_13.jpg\" \/>\n\t<meta property=\"og:image:width\" content=\"720\" \/>\n\t<meta property=\"og:image:height\" content=\"960\" \/>\n\t<meta property=\"og:image:type\" content=\"image\/jpeg\" \/>\n<meta name=\"author\" content=\"Grotta\" \/>\n<meta name=\"twitter:card\" content=\"summary_large_image\" \/>\n<meta name=\"twitter:label1\" content=\"Written by\" \/>\n\t<meta name=\"twitter:data1\" content=\"Grotta\" \/>\n\t<meta name=\"twitter:label2\" content=\"Est. reading time\" \/>\n\t<meta name=\"twitter:data2\" content=\"1 minute\" \/>\n<script type=\"application\/ld+json\" class=\"yoast-schema-graph\">{\"@context\":\"https:\/\/schema.org\",\"@graph\":[{\"@type\":\"Article\",\"@id\":\"http:\/\/grotta.is\/en\/handknattleiksdeild\/bjartur-gudmundsson-til-grottu\/#article\",\"isPartOf\":{\"@id\":\"http:\/\/grotta.is\/en\/handknattleiksdeild\/bjartur-gudmundsson-til-grottu\/\"},\"author\":{\"name\":\"Grotta\",\"@id\":\"https:\/\/grotta.is\/#\/schema\/person\/08ec57bf09ee925f1b6a01540c14a5ce\"},\"headline\":\"Bjartur Gu\u00f0mundsson til Gr\u00f3ttu\",\"datePublished\":\"2018-09-13T23:09:55+00:00\",\"dateModified\":\"2020-04-25T23:15:50+00:00\",\"mainEntityOfPage\":{\"@id\":\"http:\/\/grotta.is\/en\/handknattleiksdeild\/bjartur-gudmundsson-til-grottu\/\"},\"wordCount\":127,\"publisher\":{\"@id\":\"https:\/\/grotta.is\/#organization\"},\"image\":{\"@id\":\"http:\/\/grotta.is\/en\/handknattleiksdeild\/bjartur-gudmundsson-til-grottu\/#primaryimage\"},\"thumbnailUrl\":\"https:\/\/grotta.is\/wp-content\/uploads\/2018\/09\/Grotta_Handbolti_mfl_kk_13.jpg\",\"keywords\":[\"Handbolti\",\"Mfl.kk\"],\"articleSection\":[\"Handknattleiksdeild\"],\"inLanguage\":\"en-US\"},{\"@type\":\"WebPage\",\"@id\":\"http:\/\/grotta.is\/en\/handknattleiksdeild\/bjartur-gudmundsson-til-grottu\/\",\"url\":\"http:\/\/grotta.is\/en\/handknattleiksdeild\/bjartur-gudmundsson-til-grottu\/\",\"name\":\"Bjartur Gu\u00f0mundsson til Gr\u00f3ttu - \u00cd\u00fer\u00f3ttaf\u00e9lagi\u00f0 Gr\u00f3tta\",\"isPartOf\":{\"@id\":\"https:\/\/grotta.is\/#website\"},\"primaryImageOfPage\":{\"@id\":\"http:\/\/grotta.is\/en\/handknattleiksdeild\/bjartur-gudmundsson-til-grottu\/#primaryimage\"},\"image\":{\"@id\":\"http:\/\/grotta.is\/en\/handknattleiksdeild\/bjartur-gudmundsson-til-grottu\/#primaryimage\"},\"thumbnailUrl\":\"https:\/\/grotta.is\/wp-content\/uploads\/2018\/09\/Grotta_Handbolti_mfl_kk_13.jpg\",\"datePublished\":\"2018-09-13T23:09:55+00:00\",\"dateModified\":\"2020-04-25T23:15:50+00:00\",\"breadcrumb\":{\"@id\":\"http:\/\/grotta.is\/en\/handknattleiksdeild\/bjartur-gudmundsson-til-grottu\/#breadcrumb\"},\"inLanguage\":\"en-US\",\"potentialAction\":[{\"@type\":\"ReadAction\",\"target\":[\"http:\/\/grotta.is\/en\/handknattleiksdeild\/bjartur-gudmundsson-til-grottu\/\"]}]},{\"@type\":\"ImageObject\",\"inLanguage\":\"en-US\",\"@id\":\"http:\/\/grotta.is\/en\/handknattleiksdeild\/bjartur-gudmundsson-til-grottu\/#primaryimage\",\"url\":\"https:\/\/grotta.is\/wp-content\/uploads\/2018\/09\/Grotta_Handbolti_mfl_kk_13.jpg\",\"contentUrl\":\"https:\/\/grotta.is\/wp-content\/uploads\/2018\/09\/Grotta_Handbolti_mfl_kk_13.jpg\",\"width\":720,\"height\":960},{\"@type\":\"BreadcrumbList\",\"@id\":\"http:\/\/grotta.is\/en\/handknattleiksdeild\/bjartur-gudmundsson-til-grottu\/#breadcrumb\",\"itemListElement\":[{\"@type\":\"ListItem\",\"position\":1,\"name\":\"Home\",\"item\":\"https:\/\/grotta.is\/\"},{\"@type\":\"ListItem\",\"position\":2,\"name\":\"Bjartur Gu\u00f0mundsson til Gr\u00f3ttu\"}]},{\"@type\":\"WebSite\",\"@id\":\"https:\/\/grotta.is\/#website\",\"url\":\"https:\/\/grotta.is\/\",\"name\":\"\u00cd\u00fer\u00f3ttaf\u00e9lagi\u00f0 Gr\u00f3tta\",\"description\":\"\u00e1 Seltjarnarnesi\",\"publisher\":{\"@id\":\"https:\/\/grotta.is\/#organization\"},\"potentialAction\":[{\"@type\":\"SearchAction\",\"target\":{\"@type\":\"EntryPoint\",\"urlTemplate\":\"https:\/\/grotta.is\/?s={search_term_string}\"},\"query-input\":{\"@type\":\"PropertyValueSpecification\",\"valueRequired\":true,\"valueName\":\"search_term_string\"}}],\"inLanguage\":\"en-US\"},{\"@type\":\"Organization\",\"@id\":\"https:\/\/grotta.is\/#organization\",\"name\":\"\u00cd\u00fer\u00f3ttaf\u00e9lagi\u00f0 Gr\u00f3tta\",\"url\":\"https:\/\/grotta.is\/\",\"logo\":{\"@type\":\"ImageObject\",\"inLanguage\":\"en-US\",\"@id\":\"https:\/\/grotta.is\/#\/schema\/logo\/image\/\",\"url\":\"https:\/\/grotta.is\/wp-content\/uploads\/2020\/02\/ithrottafelagidgrotta_logo_512x512_transparent.png\",\"contentUrl\":\"https:\/\/grotta.is\/wp-content\/uploads\/2020\/02\/ithrottafelagidgrotta_logo_512x512_transparent.png\",\"width\":512,\"height\":512,\"caption\":\"\u00cd\u00fer\u00f3ttaf\u00e9lagi\u00f0 Gr\u00f3tta\"},\"image\":{\"@id\":\"https:\/\/grotta.is\/#\/schema\/logo\/image\/\"},\"sameAs\":[\"https:\/\/www.facebook.com\/grottasport\"]},{\"@type\":\"Person\",\"@id\":\"https:\/\/grotta.is\/#\/schema\/person\/08ec57bf09ee925f1b6a01540c14a5ce\",\"name\":\"Grotta\",\"url\":\"https:\/\/grotta.is\/en\/author\/inga\/\"}]}<\/script>\n<!-- \/ Yoast SEO plugin. -->","yoast_head_json":{"title":"Bjartur Gu\u00f0mundsson til Gr\u00f3ttu - \u00cd\u00fer\u00f3ttaf\u00e9lagi\u00f0 Gr\u00f3tta","robots":{"index":"index","follow":"follow","max-snippet":"max-snippet:-1","max-image-preview":"max-image-preview:large","max-video-preview":"max-video-preview:-1"},"canonical":"http:\/\/grotta.is\/en\/handknattleiksdeild\/bjartur-gudmundsson-til-grottu\/","og_locale":"en_US","og_type":"article","og_title":"Bjartur Gu\u00f0mundsson til Gr\u00f3ttu - \u00cd\u00fer\u00f3ttaf\u00e9lagi\u00f0 Gr\u00f3tta","og_description":"Bjartur Gu\u00f0mundsson hefur skrifa\u00f0 undir 2ja \u00e1ra samning vi\u00f0 handknattleiksdeild Gr\u00f3ttu.","og_url":"http:\/\/grotta.is\/en\/handknattleiksdeild\/bjartur-gudmundsson-til-grottu\/","og_site_name":"\u00cd\u00fer\u00f3ttaf\u00e9lagi\u00f0 Gr\u00f3tta","article_publisher":"https:\/\/www.facebook.com\/grottasport","article_published_time":"2018-09-13T23:09:55+00:00","article_modified_time":"2020-04-25T23:15:50+00:00","og_image":[{"width":720,"height":960,"url":"https:\/\/grotta.is\/wp-content\/uploads\/2018\/09\/Grotta_Handbolti_mfl_kk_13.jpg","type":"image\/jpeg"}],"author":"Grotta","twitter_card":"summary_large_image","twitter_misc":{"Written by":"Grotta","Est. reading time":"1 minute"},"schema":{"@context":"https:\/\/schema.org","@graph":[{"@type":"Article","@id":"http:\/\/grotta.is\/en\/handknattleiksdeild\/bjartur-gudmundsson-til-grottu\/#article","isPartOf":{"@id":"http:\/\/grotta.is\/en\/handknattleiksdeild\/bjartur-gudmundsson-til-grottu\/"},"author":{"name":"Grotta","@id":"https:\/\/grotta.is\/#\/schema\/person\/08ec57bf09ee925f1b6a01540c14a5ce"},"headline":"Bjartur Gu\u00f0mundsson til Gr\u00f3ttu","datePublished":"2018-09-13T23:09:55+00:00","dateModified":"2020-04-25T23:15:50+00:00","mainEntityOfPage":{"@id":"http:\/\/grotta.is\/en\/handknattleiksdeild\/bjartur-gudmundsson-til-grottu\/"},"wordCount":127,"publisher":{"@id":"https:\/\/grotta.is\/#organization"},"image":{"@id":"http:\/\/grotta.is\/en\/handknattleiksdeild\/bjartur-gudmundsson-til-grottu\/#primaryimage"},"thumbnailUrl":"https:\/\/grotta.is\/wp-content\/uploads\/2018\/09\/Grotta_Handbolti_mfl_kk_13.jpg","keywords":["Handbolti","Mfl.kk"],"articleSection":["Handknattleiksdeild"],"inLanguage":"en-US"},{"@type":"WebPage","@id":"http:\/\/grotta.is\/en\/handknattleiksdeild\/bjartur-gudmundsson-til-grottu\/","url":"http:\/\/grotta.is\/en\/handknattleiksdeild\/bjartur-gudmundsson-til-grottu\/","name":"Bjartur Gu\u00f0mundsson til Gr\u00f3ttu - \u00cd\u00fer\u00f3ttaf\u00e9lagi\u00f0 Gr\u00f3tta","isPartOf":{"@id":"https:\/\/grotta.is\/#website"},"primaryImageOfPage":{"@id":"http:\/\/grotta.is\/en\/handknattleiksdeild\/bjartur-gudmundsson-til-grottu\/#primaryimage"},"image":{"@id":"http:\/\/grotta.is\/en\/handknattleiksdeild\/bjartur-gudmundsson-til-grottu\/#primaryimage"},"thumbnailUrl":"https:\/\/grotta.is\/wp-content\/uploads\/2018\/09\/Grotta_Handbolti_mfl_kk_13.jpg","datePublished":"2018-09-13T23:09:55+00:00","dateModified":"2020-04-25T23:15:50+00:00","breadcrumb":{"@id":"http:\/\/grotta.is\/en\/handknattleiksdeild\/bjartur-gudmundsson-til-grottu\/#breadcrumb"},"inLanguage":"en-US","potentialAction":[{"@type":"ReadAction","target":["http:\/\/grotta.is\/en\/handknattleiksdeild\/bjartur-gudmundsson-til-grottu\/"]}]},{"@type":"ImageObject","inLanguage":"en-US","@id":"http:\/\/grotta.is\/en\/handknattleiksdeild\/bjartur-gudmundsson-til-grottu\/#primaryimage","url":"https:\/\/grotta.is\/wp-content\/uploads\/2018\/09\/Grotta_Handbolti_mfl_kk_13.jpg","contentUrl":"https:\/\/grotta.is\/wp-content\/uploads\/2018\/09\/Grotta_Handbolti_mfl_kk_13.jpg","width":720,"height":960},{"@type":"BreadcrumbList","@id":"http:\/\/grotta.is\/en\/handknattleiksdeild\/bjartur-gudmundsson-til-grottu\/#breadcrumb","itemListElement":[{"@type":"ListItem","position":1,"name":"Home","item":"https:\/\/grotta.is\/"},{"@type":"ListItem","position":2,"name":"Bjartur Gu\u00f0mundsson til Gr\u00f3ttu"}]},{"@type":"WebSite","@id":"https:\/\/grotta.is\/#website","url":"https:\/\/grotta.is\/","name":"\u00cd\u00fer\u00f3ttaf\u00e9lagi\u00f0 Gr\u00f3tta","description":"\u00e1 Seltjarnarnesi","publisher":{"@id":"https:\/\/grotta.is\/#organization"},"potentialAction":[{"@type":"SearchAction","target":{"@type":"EntryPoint","urlTemplate":"https:\/\/grotta.is\/?s={search_term_string}"},"query-input":{"@type":"PropertyValueSpecification","valueRequired":true,"valueName":"search_term_string"}}],"inLanguage":"en-US"},{"@type":"Organization","@id":"https:\/\/grotta.is\/#organization","name":"\u00cd\u00fer\u00f3ttaf\u00e9lagi\u00f0 Gr\u00f3tta","url":"https:\/\/grotta.is\/","logo":{"@type":"ImageObject","inLanguage":"en-US","@id":"https:\/\/grotta.is\/#\/schema\/logo\/image\/","url":"https:\/\/grotta.is\/wp-content\/uploads\/2020\/02\/ithrottafelagidgrotta_logo_512x512_transparent.png","contentUrl":"https:\/\/grotta.is\/wp-content\/uploads\/2020\/02\/ithrottafelagidgrotta_logo_512x512_transparent.png","width":512,"height":512,"caption":"\u00cd\u00fer\u00f3ttaf\u00e9lagi\u00f0 Gr\u00f3tta"},"image":{"@id":"https:\/\/grotta.is\/#\/schema\/logo\/image\/"},"sameAs":["https:\/\/www.facebook.com\/grottasport"]},{"@type":"Person","@id":"https:\/\/grotta.is\/#\/schema\/person\/08ec57bf09ee925f1b6a01540c14a5ce","name":"Grotta","url":"https:\/\/grotta.is\/en\/author\/inga\/"}]}},"_links":{"self":[{"href":"https:\/\/grotta.is\/en\/wp-json\/wp\/v2\/posts\/2728","targetHints":{"allow":["GET"]}}],"collection":[{"href":"https:\/\/grotta.is\/en\/wp-json\/wp\/v2\/posts"}],"about":[{"href":"https:\/\/grotta.is\/en\/wp-json\/wp\/v2\/types\/post"}],"author":[{"embeddable":true,"href":"https:\/\/grotta.is\/en\/wp-json\/wp\/v2\/users\/2"}],"replies":[{"embeddable":true,"href":"https:\/\/grotta.is\/en\/wp-json\/wp\/v2\/comments?post=2728"}],"version-history":[{"count":2,"href":"https:\/\/grotta.is\/en\/wp-json\/wp\/v2\/posts\/2728\/revisions"}],"predecessor-version":[{"id":2731,"href":"https:\/\/grotta.is\/en\/wp-json\/wp\/v2\/posts\/2728\/revisions\/2731"}],"wp:featuredmedia":[{"embeddable":true,"href":"https:\/\/grotta.is\/en\/wp-json\/wp\/v2\/media\/2730"}],"wp:attachment":[{"href":"https:\/\/grotta.is\/en\/wp-json\/wp\/v2\/media?parent=2728"}],"wp:term":[{"taxonomy":"category","embeddable":true,"href":"https:\/\/grotta.is\/en\/wp-json\/wp\/v2\/categories?post=2728"},{"taxonomy":"post_tag","embeddable":true,"href":"https:\/\/grotta.is\/en\/wp-json\/wp\/v2\/tags?post=2728"}],"curies":[{"name":"wp","href":"https:\/\/api.w.org\/{rel}","templated":true}]}}