{"id":268285,"date":"2021-01-17T18:08:00","date_gmt":"2021-01-17T18:08:00","guid":{"rendered":"https:\/\/grotta.is\/?p=268285"},"modified":"2021-01-17T18:08:43","modified_gmt":"2021-01-17T18:08:43","slug":"arnar-thor-og-kristofer-orri-framlengja-hja-grottu","status":"publish","type":"post","link":"https:\/\/grotta.is\/en\/knattspyrnudeild\/arnar-thor-og-kristofer-orri-framlengja-hja-grottu\/","title":{"rendered":"Arnar \u00deo\u0301r og Kristo\u0301fer Orri framlengja hja\u0301 Gro\u0301ttu"},"content":{"rendered":"<p>\u00deeir Arnar \u00deo\u0301r Helgason og Kristo\u0301fer Orri Pe\u0301tursson hafa framlengt samninga si\u0301na vi\u00f0 knattspyrnudeild Gro\u0301ttu til tveggja a\u0301ra.<\/p><p>Arnar \u00deo\u0301r er 24 a\u0301ra gamall mi\u00f0vo\u0308r\u00f0ur, sem hefur veri\u00f0 lykilma\u00f0ur i\u0301 vo\u0308rn Gro\u0301ttuli\u00f0sins si\u0301\u00f0astli\u00f0in a\u0301r a\u0301samt \u00fevi\u0301 a\u00f0 vera afar o\u0301gnandi i\u0301 vi\u0301tateig andst\u00e6\u00f0inganna. Arnar \u00deo\u0301r a\u0301 a\u00f0 baki 83 leiki fyrir Gro\u0301ttu og hefur skora\u00f0 i\u0301 \u00feeim 9 mo\u0308rk, en hann le\u0301k sinn fyrsta leik fyrir meistaraflokk fe\u0301lagsins a\u0301ri\u00f0 2016.<\/p><p>Kristo\u0301fer Orri er 22 a\u0301ra gamall mi\u00f0juma\u00f0ur, sem a\u0301 a\u00f0 baki 74 leiki fyrir Gro\u0301ttu, en hann le\u0301k sinn fyrsta leik fyrir meistaraflokk fe\u0301lagsins a\u0301ri\u00f0 2017. Kristo\u0301fer hefur skora\u00f0 8 mo\u0308rk fyrir meistaraflokk Gro\u0301ttu og lagt upp fjo\u0308lda marka fyrir fe\u0301laga si\u0301na, sem hefur veri\u00f0 hans a\u00f0alsmerki. Enginn leikma\u00f0ur gaf fleiri sto\u00f0sendingar i\u0301 Pepsi Max deildinni sl. sumar en Kristo\u0301fer Orri en \u00fe\u00e6r voru 7 talsins<\/p><p>Samningarnir vi\u00f0 Arnar \u00deo\u0301r og Kristo\u0301fer Orra eru miki\u00f0 fagna\u00f0arefni fyrir knattspyrnudeild Gro\u0301ttu og alla stu\u00f0ningsmenn fe\u0301lagsins.<\/p><figure class=\"wp-block-image size-large\"><img fetchpriority=\"high\" decoding=\"async\" width=\"683\" height=\"1024\" src=\"https:\/\/grotta.is\/wp-content\/uploads\/2021\/01\/5D4_3528-683x1024.jpg\" alt=\"\" class=\"wp-image-268286\" srcset=\"https:\/\/grotta.is\/wp-content\/uploads\/2021\/01\/5D4_3528-683x1024.jpg 683w, https:\/\/grotta.is\/wp-content\/uploads\/2021\/01\/5D4_3528-200x300.jpg 200w, https:\/\/grotta.is\/wp-content\/uploads\/2021\/01\/5D4_3528-768x1152.jpg 768w, https:\/\/grotta.is\/wp-content\/uploads\/2021\/01\/5D4_3528-8x12.jpg 8w, https:\/\/grotta.is\/wp-content\/uploads\/2021\/01\/5D4_3528-600x900.jpg 600w, https:\/\/grotta.is\/wp-content\/uploads\/2021\/01\/5D4_3528.jpg 855w\" sizes=\"(max-width: 683px) 100vw, 683px\" \/><\/figure><figure class=\"wp-block-image size-large\"><img decoding=\"async\" width=\"684\" height=\"1024\" data-src=\"https:\/\/grotta.is\/wp-content\/uploads\/2021\/01\/GrVal-039-684x1024.jpg\" alt=\"\" class=\"wp-image-268287 lazyload\" data-srcset=\"https:\/\/grotta.is\/wp-content\/uploads\/2021\/01\/GrVal-039-684x1024.jpg 684w, https:\/\/grotta.is\/wp-content\/uploads\/2021\/01\/GrVal-039-200x300.jpg 200w, https:\/\/grotta.is\/wp-content\/uploads\/2021\/01\/GrVal-039-768x1150.jpg 768w, https:\/\/grotta.is\/wp-content\/uploads\/2021\/01\/GrVal-039-8x12.jpg 8w, https:\/\/grotta.is\/wp-content\/uploads\/2021\/01\/GrVal-039-600x899.jpg 600w, https:\/\/grotta.is\/wp-content\/uploads\/2021\/01\/GrVal-039.jpg 932w\" data-sizes=\"(max-width: 684px) 100vw, 684px\" src=\"data:image\/gif;base64,R0lGODlhAQABAAAAACH5BAEKAAEALAAAAAABAAEAAAICTAEAOw==\" style=\"--smush-placeholder-width: 684px; --smush-placeholder-aspect-ratio: 684\/1024;\" \/><\/figure>","protected":false},"excerpt":{"rendered":"<p>\u00deeir Arnar \u00deo\u0301r Helgason og Kristo\u0301fer Orri Pe\u0301tursson hafa framlengt samninga si\u0301na vi\u00f0 knattspyrnudeild Gro\u0301ttu til tveggja a\u0301ra. Arnar \u00deo\u0301r er 24 a\u0301ra gamall mi\u00f0vo\u0308r\u00f0ur, sem hefur veri\u00f0 lykilma\u00f0ur i\u0301 [&hellip;]<\/p>","protected":false},"author":4,"featured_media":268287,"comment_status":"closed","ping_status":"closed","sticky":false,"template":"","format":"standard","meta":{"footnotes":""},"categories":[7],"tags":[],"class_list":["post-268285","post","type-post","status-publish","format-standard","has-post-thumbnail","hentry","category-knattspyrnudeild"],"yoast_head":"<!-- This site is optimized with the Yoast SEO plugin v24.3 - https:\/\/yoast.com\/wordpress\/plugins\/seo\/ -->\n<title>Arnar \u00deo\u0301r og Kristo\u0301fer Orri framlengja hja\u0301 Gro\u0301ttu - \u00cd\u00fer\u00f3ttaf\u00e9lagi\u00f0 Gr\u00f3tta<\/title>\n<meta name=\"robots\" content=\"index, follow, max-snippet:-1, max-image-preview:large, max-video-preview:-1\" \/>\n<link rel=\"canonical\" href=\"https:\/\/grotta.is\/en\/knattspyrnudeild\/arnar-thor-og-kristofer-orri-framlengja-hja-grottu\/\" \/>\n<meta property=\"og:locale\" content=\"en_US\" \/>\n<meta property=\"og:type\" content=\"article\" \/>\n<meta property=\"og:title\" content=\"Arnar \u00deo\u0301r og Kristo\u0301fer Orri framlengja hja\u0301 Gro\u0301ttu - \u00cd\u00fer\u00f3ttaf\u00e9lagi\u00f0 Gr\u00f3tta\" \/>\n<meta property=\"og:description\" content=\"\u00deeir Arnar \u00deo\u0301r Helgason og Kristo\u0301fer Orri Pe\u0301tursson hafa framlengt samninga si\u0301na vi\u00f0 knattspyrnudeild Gro\u0301ttu til tveggja a\u0301ra. Arnar \u00deo\u0301r er 24 a\u0301ra gamall mi\u00f0vo\u0308r\u00f0ur, sem hefur veri\u00f0 lykilma\u00f0ur i\u0301 [&hellip;]\" \/>\n<meta property=\"og:url\" content=\"https:\/\/grotta.is\/en\/knattspyrnudeild\/arnar-thor-og-kristofer-orri-framlengja-hja-grottu\/\" \/>\n<meta property=\"og:site_name\" content=\"\u00cd\u00fer\u00f3ttaf\u00e9lagi\u00f0 Gr\u00f3tta\" \/>\n<meta property=\"article:publisher\" content=\"https:\/\/www.facebook.com\/grottasport\" \/>\n<meta property=\"article:published_time\" content=\"2021-01-17T18:08:00+00:00\" \/>\n<meta property=\"article:modified_time\" content=\"2021-01-17T18:08:43+00:00\" \/>\n<meta property=\"og:image\" content=\"https:\/\/grotta.is\/wp-content\/uploads\/2021\/01\/GrVal-039.jpg\" \/>\n\t<meta property=\"og:image:width\" content=\"932\" \/>\n\t<meta property=\"og:image:height\" content=\"1396\" \/>\n\t<meta property=\"og:image:type\" content=\"image\/jpeg\" \/>\n<meta name=\"author\" content=\"J\u00f3runn M. \u00deorsteinsd\u00f3ttir\" \/>\n<meta name=\"twitter:card\" content=\"summary_large_image\" \/>\n<meta name=\"twitter:label1\" content=\"Written by\" \/>\n\t<meta name=\"twitter:data1\" content=\"J\u00f3runn M. \u00deorsteinsd\u00f3ttir\" \/>\n\t<meta name=\"twitter:label2\" content=\"Est. reading time\" \/>\n\t<meta name=\"twitter:data2\" content=\"1 minute\" \/>\n<script type=\"application\/ld+json\" class=\"yoast-schema-graph\">{\"@context\":\"https:\/\/schema.org\",\"@graph\":[{\"@type\":\"Article\",\"@id\":\"https:\/\/grotta.is\/knattspyrnudeild\/arnar-thor-og-kristofer-orri-framlengja-hja-grottu\/#article\",\"isPartOf\":{\"@id\":\"https:\/\/grotta.is\/knattspyrnudeild\/arnar-thor-og-kristofer-orri-framlengja-hja-grottu\/\"},\"author\":{\"name\":\"J\u00f3runn M. \u00deorsteinsd\u00f3ttir\",\"@id\":\"https:\/\/grotta.is\/#\/schema\/person\/f1fea6a85a554e8069771c3486efbd84\"},\"headline\":\"Arnar \u00deo\u0301r og Kristo\u0301fer Orri framlengja hja\u0301 Gro\u0301ttu\",\"datePublished\":\"2021-01-17T18:08:00+00:00\",\"dateModified\":\"2021-01-17T18:08:43+00:00\",\"mainEntityOfPage\":{\"@id\":\"https:\/\/grotta.is\/knattspyrnudeild\/arnar-thor-og-kristofer-orri-framlengja-hja-grottu\/\"},\"wordCount\":207,\"publisher\":{\"@id\":\"https:\/\/grotta.is\/#organization\"},\"image\":{\"@id\":\"https:\/\/grotta.is\/knattspyrnudeild\/arnar-thor-og-kristofer-orri-framlengja-hja-grottu\/#primaryimage\"},\"thumbnailUrl\":\"https:\/\/grotta.is\/wp-content\/uploads\/2021\/01\/GrVal-039.jpg\",\"articleSection\":[\"Knattspyrnudeild\"],\"inLanguage\":\"en-US\"},{\"@type\":\"WebPage\",\"@id\":\"https:\/\/grotta.is\/knattspyrnudeild\/arnar-thor-og-kristofer-orri-framlengja-hja-grottu\/\",\"url\":\"https:\/\/grotta.is\/knattspyrnudeild\/arnar-thor-og-kristofer-orri-framlengja-hja-grottu\/\",\"name\":\"Arnar \u00deo\u0301r og Kristo\u0301fer Orri framlengja hja\u0301 Gro\u0301ttu - \u00cd\u00fer\u00f3ttaf\u00e9lagi\u00f0 Gr\u00f3tta\",\"isPartOf\":{\"@id\":\"https:\/\/grotta.is\/#website\"},\"primaryImageOfPage\":{\"@id\":\"https:\/\/grotta.is\/knattspyrnudeild\/arnar-thor-og-kristofer-orri-framlengja-hja-grottu\/#primaryimage\"},\"image\":{\"@id\":\"https:\/\/grotta.is\/knattspyrnudeild\/arnar-thor-og-kristofer-orri-framlengja-hja-grottu\/#primaryimage\"},\"thumbnailUrl\":\"https:\/\/grotta.is\/wp-content\/uploads\/2021\/01\/GrVal-039.jpg\",\"datePublished\":\"2021-01-17T18:08:00+00:00\",\"dateModified\":\"2021-01-17T18:08:43+00:00\",\"breadcrumb\":{\"@id\":\"https:\/\/grotta.is\/knattspyrnudeild\/arnar-thor-og-kristofer-orri-framlengja-hja-grottu\/#breadcrumb\"},\"inLanguage\":\"en-US\",\"potentialAction\":[{\"@type\":\"ReadAction\",\"target\":[\"https:\/\/grotta.is\/knattspyrnudeild\/arnar-thor-og-kristofer-orri-framlengja-hja-grottu\/\"]}]},{\"@type\":\"ImageObject\",\"inLanguage\":\"en-US\",\"@id\":\"https:\/\/grotta.is\/knattspyrnudeild\/arnar-thor-og-kristofer-orri-framlengja-hja-grottu\/#primaryimage\",\"url\":\"https:\/\/grotta.is\/wp-content\/uploads\/2021\/01\/GrVal-039.jpg\",\"contentUrl\":\"https:\/\/grotta.is\/wp-content\/uploads\/2021\/01\/GrVal-039.jpg\",\"width\":932,\"height\":1396},{\"@type\":\"BreadcrumbList\",\"@id\":\"https:\/\/grotta.is\/knattspyrnudeild\/arnar-thor-og-kristofer-orri-framlengja-hja-grottu\/#breadcrumb\",\"itemListElement\":[{\"@type\":\"ListItem\",\"position\":1,\"name\":\"Home\",\"item\":\"https:\/\/grotta.is\/\"},{\"@type\":\"ListItem\",\"position\":2,\"name\":\"Arnar \u00deo\u0301r og Kristo\u0301fer Orri framlengja hja\u0301 Gro\u0301ttu\"}]},{\"@type\":\"WebSite\",\"@id\":\"https:\/\/grotta.is\/#website\",\"url\":\"https:\/\/grotta.is\/\",\"name\":\"\u00cd\u00fer\u00f3ttaf\u00e9lagi\u00f0 Gr\u00f3tta\",\"description\":\"\u00e1 Seltjarnarnesi\",\"publisher\":{\"@id\":\"https:\/\/grotta.is\/#organization\"},\"potentialAction\":[{\"@type\":\"SearchAction\",\"target\":{\"@type\":\"EntryPoint\",\"urlTemplate\":\"https:\/\/grotta.is\/?s={search_term_string}\"},\"query-input\":{\"@type\":\"PropertyValueSpecification\",\"valueRequired\":true,\"valueName\":\"search_term_string\"}}],\"inLanguage\":\"en-US\"},{\"@type\":\"Organization\",\"@id\":\"https:\/\/grotta.is\/#organization\",\"name\":\"\u00cd\u00fer\u00f3ttaf\u00e9lagi\u00f0 Gr\u00f3tta\",\"url\":\"https:\/\/grotta.is\/\",\"logo\":{\"@type\":\"ImageObject\",\"inLanguage\":\"en-US\",\"@id\":\"https:\/\/grotta.is\/#\/schema\/logo\/image\/\",\"url\":\"https:\/\/grotta.is\/wp-content\/uploads\/2020\/02\/ithrottafelagidgrotta_logo_512x512_transparent.png\",\"contentUrl\":\"https:\/\/grotta.is\/wp-content\/uploads\/2020\/02\/ithrottafelagidgrotta_logo_512x512_transparent.png\",\"width\":512,\"height\":512,\"caption\":\"\u00cd\u00fer\u00f3ttaf\u00e9lagi\u00f0 Gr\u00f3tta\"},\"image\":{\"@id\":\"https:\/\/grotta.is\/#\/schema\/logo\/image\/\"},\"sameAs\":[\"https:\/\/www.facebook.com\/grottasport\"]},{\"@type\":\"Person\",\"@id\":\"https:\/\/grotta.is\/#\/schema\/person\/f1fea6a85a554e8069771c3486efbd84\",\"name\":\"J\u00f3runn M. \u00deorsteinsd\u00f3ttir\",\"url\":\"https:\/\/grotta.is\/en\/author\/jorunn\/\"}]}<\/script>\n<!-- \/ Yoast SEO plugin. -->","yoast_head_json":{"title":"Arnar \u00deo\u0301r og Kristo\u0301fer Orri framlengja hja\u0301 Gro\u0301ttu - \u00cd\u00fer\u00f3ttaf\u00e9lagi\u00f0 Gr\u00f3tta","robots":{"index":"index","follow":"follow","max-snippet":"max-snippet:-1","max-image-preview":"max-image-preview:large","max-video-preview":"max-video-preview:-1"},"canonical":"https:\/\/grotta.is\/en\/knattspyrnudeild\/arnar-thor-og-kristofer-orri-framlengja-hja-grottu\/","og_locale":"en_US","og_type":"article","og_title":"Arnar \u00deo\u0301r og Kristo\u0301fer Orri framlengja hja\u0301 Gro\u0301ttu - \u00cd\u00fer\u00f3ttaf\u00e9lagi\u00f0 Gr\u00f3tta","og_description":"\u00deeir Arnar \u00deo\u0301r Helgason og Kristo\u0301fer Orri Pe\u0301tursson hafa framlengt samninga si\u0301na vi\u00f0 knattspyrnudeild Gro\u0301ttu til tveggja a\u0301ra. Arnar \u00deo\u0301r er 24 a\u0301ra gamall mi\u00f0vo\u0308r\u00f0ur, sem hefur veri\u00f0 lykilma\u00f0ur i\u0301 [&hellip;]","og_url":"https:\/\/grotta.is\/en\/knattspyrnudeild\/arnar-thor-og-kristofer-orri-framlengja-hja-grottu\/","og_site_name":"\u00cd\u00fer\u00f3ttaf\u00e9lagi\u00f0 Gr\u00f3tta","article_publisher":"https:\/\/www.facebook.com\/grottasport","article_published_time":"2021-01-17T18:08:00+00:00","article_modified_time":"2021-01-17T18:08:43+00:00","og_image":[{"width":932,"height":1396,"url":"https:\/\/grotta.is\/wp-content\/uploads\/2021\/01\/GrVal-039.jpg","type":"image\/jpeg"}],"author":"J\u00f3runn M. \u00deorsteinsd\u00f3ttir","twitter_card":"summary_large_image","twitter_misc":{"Written by":"J\u00f3runn M. \u00deorsteinsd\u00f3ttir","Est. reading time":"1 minute"},"schema":{"@context":"https:\/\/schema.org","@graph":[{"@type":"Article","@id":"https:\/\/grotta.is\/knattspyrnudeild\/arnar-thor-og-kristofer-orri-framlengja-hja-grottu\/#article","isPartOf":{"@id":"https:\/\/grotta.is\/knattspyrnudeild\/arnar-thor-og-kristofer-orri-framlengja-hja-grottu\/"},"author":{"name":"J\u00f3runn M. \u00deorsteinsd\u00f3ttir","@id":"https:\/\/grotta.is\/#\/schema\/person\/f1fea6a85a554e8069771c3486efbd84"},"headline":"Arnar \u00deo\u0301r og Kristo\u0301fer Orri framlengja hja\u0301 Gro\u0301ttu","datePublished":"2021-01-17T18:08:00+00:00","dateModified":"2021-01-17T18:08:43+00:00","mainEntityOfPage":{"@id":"https:\/\/grotta.is\/knattspyrnudeild\/arnar-thor-og-kristofer-orri-framlengja-hja-grottu\/"},"wordCount":207,"publisher":{"@id":"https:\/\/grotta.is\/#organization"},"image":{"@id":"https:\/\/grotta.is\/knattspyrnudeild\/arnar-thor-og-kristofer-orri-framlengja-hja-grottu\/#primaryimage"},"thumbnailUrl":"https:\/\/grotta.is\/wp-content\/uploads\/2021\/01\/GrVal-039.jpg","articleSection":["Knattspyrnudeild"],"inLanguage":"en-US"},{"@type":"WebPage","@id":"https:\/\/grotta.is\/knattspyrnudeild\/arnar-thor-og-kristofer-orri-framlengja-hja-grottu\/","url":"https:\/\/grotta.is\/knattspyrnudeild\/arnar-thor-og-kristofer-orri-framlengja-hja-grottu\/","name":"Arnar \u00deo\u0301r og Kristo\u0301fer Orri framlengja hja\u0301 Gro\u0301ttu - \u00cd\u00fer\u00f3ttaf\u00e9lagi\u00f0 Gr\u00f3tta","isPartOf":{"@id":"https:\/\/grotta.is\/#website"},"primaryImageOfPage":{"@id":"https:\/\/grotta.is\/knattspyrnudeild\/arnar-thor-og-kristofer-orri-framlengja-hja-grottu\/#primaryimage"},"image":{"@id":"https:\/\/grotta.is\/knattspyrnudeild\/arnar-thor-og-kristofer-orri-framlengja-hja-grottu\/#primaryimage"},"thumbnailUrl":"https:\/\/grotta.is\/wp-content\/uploads\/2021\/01\/GrVal-039.jpg","datePublished":"2021-01-17T18:08:00+00:00","dateModified":"2021-01-17T18:08:43+00:00","breadcrumb":{"@id":"https:\/\/grotta.is\/knattspyrnudeild\/arnar-thor-og-kristofer-orri-framlengja-hja-grottu\/#breadcrumb"},"inLanguage":"en-US","potentialAction":[{"@type":"ReadAction","target":["https:\/\/grotta.is\/knattspyrnudeild\/arnar-thor-og-kristofer-orri-framlengja-hja-grottu\/"]}]},{"@type":"ImageObject","inLanguage":"en-US","@id":"https:\/\/grotta.is\/knattspyrnudeild\/arnar-thor-og-kristofer-orri-framlengja-hja-grottu\/#primaryimage","url":"https:\/\/grotta.is\/wp-content\/uploads\/2021\/01\/GrVal-039.jpg","contentUrl":"https:\/\/grotta.is\/wp-content\/uploads\/2021\/01\/GrVal-039.jpg","width":932,"height":1396},{"@type":"BreadcrumbList","@id":"https:\/\/grotta.is\/knattspyrnudeild\/arnar-thor-og-kristofer-orri-framlengja-hja-grottu\/#breadcrumb","itemListElement":[{"@type":"ListItem","position":1,"name":"Home","item":"https:\/\/grotta.is\/"},{"@type":"ListItem","position":2,"name":"Arnar \u00deo\u0301r og Kristo\u0301fer Orri framlengja hja\u0301 Gro\u0301ttu"}]},{"@type":"WebSite","@id":"https:\/\/grotta.is\/#website","url":"https:\/\/grotta.is\/","name":"\u00cd\u00fer\u00f3ttaf\u00e9lagi\u00f0 Gr\u00f3tta","description":"\u00e1 Seltjarnarnesi","publisher":{"@id":"https:\/\/grotta.is\/#organization"},"potentialAction":[{"@type":"SearchAction","target":{"@type":"EntryPoint","urlTemplate":"https:\/\/grotta.is\/?s={search_term_string}"},"query-input":{"@type":"PropertyValueSpecification","valueRequired":true,"valueName":"search_term_string"}}],"inLanguage":"en-US"},{"@type":"Organization","@id":"https:\/\/grotta.is\/#organization","name":"\u00cd\u00fer\u00f3ttaf\u00e9lagi\u00f0 Gr\u00f3tta","url":"https:\/\/grotta.is\/","logo":{"@type":"ImageObject","inLanguage":"en-US","@id":"https:\/\/grotta.is\/#\/schema\/logo\/image\/","url":"https:\/\/grotta.is\/wp-content\/uploads\/2020\/02\/ithrottafelagidgrotta_logo_512x512_transparent.png","contentUrl":"https:\/\/grotta.is\/wp-content\/uploads\/2020\/02\/ithrottafelagidgrotta_logo_512x512_transparent.png","width":512,"height":512,"caption":"\u00cd\u00fer\u00f3ttaf\u00e9lagi\u00f0 Gr\u00f3tta"},"image":{"@id":"https:\/\/grotta.is\/#\/schema\/logo\/image\/"},"sameAs":["https:\/\/www.facebook.com\/grottasport"]},{"@type":"Person","@id":"https:\/\/grotta.is\/#\/schema\/person\/f1fea6a85a554e8069771c3486efbd84","name":"J\u00f3runn M. \u00deorsteinsd\u00f3ttir","url":"https:\/\/grotta.is\/en\/author\/jorunn\/"}]}},"_links":{"self":[{"href":"https:\/\/grotta.is\/en\/wp-json\/wp\/v2\/posts\/268285","targetHints":{"allow":["GET"]}}],"collection":[{"href":"https:\/\/grotta.is\/en\/wp-json\/wp\/v2\/posts"}],"about":[{"href":"https:\/\/grotta.is\/en\/wp-json\/wp\/v2\/types\/post"}],"author":[{"embeddable":true,"href":"https:\/\/grotta.is\/en\/wp-json\/wp\/v2\/users\/4"}],"replies":[{"embeddable":true,"href":"https:\/\/grotta.is\/en\/wp-json\/wp\/v2\/comments?post=268285"}],"version-history":[{"count":2,"href":"https:\/\/grotta.is\/en\/wp-json\/wp\/v2\/posts\/268285\/revisions"}],"predecessor-version":[{"id":268290,"href":"https:\/\/grotta.is\/en\/wp-json\/wp\/v2\/posts\/268285\/revisions\/268290"}],"wp:featuredmedia":[{"embeddable":true,"href":"https:\/\/grotta.is\/en\/wp-json\/wp\/v2\/media\/268287"}],"wp:attachment":[{"href":"https:\/\/grotta.is\/en\/wp-json\/wp\/v2\/media?parent=268285"}],"wp:term":[{"taxonomy":"category","embeddable":true,"href":"https:\/\/grotta.is\/en\/wp-json\/wp\/v2\/categories?post=268285"},{"taxonomy":"post_tag","embeddable":true,"href":"https:\/\/grotta.is\/en\/wp-json\/wp\/v2\/tags?post=268285"}],"curies":[{"name":"wp","href":"https:\/\/api.w.org\/{rel}","templated":true}]}}