{"id":266623,"date":"2021-01-16T10:35:43","date_gmt":"2021-01-16T10:35:43","guid":{"rendered":"https:\/\/grotta.is\/?p=266623"},"modified":"2021-01-16T10:36:50","modified_gmt":"2021-01-16T10:36:50","slug":"rakel-loa-valin-i-hop-u17-ara-landslidsins","status":"publish","type":"post","link":"https:\/\/grotta.is\/en\/knattspyrnudeild\/rakel-loa-valin-i-hop-u17-ara-landslidsins\/","title":{"rendered":"Rakel L\u00f3a valin \u00ed h\u00f3p U17 \u00e1ra landsli\u00f0sins"},"content":{"rendered":"<p>Rakel L\u00f3a Brynjarsd\u00f3ttir hefur veri\u00f0 valin \u00ed h\u00f3p U17 \u00e1ra landsli\u00f0s kvenna fyrir \u00fartaks\u00e6fingar 25.-27. jan\u00faar. Hin 16 \u00e1ra Rakel \u00e1 a\u00f0 baki 27 leiki me\u00f0 meistaraflokki Gr\u00f3ttu og hefur skora\u00f0 \u00ed \u00feeim tv\u00f6 m\u00f6rk. Knattspyrnudeild Gr\u00f3ttu \u00f3skar Rakel til hamingju me\u00f0 vali\u00f0 og g\u00f3\u00f0s gengis \u00e1 \u00e6fingunum ??<\/p><figure class=\"wp-block-image size-large\"><img fetchpriority=\"high\" decoding=\"async\" width=\"810\" height=\"1024\" src=\"https:\/\/grotta.is\/wp-content\/uploads\/2021\/01\/rakel-lo\u0301a-810x1024.jpg\" alt=\"\" class=\"wp-image-266624\" srcset=\"https:\/\/grotta.is\/wp-content\/uploads\/2021\/01\/rakel-lo\u0301a-810x1024.jpg 810w, https:\/\/grotta.is\/wp-content\/uploads\/2021\/01\/rakel-lo\u0301a-237x300.jpg 237w, https:\/\/grotta.is\/wp-content\/uploads\/2021\/01\/rakel-lo\u0301a-768x971.jpg 768w, https:\/\/grotta.is\/wp-content\/uploads\/2021\/01\/rakel-lo\u0301a-9x12.jpg 9w, https:\/\/grotta.is\/wp-content\/uploads\/2021\/01\/rakel-lo\u0301a-600x759.jpg 600w, https:\/\/grotta.is\/wp-content\/uploads\/2021\/01\/rakel-lo\u0301a.jpg 1014w\" sizes=\"(max-width: 810px) 100vw, 810px\" \/><\/figure>","protected":false},"excerpt":{"rendered":"<p>Rakel L\u00f3a Brynjarsd\u00f3ttir hefur veri\u00f0 valin \u00ed h\u00f3p U17 \u00e1ra landsli\u00f0s kvenna fyrir \u00fartaks\u00e6fingar 25.-27. jan\u00faar. Hin 16 \u00e1ra Rakel \u00e1 a\u00f0 baki 27 leiki me\u00f0 meistaraflokki Gr\u00f3ttu og hefur [&hellip;]<\/p>","protected":false},"author":4,"featured_media":266624,"comment_status":"closed","ping_status":"closed","sticky":false,"template":"","format":"standard","meta":{"footnotes":""},"categories":[7],"tags":[],"class_list":["post-266623","post","type-post","status-publish","format-standard","has-post-thumbnail","hentry","category-knattspyrnudeild"],"yoast_head":"<!-- This site is optimized with the Yoast SEO plugin v24.3 - https:\/\/yoast.com\/wordpress\/plugins\/seo\/ -->\n<title>Rakel L\u00f3a valin \u00ed h\u00f3p U17 \u00e1ra landsli\u00f0sins - \u00cd\u00fer\u00f3ttaf\u00e9lagi\u00f0 Gr\u00f3tta<\/title>\n<meta name=\"robots\" content=\"index, follow, max-snippet:-1, max-image-preview:large, max-video-preview:-1\" \/>\n<link rel=\"canonical\" href=\"https:\/\/grotta.is\/en\/knattspyrnudeild\/rakel-loa-valin-i-hop-u17-ara-landslidsins\/\" \/>\n<meta property=\"og:locale\" content=\"en_US\" \/>\n<meta property=\"og:type\" content=\"article\" \/>\n<meta property=\"og:title\" content=\"Rakel L\u00f3a valin \u00ed h\u00f3p U17 \u00e1ra landsli\u00f0sins - \u00cd\u00fer\u00f3ttaf\u00e9lagi\u00f0 Gr\u00f3tta\" \/>\n<meta property=\"og:description\" content=\"Rakel L\u00f3a Brynjarsd\u00f3ttir hefur veri\u00f0 valin \u00ed h\u00f3p U17 \u00e1ra landsli\u00f0s kvenna fyrir \u00fartaks\u00e6fingar 25.-27. jan\u00faar. Hin 16 \u00e1ra Rakel \u00e1 a\u00f0 baki 27 leiki me\u00f0 meistaraflokki Gr\u00f3ttu og hefur [&hellip;]\" \/>\n<meta property=\"og:url\" content=\"https:\/\/grotta.is\/en\/knattspyrnudeild\/rakel-loa-valin-i-hop-u17-ara-landslidsins\/\" \/>\n<meta property=\"og:site_name\" content=\"\u00cd\u00fer\u00f3ttaf\u00e9lagi\u00f0 Gr\u00f3tta\" \/>\n<meta property=\"article:publisher\" content=\"https:\/\/www.facebook.com\/grottasport\" \/>\n<meta property=\"article:published_time\" content=\"2021-01-16T10:35:43+00:00\" \/>\n<meta property=\"article:modified_time\" content=\"2021-01-16T10:36:50+00:00\" \/>\n<meta property=\"og:image\" content=\"https:\/\/grotta.is\/wp-content\/uploads\/2021\/01\/rakel-lo\u0301a.jpg\" \/>\n\t<meta property=\"og:image:width\" content=\"1014\" \/>\n\t<meta property=\"og:image:height\" content=\"1282\" \/>\n\t<meta property=\"og:image:type\" content=\"image\/jpeg\" \/>\n<meta name=\"author\" content=\"J\u00f3runn M. \u00deorsteinsd\u00f3ttir\" \/>\n<meta name=\"twitter:card\" content=\"summary_large_image\" \/>\n<meta name=\"twitter:label1\" content=\"Written by\" \/>\n\t<meta name=\"twitter:data1\" content=\"J\u00f3runn M. \u00deorsteinsd\u00f3ttir\" \/>\n<script type=\"application\/ld+json\" class=\"yoast-schema-graph\">{\"@context\":\"https:\/\/schema.org\",\"@graph\":[{\"@type\":\"Article\",\"@id\":\"https:\/\/grotta.is\/knattspyrnudeild\/rakel-loa-valin-i-hop-u17-ara-landslidsins\/#article\",\"isPartOf\":{\"@id\":\"https:\/\/grotta.is\/knattspyrnudeild\/rakel-loa-valin-i-hop-u17-ara-landslidsins\/\"},\"author\":{\"name\":\"J\u00f3runn M. \u00deorsteinsd\u00f3ttir\",\"@id\":\"https:\/\/grotta.is\/#\/schema\/person\/f1fea6a85a554e8069771c3486efbd84\"},\"headline\":\"Rakel L\u00f3a valin \u00ed h\u00f3p U17 \u00e1ra landsli\u00f0sins\",\"datePublished\":\"2021-01-16T10:35:43+00:00\",\"dateModified\":\"2021-01-16T10:36:50+00:00\",\"mainEntityOfPage\":{\"@id\":\"https:\/\/grotta.is\/knattspyrnudeild\/rakel-loa-valin-i-hop-u17-ara-landslidsins\/\"},\"wordCount\":62,\"publisher\":{\"@id\":\"https:\/\/grotta.is\/#organization\"},\"image\":{\"@id\":\"https:\/\/grotta.is\/knattspyrnudeild\/rakel-loa-valin-i-hop-u17-ara-landslidsins\/#primaryimage\"},\"thumbnailUrl\":\"https:\/\/grotta.is\/wp-content\/uploads\/2021\/01\/rakel-lo\u0301a.jpg\",\"articleSection\":[\"Knattspyrnudeild\"],\"inLanguage\":\"en-US\"},{\"@type\":\"WebPage\",\"@id\":\"https:\/\/grotta.is\/knattspyrnudeild\/rakel-loa-valin-i-hop-u17-ara-landslidsins\/\",\"url\":\"https:\/\/grotta.is\/knattspyrnudeild\/rakel-loa-valin-i-hop-u17-ara-landslidsins\/\",\"name\":\"Rakel L\u00f3a valin \u00ed h\u00f3p U17 \u00e1ra landsli\u00f0sins - \u00cd\u00fer\u00f3ttaf\u00e9lagi\u00f0 Gr\u00f3tta\",\"isPartOf\":{\"@id\":\"https:\/\/grotta.is\/#website\"},\"primaryImageOfPage\":{\"@id\":\"https:\/\/grotta.is\/knattspyrnudeild\/rakel-loa-valin-i-hop-u17-ara-landslidsins\/#primaryimage\"},\"image\":{\"@id\":\"https:\/\/grotta.is\/knattspyrnudeild\/rakel-loa-valin-i-hop-u17-ara-landslidsins\/#primaryimage\"},\"thumbnailUrl\":\"https:\/\/grotta.is\/wp-content\/uploads\/2021\/01\/rakel-lo\u0301a.jpg\",\"datePublished\":\"2021-01-16T10:35:43+00:00\",\"dateModified\":\"2021-01-16T10:36:50+00:00\",\"breadcrumb\":{\"@id\":\"https:\/\/grotta.is\/knattspyrnudeild\/rakel-loa-valin-i-hop-u17-ara-landslidsins\/#breadcrumb\"},\"inLanguage\":\"en-US\",\"potentialAction\":[{\"@type\":\"ReadAction\",\"target\":[\"https:\/\/grotta.is\/knattspyrnudeild\/rakel-loa-valin-i-hop-u17-ara-landslidsins\/\"]}]},{\"@type\":\"ImageObject\",\"inLanguage\":\"en-US\",\"@id\":\"https:\/\/grotta.is\/knattspyrnudeild\/rakel-loa-valin-i-hop-u17-ara-landslidsins\/#primaryimage\",\"url\":\"https:\/\/grotta.is\/wp-content\/uploads\/2021\/01\/rakel-lo\u0301a.jpg\",\"contentUrl\":\"https:\/\/grotta.is\/wp-content\/uploads\/2021\/01\/rakel-lo\u0301a.jpg\",\"width\":1014,\"height\":1282},{\"@type\":\"BreadcrumbList\",\"@id\":\"https:\/\/grotta.is\/knattspyrnudeild\/rakel-loa-valin-i-hop-u17-ara-landslidsins\/#breadcrumb\",\"itemListElement\":[{\"@type\":\"ListItem\",\"position\":1,\"name\":\"Home\",\"item\":\"https:\/\/grotta.is\/\"},{\"@type\":\"ListItem\",\"position\":2,\"name\":\"Rakel L\u00f3a valin \u00ed h\u00f3p U17 \u00e1ra landsli\u00f0sins\"}]},{\"@type\":\"WebSite\",\"@id\":\"https:\/\/grotta.is\/#website\",\"url\":\"https:\/\/grotta.is\/\",\"name\":\"\u00cd\u00fer\u00f3ttaf\u00e9lagi\u00f0 Gr\u00f3tta\",\"description\":\"\u00e1 Seltjarnarnesi\",\"publisher\":{\"@id\":\"https:\/\/grotta.is\/#organization\"},\"potentialAction\":[{\"@type\":\"SearchAction\",\"target\":{\"@type\":\"EntryPoint\",\"urlTemplate\":\"https:\/\/grotta.is\/?s={search_term_string}\"},\"query-input\":{\"@type\":\"PropertyValueSpecification\",\"valueRequired\":true,\"valueName\":\"search_term_string\"}}],\"inLanguage\":\"en-US\"},{\"@type\":\"Organization\",\"@id\":\"https:\/\/grotta.is\/#organization\",\"name\":\"\u00cd\u00fer\u00f3ttaf\u00e9lagi\u00f0 Gr\u00f3tta\",\"url\":\"https:\/\/grotta.is\/\",\"logo\":{\"@type\":\"ImageObject\",\"inLanguage\":\"en-US\",\"@id\":\"https:\/\/grotta.is\/#\/schema\/logo\/image\/\",\"url\":\"https:\/\/grotta.is\/wp-content\/uploads\/2020\/02\/ithrottafelagidgrotta_logo_512x512_transparent.png\",\"contentUrl\":\"https:\/\/grotta.is\/wp-content\/uploads\/2020\/02\/ithrottafelagidgrotta_logo_512x512_transparent.png\",\"width\":512,\"height\":512,\"caption\":\"\u00cd\u00fer\u00f3ttaf\u00e9lagi\u00f0 Gr\u00f3tta\"},\"image\":{\"@id\":\"https:\/\/grotta.is\/#\/schema\/logo\/image\/\"},\"sameAs\":[\"https:\/\/www.facebook.com\/grottasport\"]},{\"@type\":\"Person\",\"@id\":\"https:\/\/grotta.is\/#\/schema\/person\/f1fea6a85a554e8069771c3486efbd84\",\"name\":\"J\u00f3runn M. \u00deorsteinsd\u00f3ttir\",\"url\":\"https:\/\/grotta.is\/en\/author\/jorunn\/\"}]}<\/script>\n<!-- \/ Yoast SEO plugin. -->","yoast_head_json":{"title":"Rakel L\u00f3a valin \u00ed h\u00f3p U17 \u00e1ra landsli\u00f0sins - \u00cd\u00fer\u00f3ttaf\u00e9lagi\u00f0 Gr\u00f3tta","robots":{"index":"index","follow":"follow","max-snippet":"max-snippet:-1","max-image-preview":"max-image-preview:large","max-video-preview":"max-video-preview:-1"},"canonical":"https:\/\/grotta.is\/en\/knattspyrnudeild\/rakel-loa-valin-i-hop-u17-ara-landslidsins\/","og_locale":"en_US","og_type":"article","og_title":"Rakel L\u00f3a valin \u00ed h\u00f3p U17 \u00e1ra landsli\u00f0sins - \u00cd\u00fer\u00f3ttaf\u00e9lagi\u00f0 Gr\u00f3tta","og_description":"Rakel L\u00f3a Brynjarsd\u00f3ttir hefur veri\u00f0 valin \u00ed h\u00f3p U17 \u00e1ra landsli\u00f0s kvenna fyrir \u00fartaks\u00e6fingar 25.-27. jan\u00faar. Hin 16 \u00e1ra Rakel \u00e1 a\u00f0 baki 27 leiki me\u00f0 meistaraflokki Gr\u00f3ttu og hefur [&hellip;]","og_url":"https:\/\/grotta.is\/en\/knattspyrnudeild\/rakel-loa-valin-i-hop-u17-ara-landslidsins\/","og_site_name":"\u00cd\u00fer\u00f3ttaf\u00e9lagi\u00f0 Gr\u00f3tta","article_publisher":"https:\/\/www.facebook.com\/grottasport","article_published_time":"2021-01-16T10:35:43+00:00","article_modified_time":"2021-01-16T10:36:50+00:00","og_image":[{"width":1014,"height":1282,"url":"https:\/\/grotta.is\/wp-content\/uploads\/2021\/01\/rakel-lo\u0301a.jpg","type":"image\/jpeg"}],"author":"J\u00f3runn M. \u00deorsteinsd\u00f3ttir","twitter_card":"summary_large_image","twitter_misc":{"Written by":"J\u00f3runn M. \u00deorsteinsd\u00f3ttir"},"schema":{"@context":"https:\/\/schema.org","@graph":[{"@type":"Article","@id":"https:\/\/grotta.is\/knattspyrnudeild\/rakel-loa-valin-i-hop-u17-ara-landslidsins\/#article","isPartOf":{"@id":"https:\/\/grotta.is\/knattspyrnudeild\/rakel-loa-valin-i-hop-u17-ara-landslidsins\/"},"author":{"name":"J\u00f3runn M. \u00deorsteinsd\u00f3ttir","@id":"https:\/\/grotta.is\/#\/schema\/person\/f1fea6a85a554e8069771c3486efbd84"},"headline":"Rakel L\u00f3a valin \u00ed h\u00f3p U17 \u00e1ra landsli\u00f0sins","datePublished":"2021-01-16T10:35:43+00:00","dateModified":"2021-01-16T10:36:50+00:00","mainEntityOfPage":{"@id":"https:\/\/grotta.is\/knattspyrnudeild\/rakel-loa-valin-i-hop-u17-ara-landslidsins\/"},"wordCount":62,"publisher":{"@id":"https:\/\/grotta.is\/#organization"},"image":{"@id":"https:\/\/grotta.is\/knattspyrnudeild\/rakel-loa-valin-i-hop-u17-ara-landslidsins\/#primaryimage"},"thumbnailUrl":"https:\/\/grotta.is\/wp-content\/uploads\/2021\/01\/rakel-lo\u0301a.jpg","articleSection":["Knattspyrnudeild"],"inLanguage":"en-US"},{"@type":"WebPage","@id":"https:\/\/grotta.is\/knattspyrnudeild\/rakel-loa-valin-i-hop-u17-ara-landslidsins\/","url":"https:\/\/grotta.is\/knattspyrnudeild\/rakel-loa-valin-i-hop-u17-ara-landslidsins\/","name":"Rakel L\u00f3a valin \u00ed h\u00f3p U17 \u00e1ra landsli\u00f0sins - \u00cd\u00fer\u00f3ttaf\u00e9lagi\u00f0 Gr\u00f3tta","isPartOf":{"@id":"https:\/\/grotta.is\/#website"},"primaryImageOfPage":{"@id":"https:\/\/grotta.is\/knattspyrnudeild\/rakel-loa-valin-i-hop-u17-ara-landslidsins\/#primaryimage"},"image":{"@id":"https:\/\/grotta.is\/knattspyrnudeild\/rakel-loa-valin-i-hop-u17-ara-landslidsins\/#primaryimage"},"thumbnailUrl":"https:\/\/grotta.is\/wp-content\/uploads\/2021\/01\/rakel-lo\u0301a.jpg","datePublished":"2021-01-16T10:35:43+00:00","dateModified":"2021-01-16T10:36:50+00:00","breadcrumb":{"@id":"https:\/\/grotta.is\/knattspyrnudeild\/rakel-loa-valin-i-hop-u17-ara-landslidsins\/#breadcrumb"},"inLanguage":"en-US","potentialAction":[{"@type":"ReadAction","target":["https:\/\/grotta.is\/knattspyrnudeild\/rakel-loa-valin-i-hop-u17-ara-landslidsins\/"]}]},{"@type":"ImageObject","inLanguage":"en-US","@id":"https:\/\/grotta.is\/knattspyrnudeild\/rakel-loa-valin-i-hop-u17-ara-landslidsins\/#primaryimage","url":"https:\/\/grotta.is\/wp-content\/uploads\/2021\/01\/rakel-lo\u0301a.jpg","contentUrl":"https:\/\/grotta.is\/wp-content\/uploads\/2021\/01\/rakel-lo\u0301a.jpg","width":1014,"height":1282},{"@type":"BreadcrumbList","@id":"https:\/\/grotta.is\/knattspyrnudeild\/rakel-loa-valin-i-hop-u17-ara-landslidsins\/#breadcrumb","itemListElement":[{"@type":"ListItem","position":1,"name":"Home","item":"https:\/\/grotta.is\/"},{"@type":"ListItem","position":2,"name":"Rakel L\u00f3a valin \u00ed h\u00f3p U17 \u00e1ra landsli\u00f0sins"}]},{"@type":"WebSite","@id":"https:\/\/grotta.is\/#website","url":"https:\/\/grotta.is\/","name":"\u00cd\u00fer\u00f3ttaf\u00e9lagi\u00f0 Gr\u00f3tta","description":"\u00e1 Seltjarnarnesi","publisher":{"@id":"https:\/\/grotta.is\/#organization"},"potentialAction":[{"@type":"SearchAction","target":{"@type":"EntryPoint","urlTemplate":"https:\/\/grotta.is\/?s={search_term_string}"},"query-input":{"@type":"PropertyValueSpecification","valueRequired":true,"valueName":"search_term_string"}}],"inLanguage":"en-US"},{"@type":"Organization","@id":"https:\/\/grotta.is\/#organization","name":"\u00cd\u00fer\u00f3ttaf\u00e9lagi\u00f0 Gr\u00f3tta","url":"https:\/\/grotta.is\/","logo":{"@type":"ImageObject","inLanguage":"en-US","@id":"https:\/\/grotta.is\/#\/schema\/logo\/image\/","url":"https:\/\/grotta.is\/wp-content\/uploads\/2020\/02\/ithrottafelagidgrotta_logo_512x512_transparent.png","contentUrl":"https:\/\/grotta.is\/wp-content\/uploads\/2020\/02\/ithrottafelagidgrotta_logo_512x512_transparent.png","width":512,"height":512,"caption":"\u00cd\u00fer\u00f3ttaf\u00e9lagi\u00f0 Gr\u00f3tta"},"image":{"@id":"https:\/\/grotta.is\/#\/schema\/logo\/image\/"},"sameAs":["https:\/\/www.facebook.com\/grottasport"]},{"@type":"Person","@id":"https:\/\/grotta.is\/#\/schema\/person\/f1fea6a85a554e8069771c3486efbd84","name":"J\u00f3runn M. \u00deorsteinsd\u00f3ttir","url":"https:\/\/grotta.is\/en\/author\/jorunn\/"}]}},"_links":{"self":[{"href":"https:\/\/grotta.is\/en\/wp-json\/wp\/v2\/posts\/266623","targetHints":{"allow":["GET"]}}],"collection":[{"href":"https:\/\/grotta.is\/en\/wp-json\/wp\/v2\/posts"}],"about":[{"href":"https:\/\/grotta.is\/en\/wp-json\/wp\/v2\/types\/post"}],"author":[{"embeddable":true,"href":"https:\/\/grotta.is\/en\/wp-json\/wp\/v2\/users\/4"}],"replies":[{"embeddable":true,"href":"https:\/\/grotta.is\/en\/wp-json\/wp\/v2\/comments?post=266623"}],"version-history":[{"count":3,"href":"https:\/\/grotta.is\/en\/wp-json\/wp\/v2\/posts\/266623\/revisions"}],"predecessor-version":[{"id":266632,"href":"https:\/\/grotta.is\/en\/wp-json\/wp\/v2\/posts\/266623\/revisions\/266632"}],"wp:featuredmedia":[{"embeddable":true,"href":"https:\/\/grotta.is\/en\/wp-json\/wp\/v2\/media\/266624"}],"wp:attachment":[{"href":"https:\/\/grotta.is\/en\/wp-json\/wp\/v2\/media?parent=266623"}],"wp:term":[{"taxonomy":"category","embeddable":true,"href":"https:\/\/grotta.is\/en\/wp-json\/wp\/v2\/categories?post=266623"},{"taxonomy":"post_tag","embeddable":true,"href":"https:\/\/grotta.is\/en\/wp-json\/wp\/v2\/tags?post=266623"}],"curies":[{"name":"wp","href":"https:\/\/api.w.org\/{rel}","templated":true}]}}