{"id":264,"date":"2020-02-12T20:07:14","date_gmt":"2020-02-12T20:07:14","guid":{"rendered":"https:\/\/grotta.is\/?p=264"},"modified":"2020-02-16T20:09:13","modified_gmt":"2020-02-16T20:09:13","slug":"tinna-bra-til-irlands-med-u17-ara-landslidinu","status":"publish","type":"post","link":"https:\/\/grotta.is\/en\/knattspyrnudeild\/tinna-bra-til-irlands-med-u17-ara-landslidinu\/","title":{"rendered":"Tinna Br\u00e1 til \u00cdrlands me\u00f0 U17 \u00e1ra landsli\u00f0inu"},"content":{"rendered":"<p>Efnilegi markma\u00f0urinn Tinna Br\u00e1 leggur land undir f\u00f3t me\u00f0 U17 \u00e1ra landsli\u00f0inu \u00e1 morgun en fer\u00f0inni er heiti\u00f0 til \u00cdrlands ?? U17 \u00e1ra landsli\u00f0 kvenna spilar tvo vin\u00e1ttuleiki vi\u00f0 \u00cdrland, \u00e1 f\u00f6studag og sunnudag. <\/p><p>Knattspyrnudeild Gr\u00f3ttu \u00f3skar Tinnu Br\u00e1 til hamingju me\u00f0 landsli\u00f0svali\u00f0 og g\u00f3\u00f0s gengis \u00ed leikjunum! ??<\/p>","protected":false},"excerpt":{"rendered":"<p>Efnilegi markma\u00f0urinn Tinna Br\u00e1 leggur land undir f\u00f3t me\u00f0 U17 \u00e1ra landsli\u00f0inu \u00e1 morgun en fer\u00f0inni er heiti\u00f0 til \u00cdrlands ?? U17 \u00e1ra landsli\u00f0 kvenna spilar tvo vin\u00e1ttuleiki vi\u00f0 \u00cdrland, [&hellip;]<\/p>","protected":false},"author":2,"featured_media":265,"comment_status":"closed","ping_status":"closed","sticky":false,"template":"","format":"standard","meta":{"footnotes":""},"categories":[7],"tags":[6,22,17,18],"class_list":["post-264","post","type-post","status-publish","format-standard","has-post-thumbnail","hentry","category-knattspyrnudeild","tag-knattspyrna","tag-landslid","tag-leikmenn","tag-mfl-kvk"],"yoast_head":"<!-- This site is optimized with the Yoast SEO plugin v24.3 - https:\/\/yoast.com\/wordpress\/plugins\/seo\/ -->\n<title>Tinna Br\u00e1 til \u00cdrlands me\u00f0 U17 \u00e1ra landsli\u00f0inu - \u00cd\u00fer\u00f3ttaf\u00e9lagi\u00f0 Gr\u00f3tta<\/title>\n<meta name=\"robots\" content=\"index, follow, max-snippet:-1, max-image-preview:large, max-video-preview:-1\" \/>\n<link rel=\"canonical\" href=\"https:\/\/grotta.is\/en\/knattspyrnudeild\/tinna-bra-til-irlands-med-u17-ara-landslidinu\/\" \/>\n<meta property=\"og:locale\" content=\"en_US\" \/>\n<meta property=\"og:type\" content=\"article\" \/>\n<meta property=\"og:title\" content=\"Tinna Br\u00e1 til \u00cdrlands me\u00f0 U17 \u00e1ra landsli\u00f0inu - \u00cd\u00fer\u00f3ttaf\u00e9lagi\u00f0 Gr\u00f3tta\" \/>\n<meta property=\"og:description\" content=\"Efnilegi markma\u00f0urinn Tinna Br\u00e1 leggur land undir f\u00f3t me\u00f0 U17 \u00e1ra landsli\u00f0inu \u00e1 morgun en fer\u00f0inni er heiti\u00f0 til \u00cdrlands ?? U17 \u00e1ra landsli\u00f0 kvenna spilar tvo vin\u00e1ttuleiki vi\u00f0 \u00cdrland, [&hellip;]\" \/>\n<meta property=\"og:url\" content=\"https:\/\/grotta.is\/en\/knattspyrnudeild\/tinna-bra-til-irlands-med-u17-ara-landslidinu\/\" \/>\n<meta property=\"og:site_name\" content=\"\u00cd\u00fer\u00f3ttaf\u00e9lagi\u00f0 Gr\u00f3tta\" \/>\n<meta property=\"article:publisher\" content=\"https:\/\/www.facebook.com\/grottasport\" \/>\n<meta property=\"article:published_time\" content=\"2020-02-12T20:07:14+00:00\" \/>\n<meta property=\"article:modified_time\" content=\"2020-02-16T20:09:13+00:00\" \/>\n<meta property=\"og:image\" content=\"https:\/\/grotta.is\/wp-content\/uploads\/2020\/02\/Knattspyrnudeild_grotta_Frettir_leikmenn_10.jpg\" \/>\n\t<meta property=\"og:image:width\" content=\"1066\" \/>\n\t<meta property=\"og:image:height\" content=\"1418\" \/>\n\t<meta property=\"og:image:type\" content=\"image\/jpeg\" \/>\n<meta name=\"author\" content=\"Grotta\" \/>\n<meta name=\"twitter:card\" content=\"summary_large_image\" \/>\n<meta name=\"twitter:label1\" content=\"Written by\" \/>\n\t<meta name=\"twitter:data1\" content=\"Grotta\" \/>\n<script type=\"application\/ld+json\" class=\"yoast-schema-graph\">{\"@context\":\"https:\/\/schema.org\",\"@graph\":[{\"@type\":\"Article\",\"@id\":\"https:\/\/grotta.is\/knattspyrnudeild\/tinna-bra-til-irlands-med-u17-ara-landslidinu\/#article\",\"isPartOf\":{\"@id\":\"https:\/\/grotta.is\/knattspyrnudeild\/tinna-bra-til-irlands-med-u17-ara-landslidinu\/\"},\"author\":{\"name\":\"Grotta\",\"@id\":\"https:\/\/grotta.is\/#\/schema\/person\/08ec57bf09ee925f1b6a01540c14a5ce\"},\"headline\":\"Tinna Br\u00e1 til \u00cdrlands me\u00f0 U17 \u00e1ra landsli\u00f0inu\",\"datePublished\":\"2020-02-12T20:07:14+00:00\",\"dateModified\":\"2020-02-16T20:09:13+00:00\",\"mainEntityOfPage\":{\"@id\":\"https:\/\/grotta.is\/knattspyrnudeild\/tinna-bra-til-irlands-med-u17-ara-landslidinu\/\"},\"wordCount\":62,\"publisher\":{\"@id\":\"https:\/\/grotta.is\/#organization\"},\"image\":{\"@id\":\"https:\/\/grotta.is\/knattspyrnudeild\/tinna-bra-til-irlands-med-u17-ara-landslidinu\/#primaryimage\"},\"thumbnailUrl\":\"https:\/\/grotta.is\/wp-content\/uploads\/2020\/02\/Knattspyrnudeild_grotta_Frettir_leikmenn_10.jpg\",\"keywords\":[\"Knattspyrna\",\"Landsli\u00f0\",\"Leikmenn\",\"Mfl.kvk\"],\"articleSection\":[\"Knattspyrnudeild\"],\"inLanguage\":\"en-US\"},{\"@type\":\"WebPage\",\"@id\":\"https:\/\/grotta.is\/knattspyrnudeild\/tinna-bra-til-irlands-med-u17-ara-landslidinu\/\",\"url\":\"https:\/\/grotta.is\/knattspyrnudeild\/tinna-bra-til-irlands-med-u17-ara-landslidinu\/\",\"name\":\"Tinna Br\u00e1 til \u00cdrlands me\u00f0 U17 \u00e1ra landsli\u00f0inu - \u00cd\u00fer\u00f3ttaf\u00e9lagi\u00f0 Gr\u00f3tta\",\"isPartOf\":{\"@id\":\"https:\/\/grotta.is\/#website\"},\"primaryImageOfPage\":{\"@id\":\"https:\/\/grotta.is\/knattspyrnudeild\/tinna-bra-til-irlands-med-u17-ara-landslidinu\/#primaryimage\"},\"image\":{\"@id\":\"https:\/\/grotta.is\/knattspyrnudeild\/tinna-bra-til-irlands-med-u17-ara-landslidinu\/#primaryimage\"},\"thumbnailUrl\":\"https:\/\/grotta.is\/wp-content\/uploads\/2020\/02\/Knattspyrnudeild_grotta_Frettir_leikmenn_10.jpg\",\"datePublished\":\"2020-02-12T20:07:14+00:00\",\"dateModified\":\"2020-02-16T20:09:13+00:00\",\"breadcrumb\":{\"@id\":\"https:\/\/grotta.is\/knattspyrnudeild\/tinna-bra-til-irlands-med-u17-ara-landslidinu\/#breadcrumb\"},\"inLanguage\":\"en-US\",\"potentialAction\":[{\"@type\":\"ReadAction\",\"target\":[\"https:\/\/grotta.is\/knattspyrnudeild\/tinna-bra-til-irlands-med-u17-ara-landslidinu\/\"]}]},{\"@type\":\"ImageObject\",\"inLanguage\":\"en-US\",\"@id\":\"https:\/\/grotta.is\/knattspyrnudeild\/tinna-bra-til-irlands-med-u17-ara-landslidinu\/#primaryimage\",\"url\":\"https:\/\/grotta.is\/wp-content\/uploads\/2020\/02\/Knattspyrnudeild_grotta_Frettir_leikmenn_10.jpg\",\"contentUrl\":\"https:\/\/grotta.is\/wp-content\/uploads\/2020\/02\/Knattspyrnudeild_grotta_Frettir_leikmenn_10.jpg\",\"width\":1066,\"height\":1418},{\"@type\":\"BreadcrumbList\",\"@id\":\"https:\/\/grotta.is\/knattspyrnudeild\/tinna-bra-til-irlands-med-u17-ara-landslidinu\/#breadcrumb\",\"itemListElement\":[{\"@type\":\"ListItem\",\"position\":1,\"name\":\"Home\",\"item\":\"https:\/\/grotta.is\/\"},{\"@type\":\"ListItem\",\"position\":2,\"name\":\"Tinna Br\u00e1 til \u00cdrlands me\u00f0 U17 \u00e1ra landsli\u00f0inu\"}]},{\"@type\":\"WebSite\",\"@id\":\"https:\/\/grotta.is\/#website\",\"url\":\"https:\/\/grotta.is\/\",\"name\":\"\u00cd\u00fer\u00f3ttaf\u00e9lagi\u00f0 Gr\u00f3tta\",\"description\":\"\u00e1 Seltjarnarnesi\",\"publisher\":{\"@id\":\"https:\/\/grotta.is\/#organization\"},\"potentialAction\":[{\"@type\":\"SearchAction\",\"target\":{\"@type\":\"EntryPoint\",\"urlTemplate\":\"https:\/\/grotta.is\/?s={search_term_string}\"},\"query-input\":{\"@type\":\"PropertyValueSpecification\",\"valueRequired\":true,\"valueName\":\"search_term_string\"}}],\"inLanguage\":\"en-US\"},{\"@type\":\"Organization\",\"@id\":\"https:\/\/grotta.is\/#organization\",\"name\":\"\u00cd\u00fer\u00f3ttaf\u00e9lagi\u00f0 Gr\u00f3tta\",\"url\":\"https:\/\/grotta.is\/\",\"logo\":{\"@type\":\"ImageObject\",\"inLanguage\":\"en-US\",\"@id\":\"https:\/\/grotta.is\/#\/schema\/logo\/image\/\",\"url\":\"https:\/\/grotta.is\/wp-content\/uploads\/2020\/02\/ithrottafelagidgrotta_logo_512x512_transparent.png\",\"contentUrl\":\"https:\/\/grotta.is\/wp-content\/uploads\/2020\/02\/ithrottafelagidgrotta_logo_512x512_transparent.png\",\"width\":512,\"height\":512,\"caption\":\"\u00cd\u00fer\u00f3ttaf\u00e9lagi\u00f0 Gr\u00f3tta\"},\"image\":{\"@id\":\"https:\/\/grotta.is\/#\/schema\/logo\/image\/\"},\"sameAs\":[\"https:\/\/www.facebook.com\/grottasport\"]},{\"@type\":\"Person\",\"@id\":\"https:\/\/grotta.is\/#\/schema\/person\/08ec57bf09ee925f1b6a01540c14a5ce\",\"name\":\"Grotta\",\"url\":\"https:\/\/grotta.is\/en\/author\/inga\/\"}]}<\/script>\n<!-- \/ Yoast SEO plugin. -->","yoast_head_json":{"title":"Tinna Br\u00e1 til \u00cdrlands me\u00f0 U17 \u00e1ra landsli\u00f0inu - \u00cd\u00fer\u00f3ttaf\u00e9lagi\u00f0 Gr\u00f3tta","robots":{"index":"index","follow":"follow","max-snippet":"max-snippet:-1","max-image-preview":"max-image-preview:large","max-video-preview":"max-video-preview:-1"},"canonical":"https:\/\/grotta.is\/en\/knattspyrnudeild\/tinna-bra-til-irlands-med-u17-ara-landslidinu\/","og_locale":"en_US","og_type":"article","og_title":"Tinna Br\u00e1 til \u00cdrlands me\u00f0 U17 \u00e1ra landsli\u00f0inu - \u00cd\u00fer\u00f3ttaf\u00e9lagi\u00f0 Gr\u00f3tta","og_description":"Efnilegi markma\u00f0urinn Tinna Br\u00e1 leggur land undir f\u00f3t me\u00f0 U17 \u00e1ra landsli\u00f0inu \u00e1 morgun en fer\u00f0inni er heiti\u00f0 til \u00cdrlands ?? U17 \u00e1ra landsli\u00f0 kvenna spilar tvo vin\u00e1ttuleiki vi\u00f0 \u00cdrland, [&hellip;]","og_url":"https:\/\/grotta.is\/en\/knattspyrnudeild\/tinna-bra-til-irlands-med-u17-ara-landslidinu\/","og_site_name":"\u00cd\u00fer\u00f3ttaf\u00e9lagi\u00f0 Gr\u00f3tta","article_publisher":"https:\/\/www.facebook.com\/grottasport","article_published_time":"2020-02-12T20:07:14+00:00","article_modified_time":"2020-02-16T20:09:13+00:00","og_image":[{"width":1066,"height":1418,"url":"https:\/\/grotta.is\/wp-content\/uploads\/2020\/02\/Knattspyrnudeild_grotta_Frettir_leikmenn_10.jpg","type":"image\/jpeg"}],"author":"Grotta","twitter_card":"summary_large_image","twitter_misc":{"Written by":"Grotta"},"schema":{"@context":"https:\/\/schema.org","@graph":[{"@type":"Article","@id":"https:\/\/grotta.is\/knattspyrnudeild\/tinna-bra-til-irlands-med-u17-ara-landslidinu\/#article","isPartOf":{"@id":"https:\/\/grotta.is\/knattspyrnudeild\/tinna-bra-til-irlands-med-u17-ara-landslidinu\/"},"author":{"name":"Grotta","@id":"https:\/\/grotta.is\/#\/schema\/person\/08ec57bf09ee925f1b6a01540c14a5ce"},"headline":"Tinna Br\u00e1 til \u00cdrlands me\u00f0 U17 \u00e1ra landsli\u00f0inu","datePublished":"2020-02-12T20:07:14+00:00","dateModified":"2020-02-16T20:09:13+00:00","mainEntityOfPage":{"@id":"https:\/\/grotta.is\/knattspyrnudeild\/tinna-bra-til-irlands-med-u17-ara-landslidinu\/"},"wordCount":62,"publisher":{"@id":"https:\/\/grotta.is\/#organization"},"image":{"@id":"https:\/\/grotta.is\/knattspyrnudeild\/tinna-bra-til-irlands-med-u17-ara-landslidinu\/#primaryimage"},"thumbnailUrl":"https:\/\/grotta.is\/wp-content\/uploads\/2020\/02\/Knattspyrnudeild_grotta_Frettir_leikmenn_10.jpg","keywords":["Knattspyrna","Landsli\u00f0","Leikmenn","Mfl.kvk"],"articleSection":["Knattspyrnudeild"],"inLanguage":"en-US"},{"@type":"WebPage","@id":"https:\/\/grotta.is\/knattspyrnudeild\/tinna-bra-til-irlands-med-u17-ara-landslidinu\/","url":"https:\/\/grotta.is\/knattspyrnudeild\/tinna-bra-til-irlands-med-u17-ara-landslidinu\/","name":"Tinna Br\u00e1 til \u00cdrlands me\u00f0 U17 \u00e1ra landsli\u00f0inu - \u00cd\u00fer\u00f3ttaf\u00e9lagi\u00f0 Gr\u00f3tta","isPartOf":{"@id":"https:\/\/grotta.is\/#website"},"primaryImageOfPage":{"@id":"https:\/\/grotta.is\/knattspyrnudeild\/tinna-bra-til-irlands-med-u17-ara-landslidinu\/#primaryimage"},"image":{"@id":"https:\/\/grotta.is\/knattspyrnudeild\/tinna-bra-til-irlands-med-u17-ara-landslidinu\/#primaryimage"},"thumbnailUrl":"https:\/\/grotta.is\/wp-content\/uploads\/2020\/02\/Knattspyrnudeild_grotta_Frettir_leikmenn_10.jpg","datePublished":"2020-02-12T20:07:14+00:00","dateModified":"2020-02-16T20:09:13+00:00","breadcrumb":{"@id":"https:\/\/grotta.is\/knattspyrnudeild\/tinna-bra-til-irlands-med-u17-ara-landslidinu\/#breadcrumb"},"inLanguage":"en-US","potentialAction":[{"@type":"ReadAction","target":["https:\/\/grotta.is\/knattspyrnudeild\/tinna-bra-til-irlands-med-u17-ara-landslidinu\/"]}]},{"@type":"ImageObject","inLanguage":"en-US","@id":"https:\/\/grotta.is\/knattspyrnudeild\/tinna-bra-til-irlands-med-u17-ara-landslidinu\/#primaryimage","url":"https:\/\/grotta.is\/wp-content\/uploads\/2020\/02\/Knattspyrnudeild_grotta_Frettir_leikmenn_10.jpg","contentUrl":"https:\/\/grotta.is\/wp-content\/uploads\/2020\/02\/Knattspyrnudeild_grotta_Frettir_leikmenn_10.jpg","width":1066,"height":1418},{"@type":"BreadcrumbList","@id":"https:\/\/grotta.is\/knattspyrnudeild\/tinna-bra-til-irlands-med-u17-ara-landslidinu\/#breadcrumb","itemListElement":[{"@type":"ListItem","position":1,"name":"Home","item":"https:\/\/grotta.is\/"},{"@type":"ListItem","position":2,"name":"Tinna Br\u00e1 til \u00cdrlands me\u00f0 U17 \u00e1ra landsli\u00f0inu"}]},{"@type":"WebSite","@id":"https:\/\/grotta.is\/#website","url":"https:\/\/grotta.is\/","name":"\u00cd\u00fer\u00f3ttaf\u00e9lagi\u00f0 Gr\u00f3tta","description":"\u00e1 Seltjarnarnesi","publisher":{"@id":"https:\/\/grotta.is\/#organization"},"potentialAction":[{"@type":"SearchAction","target":{"@type":"EntryPoint","urlTemplate":"https:\/\/grotta.is\/?s={search_term_string}"},"query-input":{"@type":"PropertyValueSpecification","valueRequired":true,"valueName":"search_term_string"}}],"inLanguage":"en-US"},{"@type":"Organization","@id":"https:\/\/grotta.is\/#organization","name":"\u00cd\u00fer\u00f3ttaf\u00e9lagi\u00f0 Gr\u00f3tta","url":"https:\/\/grotta.is\/","logo":{"@type":"ImageObject","inLanguage":"en-US","@id":"https:\/\/grotta.is\/#\/schema\/logo\/image\/","url":"https:\/\/grotta.is\/wp-content\/uploads\/2020\/02\/ithrottafelagidgrotta_logo_512x512_transparent.png","contentUrl":"https:\/\/grotta.is\/wp-content\/uploads\/2020\/02\/ithrottafelagidgrotta_logo_512x512_transparent.png","width":512,"height":512,"caption":"\u00cd\u00fer\u00f3ttaf\u00e9lagi\u00f0 Gr\u00f3tta"},"image":{"@id":"https:\/\/grotta.is\/#\/schema\/logo\/image\/"},"sameAs":["https:\/\/www.facebook.com\/grottasport"]},{"@type":"Person","@id":"https:\/\/grotta.is\/#\/schema\/person\/08ec57bf09ee925f1b6a01540c14a5ce","name":"Grotta","url":"https:\/\/grotta.is\/en\/author\/inga\/"}]}},"_links":{"self":[{"href":"https:\/\/grotta.is\/en\/wp-json\/wp\/v2\/posts\/264","targetHints":{"allow":["GET"]}}],"collection":[{"href":"https:\/\/grotta.is\/en\/wp-json\/wp\/v2\/posts"}],"about":[{"href":"https:\/\/grotta.is\/en\/wp-json\/wp\/v2\/types\/post"}],"author":[{"embeddable":true,"href":"https:\/\/grotta.is\/en\/wp-json\/wp\/v2\/users\/2"}],"replies":[{"embeddable":true,"href":"https:\/\/grotta.is\/en\/wp-json\/wp\/v2\/comments?post=264"}],"version-history":[{"count":0,"href":"https:\/\/grotta.is\/en\/wp-json\/wp\/v2\/posts\/264\/revisions"}],"wp:featuredmedia":[{"embeddable":true,"href":"https:\/\/grotta.is\/en\/wp-json\/wp\/v2\/media\/265"}],"wp:attachment":[{"href":"https:\/\/grotta.is\/en\/wp-json\/wp\/v2\/media?parent=264"}],"wp:term":[{"taxonomy":"category","embeddable":true,"href":"https:\/\/grotta.is\/en\/wp-json\/wp\/v2\/categories?post=264"},{"taxonomy":"post_tag","embeddable":true,"href":"https:\/\/grotta.is\/en\/wp-json\/wp\/v2\/tags?post=264"}],"curies":[{"name":"wp","href":"https:\/\/api.w.org\/{rel}","templated":true}]}}