{"id":263426,"date":"2021-01-14T14:02:11","date_gmt":"2021-01-14T14:02:11","guid":{"rendered":"https:\/\/grotta.is\/?p=263426"},"modified":"2021-01-14T14:54:11","modified_gmt":"2021-01-14T14:54:11","slug":"petur-theodor-arnason-framlengir-hja-grottu","status":"publish","type":"post","link":"https:\/\/grotta.is\/en\/knattspyrnudeild\/petur-theodor-arnason-framlengir-hja-grottu\/","title":{"rendered":"P\u00e9tur Theod\u00f3r \u00c1rnason framlengir hj\u00e1 Gr\u00f3ttu"},"content":{"rendered":"<p>P\u00e9tur The\u00f3d\u00f3r \u00c1rnason hefur framlegt samning sinn vi\u00f0 knattspyrnudeild Gr\u00f3ttu til tveggja \u00e1ra. P\u00e9tur The\u00f3d\u00f3r \u00e1 a\u00f0 baki 119 leiki fyrir Gr\u00f3ttu \u00fear sem hann hefur skora\u00f0 41 mark. P\u00e9tur spila\u00f0i sinn fyrsta meistaraflokksleik fyrir f\u00e9lagi\u00f0 \u00e1ri\u00f0 2011 en hann hefur veri\u00f0 lykilma\u00f0ur \u00ed li\u00f0inu s\u00ed\u00f0ustu \u00e1r. \u00cd byrjun \u00e1rs 2020 var P\u00e9tur valinn b\u00e6\u00f0i \u00ed\u00fer\u00f3ttama\u00f0ur Gr\u00f3ttu og \u00ed\u00fer\u00f3ttama\u00f0ur Seltjarnaness \u00e1samt \u00fev\u00ed a\u00f0 hafa veri\u00f0 markah\u00e6sti leikma\u00f0ur Gr\u00f3ttu sumari\u00f0 2019 \u00fear sem hann skora\u00f0i 15 m\u00f6rk \u00ed 22 leikjum \u00ed Inkasso-deild karla.<\/p><p>\u201eVi\u00f0 erum himinlifandi me\u00f0 samkomulagi\u00f0 vi\u00f0 P\u00e9tur, enda mikilv\u00e6g fyrirmynd \u00ed okkar starfi og fr\u00e1b\u00e6r \u00ed\u00fer\u00f3ttama\u00f0ur. Vi\u00f0 erum l\u00edka sannf\u00e6r\u00f0 um a\u00f0 hann haldi \u00e1fram a\u00f0 gle\u00f0ja Seltirninga \u00ed framl\u00ednu Gr\u00f3ttuli\u00f0sins.<br>sag\u00f0i Birgir Tj\u00f6rvi P\u00e9tursson forma\u00f0ur knattspyrnudeildar Gr\u00f3ttu vi\u00f0 undirritun samningsins,\u201c<\/p><p><\/p><figure class=\"wp-block-image size-large\"><img fetchpriority=\"high\" decoding=\"async\" width=\"1024\" height=\"1024\" src=\"https:\/\/grotta.is\/wp-content\/uploads\/2021\/01\/5D4_2784-1024x1024.jpg\" alt=\"\" class=\"wp-image-263427\" srcset=\"https:\/\/grotta.is\/wp-content\/uploads\/2021\/01\/5D4_2784-1024x1024.jpg 1024w, https:\/\/grotta.is\/wp-content\/uploads\/2021\/01\/5D4_2784-300x300.jpg 300w, https:\/\/grotta.is\/wp-content\/uploads\/2021\/01\/5D4_2784-150x150.jpg 150w, https:\/\/grotta.is\/wp-content\/uploads\/2021\/01\/5D4_2784-768x768.jpg 768w, https:\/\/grotta.is\/wp-content\/uploads\/2021\/01\/5D4_2784-12x12.jpg 12w, https:\/\/grotta.is\/wp-content\/uploads\/2021\/01\/5D4_2784-500x500.jpg 500w, https:\/\/grotta.is\/wp-content\/uploads\/2021\/01\/5D4_2784-600x600.jpg 600w, https:\/\/grotta.is\/wp-content\/uploads\/2021\/01\/5D4_2784-100x100.jpg 100w, https:\/\/grotta.is\/wp-content\/uploads\/2021\/01\/5D4_2784.jpg 1282w\" sizes=\"(max-width: 1024px) 100vw, 1024px\" \/><\/figure>","protected":false},"excerpt":{"rendered":"<p>P\u00e9tur The\u00f3d\u00f3r \u00c1rnason hefur framlegt samning sinn vi\u00f0 knattspyrnudeild Gr\u00f3ttu til tveggja \u00e1ra. P\u00e9tur The\u00f3d\u00f3r \u00e1 a\u00f0 baki 119 leiki fyrir Gr\u00f3ttu \u00fear sem hann hefur skora\u00f0 41 mark. P\u00e9tur [&hellip;]<\/p>","protected":false},"author":4,"featured_media":263427,"comment_status":"closed","ping_status":"closed","sticky":false,"template":"","format":"standard","meta":{"footnotes":""},"categories":[7],"tags":[],"class_list":["post-263426","post","type-post","status-publish","format-standard","has-post-thumbnail","hentry","category-knattspyrnudeild"],"yoast_head":"<!-- This site is optimized with the Yoast SEO plugin v24.3 - https:\/\/yoast.com\/wordpress\/plugins\/seo\/ -->\n<title>P\u00e9tur Theod\u00f3r \u00c1rnason framlengir hj\u00e1 Gr\u00f3ttu - \u00cd\u00fer\u00f3ttaf\u00e9lagi\u00f0 Gr\u00f3tta<\/title>\n<meta name=\"robots\" content=\"index, follow, max-snippet:-1, max-image-preview:large, max-video-preview:-1\" \/>\n<link rel=\"canonical\" href=\"https:\/\/grotta.is\/en\/knattspyrnudeild\/petur-theodor-arnason-framlengir-hja-grottu\/\" \/>\n<meta property=\"og:locale\" content=\"en_US\" \/>\n<meta property=\"og:type\" content=\"article\" \/>\n<meta property=\"og:title\" content=\"P\u00e9tur Theod\u00f3r \u00c1rnason framlengir hj\u00e1 Gr\u00f3ttu - \u00cd\u00fer\u00f3ttaf\u00e9lagi\u00f0 Gr\u00f3tta\" \/>\n<meta property=\"og:description\" content=\"P\u00e9tur The\u00f3d\u00f3r \u00c1rnason hefur framlegt samning sinn vi\u00f0 knattspyrnudeild Gr\u00f3ttu til tveggja \u00e1ra. P\u00e9tur The\u00f3d\u00f3r \u00e1 a\u00f0 baki 119 leiki fyrir Gr\u00f3ttu \u00fear sem hann hefur skora\u00f0 41 mark. P\u00e9tur [&hellip;]\" \/>\n<meta property=\"og:url\" content=\"https:\/\/grotta.is\/en\/knattspyrnudeild\/petur-theodor-arnason-framlengir-hja-grottu\/\" \/>\n<meta property=\"og:site_name\" content=\"\u00cd\u00fer\u00f3ttaf\u00e9lagi\u00f0 Gr\u00f3tta\" \/>\n<meta property=\"article:publisher\" content=\"https:\/\/www.facebook.com\/grottasport\" \/>\n<meta property=\"article:published_time\" content=\"2021-01-14T14:02:11+00:00\" \/>\n<meta property=\"article:modified_time\" content=\"2021-01-14T14:54:11+00:00\" \/>\n<meta property=\"og:image\" content=\"https:\/\/grotta.is\/wp-content\/uploads\/2021\/01\/5D4_2784.jpg\" \/>\n\t<meta property=\"og:image:width\" content=\"1282\" \/>\n\t<meta property=\"og:image:height\" content=\"1282\" \/>\n\t<meta property=\"og:image:type\" content=\"image\/jpeg\" \/>\n<meta name=\"author\" content=\"J\u00f3runn M. \u00deorsteinsd\u00f3ttir\" \/>\n<meta name=\"twitter:card\" content=\"summary_large_image\" \/>\n<meta name=\"twitter:label1\" content=\"Written by\" \/>\n\t<meta name=\"twitter:data1\" content=\"J\u00f3runn M. \u00deorsteinsd\u00f3ttir\" \/>\n\t<meta name=\"twitter:label2\" content=\"Est. reading time\" \/>\n\t<meta name=\"twitter:data2\" content=\"1 minute\" \/>\n<script type=\"application\/ld+json\" class=\"yoast-schema-graph\">{\"@context\":\"https:\/\/schema.org\",\"@graph\":[{\"@type\":\"Article\",\"@id\":\"https:\/\/grotta.is\/knattspyrnudeild\/petur-theodor-arnason-framlengir-hja-grottu\/#article\",\"isPartOf\":{\"@id\":\"https:\/\/grotta.is\/knattspyrnudeild\/petur-theodor-arnason-framlengir-hja-grottu\/\"},\"author\":{\"name\":\"J\u00f3runn M. \u00deorsteinsd\u00f3ttir\",\"@id\":\"https:\/\/grotta.is\/#\/schema\/person\/f1fea6a85a554e8069771c3486efbd84\"},\"headline\":\"P\u00e9tur Theod\u00f3r \u00c1rnason framlengir hj\u00e1 Gr\u00f3ttu\",\"datePublished\":\"2021-01-14T14:02:11+00:00\",\"dateModified\":\"2021-01-14T14:54:11+00:00\",\"mainEntityOfPage\":{\"@id\":\"https:\/\/grotta.is\/knattspyrnudeild\/petur-theodor-arnason-framlengir-hja-grottu\/\"},\"wordCount\":161,\"publisher\":{\"@id\":\"https:\/\/grotta.is\/#organization\"},\"image\":{\"@id\":\"https:\/\/grotta.is\/knattspyrnudeild\/petur-theodor-arnason-framlengir-hja-grottu\/#primaryimage\"},\"thumbnailUrl\":\"https:\/\/grotta.is\/wp-content\/uploads\/2021\/01\/5D4_2784.jpg\",\"articleSection\":[\"Knattspyrnudeild\"],\"inLanguage\":\"en-US\"},{\"@type\":\"WebPage\",\"@id\":\"https:\/\/grotta.is\/knattspyrnudeild\/petur-theodor-arnason-framlengir-hja-grottu\/\",\"url\":\"https:\/\/grotta.is\/knattspyrnudeild\/petur-theodor-arnason-framlengir-hja-grottu\/\",\"name\":\"P\u00e9tur Theod\u00f3r \u00c1rnason framlengir hj\u00e1 Gr\u00f3ttu - \u00cd\u00fer\u00f3ttaf\u00e9lagi\u00f0 Gr\u00f3tta\",\"isPartOf\":{\"@id\":\"https:\/\/grotta.is\/#website\"},\"primaryImageOfPage\":{\"@id\":\"https:\/\/grotta.is\/knattspyrnudeild\/petur-theodor-arnason-framlengir-hja-grottu\/#primaryimage\"},\"image\":{\"@id\":\"https:\/\/grotta.is\/knattspyrnudeild\/petur-theodor-arnason-framlengir-hja-grottu\/#primaryimage\"},\"thumbnailUrl\":\"https:\/\/grotta.is\/wp-content\/uploads\/2021\/01\/5D4_2784.jpg\",\"datePublished\":\"2021-01-14T14:02:11+00:00\",\"dateModified\":\"2021-01-14T14:54:11+00:00\",\"breadcrumb\":{\"@id\":\"https:\/\/grotta.is\/knattspyrnudeild\/petur-theodor-arnason-framlengir-hja-grottu\/#breadcrumb\"},\"inLanguage\":\"en-US\",\"potentialAction\":[{\"@type\":\"ReadAction\",\"target\":[\"https:\/\/grotta.is\/knattspyrnudeild\/petur-theodor-arnason-framlengir-hja-grottu\/\"]}]},{\"@type\":\"ImageObject\",\"inLanguage\":\"en-US\",\"@id\":\"https:\/\/grotta.is\/knattspyrnudeild\/petur-theodor-arnason-framlengir-hja-grottu\/#primaryimage\",\"url\":\"https:\/\/grotta.is\/wp-content\/uploads\/2021\/01\/5D4_2784.jpg\",\"contentUrl\":\"https:\/\/grotta.is\/wp-content\/uploads\/2021\/01\/5D4_2784.jpg\",\"width\":1282,\"height\":1282},{\"@type\":\"BreadcrumbList\",\"@id\":\"https:\/\/grotta.is\/knattspyrnudeild\/petur-theodor-arnason-framlengir-hja-grottu\/#breadcrumb\",\"itemListElement\":[{\"@type\":\"ListItem\",\"position\":1,\"name\":\"Home\",\"item\":\"https:\/\/grotta.is\/\"},{\"@type\":\"ListItem\",\"position\":2,\"name\":\"P\u00e9tur Theod\u00f3r \u00c1rnason framlengir hj\u00e1 Gr\u00f3ttu\"}]},{\"@type\":\"WebSite\",\"@id\":\"https:\/\/grotta.is\/#website\",\"url\":\"https:\/\/grotta.is\/\",\"name\":\"\u00cd\u00fer\u00f3ttaf\u00e9lagi\u00f0 Gr\u00f3tta\",\"description\":\"\u00e1 Seltjarnarnesi\",\"publisher\":{\"@id\":\"https:\/\/grotta.is\/#organization\"},\"potentialAction\":[{\"@type\":\"SearchAction\",\"target\":{\"@type\":\"EntryPoint\",\"urlTemplate\":\"https:\/\/grotta.is\/?s={search_term_string}\"},\"query-input\":{\"@type\":\"PropertyValueSpecification\",\"valueRequired\":true,\"valueName\":\"search_term_string\"}}],\"inLanguage\":\"en-US\"},{\"@type\":\"Organization\",\"@id\":\"https:\/\/grotta.is\/#organization\",\"name\":\"\u00cd\u00fer\u00f3ttaf\u00e9lagi\u00f0 Gr\u00f3tta\",\"url\":\"https:\/\/grotta.is\/\",\"logo\":{\"@type\":\"ImageObject\",\"inLanguage\":\"en-US\",\"@id\":\"https:\/\/grotta.is\/#\/schema\/logo\/image\/\",\"url\":\"https:\/\/grotta.is\/wp-content\/uploads\/2020\/02\/ithrottafelagidgrotta_logo_512x512_transparent.png\",\"contentUrl\":\"https:\/\/grotta.is\/wp-content\/uploads\/2020\/02\/ithrottafelagidgrotta_logo_512x512_transparent.png\",\"width\":512,\"height\":512,\"caption\":\"\u00cd\u00fer\u00f3ttaf\u00e9lagi\u00f0 Gr\u00f3tta\"},\"image\":{\"@id\":\"https:\/\/grotta.is\/#\/schema\/logo\/image\/\"},\"sameAs\":[\"https:\/\/www.facebook.com\/grottasport\"]},{\"@type\":\"Person\",\"@id\":\"https:\/\/grotta.is\/#\/schema\/person\/f1fea6a85a554e8069771c3486efbd84\",\"name\":\"J\u00f3runn M. \u00deorsteinsd\u00f3ttir\",\"url\":\"https:\/\/grotta.is\/en\/author\/jorunn\/\"}]}<\/script>\n<!-- \/ Yoast SEO plugin. -->","yoast_head_json":{"title":"P\u00e9tur Theod\u00f3r \u00c1rnason framlengir hj\u00e1 Gr\u00f3ttu - \u00cd\u00fer\u00f3ttaf\u00e9lagi\u00f0 Gr\u00f3tta","robots":{"index":"index","follow":"follow","max-snippet":"max-snippet:-1","max-image-preview":"max-image-preview:large","max-video-preview":"max-video-preview:-1"},"canonical":"https:\/\/grotta.is\/en\/knattspyrnudeild\/petur-theodor-arnason-framlengir-hja-grottu\/","og_locale":"en_US","og_type":"article","og_title":"P\u00e9tur Theod\u00f3r \u00c1rnason framlengir hj\u00e1 Gr\u00f3ttu - \u00cd\u00fer\u00f3ttaf\u00e9lagi\u00f0 Gr\u00f3tta","og_description":"P\u00e9tur The\u00f3d\u00f3r \u00c1rnason hefur framlegt samning sinn vi\u00f0 knattspyrnudeild Gr\u00f3ttu til tveggja \u00e1ra. P\u00e9tur The\u00f3d\u00f3r \u00e1 a\u00f0 baki 119 leiki fyrir Gr\u00f3ttu \u00fear sem hann hefur skora\u00f0 41 mark. P\u00e9tur [&hellip;]","og_url":"https:\/\/grotta.is\/en\/knattspyrnudeild\/petur-theodor-arnason-framlengir-hja-grottu\/","og_site_name":"\u00cd\u00fer\u00f3ttaf\u00e9lagi\u00f0 Gr\u00f3tta","article_publisher":"https:\/\/www.facebook.com\/grottasport","article_published_time":"2021-01-14T14:02:11+00:00","article_modified_time":"2021-01-14T14:54:11+00:00","og_image":[{"width":1282,"height":1282,"url":"https:\/\/grotta.is\/wp-content\/uploads\/2021\/01\/5D4_2784.jpg","type":"image\/jpeg"}],"author":"J\u00f3runn M. \u00deorsteinsd\u00f3ttir","twitter_card":"summary_large_image","twitter_misc":{"Written by":"J\u00f3runn M. \u00deorsteinsd\u00f3ttir","Est. reading time":"1 minute"},"schema":{"@context":"https:\/\/schema.org","@graph":[{"@type":"Article","@id":"https:\/\/grotta.is\/knattspyrnudeild\/petur-theodor-arnason-framlengir-hja-grottu\/#article","isPartOf":{"@id":"https:\/\/grotta.is\/knattspyrnudeild\/petur-theodor-arnason-framlengir-hja-grottu\/"},"author":{"name":"J\u00f3runn M. \u00deorsteinsd\u00f3ttir","@id":"https:\/\/grotta.is\/#\/schema\/person\/f1fea6a85a554e8069771c3486efbd84"},"headline":"P\u00e9tur Theod\u00f3r \u00c1rnason framlengir hj\u00e1 Gr\u00f3ttu","datePublished":"2021-01-14T14:02:11+00:00","dateModified":"2021-01-14T14:54:11+00:00","mainEntityOfPage":{"@id":"https:\/\/grotta.is\/knattspyrnudeild\/petur-theodor-arnason-framlengir-hja-grottu\/"},"wordCount":161,"publisher":{"@id":"https:\/\/grotta.is\/#organization"},"image":{"@id":"https:\/\/grotta.is\/knattspyrnudeild\/petur-theodor-arnason-framlengir-hja-grottu\/#primaryimage"},"thumbnailUrl":"https:\/\/grotta.is\/wp-content\/uploads\/2021\/01\/5D4_2784.jpg","articleSection":["Knattspyrnudeild"],"inLanguage":"en-US"},{"@type":"WebPage","@id":"https:\/\/grotta.is\/knattspyrnudeild\/petur-theodor-arnason-framlengir-hja-grottu\/","url":"https:\/\/grotta.is\/knattspyrnudeild\/petur-theodor-arnason-framlengir-hja-grottu\/","name":"P\u00e9tur Theod\u00f3r \u00c1rnason framlengir hj\u00e1 Gr\u00f3ttu - \u00cd\u00fer\u00f3ttaf\u00e9lagi\u00f0 Gr\u00f3tta","isPartOf":{"@id":"https:\/\/grotta.is\/#website"},"primaryImageOfPage":{"@id":"https:\/\/grotta.is\/knattspyrnudeild\/petur-theodor-arnason-framlengir-hja-grottu\/#primaryimage"},"image":{"@id":"https:\/\/grotta.is\/knattspyrnudeild\/petur-theodor-arnason-framlengir-hja-grottu\/#primaryimage"},"thumbnailUrl":"https:\/\/grotta.is\/wp-content\/uploads\/2021\/01\/5D4_2784.jpg","datePublished":"2021-01-14T14:02:11+00:00","dateModified":"2021-01-14T14:54:11+00:00","breadcrumb":{"@id":"https:\/\/grotta.is\/knattspyrnudeild\/petur-theodor-arnason-framlengir-hja-grottu\/#breadcrumb"},"inLanguage":"en-US","potentialAction":[{"@type":"ReadAction","target":["https:\/\/grotta.is\/knattspyrnudeild\/petur-theodor-arnason-framlengir-hja-grottu\/"]}]},{"@type":"ImageObject","inLanguage":"en-US","@id":"https:\/\/grotta.is\/knattspyrnudeild\/petur-theodor-arnason-framlengir-hja-grottu\/#primaryimage","url":"https:\/\/grotta.is\/wp-content\/uploads\/2021\/01\/5D4_2784.jpg","contentUrl":"https:\/\/grotta.is\/wp-content\/uploads\/2021\/01\/5D4_2784.jpg","width":1282,"height":1282},{"@type":"BreadcrumbList","@id":"https:\/\/grotta.is\/knattspyrnudeild\/petur-theodor-arnason-framlengir-hja-grottu\/#breadcrumb","itemListElement":[{"@type":"ListItem","position":1,"name":"Home","item":"https:\/\/grotta.is\/"},{"@type":"ListItem","position":2,"name":"P\u00e9tur Theod\u00f3r \u00c1rnason framlengir hj\u00e1 Gr\u00f3ttu"}]},{"@type":"WebSite","@id":"https:\/\/grotta.is\/#website","url":"https:\/\/grotta.is\/","name":"\u00cd\u00fer\u00f3ttaf\u00e9lagi\u00f0 Gr\u00f3tta","description":"\u00e1 Seltjarnarnesi","publisher":{"@id":"https:\/\/grotta.is\/#organization"},"potentialAction":[{"@type":"SearchAction","target":{"@type":"EntryPoint","urlTemplate":"https:\/\/grotta.is\/?s={search_term_string}"},"query-input":{"@type":"PropertyValueSpecification","valueRequired":true,"valueName":"search_term_string"}}],"inLanguage":"en-US"},{"@type":"Organization","@id":"https:\/\/grotta.is\/#organization","name":"\u00cd\u00fer\u00f3ttaf\u00e9lagi\u00f0 Gr\u00f3tta","url":"https:\/\/grotta.is\/","logo":{"@type":"ImageObject","inLanguage":"en-US","@id":"https:\/\/grotta.is\/#\/schema\/logo\/image\/","url":"https:\/\/grotta.is\/wp-content\/uploads\/2020\/02\/ithrottafelagidgrotta_logo_512x512_transparent.png","contentUrl":"https:\/\/grotta.is\/wp-content\/uploads\/2020\/02\/ithrottafelagidgrotta_logo_512x512_transparent.png","width":512,"height":512,"caption":"\u00cd\u00fer\u00f3ttaf\u00e9lagi\u00f0 Gr\u00f3tta"},"image":{"@id":"https:\/\/grotta.is\/#\/schema\/logo\/image\/"},"sameAs":["https:\/\/www.facebook.com\/grottasport"]},{"@type":"Person","@id":"https:\/\/grotta.is\/#\/schema\/person\/f1fea6a85a554e8069771c3486efbd84","name":"J\u00f3runn M. \u00deorsteinsd\u00f3ttir","url":"https:\/\/grotta.is\/en\/author\/jorunn\/"}]}},"_links":{"self":[{"href":"https:\/\/grotta.is\/en\/wp-json\/wp\/v2\/posts\/263426","targetHints":{"allow":["GET"]}}],"collection":[{"href":"https:\/\/grotta.is\/en\/wp-json\/wp\/v2\/posts"}],"about":[{"href":"https:\/\/grotta.is\/en\/wp-json\/wp\/v2\/types\/post"}],"author":[{"embeddable":true,"href":"https:\/\/grotta.is\/en\/wp-json\/wp\/v2\/users\/4"}],"replies":[{"embeddable":true,"href":"https:\/\/grotta.is\/en\/wp-json\/wp\/v2\/comments?post=263426"}],"version-history":[{"count":3,"href":"https:\/\/grotta.is\/en\/wp-json\/wp\/v2\/posts\/263426\/revisions"}],"predecessor-version":[{"id":263530,"href":"https:\/\/grotta.is\/en\/wp-json\/wp\/v2\/posts\/263426\/revisions\/263530"}],"wp:featuredmedia":[{"embeddable":true,"href":"https:\/\/grotta.is\/en\/wp-json\/wp\/v2\/media\/263427"}],"wp:attachment":[{"href":"https:\/\/grotta.is\/en\/wp-json\/wp\/v2\/media?parent=263426"}],"wp:term":[{"taxonomy":"category","embeddable":true,"href":"https:\/\/grotta.is\/en\/wp-json\/wp\/v2\/categories?post=263426"},{"taxonomy":"post_tag","embeddable":true,"href":"https:\/\/grotta.is\/en\/wp-json\/wp\/v2\/tags?post=263426"}],"curies":[{"name":"wp","href":"https:\/\/api.w.org\/{rel}","templated":true}]}}