{"id":2607,"date":"2018-10-15T15:28:24","date_gmt":"2018-10-15T15:28:24","guid":{"rendered":"https:\/\/grotta.is\/?p=2607"},"modified":"2020-04-23T15:31:47","modified_gmt":"2020-04-23T15:31:47","slug":"tap-gegn-haukum-a-heimavelli","status":"publish","type":"post","link":"https:\/\/grotta.is\/en\/handknattleiksdeild\/tap-gegn-haukum-a-heimavelli\/","title":{"rendered":"Tap gegn Haukum \u00e1 heimavelli"},"content":{"rendered":"<p>Gr\u00f3ttu-str\u00e1kar fengu Hauka \u00ed heims\u00f3kn \u00ed g\u00e6rkv\u00f6ldi \u00ed fyrsta heimaleik s\u00ednum \u00ed vetur eftir endurb\u00e6tur \u00e1 Hertz-h\u00f6llinni. Splunkun\u00fd Gr\u00f3ttu-bl\u00e1 st\u00faka var me\u00f0al annars sem bei\u00f0 stu\u00f0ningsmannana \u00feegar \u00feeir m\u00e6ttu a\u00f0 horfa \u00e1 \u00e1t\u00f6kin sem framundan voru. Haukarnir voru b\u00fanir a\u00f0 vera \u00e1 miklu skri\u00f0i fyrir \u00feennan leik me\u00f0 2 sigra \u00ed r\u00f6\u00f0 og sta\u00f0r\u00e1\u00f0nir \u00ed a\u00f0 b\u00e6ta \u00feeim \u00feri\u00f0ja vi\u00f0. Gr\u00f3ttu-str\u00e1kar hinsvegar fullir sj\u00e1lfstrausts eftir g\u00f3\u00f0an sigur \u00e1 KA \u00ed seinustu umfer\u00f0 og tilb\u00fanir a\u00f0 s\u00fdna sig og sanna \u00e1 heimavellinum \u00ed fyrsta sinn \u00ed vetur.<\/p><p>\u00c1g\u00fast Emil var lj\u00f3si\u00f0 \u00ed myrkrinu \u00ed g\u00e6rkv\u00f6ldi<\/p><p>\u00dea\u00f0 kom hinsvegar \u00e1 daginn a\u00f0 Haukarnir reyndust alltof st\u00f3r biti \u00e1 \u00feessum annars fallega sunnudegi. \u00dea\u00f0 var a\u00f0eins \u00ed byrjun leiks \u00fear sem Gr\u00f3ttu-li\u00f0i\u00f0 \u00e1tti eitthva\u00f0 ro\u00f0 \u00ed Haukana en str\u00e1karnir byrju\u00f0u leikinn \u00e1g\u00e6tlega og var jafnt \u00e1 t\u00f6lum alveg \u00feanga\u00f0 til \u00ed st\u00f6\u00f0unni 5-7 eftir um 15 m\u00edn\u00fatna leik, \u00fe\u00e1 skildu lei\u00f0ir og Hauka-menn t\u00f3ku algj\u00f6rlega yfir leikinn. Argr\u00faa af t\u00e6kni og skotklikkum Gr\u00f3ttu-li\u00f0sins skilu\u00f0u Haukum fullt af hra\u00f0aupphlaupum en einnig hj\u00e1lpa\u00f0i ekki til a\u00f0 varnarmenn Gr\u00f3ttu-li\u00f0sins l\u00e9tu reka sig \u00fat af trekk \u00ed trekk og voru okkar menn \u00fev\u00ed oftar en ekki einum f\u00e6rri sem t\u00f3k miki\u00f0 \u00e1 orku li\u00f0sins. Sta\u00f0an \u00ed h\u00e1lfleik 8-14 og \u00fatliti\u00f0 ekki bjart fyrir okkar menn.<\/p><p>Gr\u00f3ttu-str\u00e1kar byrju\u00f0u s\u00ed\u00f0ari h\u00e1lfleikinn grimmt enda lj\u00f3st a\u00f0 \u00feeir ur\u00f0u a\u00f0 saxa \u00e1 forskoti\u00f0 strax \u00e6tlu\u00f0u \u00feeir s\u00e9r a\u00f0 eiga s\u00e9ns \u00e1 a\u00f0 n\u00e1 Haukunum. Eftir um 15 m\u00edn leik var Gr\u00f3ttu-li\u00f0i\u00f0 b\u00fai\u00f0 a\u00f0 minnka muninn \u00ed 4 m\u00f6rk 17-21 og eig\u00f0u von a\u00f0 n\u00e1 Haukunum. Hauka-li\u00f0i\u00f0 er hinsvegar \u00f3gnarsterkt skiptu \u00e1 \u00feessum t\u00edmapunkti hreinlega um g\u00edr og keyr\u00f0u yfir Gr\u00f3ttu-li\u00f0i\u00f0 me\u00f0 sex m\u00f6rkum \u00ed r\u00f6\u00f0 og breyttu st\u00f6\u00f0unni \u00ed 17-27. Eftir \u00fea\u00f0 var morgunlj\u00f3st \u00ed hva\u00f0 stemmdi og enda\u00f0i leikurinn 22-31.<\/p><p>A\u00f0alstyrkleiki Gr\u00f3ttu-li\u00f0sins, v\u00f6rn og markvarsla, var ekki til sta\u00f0ar \u00ed g\u00e6rkv\u00f6ldi og gegn eins sterku li\u00f0i og Haukum m\u00e1 sl\u00edkt ekki gerast ef ekki \u00e1 illa a\u00f0 fara. En str\u00e1karnir hafa viku til a\u00f0 r\u00edfa sig upp en \u00feeir m\u00e6ta Fram n.k sunnudag \u00ed Fram-heimilinu \u00ed gr\u00ed\u00f0arlega mikilv\u00e6gum leik.<\/p><p><strong>Markah\u00e6stir \u00ed Gr\u00f3ttu-li\u00f0inu<\/strong><\/p><ul class=\"wp-block-list\"><li>\u00c1g\u00fast Emil \u2013 5 m\u00f6rk<\/li><li>Sveinn Rivera \u2013 4 m\u00f6rk<\/li><li>Gellir Michaelsson \u2013 3 m\u00f6rk<\/li><li>\u00c1rni Benedikt \u2013 3 m\u00f6rk<\/li><li>Alexander J\u00f3n \u2013 2 m\u00f6rk<\/li><li>J\u00f3hann Reynir \u2013 2 m\u00f6rk<\/li><li>A\u00f0rir minna<\/li><\/ul><p>Hrei\u00f0ar Lev\u00fd \u00e1tti ekki sinn besta dag \u00e1 bakvi\u00f0 g\u00f6t\u00f3tta Gr\u00f3ttu-v\u00f6rn og var\u00f0i 9 skot. Sverrir Andr\u00e9sson var\u00f0i 1.<\/p>","protected":false},"excerpt":{"rendered":"<p>Gr\u00f3ttu-str\u00e1kar fengu Hauka \u00ed heims\u00f3kn \u00ed g\u00e6rkv\u00f6ldi \u00ed fyrsta heimaleik s\u00ednum \u00ed vetur eftir endurb\u00e6tur \u00e1 Hertz-h\u00f6llinni. Splunkun\u00fd Gr\u00f3ttu-bl\u00e1 st\u00faka var me\u00f0al annars sem bei\u00f0 stu\u00f0ningsmannana \u00feegar \u00feeir m\u00e6ttu a\u00f0 [&hellip;]<\/p>","protected":false},"author":2,"featured_media":2574,"comment_status":"closed","ping_status":"closed","sticky":false,"template":"","format":"standard","meta":{"footnotes":""},"categories":[12],"tags":[13,20],"class_list":["post-2607","post","type-post","status-publish","format-standard","has-post-thumbnail","hentry","category-handknattleiksdeild","tag-handbolti","tag-mfl-kk"],"yoast_head":"<!-- This site is optimized with the Yoast SEO plugin v24.3 - https:\/\/yoast.com\/wordpress\/plugins\/seo\/ -->\n<title>Tap gegn Haukum \u00e1 heimavelli - \u00cd\u00fer\u00f3ttaf\u00e9lagi\u00f0 Gr\u00f3tta<\/title>\n<meta name=\"robots\" content=\"index, follow, max-snippet:-1, max-image-preview:large, max-video-preview:-1\" \/>\n<link rel=\"canonical\" href=\"https:\/\/grotta.is\/en\/handknattleiksdeild\/tap-gegn-haukum-a-heimavelli\/\" \/>\n<meta property=\"og:locale\" content=\"en_US\" \/>\n<meta property=\"og:type\" content=\"article\" \/>\n<meta property=\"og:title\" content=\"Tap gegn Haukum \u00e1 heimavelli - \u00cd\u00fer\u00f3ttaf\u00e9lagi\u00f0 Gr\u00f3tta\" \/>\n<meta property=\"og:description\" content=\"Gr\u00f3ttu-str\u00e1kar fengu Hauka \u00ed heims\u00f3kn \u00ed g\u00e6rkv\u00f6ldi \u00ed fyrsta heimaleik s\u00ednum \u00ed vetur eftir endurb\u00e6tur \u00e1 Hertz-h\u00f6llinni. Splunkun\u00fd Gr\u00f3ttu-bl\u00e1 st\u00faka var me\u00f0al annars sem bei\u00f0 stu\u00f0ningsmannana \u00feegar \u00feeir m\u00e6ttu a\u00f0 [&hellip;]\" \/>\n<meta property=\"og:url\" content=\"https:\/\/grotta.is\/en\/handknattleiksdeild\/tap-gegn-haukum-a-heimavelli\/\" \/>\n<meta property=\"og:site_name\" content=\"\u00cd\u00fer\u00f3ttaf\u00e9lagi\u00f0 Gr\u00f3tta\" \/>\n<meta property=\"article:publisher\" content=\"https:\/\/www.facebook.com\/grottasport\" \/>\n<meta property=\"article:published_time\" content=\"2018-10-15T15:28:24+00:00\" \/>\n<meta property=\"article:modified_time\" content=\"2020-04-23T15:31:47+00:00\" \/>\n<meta property=\"og:image\" content=\"https:\/\/grotta.is\/wp-content\/uploads\/2018\/10\/Grotta_Hanbolti_mflkk_2018-13-1.jpg\" \/>\n\t<meta property=\"og:image:width\" content=\"586\" \/>\n\t<meta property=\"og:image:height\" content=\"879\" \/>\n\t<meta property=\"og:image:type\" content=\"image\/jpeg\" \/>\n<meta name=\"author\" content=\"Grotta\" \/>\n<meta name=\"twitter:card\" content=\"summary_large_image\" \/>\n<meta name=\"twitter:label1\" content=\"Written by\" \/>\n\t<meta name=\"twitter:data1\" content=\"Grotta\" \/>\n\t<meta name=\"twitter:label2\" content=\"Est. reading time\" \/>\n\t<meta name=\"twitter:data2\" content=\"2 minutes\" \/>\n<script type=\"application\/ld+json\" class=\"yoast-schema-graph\">{\"@context\":\"https:\/\/schema.org\",\"@graph\":[{\"@type\":\"Article\",\"@id\":\"https:\/\/grotta.is\/handknattleiksdeild\/tap-gegn-haukum-a-heimavelli\/#article\",\"isPartOf\":{\"@id\":\"https:\/\/grotta.is\/handknattleiksdeild\/tap-gegn-haukum-a-heimavelli\/\"},\"author\":{\"name\":\"Grotta\",\"@id\":\"https:\/\/grotta.is\/#\/schema\/person\/08ec57bf09ee925f1b6a01540c14a5ce\"},\"headline\":\"Tap gegn Haukum \u00e1 heimavelli\",\"datePublished\":\"2018-10-15T15:28:24+00:00\",\"dateModified\":\"2020-04-23T15:31:47+00:00\",\"mainEntityOfPage\":{\"@id\":\"https:\/\/grotta.is\/handknattleiksdeild\/tap-gegn-haukum-a-heimavelli\/\"},\"wordCount\":462,\"publisher\":{\"@id\":\"https:\/\/grotta.is\/#organization\"},\"image\":{\"@id\":\"https:\/\/grotta.is\/handknattleiksdeild\/tap-gegn-haukum-a-heimavelli\/#primaryimage\"},\"thumbnailUrl\":\"https:\/\/grotta.is\/wp-content\/uploads\/2018\/10\/Grotta_Hanbolti_mflkk_2018-13-1.jpg\",\"keywords\":[\"Handbolti\",\"Mfl.kk\"],\"articleSection\":[\"Handknattleiksdeild\"],\"inLanguage\":\"en-US\"},{\"@type\":\"WebPage\",\"@id\":\"https:\/\/grotta.is\/handknattleiksdeild\/tap-gegn-haukum-a-heimavelli\/\",\"url\":\"https:\/\/grotta.is\/handknattleiksdeild\/tap-gegn-haukum-a-heimavelli\/\",\"name\":\"Tap gegn Haukum \u00e1 heimavelli - \u00cd\u00fer\u00f3ttaf\u00e9lagi\u00f0 Gr\u00f3tta\",\"isPartOf\":{\"@id\":\"https:\/\/grotta.is\/#website\"},\"primaryImageOfPage\":{\"@id\":\"https:\/\/grotta.is\/handknattleiksdeild\/tap-gegn-haukum-a-heimavelli\/#primaryimage\"},\"image\":{\"@id\":\"https:\/\/grotta.is\/handknattleiksdeild\/tap-gegn-haukum-a-heimavelli\/#primaryimage\"},\"thumbnailUrl\":\"https:\/\/grotta.is\/wp-content\/uploads\/2018\/10\/Grotta_Hanbolti_mflkk_2018-13-1.jpg\",\"datePublished\":\"2018-10-15T15:28:24+00:00\",\"dateModified\":\"2020-04-23T15:31:47+00:00\",\"breadcrumb\":{\"@id\":\"https:\/\/grotta.is\/handknattleiksdeild\/tap-gegn-haukum-a-heimavelli\/#breadcrumb\"},\"inLanguage\":\"en-US\",\"potentialAction\":[{\"@type\":\"ReadAction\",\"target\":[\"https:\/\/grotta.is\/handknattleiksdeild\/tap-gegn-haukum-a-heimavelli\/\"]}]},{\"@type\":\"ImageObject\",\"inLanguage\":\"en-US\",\"@id\":\"https:\/\/grotta.is\/handknattleiksdeild\/tap-gegn-haukum-a-heimavelli\/#primaryimage\",\"url\":\"https:\/\/grotta.is\/wp-content\/uploads\/2018\/10\/Grotta_Hanbolti_mflkk_2018-13-1.jpg\",\"contentUrl\":\"https:\/\/grotta.is\/wp-content\/uploads\/2018\/10\/Grotta_Hanbolti_mflkk_2018-13-1.jpg\",\"width\":586,\"height\":879},{\"@type\":\"BreadcrumbList\",\"@id\":\"https:\/\/grotta.is\/handknattleiksdeild\/tap-gegn-haukum-a-heimavelli\/#breadcrumb\",\"itemListElement\":[{\"@type\":\"ListItem\",\"position\":1,\"name\":\"Home\",\"item\":\"https:\/\/grotta.is\/\"},{\"@type\":\"ListItem\",\"position\":2,\"name\":\"Tap gegn Haukum \u00e1 heimavelli\"}]},{\"@type\":\"WebSite\",\"@id\":\"https:\/\/grotta.is\/#website\",\"url\":\"https:\/\/grotta.is\/\",\"name\":\"\u00cd\u00fer\u00f3ttaf\u00e9lagi\u00f0 Gr\u00f3tta\",\"description\":\"\u00e1 Seltjarnarnesi\",\"publisher\":{\"@id\":\"https:\/\/grotta.is\/#organization\"},\"potentialAction\":[{\"@type\":\"SearchAction\",\"target\":{\"@type\":\"EntryPoint\",\"urlTemplate\":\"https:\/\/grotta.is\/?s={search_term_string}\"},\"query-input\":{\"@type\":\"PropertyValueSpecification\",\"valueRequired\":true,\"valueName\":\"search_term_string\"}}],\"inLanguage\":\"en-US\"},{\"@type\":\"Organization\",\"@id\":\"https:\/\/grotta.is\/#organization\",\"name\":\"\u00cd\u00fer\u00f3ttaf\u00e9lagi\u00f0 Gr\u00f3tta\",\"url\":\"https:\/\/grotta.is\/\",\"logo\":{\"@type\":\"ImageObject\",\"inLanguage\":\"en-US\",\"@id\":\"https:\/\/grotta.is\/#\/schema\/logo\/image\/\",\"url\":\"https:\/\/grotta.is\/wp-content\/uploads\/2020\/02\/ithrottafelagidgrotta_logo_512x512_transparent.png\",\"contentUrl\":\"https:\/\/grotta.is\/wp-content\/uploads\/2020\/02\/ithrottafelagidgrotta_logo_512x512_transparent.png\",\"width\":512,\"height\":512,\"caption\":\"\u00cd\u00fer\u00f3ttaf\u00e9lagi\u00f0 Gr\u00f3tta\"},\"image\":{\"@id\":\"https:\/\/grotta.is\/#\/schema\/logo\/image\/\"},\"sameAs\":[\"https:\/\/www.facebook.com\/grottasport\"]},{\"@type\":\"Person\",\"@id\":\"https:\/\/grotta.is\/#\/schema\/person\/08ec57bf09ee925f1b6a01540c14a5ce\",\"name\":\"Grotta\",\"url\":\"https:\/\/grotta.is\/en\/author\/inga\/\"}]}<\/script>\n<!-- \/ Yoast SEO plugin. -->","yoast_head_json":{"title":"Tap gegn Haukum \u00e1 heimavelli - \u00cd\u00fer\u00f3ttaf\u00e9lagi\u00f0 Gr\u00f3tta","robots":{"index":"index","follow":"follow","max-snippet":"max-snippet:-1","max-image-preview":"max-image-preview:large","max-video-preview":"max-video-preview:-1"},"canonical":"https:\/\/grotta.is\/en\/handknattleiksdeild\/tap-gegn-haukum-a-heimavelli\/","og_locale":"en_US","og_type":"article","og_title":"Tap gegn Haukum \u00e1 heimavelli - \u00cd\u00fer\u00f3ttaf\u00e9lagi\u00f0 Gr\u00f3tta","og_description":"Gr\u00f3ttu-str\u00e1kar fengu Hauka \u00ed heims\u00f3kn \u00ed g\u00e6rkv\u00f6ldi \u00ed fyrsta heimaleik s\u00ednum \u00ed vetur eftir endurb\u00e6tur \u00e1 Hertz-h\u00f6llinni. Splunkun\u00fd Gr\u00f3ttu-bl\u00e1 st\u00faka var me\u00f0al annars sem bei\u00f0 stu\u00f0ningsmannana \u00feegar \u00feeir m\u00e6ttu a\u00f0 [&hellip;]","og_url":"https:\/\/grotta.is\/en\/handknattleiksdeild\/tap-gegn-haukum-a-heimavelli\/","og_site_name":"\u00cd\u00fer\u00f3ttaf\u00e9lagi\u00f0 Gr\u00f3tta","article_publisher":"https:\/\/www.facebook.com\/grottasport","article_published_time":"2018-10-15T15:28:24+00:00","article_modified_time":"2020-04-23T15:31:47+00:00","og_image":[{"width":586,"height":879,"url":"https:\/\/grotta.is\/wp-content\/uploads\/2018\/10\/Grotta_Hanbolti_mflkk_2018-13-1.jpg","type":"image\/jpeg"}],"author":"Grotta","twitter_card":"summary_large_image","twitter_misc":{"Written by":"Grotta","Est. reading time":"2 minutes"},"schema":{"@context":"https:\/\/schema.org","@graph":[{"@type":"Article","@id":"https:\/\/grotta.is\/handknattleiksdeild\/tap-gegn-haukum-a-heimavelli\/#article","isPartOf":{"@id":"https:\/\/grotta.is\/handknattleiksdeild\/tap-gegn-haukum-a-heimavelli\/"},"author":{"name":"Grotta","@id":"https:\/\/grotta.is\/#\/schema\/person\/08ec57bf09ee925f1b6a01540c14a5ce"},"headline":"Tap gegn Haukum \u00e1 heimavelli","datePublished":"2018-10-15T15:28:24+00:00","dateModified":"2020-04-23T15:31:47+00:00","mainEntityOfPage":{"@id":"https:\/\/grotta.is\/handknattleiksdeild\/tap-gegn-haukum-a-heimavelli\/"},"wordCount":462,"publisher":{"@id":"https:\/\/grotta.is\/#organization"},"image":{"@id":"https:\/\/grotta.is\/handknattleiksdeild\/tap-gegn-haukum-a-heimavelli\/#primaryimage"},"thumbnailUrl":"https:\/\/grotta.is\/wp-content\/uploads\/2018\/10\/Grotta_Hanbolti_mflkk_2018-13-1.jpg","keywords":["Handbolti","Mfl.kk"],"articleSection":["Handknattleiksdeild"],"inLanguage":"en-US"},{"@type":"WebPage","@id":"https:\/\/grotta.is\/handknattleiksdeild\/tap-gegn-haukum-a-heimavelli\/","url":"https:\/\/grotta.is\/handknattleiksdeild\/tap-gegn-haukum-a-heimavelli\/","name":"Tap gegn Haukum \u00e1 heimavelli - \u00cd\u00fer\u00f3ttaf\u00e9lagi\u00f0 Gr\u00f3tta","isPartOf":{"@id":"https:\/\/grotta.is\/#website"},"primaryImageOfPage":{"@id":"https:\/\/grotta.is\/handknattleiksdeild\/tap-gegn-haukum-a-heimavelli\/#primaryimage"},"image":{"@id":"https:\/\/grotta.is\/handknattleiksdeild\/tap-gegn-haukum-a-heimavelli\/#primaryimage"},"thumbnailUrl":"https:\/\/grotta.is\/wp-content\/uploads\/2018\/10\/Grotta_Hanbolti_mflkk_2018-13-1.jpg","datePublished":"2018-10-15T15:28:24+00:00","dateModified":"2020-04-23T15:31:47+00:00","breadcrumb":{"@id":"https:\/\/grotta.is\/handknattleiksdeild\/tap-gegn-haukum-a-heimavelli\/#breadcrumb"},"inLanguage":"en-US","potentialAction":[{"@type":"ReadAction","target":["https:\/\/grotta.is\/handknattleiksdeild\/tap-gegn-haukum-a-heimavelli\/"]}]},{"@type":"ImageObject","inLanguage":"en-US","@id":"https:\/\/grotta.is\/handknattleiksdeild\/tap-gegn-haukum-a-heimavelli\/#primaryimage","url":"https:\/\/grotta.is\/wp-content\/uploads\/2018\/10\/Grotta_Hanbolti_mflkk_2018-13-1.jpg","contentUrl":"https:\/\/grotta.is\/wp-content\/uploads\/2018\/10\/Grotta_Hanbolti_mflkk_2018-13-1.jpg","width":586,"height":879},{"@type":"BreadcrumbList","@id":"https:\/\/grotta.is\/handknattleiksdeild\/tap-gegn-haukum-a-heimavelli\/#breadcrumb","itemListElement":[{"@type":"ListItem","position":1,"name":"Home","item":"https:\/\/grotta.is\/"},{"@type":"ListItem","position":2,"name":"Tap gegn Haukum \u00e1 heimavelli"}]},{"@type":"WebSite","@id":"https:\/\/grotta.is\/#website","url":"https:\/\/grotta.is\/","name":"\u00cd\u00fer\u00f3ttaf\u00e9lagi\u00f0 Gr\u00f3tta","description":"\u00e1 Seltjarnarnesi","publisher":{"@id":"https:\/\/grotta.is\/#organization"},"potentialAction":[{"@type":"SearchAction","target":{"@type":"EntryPoint","urlTemplate":"https:\/\/grotta.is\/?s={search_term_string}"},"query-input":{"@type":"PropertyValueSpecification","valueRequired":true,"valueName":"search_term_string"}}],"inLanguage":"en-US"},{"@type":"Organization","@id":"https:\/\/grotta.is\/#organization","name":"\u00cd\u00fer\u00f3ttaf\u00e9lagi\u00f0 Gr\u00f3tta","url":"https:\/\/grotta.is\/","logo":{"@type":"ImageObject","inLanguage":"en-US","@id":"https:\/\/grotta.is\/#\/schema\/logo\/image\/","url":"https:\/\/grotta.is\/wp-content\/uploads\/2020\/02\/ithrottafelagidgrotta_logo_512x512_transparent.png","contentUrl":"https:\/\/grotta.is\/wp-content\/uploads\/2020\/02\/ithrottafelagidgrotta_logo_512x512_transparent.png","width":512,"height":512,"caption":"\u00cd\u00fer\u00f3ttaf\u00e9lagi\u00f0 Gr\u00f3tta"},"image":{"@id":"https:\/\/grotta.is\/#\/schema\/logo\/image\/"},"sameAs":["https:\/\/www.facebook.com\/grottasport"]},{"@type":"Person","@id":"https:\/\/grotta.is\/#\/schema\/person\/08ec57bf09ee925f1b6a01540c14a5ce","name":"Grotta","url":"https:\/\/grotta.is\/en\/author\/inga\/"}]}},"_links":{"self":[{"href":"https:\/\/grotta.is\/en\/wp-json\/wp\/v2\/posts\/2607","targetHints":{"allow":["GET"]}}],"collection":[{"href":"https:\/\/grotta.is\/en\/wp-json\/wp\/v2\/posts"}],"about":[{"href":"https:\/\/grotta.is\/en\/wp-json\/wp\/v2\/types\/post"}],"author":[{"embeddable":true,"href":"https:\/\/grotta.is\/en\/wp-json\/wp\/v2\/users\/2"}],"replies":[{"embeddable":true,"href":"https:\/\/grotta.is\/en\/wp-json\/wp\/v2\/comments?post=2607"}],"version-history":[{"count":1,"href":"https:\/\/grotta.is\/en\/wp-json\/wp\/v2\/posts\/2607\/revisions"}],"predecessor-version":[{"id":2608,"href":"https:\/\/grotta.is\/en\/wp-json\/wp\/v2\/posts\/2607\/revisions\/2608"}],"wp:featuredmedia":[{"embeddable":true,"href":"https:\/\/grotta.is\/en\/wp-json\/wp\/v2\/media\/2574"}],"wp:attachment":[{"href":"https:\/\/grotta.is\/en\/wp-json\/wp\/v2\/media?parent=2607"}],"wp:term":[{"taxonomy":"category","embeddable":true,"href":"https:\/\/grotta.is\/en\/wp-json\/wp\/v2\/categories?post=2607"},{"taxonomy":"post_tag","embeddable":true,"href":"https:\/\/grotta.is\/en\/wp-json\/wp\/v2\/tags?post=2607"}],"curies":[{"name":"wp","href":"https:\/\/api.w.org\/{rel}","templated":true}]}}