{"id":260658,"date":"2021-01-13T15:07:25","date_gmt":"2021-01-13T15:07:25","guid":{"rendered":"https:\/\/grotta.is\/?p=260658"},"modified":"2021-01-13T15:07:27","modified_gmt":"2021-01-13T15:07:27","slug":"emelia-og-lilja-liv-valdar-i-aefingahop-u16","status":"publish","type":"post","link":"https:\/\/grotta.is\/en\/knattspyrnudeild\/emelia-og-lilja-liv-valdar-i-aefingahop-u16\/","title":{"rendered":"Emel\u00eda og Lilja L\u00edv valdar \u00ed \u00e6fingah\u00f3p U16"},"content":{"rendered":"<p>\u00de\u00e6r Emel\u00eda \u00d3skarsd\u00f3ttir og Lilja L\u00edv Margr\u00e9tard\u00f3ttir hafa veri\u00f0 valdar af J\u00f6rundi \u00c1ka Sveinssyni, landsli\u00f0s\u00fej\u00e1lfara U16 kvenna, til a\u00f0 \u00e6fa me\u00f0 U16 dagana 20.-22. jan\u00faar. Gr\u00f3tta er stolt af \u00fev\u00ed a\u00f0 eiga fulltr\u00faa \u00ed \u00feessum h\u00f3p en \u00fe\u00e6r Emel\u00eda og Lilja L\u00edv eru gr\u00ed\u00f0arlega efnilegar knattspyrnukonur. Emel\u00eda, sem er 14 \u00e1ra, spila\u00f0i 12 leiki me\u00f0 Gr\u00f3ttu \u00ed sumar og skora\u00f0i \u00ed \u00feeim eitt mark. Lilja L\u00edv, 15 \u00e1ra, l\u00e9k 7 leiki me\u00f0 Gr\u00f3ttu \u00ed sumar. Til hamingju stelpur ?<\/p><figure class=\"wp-block-image size-large\"><img fetchpriority=\"high\" decoding=\"async\" width=\"683\" height=\"1024\" src=\"https:\/\/grotta.is\/wp-content\/uploads\/2021\/01\/5D4_0168-683x1024.jpg\" alt=\"\" class=\"wp-image-260659\" srcset=\"https:\/\/grotta.is\/wp-content\/uploads\/2021\/01\/5D4_0168-683x1024.jpg 683w, https:\/\/grotta.is\/wp-content\/uploads\/2021\/01\/5D4_0168-200x300.jpg 200w, https:\/\/grotta.is\/wp-content\/uploads\/2021\/01\/5D4_0168-768x1152.jpg 768w, https:\/\/grotta.is\/wp-content\/uploads\/2021\/01\/5D4_0168-8x12.jpg 8w, https:\/\/grotta.is\/wp-content\/uploads\/2021\/01\/5D4_0168-600x900.jpg 600w, https:\/\/grotta.is\/wp-content\/uploads\/2021\/01\/5D4_0168.jpg 904w\" sizes=\"(max-width: 683px) 100vw, 683px\" \/><\/figure><figure class=\"wp-block-image size-large\"><img decoding=\"async\" width=\"683\" height=\"1024\" data-src=\"https:\/\/grotta.is\/wp-content\/uploads\/2021\/01\/5D4_7652-683x1024.jpg\" alt=\"\" class=\"wp-image-260664 lazyload\" data-srcset=\"https:\/\/grotta.is\/wp-content\/uploads\/2021\/01\/5D4_7652-683x1024.jpg 683w, https:\/\/grotta.is\/wp-content\/uploads\/2021\/01\/5D4_7652-200x300.jpg 200w, https:\/\/grotta.is\/wp-content\/uploads\/2021\/01\/5D4_7652-768x1152.jpg 768w, https:\/\/grotta.is\/wp-content\/uploads\/2021\/01\/5D4_7652-8x12.jpg 8w, https:\/\/grotta.is\/wp-content\/uploads\/2021\/01\/5D4_7652-600x900.jpg 600w, https:\/\/grotta.is\/wp-content\/uploads\/2021\/01\/5D4_7652.jpg 904w\" data-sizes=\"(max-width: 683px) 100vw, 683px\" src=\"data:image\/gif;base64,R0lGODlhAQABAAAAACH5BAEKAAEALAAAAAABAAEAAAICTAEAOw==\" style=\"--smush-placeholder-width: 683px; --smush-placeholder-aspect-ratio: 683\/1024;\" \/><\/figure>","protected":false},"excerpt":{"rendered":"<p>\u00de\u00e6r Emel\u00eda \u00d3skarsd\u00f3ttir og Lilja L\u00edv Margr\u00e9tard\u00f3ttir hafa veri\u00f0 valdar af J\u00f6rundi \u00c1ka Sveinssyni, landsli\u00f0s\u00fej\u00e1lfara U16 kvenna, til a\u00f0 \u00e6fa me\u00f0 U16 dagana 20.-22. jan\u00faar. Gr\u00f3tta er stolt af \u00fev\u00ed [&hellip;]<\/p>","protected":false},"author":4,"featured_media":260664,"comment_status":"closed","ping_status":"closed","sticky":false,"template":"","format":"standard","meta":{"footnotes":""},"categories":[7],"tags":[],"class_list":["post-260658","post","type-post","status-publish","format-standard","has-post-thumbnail","hentry","category-knattspyrnudeild"],"yoast_head":"<!-- This site is optimized with the Yoast SEO plugin v24.3 - https:\/\/yoast.com\/wordpress\/plugins\/seo\/ -->\n<title>Emel\u00eda og Lilja L\u00edv valdar \u00ed \u00e6fingah\u00f3p U16 - \u00cd\u00fer\u00f3ttaf\u00e9lagi\u00f0 Gr\u00f3tta<\/title>\n<meta name=\"robots\" content=\"index, follow, max-snippet:-1, max-image-preview:large, max-video-preview:-1\" \/>\n<link rel=\"canonical\" href=\"https:\/\/grotta.is\/en\/knattspyrnudeild\/emelia-og-lilja-liv-valdar-i-aefingahop-u16\/\" \/>\n<meta property=\"og:locale\" content=\"en_US\" \/>\n<meta property=\"og:type\" content=\"article\" \/>\n<meta property=\"og:title\" content=\"Emel\u00eda og Lilja L\u00edv valdar \u00ed \u00e6fingah\u00f3p U16 - \u00cd\u00fer\u00f3ttaf\u00e9lagi\u00f0 Gr\u00f3tta\" \/>\n<meta property=\"og:description\" content=\"\u00de\u00e6r Emel\u00eda \u00d3skarsd\u00f3ttir og Lilja L\u00edv Margr\u00e9tard\u00f3ttir hafa veri\u00f0 valdar af J\u00f6rundi \u00c1ka Sveinssyni, landsli\u00f0s\u00fej\u00e1lfara U16 kvenna, til a\u00f0 \u00e6fa me\u00f0 U16 dagana 20.-22. jan\u00faar. Gr\u00f3tta er stolt af \u00fev\u00ed [&hellip;]\" \/>\n<meta property=\"og:url\" content=\"https:\/\/grotta.is\/en\/knattspyrnudeild\/emelia-og-lilja-liv-valdar-i-aefingahop-u16\/\" \/>\n<meta property=\"og:site_name\" content=\"\u00cd\u00fer\u00f3ttaf\u00e9lagi\u00f0 Gr\u00f3tta\" \/>\n<meta property=\"article:publisher\" content=\"https:\/\/www.facebook.com\/grottasport\" \/>\n<meta property=\"article:published_time\" content=\"2021-01-13T15:07:25+00:00\" \/>\n<meta property=\"article:modified_time\" content=\"2021-01-13T15:07:27+00:00\" \/>\n<meta property=\"og:image\" content=\"https:\/\/grotta.is\/wp-content\/uploads\/2021\/01\/5D4_7652.jpg\" \/>\n\t<meta property=\"og:image:width\" content=\"904\" \/>\n\t<meta property=\"og:image:height\" content=\"1356\" \/>\n\t<meta property=\"og:image:type\" content=\"image\/jpeg\" \/>\n<meta name=\"author\" content=\"J\u00f3runn M. \u00deorsteinsd\u00f3ttir\" \/>\n<meta name=\"twitter:card\" content=\"summary_large_image\" \/>\n<meta name=\"twitter:label1\" content=\"Written by\" \/>\n\t<meta name=\"twitter:data1\" content=\"J\u00f3runn M. \u00deorsteinsd\u00f3ttir\" \/>\n<script type=\"application\/ld+json\" class=\"yoast-schema-graph\">{\"@context\":\"https:\/\/schema.org\",\"@graph\":[{\"@type\":\"Article\",\"@id\":\"https:\/\/grotta.is\/knattspyrnudeild\/emelia-og-lilja-liv-valdar-i-aefingahop-u16\/#article\",\"isPartOf\":{\"@id\":\"https:\/\/grotta.is\/knattspyrnudeild\/emelia-og-lilja-liv-valdar-i-aefingahop-u16\/\"},\"author\":{\"name\":\"J\u00f3runn M. \u00deorsteinsd\u00f3ttir\",\"@id\":\"https:\/\/grotta.is\/#\/schema\/person\/f1fea6a85a554e8069771c3486efbd84\"},\"headline\":\"Emel\u00eda og Lilja L\u00edv valdar \u00ed \u00e6fingah\u00f3p U16\",\"datePublished\":\"2021-01-13T15:07:25+00:00\",\"dateModified\":\"2021-01-13T15:07:27+00:00\",\"mainEntityOfPage\":{\"@id\":\"https:\/\/grotta.is\/knattspyrnudeild\/emelia-og-lilja-liv-valdar-i-aefingahop-u16\/\"},\"wordCount\":103,\"publisher\":{\"@id\":\"https:\/\/grotta.is\/#organization\"},\"image\":{\"@id\":\"https:\/\/grotta.is\/knattspyrnudeild\/emelia-og-lilja-liv-valdar-i-aefingahop-u16\/#primaryimage\"},\"thumbnailUrl\":\"https:\/\/grotta.is\/wp-content\/uploads\/2021\/01\/5D4_7652.jpg\",\"articleSection\":[\"Knattspyrnudeild\"],\"inLanguage\":\"en-US\"},{\"@type\":\"WebPage\",\"@id\":\"https:\/\/grotta.is\/knattspyrnudeild\/emelia-og-lilja-liv-valdar-i-aefingahop-u16\/\",\"url\":\"https:\/\/grotta.is\/knattspyrnudeild\/emelia-og-lilja-liv-valdar-i-aefingahop-u16\/\",\"name\":\"Emel\u00eda og Lilja L\u00edv valdar \u00ed \u00e6fingah\u00f3p U16 - \u00cd\u00fer\u00f3ttaf\u00e9lagi\u00f0 Gr\u00f3tta\",\"isPartOf\":{\"@id\":\"https:\/\/grotta.is\/#website\"},\"primaryImageOfPage\":{\"@id\":\"https:\/\/grotta.is\/knattspyrnudeild\/emelia-og-lilja-liv-valdar-i-aefingahop-u16\/#primaryimage\"},\"image\":{\"@id\":\"https:\/\/grotta.is\/knattspyrnudeild\/emelia-og-lilja-liv-valdar-i-aefingahop-u16\/#primaryimage\"},\"thumbnailUrl\":\"https:\/\/grotta.is\/wp-content\/uploads\/2021\/01\/5D4_7652.jpg\",\"datePublished\":\"2021-01-13T15:07:25+00:00\",\"dateModified\":\"2021-01-13T15:07:27+00:00\",\"breadcrumb\":{\"@id\":\"https:\/\/grotta.is\/knattspyrnudeild\/emelia-og-lilja-liv-valdar-i-aefingahop-u16\/#breadcrumb\"},\"inLanguage\":\"en-US\",\"potentialAction\":[{\"@type\":\"ReadAction\",\"target\":[\"https:\/\/grotta.is\/knattspyrnudeild\/emelia-og-lilja-liv-valdar-i-aefingahop-u16\/\"]}]},{\"@type\":\"ImageObject\",\"inLanguage\":\"en-US\",\"@id\":\"https:\/\/grotta.is\/knattspyrnudeild\/emelia-og-lilja-liv-valdar-i-aefingahop-u16\/#primaryimage\",\"url\":\"https:\/\/grotta.is\/wp-content\/uploads\/2021\/01\/5D4_7652.jpg\",\"contentUrl\":\"https:\/\/grotta.is\/wp-content\/uploads\/2021\/01\/5D4_7652.jpg\",\"width\":904,\"height\":1356},{\"@type\":\"BreadcrumbList\",\"@id\":\"https:\/\/grotta.is\/knattspyrnudeild\/emelia-og-lilja-liv-valdar-i-aefingahop-u16\/#breadcrumb\",\"itemListElement\":[{\"@type\":\"ListItem\",\"position\":1,\"name\":\"Home\",\"item\":\"https:\/\/grotta.is\/\"},{\"@type\":\"ListItem\",\"position\":2,\"name\":\"Emel\u00eda og Lilja L\u00edv valdar \u00ed \u00e6fingah\u00f3p U16\"}]},{\"@type\":\"WebSite\",\"@id\":\"https:\/\/grotta.is\/#website\",\"url\":\"https:\/\/grotta.is\/\",\"name\":\"\u00cd\u00fer\u00f3ttaf\u00e9lagi\u00f0 Gr\u00f3tta\",\"description\":\"\u00e1 Seltjarnarnesi\",\"publisher\":{\"@id\":\"https:\/\/grotta.is\/#organization\"},\"potentialAction\":[{\"@type\":\"SearchAction\",\"target\":{\"@type\":\"EntryPoint\",\"urlTemplate\":\"https:\/\/grotta.is\/?s={search_term_string}\"},\"query-input\":{\"@type\":\"PropertyValueSpecification\",\"valueRequired\":true,\"valueName\":\"search_term_string\"}}],\"inLanguage\":\"en-US\"},{\"@type\":\"Organization\",\"@id\":\"https:\/\/grotta.is\/#organization\",\"name\":\"\u00cd\u00fer\u00f3ttaf\u00e9lagi\u00f0 Gr\u00f3tta\",\"url\":\"https:\/\/grotta.is\/\",\"logo\":{\"@type\":\"ImageObject\",\"inLanguage\":\"en-US\",\"@id\":\"https:\/\/grotta.is\/#\/schema\/logo\/image\/\",\"url\":\"https:\/\/grotta.is\/wp-content\/uploads\/2020\/02\/ithrottafelagidgrotta_logo_512x512_transparent.png\",\"contentUrl\":\"https:\/\/grotta.is\/wp-content\/uploads\/2020\/02\/ithrottafelagidgrotta_logo_512x512_transparent.png\",\"width\":512,\"height\":512,\"caption\":\"\u00cd\u00fer\u00f3ttaf\u00e9lagi\u00f0 Gr\u00f3tta\"},\"image\":{\"@id\":\"https:\/\/grotta.is\/#\/schema\/logo\/image\/\"},\"sameAs\":[\"https:\/\/www.facebook.com\/grottasport\"]},{\"@type\":\"Person\",\"@id\":\"https:\/\/grotta.is\/#\/schema\/person\/f1fea6a85a554e8069771c3486efbd84\",\"name\":\"J\u00f3runn M. \u00deorsteinsd\u00f3ttir\",\"url\":\"https:\/\/grotta.is\/en\/author\/jorunn\/\"}]}<\/script>\n<!-- \/ Yoast SEO plugin. -->","yoast_head_json":{"title":"Emel\u00eda og Lilja L\u00edv valdar \u00ed \u00e6fingah\u00f3p U16 - \u00cd\u00fer\u00f3ttaf\u00e9lagi\u00f0 Gr\u00f3tta","robots":{"index":"index","follow":"follow","max-snippet":"max-snippet:-1","max-image-preview":"max-image-preview:large","max-video-preview":"max-video-preview:-1"},"canonical":"https:\/\/grotta.is\/en\/knattspyrnudeild\/emelia-og-lilja-liv-valdar-i-aefingahop-u16\/","og_locale":"en_US","og_type":"article","og_title":"Emel\u00eda og Lilja L\u00edv valdar \u00ed \u00e6fingah\u00f3p U16 - \u00cd\u00fer\u00f3ttaf\u00e9lagi\u00f0 Gr\u00f3tta","og_description":"\u00de\u00e6r Emel\u00eda \u00d3skarsd\u00f3ttir og Lilja L\u00edv Margr\u00e9tard\u00f3ttir hafa veri\u00f0 valdar af J\u00f6rundi \u00c1ka Sveinssyni, landsli\u00f0s\u00fej\u00e1lfara U16 kvenna, til a\u00f0 \u00e6fa me\u00f0 U16 dagana 20.-22. jan\u00faar. Gr\u00f3tta er stolt af \u00fev\u00ed [&hellip;]","og_url":"https:\/\/grotta.is\/en\/knattspyrnudeild\/emelia-og-lilja-liv-valdar-i-aefingahop-u16\/","og_site_name":"\u00cd\u00fer\u00f3ttaf\u00e9lagi\u00f0 Gr\u00f3tta","article_publisher":"https:\/\/www.facebook.com\/grottasport","article_published_time":"2021-01-13T15:07:25+00:00","article_modified_time":"2021-01-13T15:07:27+00:00","og_image":[{"width":904,"height":1356,"url":"https:\/\/grotta.is\/wp-content\/uploads\/2021\/01\/5D4_7652.jpg","type":"image\/jpeg"}],"author":"J\u00f3runn M. \u00deorsteinsd\u00f3ttir","twitter_card":"summary_large_image","twitter_misc":{"Written by":"J\u00f3runn M. \u00deorsteinsd\u00f3ttir"},"schema":{"@context":"https:\/\/schema.org","@graph":[{"@type":"Article","@id":"https:\/\/grotta.is\/knattspyrnudeild\/emelia-og-lilja-liv-valdar-i-aefingahop-u16\/#article","isPartOf":{"@id":"https:\/\/grotta.is\/knattspyrnudeild\/emelia-og-lilja-liv-valdar-i-aefingahop-u16\/"},"author":{"name":"J\u00f3runn M. \u00deorsteinsd\u00f3ttir","@id":"https:\/\/grotta.is\/#\/schema\/person\/f1fea6a85a554e8069771c3486efbd84"},"headline":"Emel\u00eda og Lilja L\u00edv valdar \u00ed \u00e6fingah\u00f3p U16","datePublished":"2021-01-13T15:07:25+00:00","dateModified":"2021-01-13T15:07:27+00:00","mainEntityOfPage":{"@id":"https:\/\/grotta.is\/knattspyrnudeild\/emelia-og-lilja-liv-valdar-i-aefingahop-u16\/"},"wordCount":103,"publisher":{"@id":"https:\/\/grotta.is\/#organization"},"image":{"@id":"https:\/\/grotta.is\/knattspyrnudeild\/emelia-og-lilja-liv-valdar-i-aefingahop-u16\/#primaryimage"},"thumbnailUrl":"https:\/\/grotta.is\/wp-content\/uploads\/2021\/01\/5D4_7652.jpg","articleSection":["Knattspyrnudeild"],"inLanguage":"en-US"},{"@type":"WebPage","@id":"https:\/\/grotta.is\/knattspyrnudeild\/emelia-og-lilja-liv-valdar-i-aefingahop-u16\/","url":"https:\/\/grotta.is\/knattspyrnudeild\/emelia-og-lilja-liv-valdar-i-aefingahop-u16\/","name":"Emel\u00eda og Lilja L\u00edv valdar \u00ed \u00e6fingah\u00f3p U16 - \u00cd\u00fer\u00f3ttaf\u00e9lagi\u00f0 Gr\u00f3tta","isPartOf":{"@id":"https:\/\/grotta.is\/#website"},"primaryImageOfPage":{"@id":"https:\/\/grotta.is\/knattspyrnudeild\/emelia-og-lilja-liv-valdar-i-aefingahop-u16\/#primaryimage"},"image":{"@id":"https:\/\/grotta.is\/knattspyrnudeild\/emelia-og-lilja-liv-valdar-i-aefingahop-u16\/#primaryimage"},"thumbnailUrl":"https:\/\/grotta.is\/wp-content\/uploads\/2021\/01\/5D4_7652.jpg","datePublished":"2021-01-13T15:07:25+00:00","dateModified":"2021-01-13T15:07:27+00:00","breadcrumb":{"@id":"https:\/\/grotta.is\/knattspyrnudeild\/emelia-og-lilja-liv-valdar-i-aefingahop-u16\/#breadcrumb"},"inLanguage":"en-US","potentialAction":[{"@type":"ReadAction","target":["https:\/\/grotta.is\/knattspyrnudeild\/emelia-og-lilja-liv-valdar-i-aefingahop-u16\/"]}]},{"@type":"ImageObject","inLanguage":"en-US","@id":"https:\/\/grotta.is\/knattspyrnudeild\/emelia-og-lilja-liv-valdar-i-aefingahop-u16\/#primaryimage","url":"https:\/\/grotta.is\/wp-content\/uploads\/2021\/01\/5D4_7652.jpg","contentUrl":"https:\/\/grotta.is\/wp-content\/uploads\/2021\/01\/5D4_7652.jpg","width":904,"height":1356},{"@type":"BreadcrumbList","@id":"https:\/\/grotta.is\/knattspyrnudeild\/emelia-og-lilja-liv-valdar-i-aefingahop-u16\/#breadcrumb","itemListElement":[{"@type":"ListItem","position":1,"name":"Home","item":"https:\/\/grotta.is\/"},{"@type":"ListItem","position":2,"name":"Emel\u00eda og Lilja L\u00edv valdar \u00ed \u00e6fingah\u00f3p U16"}]},{"@type":"WebSite","@id":"https:\/\/grotta.is\/#website","url":"https:\/\/grotta.is\/","name":"\u00cd\u00fer\u00f3ttaf\u00e9lagi\u00f0 Gr\u00f3tta","description":"\u00e1 Seltjarnarnesi","publisher":{"@id":"https:\/\/grotta.is\/#organization"},"potentialAction":[{"@type":"SearchAction","target":{"@type":"EntryPoint","urlTemplate":"https:\/\/grotta.is\/?s={search_term_string}"},"query-input":{"@type":"PropertyValueSpecification","valueRequired":true,"valueName":"search_term_string"}}],"inLanguage":"en-US"},{"@type":"Organization","@id":"https:\/\/grotta.is\/#organization","name":"\u00cd\u00fer\u00f3ttaf\u00e9lagi\u00f0 Gr\u00f3tta","url":"https:\/\/grotta.is\/","logo":{"@type":"ImageObject","inLanguage":"en-US","@id":"https:\/\/grotta.is\/#\/schema\/logo\/image\/","url":"https:\/\/grotta.is\/wp-content\/uploads\/2020\/02\/ithrottafelagidgrotta_logo_512x512_transparent.png","contentUrl":"https:\/\/grotta.is\/wp-content\/uploads\/2020\/02\/ithrottafelagidgrotta_logo_512x512_transparent.png","width":512,"height":512,"caption":"\u00cd\u00fer\u00f3ttaf\u00e9lagi\u00f0 Gr\u00f3tta"},"image":{"@id":"https:\/\/grotta.is\/#\/schema\/logo\/image\/"},"sameAs":["https:\/\/www.facebook.com\/grottasport"]},{"@type":"Person","@id":"https:\/\/grotta.is\/#\/schema\/person\/f1fea6a85a554e8069771c3486efbd84","name":"J\u00f3runn M. \u00deorsteinsd\u00f3ttir","url":"https:\/\/grotta.is\/en\/author\/jorunn\/"}]}},"_links":{"self":[{"href":"https:\/\/grotta.is\/en\/wp-json\/wp\/v2\/posts\/260658","targetHints":{"allow":["GET"]}}],"collection":[{"href":"https:\/\/grotta.is\/en\/wp-json\/wp\/v2\/posts"}],"about":[{"href":"https:\/\/grotta.is\/en\/wp-json\/wp\/v2\/types\/post"}],"author":[{"embeddable":true,"href":"https:\/\/grotta.is\/en\/wp-json\/wp\/v2\/users\/4"}],"replies":[{"embeddable":true,"href":"https:\/\/grotta.is\/en\/wp-json\/wp\/v2\/comments?post=260658"}],"version-history":[{"count":1,"href":"https:\/\/grotta.is\/en\/wp-json\/wp\/v2\/posts\/260658\/revisions"}],"predecessor-version":[{"id":260705,"href":"https:\/\/grotta.is\/en\/wp-json\/wp\/v2\/posts\/260658\/revisions\/260705"}],"wp:featuredmedia":[{"embeddable":true,"href":"https:\/\/grotta.is\/en\/wp-json\/wp\/v2\/media\/260664"}],"wp:attachment":[{"href":"https:\/\/grotta.is\/en\/wp-json\/wp\/v2\/media?parent=260658"}],"wp:term":[{"taxonomy":"category","embeddable":true,"href":"https:\/\/grotta.is\/en\/wp-json\/wp\/v2\/categories?post=260658"},{"taxonomy":"post_tag","embeddable":true,"href":"https:\/\/grotta.is\/en\/wp-json\/wp\/v2\/tags?post=260658"}],"curies":[{"name":"wp","href":"https:\/\/api.w.org\/{rel}","templated":true}]}}