{"id":2596,"date":"2018-10-10T15:24:20","date_gmt":"2018-10-10T15:24:20","guid":{"rendered":"https:\/\/grotta.is\/?p=2596"},"modified":"2020-04-23T15:27:52","modified_gmt":"2020-04-23T15:27:52","slug":"fyluferd-i-arbaeinn","status":"publish","type":"post","link":"https:\/\/grotta.is\/en\/handknattleiksdeild\/fyluferd-i-arbaeinn\/","title":{"rendered":"F\u00fdlufer\u00f0 \u00ed \u00c1rb\u00e6inn"},"content":{"rendered":"<p>Gr\u00f3ttu-stelpur ger\u00f0u s\u00e9r fer\u00f0 \u00e1 f\u00f6studagskv\u00f6ldi\u00f0 upp \u00ed \u00c1rb\u00e6, n\u00e1nar tilteki\u00f0 \u00ed Fylkis-h\u00f6llina \u00fear sem \u00fe\u00e6r m\u00e6ttu heimast\u00falkum \u00ed Fylki \u00ed 4.umfer\u00f0 Grill-66 deildinni. Stelpurnar h\u00f6f\u00f0u byrja\u00f0 t\u00edmabili\u00f0 \u00e1g\u00e6tlega en eftir skell \u00ed fyrsta leik li\u00f0sins voru komnir 2 sigurleikir \u00ed r\u00f6\u00f0 \u00e1 t\u00f6fluna og \u00fev\u00ed miki\u00f0 sj\u00e1lfstraust \u00ed li\u00f0inu fyrir \u00feennan leik gegn Fylki.<\/p><p>Leikurinn byrja\u00f0i af miklum krafti og var nokku\u00f0 lj\u00f3st a\u00f0 Gr\u00f3ttu-stelpur \u00e6tlu\u00f0u s\u00e9r ekki a\u00f0 gefa heimali\u00f0inu neitt gefins \u00ed \u00feessum leik. Gr\u00f3ttu-stelpur komust \u00ed 4-2 \u00ed byrjun leiks og \u00ed kj\u00f6lfari\u00f0 skiptust li\u00f0in \u00e1 a\u00f0 lei\u00f0a leikinn me\u00f0 1-2 m\u00f6rkum til skiptis, \u00fea\u00f0 var ekki fyrr en \u00ed lok h\u00e1lfleiksins sem Fylkis-stelpur g\u00e1fu \u00f6rl\u00edti\u00f0 \u00ed og endu\u00f0u me\u00f0 2ja marka forystu \u00ed h\u00e1lfleik 10-8. \u00dea\u00f0 voru \u00fe\u00f3 lj\u00f3sir punktar \u00e1 leik li\u00f0sins og lj\u00f3st a\u00f0 miklir m\u00f6guleikar voru \u00ed s\u00ed\u00f0ari h\u00e1lfleik a\u00f0 reyna stela sigrinum.<\/p><p>En anna\u00f0 \u00e1tti eftir a\u00f0 koma \u00e1 daginn og er s\u00ed\u00f0ari h\u00e1lfleikur \u00feessa leiks sennilega eitthva\u00f0 sem okkar stelpur vilja gleyma sem allra fyrst. Fylkis-stelpur gj\u00f6rsamlega v\u00f6ltu\u00f0u yfir okkar st\u00falkur \u00ed upphafi s\u00ed\u00f0ari h\u00e1lfleiks og refsu\u00f0u hverjum t\u00f6pu\u00f0um bolta Gr\u00f3ttu-stelpna me\u00f0 hra\u00f0aupphlaupum og allt \u00ed einu var sta\u00f0an or\u00f0in 18-10 heimast\u00falkum \u00ed vil. Ef ekki hef\u00f0i veri\u00f0 fyrir Sunnevu \u00ed markinu sem var\u00f0i \u00fe\u00f3 sinn skerf af dau\u00f0af\u00e6rum hef\u00f0i sta\u00f0an veri\u00f0 mun verri. \u00c1 endanum var lokasta\u00f0a leiksins 21-13 og skoru\u00f0u Gr\u00f3ttu-stelpur \u00fev\u00ed a\u00f0eins 5 m\u00f6rk \u00ed s\u00ed\u00f0ari h\u00e1lfleik. Lj\u00f3si punkturinn \u00ed \u00feessum leik var \u00fe\u00f3 a\u00f0 ungu stelpurnar \u00ed li\u00f0inu fengu d\u00fdrm\u00e6tar m\u00edn\u00fatur \u00ed s\u00ed\u00f0ari h\u00e1lfleik og koma \u00far \u00feessum leik reynslunni r\u00edkari.<\/p><p>Eins og \u00e1\u00f0ur kom fram var \u00fea\u00f0 s\u00f3knarleikurinn \u00ed s\u00ed\u00f0ari h\u00e1lfleik sem var\u00f0 Gr\u00f3ttu-li\u00f0inu a\u00f0 falli sem Fylkis-stelpur n\u00fdttu s\u00e9r grimmt og ringdi \u00e1 t\u00edmabilum hra\u00f0aupphlaupum yfir Gr\u00f3ttu-stelpur. \u00dea\u00f0 ver\u00f0ur \u00fe\u00f3 a\u00f0 nefna a\u00f0 nokku\u00f0 var um forf\u00f6ll \u00ed Gr\u00f3ttu-li\u00f0inu sem hj\u00e1lpa\u00f0i ekki til.<\/p><p>Gr\u00f3ttu-stelpur f\u00e1 \u00fe\u00f3 t\u00e6kif\u00e6ri til a\u00f0 kvitta fyrir \u00feennan leik \u00e1 heimavelli \u00ed n\u00e6stu umfer\u00f0 \u00feegar \u00fe\u00e6r m\u00e6ta FH \u00feri\u00f0judaginn 23.okt\u00f3ber n.k<\/p><p><strong>Markah\u00e6star \u00ed Gr\u00f3tttu-li\u00f0inu<\/strong><\/p><ul class=\"wp-block-list\"><li>Gu\u00f0r\u00fan \u00deorl\u00e1ksd\u00f3ttir \u2013 4 m\u00f6rk<\/li><li>Tinna Valger\u00f0ur \u2013 2 m\u00f6rk<\/li><li>Katr\u00edn Helga \u2013 2 m\u00f6rk<\/li><li>A\u00f0rar minna<\/li><\/ul><p>Soff\u00eda byrja\u00f0i leikinn \u00ed markinu og var\u00f0i vel \u00ed upphafi leiks en fjara\u00f0i undan um mi\u00f0jan fyrri h\u00e1lfleik. Sunneva kom \u00fe\u00e1 \u00ed marki\u00f0 og bjarga\u00f0i \u00fev\u00ed sem bjarga\u00f0 var \u00fat leikinn en h\u00fan var\u00f0i oft vel \u00far dau\u00f0af\u00e6rum Fylkis-st\u00falkna \u00ed s\u00ed\u00f0ari h\u00e1lfleik.<\/p>","protected":false},"excerpt":{"rendered":"<p>Gr\u00f3ttu-stelpur ger\u00f0u s\u00e9r fer\u00f0 \u00e1 f\u00f6studagskv\u00f6ldi\u00f0 upp \u00ed \u00c1rb\u00e6, n\u00e1nar tilteki\u00f0 \u00ed Fylkis-h\u00f6llina \u00fear sem \u00fe\u00e6r m\u00e6ttu heimast\u00falkum \u00ed Fylki \u00ed 4.umfer\u00f0 Grill-66 deildinni. Stelpurnar h\u00f6f\u00f0u byrja\u00f0 t\u00edmabili\u00f0 \u00e1g\u00e6tlega en eftir skell \u00ed fyrsta leik li\u00f0sins voru komnir 2 sigurleikir \u00ed r\u00f6\u00f0 \u00e1 t\u00f6fluna og \u00fev\u00ed miki\u00f0 sj\u00e1lfstraust \u00ed li\u00f0inu fyrir \u00feennan leik gegn Fylki.<\/p>","protected":false},"author":2,"featured_media":2600,"comment_status":"closed","ping_status":"closed","sticky":false,"template":"","format":"standard","meta":{"footnotes":""},"categories":[12],"tags":[13,18],"class_list":["post-2596","post","type-post","status-publish","format-standard","has-post-thumbnail","hentry","category-handknattleiksdeild","tag-handbolti","tag-mfl-kvk"],"yoast_head":"<!-- This site is optimized with the Yoast SEO plugin v24.3 - https:\/\/yoast.com\/wordpress\/plugins\/seo\/ -->\n<title>F\u00fdlufer\u00f0 \u00ed \u00c1rb\u00e6inn - \u00cd\u00fer\u00f3ttaf\u00e9lagi\u00f0 Gr\u00f3tta<\/title>\n<meta name=\"robots\" content=\"index, follow, max-snippet:-1, max-image-preview:large, max-video-preview:-1\" \/>\n<link rel=\"canonical\" href=\"https:\/\/grotta.is\/en\/handknattleiksdeild\/fyluferd-i-arbaeinn\/\" \/>\n<meta property=\"og:locale\" content=\"en_US\" \/>\n<meta property=\"og:type\" content=\"article\" \/>\n<meta property=\"og:title\" content=\"F\u00fdlufer\u00f0 \u00ed \u00c1rb\u00e6inn - \u00cd\u00fer\u00f3ttaf\u00e9lagi\u00f0 Gr\u00f3tta\" \/>\n<meta property=\"og:description\" content=\"Gr\u00f3ttu-stelpur ger\u00f0u s\u00e9r fer\u00f0 \u00e1 f\u00f6studagskv\u00f6ldi\u00f0 upp \u00ed \u00c1rb\u00e6, n\u00e1nar tilteki\u00f0 \u00ed Fylkis-h\u00f6llina \u00fear sem \u00fe\u00e6r m\u00e6ttu heimast\u00falkum \u00ed Fylki \u00ed 4.umfer\u00f0 Grill-66 deildinni. Stelpurnar h\u00f6f\u00f0u byrja\u00f0 t\u00edmabili\u00f0 \u00e1g\u00e6tlega en eftir skell \u00ed fyrsta leik li\u00f0sins voru komnir 2 sigurleikir \u00ed r\u00f6\u00f0 \u00e1 t\u00f6fluna og \u00fev\u00ed miki\u00f0 sj\u00e1lfstraust \u00ed li\u00f0inu fyrir \u00feennan leik gegn Fylki.\" \/>\n<meta property=\"og:url\" content=\"https:\/\/grotta.is\/en\/handknattleiksdeild\/fyluferd-i-arbaeinn\/\" \/>\n<meta property=\"og:site_name\" content=\"\u00cd\u00fer\u00f3ttaf\u00e9lagi\u00f0 Gr\u00f3tta\" \/>\n<meta property=\"article:publisher\" content=\"https:\/\/www.facebook.com\/grottasport\" \/>\n<meta property=\"article:published_time\" content=\"2018-10-10T15:24:20+00:00\" \/>\n<meta property=\"article:modified_time\" content=\"2020-04-23T15:27:52+00:00\" \/>\n<meta property=\"og:image\" content=\"https:\/\/grotta.is\/wp-content\/uploads\/2018\/10\/grotta_handbolti_mflkvk-11.jpg\" \/>\n\t<meta property=\"og:image:width\" content=\"1231\" \/>\n\t<meta property=\"og:image:height\" content=\"879\" \/>\n\t<meta property=\"og:image:type\" content=\"image\/jpeg\" \/>\n<meta name=\"author\" content=\"Grotta\" \/>\n<meta name=\"twitter:card\" content=\"summary_large_image\" \/>\n<meta name=\"twitter:label1\" content=\"Written by\" \/>\n\t<meta name=\"twitter:data1\" content=\"Grotta\" \/>\n\t<meta name=\"twitter:label2\" content=\"Est. reading time\" \/>\n\t<meta name=\"twitter:data2\" content=\"2 minutes\" \/>\n<script type=\"application\/ld+json\" class=\"yoast-schema-graph\">{\"@context\":\"https:\/\/schema.org\",\"@graph\":[{\"@type\":\"Article\",\"@id\":\"https:\/\/grotta.is\/handknattleiksdeild\/fyluferd-i-arbaeinn\/#article\",\"isPartOf\":{\"@id\":\"https:\/\/grotta.is\/handknattleiksdeild\/fyluferd-i-arbaeinn\/\"},\"author\":{\"name\":\"Grotta\",\"@id\":\"https:\/\/grotta.is\/#\/schema\/person\/08ec57bf09ee925f1b6a01540c14a5ce\"},\"headline\":\"F\u00fdlufer\u00f0 \u00ed \u00c1rb\u00e6inn\",\"datePublished\":\"2018-10-10T15:24:20+00:00\",\"dateModified\":\"2020-04-23T15:27:52+00:00\",\"mainEntityOfPage\":{\"@id\":\"https:\/\/grotta.is\/handknattleiksdeild\/fyluferd-i-arbaeinn\/\"},\"wordCount\":462,\"publisher\":{\"@id\":\"https:\/\/grotta.is\/#organization\"},\"image\":{\"@id\":\"https:\/\/grotta.is\/handknattleiksdeild\/fyluferd-i-arbaeinn\/#primaryimage\"},\"thumbnailUrl\":\"https:\/\/grotta.is\/wp-content\/uploads\/2018\/10\/grotta_handbolti_mflkvk-11.jpg\",\"keywords\":[\"Handbolti\",\"Mfl.kvk\"],\"articleSection\":[\"Handknattleiksdeild\"],\"inLanguage\":\"en-US\"},{\"@type\":\"WebPage\",\"@id\":\"https:\/\/grotta.is\/handknattleiksdeild\/fyluferd-i-arbaeinn\/\",\"url\":\"https:\/\/grotta.is\/handknattleiksdeild\/fyluferd-i-arbaeinn\/\",\"name\":\"F\u00fdlufer\u00f0 \u00ed \u00c1rb\u00e6inn - \u00cd\u00fer\u00f3ttaf\u00e9lagi\u00f0 Gr\u00f3tta\",\"isPartOf\":{\"@id\":\"https:\/\/grotta.is\/#website\"},\"primaryImageOfPage\":{\"@id\":\"https:\/\/grotta.is\/handknattleiksdeild\/fyluferd-i-arbaeinn\/#primaryimage\"},\"image\":{\"@id\":\"https:\/\/grotta.is\/handknattleiksdeild\/fyluferd-i-arbaeinn\/#primaryimage\"},\"thumbnailUrl\":\"https:\/\/grotta.is\/wp-content\/uploads\/2018\/10\/grotta_handbolti_mflkvk-11.jpg\",\"datePublished\":\"2018-10-10T15:24:20+00:00\",\"dateModified\":\"2020-04-23T15:27:52+00:00\",\"breadcrumb\":{\"@id\":\"https:\/\/grotta.is\/handknattleiksdeild\/fyluferd-i-arbaeinn\/#breadcrumb\"},\"inLanguage\":\"en-US\",\"potentialAction\":[{\"@type\":\"ReadAction\",\"target\":[\"https:\/\/grotta.is\/handknattleiksdeild\/fyluferd-i-arbaeinn\/\"]}]},{\"@type\":\"ImageObject\",\"inLanguage\":\"en-US\",\"@id\":\"https:\/\/grotta.is\/handknattleiksdeild\/fyluferd-i-arbaeinn\/#primaryimage\",\"url\":\"https:\/\/grotta.is\/wp-content\/uploads\/2018\/10\/grotta_handbolti_mflkvk-11.jpg\",\"contentUrl\":\"https:\/\/grotta.is\/wp-content\/uploads\/2018\/10\/grotta_handbolti_mflkvk-11.jpg\",\"width\":1231,\"height\":879},{\"@type\":\"BreadcrumbList\",\"@id\":\"https:\/\/grotta.is\/handknattleiksdeild\/fyluferd-i-arbaeinn\/#breadcrumb\",\"itemListElement\":[{\"@type\":\"ListItem\",\"position\":1,\"name\":\"Home\",\"item\":\"https:\/\/grotta.is\/\"},{\"@type\":\"ListItem\",\"position\":2,\"name\":\"F\u00fdlufer\u00f0 \u00ed \u00c1rb\u00e6inn\"}]},{\"@type\":\"WebSite\",\"@id\":\"https:\/\/grotta.is\/#website\",\"url\":\"https:\/\/grotta.is\/\",\"name\":\"\u00cd\u00fer\u00f3ttaf\u00e9lagi\u00f0 Gr\u00f3tta\",\"description\":\"\u00e1 Seltjarnarnesi\",\"publisher\":{\"@id\":\"https:\/\/grotta.is\/#organization\"},\"potentialAction\":[{\"@type\":\"SearchAction\",\"target\":{\"@type\":\"EntryPoint\",\"urlTemplate\":\"https:\/\/grotta.is\/?s={search_term_string}\"},\"query-input\":{\"@type\":\"PropertyValueSpecification\",\"valueRequired\":true,\"valueName\":\"search_term_string\"}}],\"inLanguage\":\"en-US\"},{\"@type\":\"Organization\",\"@id\":\"https:\/\/grotta.is\/#organization\",\"name\":\"\u00cd\u00fer\u00f3ttaf\u00e9lagi\u00f0 Gr\u00f3tta\",\"url\":\"https:\/\/grotta.is\/\",\"logo\":{\"@type\":\"ImageObject\",\"inLanguage\":\"en-US\",\"@id\":\"https:\/\/grotta.is\/#\/schema\/logo\/image\/\",\"url\":\"https:\/\/grotta.is\/wp-content\/uploads\/2020\/02\/ithrottafelagidgrotta_logo_512x512_transparent.png\",\"contentUrl\":\"https:\/\/grotta.is\/wp-content\/uploads\/2020\/02\/ithrottafelagidgrotta_logo_512x512_transparent.png\",\"width\":512,\"height\":512,\"caption\":\"\u00cd\u00fer\u00f3ttaf\u00e9lagi\u00f0 Gr\u00f3tta\"},\"image\":{\"@id\":\"https:\/\/grotta.is\/#\/schema\/logo\/image\/\"},\"sameAs\":[\"https:\/\/www.facebook.com\/grottasport\"]},{\"@type\":\"Person\",\"@id\":\"https:\/\/grotta.is\/#\/schema\/person\/08ec57bf09ee925f1b6a01540c14a5ce\",\"name\":\"Grotta\",\"url\":\"https:\/\/grotta.is\/en\/author\/inga\/\"}]}<\/script>\n<!-- \/ Yoast SEO plugin. -->","yoast_head_json":{"title":"F\u00fdlufer\u00f0 \u00ed \u00c1rb\u00e6inn - \u00cd\u00fer\u00f3ttaf\u00e9lagi\u00f0 Gr\u00f3tta","robots":{"index":"index","follow":"follow","max-snippet":"max-snippet:-1","max-image-preview":"max-image-preview:large","max-video-preview":"max-video-preview:-1"},"canonical":"https:\/\/grotta.is\/en\/handknattleiksdeild\/fyluferd-i-arbaeinn\/","og_locale":"en_US","og_type":"article","og_title":"F\u00fdlufer\u00f0 \u00ed \u00c1rb\u00e6inn - \u00cd\u00fer\u00f3ttaf\u00e9lagi\u00f0 Gr\u00f3tta","og_description":"Gr\u00f3ttu-stelpur ger\u00f0u s\u00e9r fer\u00f0 \u00e1 f\u00f6studagskv\u00f6ldi\u00f0 upp \u00ed \u00c1rb\u00e6, n\u00e1nar tilteki\u00f0 \u00ed Fylkis-h\u00f6llina \u00fear sem \u00fe\u00e6r m\u00e6ttu heimast\u00falkum \u00ed Fylki \u00ed 4.umfer\u00f0 Grill-66 deildinni. Stelpurnar h\u00f6f\u00f0u byrja\u00f0 t\u00edmabili\u00f0 \u00e1g\u00e6tlega en eftir skell \u00ed fyrsta leik li\u00f0sins voru komnir 2 sigurleikir \u00ed r\u00f6\u00f0 \u00e1 t\u00f6fluna og \u00fev\u00ed miki\u00f0 sj\u00e1lfstraust \u00ed li\u00f0inu fyrir \u00feennan leik gegn Fylki.","og_url":"https:\/\/grotta.is\/en\/handknattleiksdeild\/fyluferd-i-arbaeinn\/","og_site_name":"\u00cd\u00fer\u00f3ttaf\u00e9lagi\u00f0 Gr\u00f3tta","article_publisher":"https:\/\/www.facebook.com\/grottasport","article_published_time":"2018-10-10T15:24:20+00:00","article_modified_time":"2020-04-23T15:27:52+00:00","og_image":[{"width":1231,"height":879,"url":"https:\/\/grotta.is\/wp-content\/uploads\/2018\/10\/grotta_handbolti_mflkvk-11.jpg","type":"image\/jpeg"}],"author":"Grotta","twitter_card":"summary_large_image","twitter_misc":{"Written by":"Grotta","Est. reading time":"2 minutes"},"schema":{"@context":"https:\/\/schema.org","@graph":[{"@type":"Article","@id":"https:\/\/grotta.is\/handknattleiksdeild\/fyluferd-i-arbaeinn\/#article","isPartOf":{"@id":"https:\/\/grotta.is\/handknattleiksdeild\/fyluferd-i-arbaeinn\/"},"author":{"name":"Grotta","@id":"https:\/\/grotta.is\/#\/schema\/person\/08ec57bf09ee925f1b6a01540c14a5ce"},"headline":"F\u00fdlufer\u00f0 \u00ed \u00c1rb\u00e6inn","datePublished":"2018-10-10T15:24:20+00:00","dateModified":"2020-04-23T15:27:52+00:00","mainEntityOfPage":{"@id":"https:\/\/grotta.is\/handknattleiksdeild\/fyluferd-i-arbaeinn\/"},"wordCount":462,"publisher":{"@id":"https:\/\/grotta.is\/#organization"},"image":{"@id":"https:\/\/grotta.is\/handknattleiksdeild\/fyluferd-i-arbaeinn\/#primaryimage"},"thumbnailUrl":"https:\/\/grotta.is\/wp-content\/uploads\/2018\/10\/grotta_handbolti_mflkvk-11.jpg","keywords":["Handbolti","Mfl.kvk"],"articleSection":["Handknattleiksdeild"],"inLanguage":"en-US"},{"@type":"WebPage","@id":"https:\/\/grotta.is\/handknattleiksdeild\/fyluferd-i-arbaeinn\/","url":"https:\/\/grotta.is\/handknattleiksdeild\/fyluferd-i-arbaeinn\/","name":"F\u00fdlufer\u00f0 \u00ed \u00c1rb\u00e6inn - \u00cd\u00fer\u00f3ttaf\u00e9lagi\u00f0 Gr\u00f3tta","isPartOf":{"@id":"https:\/\/grotta.is\/#website"},"primaryImageOfPage":{"@id":"https:\/\/grotta.is\/handknattleiksdeild\/fyluferd-i-arbaeinn\/#primaryimage"},"image":{"@id":"https:\/\/grotta.is\/handknattleiksdeild\/fyluferd-i-arbaeinn\/#primaryimage"},"thumbnailUrl":"https:\/\/grotta.is\/wp-content\/uploads\/2018\/10\/grotta_handbolti_mflkvk-11.jpg","datePublished":"2018-10-10T15:24:20+00:00","dateModified":"2020-04-23T15:27:52+00:00","breadcrumb":{"@id":"https:\/\/grotta.is\/handknattleiksdeild\/fyluferd-i-arbaeinn\/#breadcrumb"},"inLanguage":"en-US","potentialAction":[{"@type":"ReadAction","target":["https:\/\/grotta.is\/handknattleiksdeild\/fyluferd-i-arbaeinn\/"]}]},{"@type":"ImageObject","inLanguage":"en-US","@id":"https:\/\/grotta.is\/handknattleiksdeild\/fyluferd-i-arbaeinn\/#primaryimage","url":"https:\/\/grotta.is\/wp-content\/uploads\/2018\/10\/grotta_handbolti_mflkvk-11.jpg","contentUrl":"https:\/\/grotta.is\/wp-content\/uploads\/2018\/10\/grotta_handbolti_mflkvk-11.jpg","width":1231,"height":879},{"@type":"BreadcrumbList","@id":"https:\/\/grotta.is\/handknattleiksdeild\/fyluferd-i-arbaeinn\/#breadcrumb","itemListElement":[{"@type":"ListItem","position":1,"name":"Home","item":"https:\/\/grotta.is\/"},{"@type":"ListItem","position":2,"name":"F\u00fdlufer\u00f0 \u00ed \u00c1rb\u00e6inn"}]},{"@type":"WebSite","@id":"https:\/\/grotta.is\/#website","url":"https:\/\/grotta.is\/","name":"\u00cd\u00fer\u00f3ttaf\u00e9lagi\u00f0 Gr\u00f3tta","description":"\u00e1 Seltjarnarnesi","publisher":{"@id":"https:\/\/grotta.is\/#organization"},"potentialAction":[{"@type":"SearchAction","target":{"@type":"EntryPoint","urlTemplate":"https:\/\/grotta.is\/?s={search_term_string}"},"query-input":{"@type":"PropertyValueSpecification","valueRequired":true,"valueName":"search_term_string"}}],"inLanguage":"en-US"},{"@type":"Organization","@id":"https:\/\/grotta.is\/#organization","name":"\u00cd\u00fer\u00f3ttaf\u00e9lagi\u00f0 Gr\u00f3tta","url":"https:\/\/grotta.is\/","logo":{"@type":"ImageObject","inLanguage":"en-US","@id":"https:\/\/grotta.is\/#\/schema\/logo\/image\/","url":"https:\/\/grotta.is\/wp-content\/uploads\/2020\/02\/ithrottafelagidgrotta_logo_512x512_transparent.png","contentUrl":"https:\/\/grotta.is\/wp-content\/uploads\/2020\/02\/ithrottafelagidgrotta_logo_512x512_transparent.png","width":512,"height":512,"caption":"\u00cd\u00fer\u00f3ttaf\u00e9lagi\u00f0 Gr\u00f3tta"},"image":{"@id":"https:\/\/grotta.is\/#\/schema\/logo\/image\/"},"sameAs":["https:\/\/www.facebook.com\/grottasport"]},{"@type":"Person","@id":"https:\/\/grotta.is\/#\/schema\/person\/08ec57bf09ee925f1b6a01540c14a5ce","name":"Grotta","url":"https:\/\/grotta.is\/en\/author\/inga\/"}]}},"_links":{"self":[{"href":"https:\/\/grotta.is\/en\/wp-json\/wp\/v2\/posts\/2596","targetHints":{"allow":["GET"]}}],"collection":[{"href":"https:\/\/grotta.is\/en\/wp-json\/wp\/v2\/posts"}],"about":[{"href":"https:\/\/grotta.is\/en\/wp-json\/wp\/v2\/types\/post"}],"author":[{"embeddable":true,"href":"https:\/\/grotta.is\/en\/wp-json\/wp\/v2\/users\/2"}],"replies":[{"embeddable":true,"href":"https:\/\/grotta.is\/en\/wp-json\/wp\/v2\/comments?post=2596"}],"version-history":[{"count":2,"href":"https:\/\/grotta.is\/en\/wp-json\/wp\/v2\/posts\/2596\/revisions"}],"predecessor-version":[{"id":2606,"href":"https:\/\/grotta.is\/en\/wp-json\/wp\/v2\/posts\/2596\/revisions\/2606"}],"wp:featuredmedia":[{"embeddable":true,"href":"https:\/\/grotta.is\/en\/wp-json\/wp\/v2\/media\/2600"}],"wp:attachment":[{"href":"https:\/\/grotta.is\/en\/wp-json\/wp\/v2\/media?parent=2596"}],"wp:term":[{"taxonomy":"category","embeddable":true,"href":"https:\/\/grotta.is\/en\/wp-json\/wp\/v2\/categories?post=2596"},{"taxonomy":"post_tag","embeddable":true,"href":"https:\/\/grotta.is\/en\/wp-json\/wp\/v2\/tags?post=2596"}],"curies":[{"name":"wp","href":"https:\/\/api.w.org\/{rel}","templated":true}]}}